{"id":13267,"date":"2022-11-08T16:10:10","date_gmt":"2022-11-08T22:10:10","guid":{"rendered":"http:\/\/volcanes.net\/?p=13267"},"modified":"2022-11-08T15:52:05","modified_gmt":"2022-11-08T21:52:05","slug":"acusan-a-efectivos-de-la-gn-por-presunto-secuestro-a-joven-en-puebla","status":"publish","type":"post","link":"https:\/\/volcanes.net\/?p=13267","title":{"rendered":"Acusan a efectivos de la GN por presunto secuestro a joven en Puebla"},"content":{"rendered":"<div style=\"margin-top: 0px; margin-bottom: 0px;\" class=\"sharethis-inline-share-buttons\" ><\/div><p>Ciudadanos de\u00a0<strong>Puebla\u00a0<\/strong>acusaron e increparon a\u00a0<strong>dos elementos<\/strong>\u00a0de la\u00a0<strong>Guardia Nacional\u00a0<\/strong>(GN) por presuntamente\u00a0<strong>secuestrar\u00a0<\/strong>a un\u00a0<strong>joven<\/strong>.<\/p>\n<p>De acuerdo con un comunicado de la autoridad, el suceso (captado en video) ocurri\u00f3 el pasado\u00a0<strong>8 de octubre<\/strong>\u00a0en el municipio de\u00a0<strong>Esperanza<\/strong>, Puebla.<\/p>\n<p>En el clip (que se viraliz\u00f3 este fin de semana) muestra a pobladores del municipio, acusando e increpando a los efectivos de la GN.<\/p>\n<p>Los colonos se\u00f1alaron que presuntamente agredieron y secuestraron a un joven, los vecinos amagaron con meter una denuncia a la Unidad de Asuntos Internos.<\/p>\n<p>Sin embargo, los efectivos (confirmados por la GN que s\u00ed pertenecen a su corporaci\u00f3n) se burlaron de los pobladores.<\/p>\n<p>En un instante unos de los acusadores indic\u00f3 que hab\u00eda una persona escondida al interior\u00a0 del veh\u00edculo por lo que cuestionaron a los uniformados.<\/p>\n<p>\u201c\u00bfAll\u00e1 abajo qui\u00e9n es?, all\u00e1 abajo hay alguien, \u00bfa qui\u00e9n tiene?\u201d, pregunt\u00f3 el vecino ya que se ve\u00edan unos pies en la unidad.<\/p>\n","protected":false},"excerpt":{"rendered":"<p>Ciudadanos de\u00a0Puebla\u00a0acusaron e increparon a\u00a0dos elementos\u00a0de la\u00a0Guardia Nacional\u00a0(GN) por presuntamente\u00a0secuestrar\u00a0a un\u00a0joven. De acuerdo con un<\/p>\n","protected":false},"author":10,"featured_media":13268,"comment_status":"open","ping_status":"open","sticky":false,"template":"","format":"standard","meta":{"footnotes":""},"categories":[1],"tags":[],"class_list":["post-13267","post","type-post","status-publish","format-standard","has-post-thumbnail","hentry","category-municipales"],"yoast_head":"<!-- This site is optimized with the Yoast SEO plugin v25.3 - https:\/\/yoast.com\/wordpress\/plugins\/seo\/ -->\n<title>Acusan a efectivos de la GN por presunto secuestro a joven en Puebla - Volcanes<\/title>\n<meta name=\"robots\" content=\"index, follow, max-snippet:-1, max-image-preview:large, max-video-preview:-1\" \/>\n<link rel=\"canonical\" href=\"https:\/\/volcanes.net\/?p=13267\" \/>\n<meta property=\"og:locale\" content=\"es_MX\" \/>\n<meta property=\"og:type\" content=\"article\" \/>\n<meta property=\"og:title\" content=\"Acusan a efectivos de la GN por presunto secuestro a joven en Puebla - Volcanes\" \/>\n<meta property=\"og:description\" content=\"Ciudadanos de\u00a0Puebla\u00a0acusaron e increparon a\u00a0dos elementos\u00a0de la\u00a0Guardia Nacional\u00a0(GN) por presuntamente\u00a0secuestrar\u00a0a un\u00a0joven. De acuerdo con un\" \/>\n<meta property=\"og:url\" content=\"https:\/\/volcanes.net\/?p=13267\" \/>\n<meta property=\"og:site_name\" content=\"Volcanes\" \/>\n<meta property=\"article:publisher\" content=\"https:\/\/www.facebook.com\/volcanes.net\/\" \/>\n<meta property=\"article:published_time\" content=\"2022-11-08T22:10:10+00:00\" \/>\n<meta property=\"og:image\" content=\"https:\/\/volcanes.net\/wp-content\/uploads\/2022\/11\/gn-secuestro-puebla.jpg\" \/>\n\t<meta property=\"og:image:width\" content=\"552\" \/>\n\t<meta property=\"og:image:height\" content=\"368\" \/>\n\t<meta property=\"og:image:type\" content=\"image\/jpeg\" \/>\n<meta name=\"author\" content=\"Grupo Volcanes\" \/>\n<meta name=\"twitter:card\" content=\"summary_large_image\" \/>\n<meta name=\"twitter:label1\" content=\"Escrito por\" \/>\n\t<meta name=\"twitter:data1\" content=\"Grupo Volcanes\" \/>\n\t<meta name=\"twitter:label2\" content=\"Tiempo de lectura\" \/>\n\t<meta name=\"twitter:data2\" content=\"1 minuto\" \/>\n<script type=\"application\/ld+json\" class=\"yoast-schema-graph\">{\"@context\":\"https:\/\/schema.org\",\"@graph\":[{\"@type\":\"Article\",\"@id\":\"https:\/\/volcanes.net\/?p=13267#article\",\"isPartOf\":{\"@id\":\"https:\/\/volcanes.net\/?p=13267\"},\"author\":{\"name\":\"Grupo Volcanes\",\"@id\":\"https:\/\/volcanes.net\/#\/schema\/person\/a851dc341d56a2915a80936acca8dc6d\"},\"headline\":\"Acusan a efectivos de la GN por presunto secuestro a joven en Puebla\",\"datePublished\":\"2022-11-08T22:10:10+00:00\",\"mainEntityOfPage\":{\"@id\":\"https:\/\/volcanes.net\/?p=13267\"},\"wordCount\":178,\"commentCount\":0,\"publisher\":{\"@id\":\"https:\/\/volcanes.net\/#organization\"},\"image\":{\"@id\":\"https:\/\/volcanes.net\/?p=13267#primaryimage\"},\"thumbnailUrl\":\"https:\/\/volcanes.net\/wp-content\/uploads\/2022\/11\/gn-secuestro-puebla.jpg\",\"articleSection\":[\"Municipales\"],\"inLanguage\":\"es\",\"potentialAction\":[{\"@type\":\"CommentAction\",\"name\":\"Comment\",\"target\":[\"https:\/\/volcanes.net\/?p=13267#respond\"]}]},{\"@type\":\"WebPage\",\"@id\":\"https:\/\/volcanes.net\/?p=13267\",\"url\":\"https:\/\/volcanes.net\/?p=13267\",\"name\":\"Acusan a efectivos de la GN por presunto secuestro a joven en Puebla - Volcanes\",\"isPartOf\":{\"@id\":\"https:\/\/volcanes.net\/#website\"},\"primaryImageOfPage\":{\"@id\":\"https:\/\/volcanes.net\/?p=13267#primaryimage\"},\"image\":{\"@id\":\"https:\/\/volcanes.net\/?p=13267#primaryimage\"},\"thumbnailUrl\":\"https:\/\/volcanes.net\/wp-content\/uploads\/2022\/11\/gn-secuestro-puebla.jpg\",\"datePublished\":\"2022-11-08T22:10:10+00:00\",\"breadcrumb\":{\"@id\":\"https:\/\/volcanes.net\/?p=13267#breadcrumb\"},\"inLanguage\":\"es\",\"potentialAction\":[{\"@type\":\"ReadAction\",\"target\":[\"https:\/\/volcanes.net\/?p=13267\"]}]},{\"@type\":\"ImageObject\",\"inLanguage\":\"es\",\"@id\":\"https:\/\/volcanes.net\/?p=13267#primaryimage\",\"url\":\"https:\/\/volcanes.net\/wp-content\/uploads\/2022\/11\/gn-secuestro-puebla.jpg\",\"contentUrl\":\"https:\/\/volcanes.net\/wp-content\/uploads\/2022\/11\/gn-secuestro-puebla.jpg\",\"width\":552,\"height\":368},{\"@type\":\"BreadcrumbList\",\"@id\":\"https:\/\/volcanes.net\/?p=13267#breadcrumb\",\"itemListElement\":[{\"@type\":\"ListItem\",\"position\":1,\"name\":\"Portada\",\"item\":\"https:\/\/volcanes.net\/\"},{\"@type\":\"ListItem\",\"position\":2,\"name\":\"Acusan a efectivos de la GN por presunto secuestro a joven en Puebla\"}]},{\"@type\":\"WebSite\",\"@id\":\"https:\/\/volcanes.net\/#website\",\"url\":\"https:\/\/volcanes.net\/\",\"name\":\"Volcanes.Net\",\"description\":\"Periodismo Profesional\",\"publisher\":{\"@id\":\"https:\/\/volcanes.net\/#organization\"},\"potentialAction\":[{\"@type\":\"SearchAction\",\"target\":{\"@type\":\"EntryPoint\",\"urlTemplate\":\"https:\/\/volcanes.net\/?s={search_term_string}\"},\"query-input\":{\"@type\":\"PropertyValueSpecification\",\"valueRequired\":true,\"valueName\":\"search_term_string\"}}],\"inLanguage\":\"es\"},{\"@type\":\"Organization\",\"@id\":\"https:\/\/volcanes.net\/#organization\",\"name\":\"Grupo Volcanes\",\"url\":\"https:\/\/volcanes.net\/\",\"logo\":{\"@type\":\"ImageObject\",\"inLanguage\":\"es\",\"@id\":\"https:\/\/volcanes.net\/#\/schema\/logo\/image\/\",\"url\":\"http:\/\/volcanes.net\/wp-content\/uploads\/2017\/12\/Avatar2.jpg\",\"contentUrl\":\"http:\/\/volcanes.net\/wp-content\/uploads\/2017\/12\/Avatar2.jpg\",\"width\":378,\"height\":378,\"caption\":\"Grupo Volcanes\"},\"image\":{\"@id\":\"https:\/\/volcanes.net\/#\/schema\/logo\/image\/\"},\"sameAs\":[\"https:\/\/www.facebook.com\/volcanes.net\/\"]},{\"@type\":\"Person\",\"@id\":\"https:\/\/volcanes.net\/#\/schema\/person\/a851dc341d56a2915a80936acca8dc6d\",\"name\":\"Grupo Volcanes\",\"image\":{\"@type\":\"ImageObject\",\"inLanguage\":\"es\",\"@id\":\"https:\/\/volcanes.net\/#\/schema\/person\/image\/\",\"url\":\"https:\/\/secure.gravatar.com\/avatar\/00d1a47c371c721e30bacc47ac096981?s=96&d=mm&r=g\",\"contentUrl\":\"https:\/\/secure.gravatar.com\/avatar\/00d1a47c371c721e30bacc47ac096981?s=96&d=mm&r=g\",\"caption\":\"Grupo Volcanes\"}}]}<\/script>\n<!-- \/ Yoast SEO plugin. -->","yoast_head_json":{"title":"Acusan a efectivos de la GN por presunto secuestro a joven en Puebla - Volcanes","robots":{"index":"index","follow":"follow","max-snippet":"max-snippet:-1","max-image-preview":"max-image-preview:large","max-video-preview":"max-video-preview:-1"},"canonical":"https:\/\/volcanes.net\/?p=13267","og_locale":"es_MX","og_type":"article","og_title":"Acusan a efectivos de la GN por presunto secuestro a joven en Puebla - Volcanes","og_description":"Ciudadanos de\u00a0Puebla\u00a0acusaron e increparon a\u00a0dos elementos\u00a0de la\u00a0Guardia Nacional\u00a0(GN) por presuntamente\u00a0secuestrar\u00a0a un\u00a0joven. De acuerdo con un","og_url":"https:\/\/volcanes.net\/?p=13267","og_site_name":"Volcanes","article_publisher":"https:\/\/www.facebook.com\/volcanes.net\/","article_published_time":"2022-11-08T22:10:10+00:00","og_image":[{"width":552,"height":368,"url":"https:\/\/volcanes.net\/wp-content\/uploads\/2022\/11\/gn-secuestro-puebla.jpg","type":"image\/jpeg"}],"author":"Grupo Volcanes","twitter_card":"summary_large_image","twitter_misc":{"Escrito por":"Grupo Volcanes","Tiempo de lectura":"1 minuto"},"schema":{"@context":"https:\/\/schema.org","@graph":[{"@type":"Article","@id":"https:\/\/volcanes.net\/?p=13267#article","isPartOf":{"@id":"https:\/\/volcanes.net\/?p=13267"},"author":{"name":"Grupo Volcanes","@id":"https:\/\/volcanes.net\/#\/schema\/person\/a851dc341d56a2915a80936acca8dc6d"},"headline":"Acusan a efectivos de la GN por presunto secuestro a joven en Puebla","datePublished":"2022-11-08T22:10:10+00:00","mainEntityOfPage":{"@id":"https:\/\/volcanes.net\/?p=13267"},"wordCount":178,"commentCount":0,"publisher":{"@id":"https:\/\/volcanes.net\/#organization"},"image":{"@id":"https:\/\/volcanes.net\/?p=13267#primaryimage"},"thumbnailUrl":"https:\/\/volcanes.net\/wp-content\/uploads\/2022\/11\/gn-secuestro-puebla.jpg","articleSection":["Municipales"],"inLanguage":"es","potentialAction":[{"@type":"CommentAction","name":"Comment","target":["https:\/\/volcanes.net\/?p=13267#respond"]}]},{"@type":"WebPage","@id":"https:\/\/volcanes.net\/?p=13267","url":"https:\/\/volcanes.net\/?p=13267","name":"Acusan a efectivos de la GN por presunto secuestro a joven en Puebla - Volcanes","isPartOf":{"@id":"https:\/\/volcanes.net\/#website"},"primaryImageOfPage":{"@id":"https:\/\/volcanes.net\/?p=13267#primaryimage"},"image":{"@id":"https:\/\/volcanes.net\/?p=13267#primaryimage"},"thumbnailUrl":"https:\/\/volcanes.net\/wp-content\/uploads\/2022\/11\/gn-secuestro-puebla.jpg","datePublished":"2022-11-08T22:10:10+00:00","breadcrumb":{"@id":"https:\/\/volcanes.net\/?p=13267#breadcrumb"},"inLanguage":"es","potentialAction":[{"@type":"ReadAction","target":["https:\/\/volcanes.net\/?p=13267"]}]},{"@type":"ImageObject","inLanguage":"es","@id":"https:\/\/volcanes.net\/?p=13267#primaryimage","url":"https:\/\/volcanes.net\/wp-content\/uploads\/2022\/11\/gn-secuestro-puebla.jpg","contentUrl":"https:\/\/volcanes.net\/wp-content\/uploads\/2022\/11\/gn-secuestro-puebla.jpg","width":552,"height":368},{"@type":"BreadcrumbList","@id":"https:\/\/volcanes.net\/?p=13267#breadcrumb","itemListElement":[{"@type":"ListItem","position":1,"name":"Portada","item":"https:\/\/volcanes.net\/"},{"@type":"ListItem","position":2,"name":"Acusan a efectivos de la GN por presunto secuestro a joven en Puebla"}]},{"@type":"WebSite","@id":"https:\/\/volcanes.net\/#website","url":"https:\/\/volcanes.net\/","name":"Volcanes.Net","description":"Periodismo Profesional","publisher":{"@id":"https:\/\/volcanes.net\/#organization"},"potentialAction":[{"@type":"SearchAction","target":{"@type":"EntryPoint","urlTemplate":"https:\/\/volcanes.net\/?s={search_term_string}"},"query-input":{"@type":"PropertyValueSpecification","valueRequired":true,"valueName":"search_term_string"}}],"inLanguage":"es"},{"@type":"Organization","@id":"https:\/\/volcanes.net\/#organization","name":"Grupo Volcanes","url":"https:\/\/volcanes.net\/","logo":{"@type":"ImageObject","inLanguage":"es","@id":"https:\/\/volcanes.net\/#\/schema\/logo\/image\/","url":"http:\/\/volcanes.net\/wp-content\/uploads\/2017\/12\/Avatar2.jpg","contentUrl":"http:\/\/volcanes.net\/wp-content\/uploads\/2017\/12\/Avatar2.jpg","width":378,"height":378,"caption":"Grupo Volcanes"},"image":{"@id":"https:\/\/volcanes.net\/#\/schema\/logo\/image\/"},"sameAs":["https:\/\/www.facebook.com\/volcanes.net\/"]},{"@type":"Person","@id":"https:\/\/volcanes.net\/#\/schema\/person\/a851dc341d56a2915a80936acca8dc6d","name":"Grupo Volcanes","image":{"@type":"ImageObject","inLanguage":"es","@id":"https:\/\/volcanes.net\/#\/schema\/person\/image\/","url":"https:\/\/secure.gravatar.com\/avatar\/00d1a47c371c721e30bacc47ac096981?s=96&d=mm&r=g","contentUrl":"https:\/\/secure.gravatar.com\/avatar\/00d1a47c371c721e30bacc47ac096981?s=96&d=mm&r=g","caption":"Grupo Volcanes"}}]}},"_links":{"self":[{"href":"https:\/\/volcanes.net\/index.php?rest_route=\/wp\/v2\/posts\/13267"}],"collection":[{"href":"https:\/\/volcanes.net\/index.php?rest_route=\/wp\/v2\/posts"}],"about":[{"href":"https:\/\/volcanes.net\/index.php?rest_route=\/wp\/v2\/types\/post"}],"author":[{"embeddable":true,"href":"https:\/\/volcanes.net\/index.php?rest_route=\/wp\/v2\/users\/10"}],"replies":[{"embeddable":true,"href":"https:\/\/volcanes.net\/index.php?rest_route=%2Fwp%2Fv2%2Fcomments&post=13267"}],"version-history":[{"count":1,"href":"https:\/\/volcanes.net\/index.php?rest_route=\/wp\/v2\/posts\/13267\/revisions"}],"predecessor-version":[{"id":13269,"href":"https:\/\/volcanes.net\/index.php?rest_route=\/wp\/v2\/posts\/13267\/revisions\/13269"}],"wp:featuredmedia":[{"embeddable":true,"href":"https:\/\/volcanes.net\/index.php?rest_route=\/wp\/v2\/media\/13268"}],"wp:attachment":[{"href":"https:\/\/volcanes.net\/index.php?rest_route=%2Fwp%2Fv2%2Fmedia&parent=13267"}],"wp:term":[{"taxonomy":"category","embeddable":true,"href":"https:\/\/volcanes.net\/index.php?rest_route=%2Fwp%2Fv2%2Fcategories&post=13267"},{"taxonomy":"post_tag","embeddable":true,"href":"https:\/\/volcanes.net\/index.php?rest_route=%2Fwp%2Fv2%2Ftags&post=13267"}],"curies":[{"name":"wp","href":"https:\/\/api.w.org\/{rel}","templated":true}]}}