{"id":13295,"date":"2022-11-17T21:49:59","date_gmt":"2022-11-18T03:49:59","guid":{"rendered":"http:\/\/volcanes.net\/?p=13295"},"modified":"2022-11-17T21:49:59","modified_gmt":"2022-11-18T03:49:59","slug":"inaugura-dra-ivette-topete-garcia-la-pavimentacion-de-una-calle-mas-en-amecameca","status":"publish","type":"post","link":"https:\/\/volcanes.net\/?p=13295","title":{"rendered":"Inaugura Dra. Ivette Topete Garc\u00eda la pavimentaci\u00f3n de una calle m\u00e1s en Amecameca"},"content":{"rendered":"<div style=\"margin-top: 0px; margin-bottom: 0px;\" class=\"sharethis-inline-share-buttons\" ><\/div><p>La presidenta municipal cumpli\u00f3 su compromiso con la ciudadan\u00eda, afirman vecinos.Amecameca, M\u00e9x.&#8212; &#8220;Siempre acudo con gusto a la inauguraci\u00f3n de estas obras, no solo porque se pavimenta una calle m\u00e1s, sino porque tambi\u00e9n se mejora las condiciones de vida de los vecinos y m\u00e1s a\u00fan, se unifican los esfuerzos de los ciudadanos y sus autoridades, trabajando juntos vamos por buen camino&#8221;, expres\u00f3 la presidenta municipal Dra. IvetteTopete Garc\u00eda.<\/p>\n<p>Al inaugurar la pavimentaci\u00f3n de la calle Del Castillo, acompa\u00f1ada de los integrantes del Ayuntamiento y de Roc\u00edo D\u00edaz Montoya, directora de Gobierno en la regi\u00f3n de Amecameca, as\u00ed como de vecinas y vecinos, se\u00f1al\u00f3 que las coincidencias hicieron realidad esta calle, que pidieron por muchos a\u00f1os.<\/p>\n<p>Topete Garc\u00eda dijo que hoy est\u00e1n de fiesta en esta colonia El Castillo, todos muy contentos porque se realiz\u00f3 una obra donde el Ayuntamiento invirti\u00f3 $1,855,795,83 (Un mill\u00f3n ochocientos cincuenta y cinco mil setecientos noventa y cinco pesos) pavimentando Mil 850 metros cuadrados y construyendo las guarniciones y banquetas, v\u00e1lvulas de visita, reductores de velocidad y balizamiento.<\/p>\n<p>La obra beneficia a m\u00e1s de 450 familias y ello se logr\u00f3 gracias a la buena disposici\u00f3n de los integrantes del Ayuntamiento que aprobaron el presupuesto, y a la perseverancia de la ciudadan\u00eda que hizo posible que esto se diera con la suma de esfuerzos.<\/p>\n<p>Este, resalt\u00f3 IvetteTopete, es uno m\u00e1s de los compromisos que se ver\u00e1n cumplidos en las calles de Amecameca, con base a un trabajo conjunto entre el Gobierno y la ciudadan\u00eda organizada.<\/p>\n<p>La obra que hoy se inaugura, agreg\u00f3, permitir\u00e1n dar seguridad, as\u00ed como ahorros importantes de tiempo a las personas que se desplazan a sus centros de trabajo, a las amas de casa y a las y los estudiantes, que se dirigen a sus centros escolares.<\/p>\n<p>A su vez la directora de Gobierno, Roc\u00edo D\u00edaz Montoya resalt\u00f3 el trabajo realizado por la alcaldesa Ivette Topete y su Ayuntamiento, quienes demuestran con hechos que cuando se encabeza un Gobierno comprometido con la gente y se gobierna para todos, el progreso llega m\u00e1s r\u00e1pido a la comunidad.<\/p>\n<p>Vecinas y vecinos acompa\u00f1aron a sus autoridades municipales a la corte del listo con el cual se da por inaugurada esta calle que fue construida en 90 d\u00edas y que servir\u00e1 durante a\u00f1os a los habitantes de esta colonia.<\/p>\n","protected":false},"excerpt":{"rendered":"<p>La presidenta municipal cumpli\u00f3 su compromiso con la ciudadan\u00eda, afirman vecinos.Amecameca, M\u00e9x.&#8212; &#8220;Siempre acudo con<\/p>\n","protected":false},"author":10,"featured_media":13296,"comment_status":"open","ping_status":"open","sticky":false,"template":"","format":"standard","meta":{"footnotes":""},"categories":[1],"tags":[],"class_list":["post-13295","post","type-post","status-publish","format-standard","has-post-thumbnail","hentry","category-municipales"],"yoast_head":"<!-- This site is optimized with the Yoast SEO plugin v25.3 - https:\/\/yoast.com\/wordpress\/plugins\/seo\/ -->\n<title>Inaugura Dra. Ivette Topete Garc\u00eda la pavimentaci\u00f3n de una calle m\u00e1s en Amecameca - Volcanes<\/title>\n<meta name=\"robots\" content=\"index, follow, max-snippet:-1, max-image-preview:large, max-video-preview:-1\" \/>\n<link rel=\"canonical\" href=\"https:\/\/volcanes.net\/?p=13295\" \/>\n<meta property=\"og:locale\" content=\"es_MX\" \/>\n<meta property=\"og:type\" content=\"article\" \/>\n<meta property=\"og:title\" content=\"Inaugura Dra. Ivette Topete Garc\u00eda la pavimentaci\u00f3n de una calle m\u00e1s en Amecameca - Volcanes\" \/>\n<meta property=\"og:description\" content=\"La presidenta municipal cumpli\u00f3 su compromiso con la ciudadan\u00eda, afirman vecinos.Amecameca, M\u00e9x.&#8212; &#8220;Siempre acudo con\" \/>\n<meta property=\"og:url\" content=\"https:\/\/volcanes.net\/?p=13295\" \/>\n<meta property=\"og:site_name\" content=\"Volcanes\" \/>\n<meta property=\"article:publisher\" content=\"https:\/\/www.facebook.com\/volcanes.net\/\" \/>\n<meta property=\"article:published_time\" content=\"2022-11-18T03:49:59+00:00\" \/>\n<meta property=\"og:image\" content=\"https:\/\/volcanes.net\/wp-content\/uploads\/2022\/11\/IMG-20221117-WA0008.jpg\" \/>\n\t<meta property=\"og:image:width\" content=\"1080\" \/>\n\t<meta property=\"og:image:height\" content=\"810\" \/>\n\t<meta property=\"og:image:type\" content=\"image\/jpeg\" \/>\n<meta name=\"author\" content=\"Grupo Volcanes\" \/>\n<meta name=\"twitter:card\" content=\"summary_large_image\" \/>\n<meta name=\"twitter:label1\" content=\"Escrito por\" \/>\n\t<meta name=\"twitter:data1\" content=\"Grupo Volcanes\" \/>\n\t<meta name=\"twitter:label2\" content=\"Tiempo de lectura\" \/>\n\t<meta name=\"twitter:data2\" content=\"2 minutos\" \/>\n<script type=\"application\/ld+json\" class=\"yoast-schema-graph\">{\"@context\":\"https:\/\/schema.org\",\"@graph\":[{\"@type\":\"Article\",\"@id\":\"https:\/\/volcanes.net\/?p=13295#article\",\"isPartOf\":{\"@id\":\"https:\/\/volcanes.net\/?p=13295\"},\"author\":{\"name\":\"Grupo Volcanes\",\"@id\":\"https:\/\/volcanes.net\/#\/schema\/person\/a851dc341d56a2915a80936acca8dc6d\"},\"headline\":\"Inaugura Dra. Ivette Topete Garc\u00eda la pavimentaci\u00f3n de una calle m\u00e1s en Amecameca\",\"datePublished\":\"2022-11-18T03:49:59+00:00\",\"mainEntityOfPage\":{\"@id\":\"https:\/\/volcanes.net\/?p=13295\"},\"wordCount\":428,\"commentCount\":0,\"publisher\":{\"@id\":\"https:\/\/volcanes.net\/#organization\"},\"image\":{\"@id\":\"https:\/\/volcanes.net\/?p=13295#primaryimage\"},\"thumbnailUrl\":\"https:\/\/volcanes.net\/wp-content\/uploads\/2022\/11\/IMG-20221117-WA0008.jpg\",\"articleSection\":[\"Municipales\"],\"inLanguage\":\"es\",\"potentialAction\":[{\"@type\":\"CommentAction\",\"name\":\"Comment\",\"target\":[\"https:\/\/volcanes.net\/?p=13295#respond\"]}]},{\"@type\":\"WebPage\",\"@id\":\"https:\/\/volcanes.net\/?p=13295\",\"url\":\"https:\/\/volcanes.net\/?p=13295\",\"name\":\"Inaugura Dra. Ivette Topete Garc\u00eda la pavimentaci\u00f3n de una calle m\u00e1s en Amecameca - Volcanes\",\"isPartOf\":{\"@id\":\"https:\/\/volcanes.net\/#website\"},\"primaryImageOfPage\":{\"@id\":\"https:\/\/volcanes.net\/?p=13295#primaryimage\"},\"image\":{\"@id\":\"https:\/\/volcanes.net\/?p=13295#primaryimage\"},\"thumbnailUrl\":\"https:\/\/volcanes.net\/wp-content\/uploads\/2022\/11\/IMG-20221117-WA0008.jpg\",\"datePublished\":\"2022-11-18T03:49:59+00:00\",\"breadcrumb\":{\"@id\":\"https:\/\/volcanes.net\/?p=13295#breadcrumb\"},\"inLanguage\":\"es\",\"potentialAction\":[{\"@type\":\"ReadAction\",\"target\":[\"https:\/\/volcanes.net\/?p=13295\"]}]},{\"@type\":\"ImageObject\",\"inLanguage\":\"es\",\"@id\":\"https:\/\/volcanes.net\/?p=13295#primaryimage\",\"url\":\"https:\/\/volcanes.net\/wp-content\/uploads\/2022\/11\/IMG-20221117-WA0008.jpg\",\"contentUrl\":\"https:\/\/volcanes.net\/wp-content\/uploads\/2022\/11\/IMG-20221117-WA0008.jpg\",\"width\":1080,\"height\":810},{\"@type\":\"BreadcrumbList\",\"@id\":\"https:\/\/volcanes.net\/?p=13295#breadcrumb\",\"itemListElement\":[{\"@type\":\"ListItem\",\"position\":1,\"name\":\"Portada\",\"item\":\"https:\/\/volcanes.net\/\"},{\"@type\":\"ListItem\",\"position\":2,\"name\":\"Inaugura Dra. Ivette Topete Garc\u00eda la pavimentaci\u00f3n de una calle m\u00e1s en Amecameca\"}]},{\"@type\":\"WebSite\",\"@id\":\"https:\/\/volcanes.net\/#website\",\"url\":\"https:\/\/volcanes.net\/\",\"name\":\"Volcanes.Net\",\"description\":\"Periodismo Profesional\",\"publisher\":{\"@id\":\"https:\/\/volcanes.net\/#organization\"},\"potentialAction\":[{\"@type\":\"SearchAction\",\"target\":{\"@type\":\"EntryPoint\",\"urlTemplate\":\"https:\/\/volcanes.net\/?s={search_term_string}\"},\"query-input\":{\"@type\":\"PropertyValueSpecification\",\"valueRequired\":true,\"valueName\":\"search_term_string\"}}],\"inLanguage\":\"es\"},{\"@type\":\"Organization\",\"@id\":\"https:\/\/volcanes.net\/#organization\",\"name\":\"Grupo Volcanes\",\"url\":\"https:\/\/volcanes.net\/\",\"logo\":{\"@type\":\"ImageObject\",\"inLanguage\":\"es\",\"@id\":\"https:\/\/volcanes.net\/#\/schema\/logo\/image\/\",\"url\":\"http:\/\/volcanes.net\/wp-content\/uploads\/2017\/12\/Avatar2.jpg\",\"contentUrl\":\"http:\/\/volcanes.net\/wp-content\/uploads\/2017\/12\/Avatar2.jpg\",\"width\":378,\"height\":378,\"caption\":\"Grupo Volcanes\"},\"image\":{\"@id\":\"https:\/\/volcanes.net\/#\/schema\/logo\/image\/\"},\"sameAs\":[\"https:\/\/www.facebook.com\/volcanes.net\/\"]},{\"@type\":\"Person\",\"@id\":\"https:\/\/volcanes.net\/#\/schema\/person\/a851dc341d56a2915a80936acca8dc6d\",\"name\":\"Grupo Volcanes\",\"image\":{\"@type\":\"ImageObject\",\"inLanguage\":\"es\",\"@id\":\"https:\/\/volcanes.net\/#\/schema\/person\/image\/\",\"url\":\"https:\/\/secure.gravatar.com\/avatar\/00d1a47c371c721e30bacc47ac096981?s=96&d=mm&r=g\",\"contentUrl\":\"https:\/\/secure.gravatar.com\/avatar\/00d1a47c371c721e30bacc47ac096981?s=96&d=mm&r=g\",\"caption\":\"Grupo Volcanes\"}}]}<\/script>\n<!-- \/ Yoast SEO plugin. -->","yoast_head_json":{"title":"Inaugura Dra. Ivette Topete Garc\u00eda la pavimentaci\u00f3n de una calle m\u00e1s en Amecameca - Volcanes","robots":{"index":"index","follow":"follow","max-snippet":"max-snippet:-1","max-image-preview":"max-image-preview:large","max-video-preview":"max-video-preview:-1"},"canonical":"https:\/\/volcanes.net\/?p=13295","og_locale":"es_MX","og_type":"article","og_title":"Inaugura Dra. Ivette Topete Garc\u00eda la pavimentaci\u00f3n de una calle m\u00e1s en Amecameca - Volcanes","og_description":"La presidenta municipal cumpli\u00f3 su compromiso con la ciudadan\u00eda, afirman vecinos.Amecameca, M\u00e9x.&#8212; &#8220;Siempre acudo con","og_url":"https:\/\/volcanes.net\/?p=13295","og_site_name":"Volcanes","article_publisher":"https:\/\/www.facebook.com\/volcanes.net\/","article_published_time":"2022-11-18T03:49:59+00:00","og_image":[{"width":1080,"height":810,"url":"https:\/\/volcanes.net\/wp-content\/uploads\/2022\/11\/IMG-20221117-WA0008.jpg","type":"image\/jpeg"}],"author":"Grupo Volcanes","twitter_card":"summary_large_image","twitter_misc":{"Escrito por":"Grupo Volcanes","Tiempo de lectura":"2 minutos"},"schema":{"@context":"https:\/\/schema.org","@graph":[{"@type":"Article","@id":"https:\/\/volcanes.net\/?p=13295#article","isPartOf":{"@id":"https:\/\/volcanes.net\/?p=13295"},"author":{"name":"Grupo Volcanes","@id":"https:\/\/volcanes.net\/#\/schema\/person\/a851dc341d56a2915a80936acca8dc6d"},"headline":"Inaugura Dra. Ivette Topete Garc\u00eda la pavimentaci\u00f3n de una calle m\u00e1s en Amecameca","datePublished":"2022-11-18T03:49:59+00:00","mainEntityOfPage":{"@id":"https:\/\/volcanes.net\/?p=13295"},"wordCount":428,"commentCount":0,"publisher":{"@id":"https:\/\/volcanes.net\/#organization"},"image":{"@id":"https:\/\/volcanes.net\/?p=13295#primaryimage"},"thumbnailUrl":"https:\/\/volcanes.net\/wp-content\/uploads\/2022\/11\/IMG-20221117-WA0008.jpg","articleSection":["Municipales"],"inLanguage":"es","potentialAction":[{"@type":"CommentAction","name":"Comment","target":["https:\/\/volcanes.net\/?p=13295#respond"]}]},{"@type":"WebPage","@id":"https:\/\/volcanes.net\/?p=13295","url":"https:\/\/volcanes.net\/?p=13295","name":"Inaugura Dra. Ivette Topete Garc\u00eda la pavimentaci\u00f3n de una calle m\u00e1s en Amecameca - Volcanes","isPartOf":{"@id":"https:\/\/volcanes.net\/#website"},"primaryImageOfPage":{"@id":"https:\/\/volcanes.net\/?p=13295#primaryimage"},"image":{"@id":"https:\/\/volcanes.net\/?p=13295#primaryimage"},"thumbnailUrl":"https:\/\/volcanes.net\/wp-content\/uploads\/2022\/11\/IMG-20221117-WA0008.jpg","datePublished":"2022-11-18T03:49:59+00:00","breadcrumb":{"@id":"https:\/\/volcanes.net\/?p=13295#breadcrumb"},"inLanguage":"es","potentialAction":[{"@type":"ReadAction","target":["https:\/\/volcanes.net\/?p=13295"]}]},{"@type":"ImageObject","inLanguage":"es","@id":"https:\/\/volcanes.net\/?p=13295#primaryimage","url":"https:\/\/volcanes.net\/wp-content\/uploads\/2022\/11\/IMG-20221117-WA0008.jpg","contentUrl":"https:\/\/volcanes.net\/wp-content\/uploads\/2022\/11\/IMG-20221117-WA0008.jpg","width":1080,"height":810},{"@type":"BreadcrumbList","@id":"https:\/\/volcanes.net\/?p=13295#breadcrumb","itemListElement":[{"@type":"ListItem","position":1,"name":"Portada","item":"https:\/\/volcanes.net\/"},{"@type":"ListItem","position":2,"name":"Inaugura Dra. Ivette Topete Garc\u00eda la pavimentaci\u00f3n de una calle m\u00e1s en Amecameca"}]},{"@type":"WebSite","@id":"https:\/\/volcanes.net\/#website","url":"https:\/\/volcanes.net\/","name":"Volcanes.Net","description":"Periodismo Profesional","publisher":{"@id":"https:\/\/volcanes.net\/#organization"},"potentialAction":[{"@type":"SearchAction","target":{"@type":"EntryPoint","urlTemplate":"https:\/\/volcanes.net\/?s={search_term_string}"},"query-input":{"@type":"PropertyValueSpecification","valueRequired":true,"valueName":"search_term_string"}}],"inLanguage":"es"},{"@type":"Organization","@id":"https:\/\/volcanes.net\/#organization","name":"Grupo Volcanes","url":"https:\/\/volcanes.net\/","logo":{"@type":"ImageObject","inLanguage":"es","@id":"https:\/\/volcanes.net\/#\/schema\/logo\/image\/","url":"http:\/\/volcanes.net\/wp-content\/uploads\/2017\/12\/Avatar2.jpg","contentUrl":"http:\/\/volcanes.net\/wp-content\/uploads\/2017\/12\/Avatar2.jpg","width":378,"height":378,"caption":"Grupo Volcanes"},"image":{"@id":"https:\/\/volcanes.net\/#\/schema\/logo\/image\/"},"sameAs":["https:\/\/www.facebook.com\/volcanes.net\/"]},{"@type":"Person","@id":"https:\/\/volcanes.net\/#\/schema\/person\/a851dc341d56a2915a80936acca8dc6d","name":"Grupo Volcanes","image":{"@type":"ImageObject","inLanguage":"es","@id":"https:\/\/volcanes.net\/#\/schema\/person\/image\/","url":"https:\/\/secure.gravatar.com\/avatar\/00d1a47c371c721e30bacc47ac096981?s=96&d=mm&r=g","contentUrl":"https:\/\/secure.gravatar.com\/avatar\/00d1a47c371c721e30bacc47ac096981?s=96&d=mm&r=g","caption":"Grupo Volcanes"}}]}},"_links":{"self":[{"href":"https:\/\/volcanes.net\/index.php?rest_route=\/wp\/v2\/posts\/13295"}],"collection":[{"href":"https:\/\/volcanes.net\/index.php?rest_route=\/wp\/v2\/posts"}],"about":[{"href":"https:\/\/volcanes.net\/index.php?rest_route=\/wp\/v2\/types\/post"}],"author":[{"embeddable":true,"href":"https:\/\/volcanes.net\/index.php?rest_route=\/wp\/v2\/users\/10"}],"replies":[{"embeddable":true,"href":"https:\/\/volcanes.net\/index.php?rest_route=%2Fwp%2Fv2%2Fcomments&post=13295"}],"version-history":[{"count":1,"href":"https:\/\/volcanes.net\/index.php?rest_route=\/wp\/v2\/posts\/13295\/revisions"}],"predecessor-version":[{"id":13297,"href":"https:\/\/volcanes.net\/index.php?rest_route=\/wp\/v2\/posts\/13295\/revisions\/13297"}],"wp:featuredmedia":[{"embeddable":true,"href":"https:\/\/volcanes.net\/index.php?rest_route=\/wp\/v2\/media\/13296"}],"wp:attachment":[{"href":"https:\/\/volcanes.net\/index.php?rest_route=%2Fwp%2Fv2%2Fmedia&parent=13295"}],"wp:term":[{"taxonomy":"category","embeddable":true,"href":"https:\/\/volcanes.net\/index.php?rest_route=%2Fwp%2Fv2%2Fcategories&post=13295"},{"taxonomy":"post_tag","embeddable":true,"href":"https:\/\/volcanes.net\/index.php?rest_route=%2Fwp%2Fv2%2Ftags&post=13295"}],"curies":[{"name":"wp","href":"https:\/\/api.w.org\/{rel}","templated":true}]}}