{"id":133,"date":"2017-08-24T02:44:52","date_gmt":"2017-08-24T02:44:52","guid":{"rendered":"http:\/\/volcanes.net\/?p=133"},"modified":"2017-08-24T02:44:52","modified_gmt":"2017-08-24T02:44:52","slug":"el-pri-sera-un-gestor-efectivo-de-las-necesidades-ciudadanas-ante-el-nuevo-gobierno-del-estado-de-mexico-ernesto-nemer","status":"publish","type":"post","link":"https:\/\/volcanes.net\/?p=133","title":{"rendered":"El PRI ser\u00e1 un gestor efectivo de las necesidades ciudadanas ante el nuevo gobierno del Estado de M\u00e9xico: Ernesto Nemer"},"content":{"rendered":"<div style=\"margin-top: 0px; margin-bottom: 0px;\" class=\"sharethis-inline-share-buttons\" ><\/div><p class=\"m_-288610037762140947gmail-MsoNormalCxSpMiddle\"><span lang=\"ES\">\u2022\u00a0\u00a0\u00a0\u00a0\u00a0\u00a0\u00a0\u00a0<\/span><i><span lang=\"ES\">Ernesto Nemer \u00c1lvarez\u00a0y Brenda Alvarado\u00a0S\u00e1nchez,\u00a0asumieron\u00a0la Presidencia y la Secretar\u00eda General del PRI mexiquense\u00a0para concluir el periodo estatutario 2015 \u2013 2019.<\/span><\/i><\/p>\n<p class=\"m_-288610037762140947gmail-MsoNormalCxSpMiddle\"><span lang=\"ES\">\u2022\u00a0\u00a0\u00a0\u00a0\u00a0\u00a0\u00a0\u00a0<\/span><i><span lang=\"ES\">El gobernador electo, Alfredo Del Mazo, se\u00f1al\u00f3 que la mayor ocupaci\u00f3n debe ser atender a la ciudadan\u00eda, y desterrar y sancionar las pr\u00e1cticas que lastimen a la sociedad poniendo por delante los intereses de la naci\u00f3n y de los mexiquenses.<\/span><\/i><\/p>\n<p class=\"m_-288610037762140947gmail-MsoNormalCxSpMiddle\"><span lang=\"ES\">\u2022\u00a0\u00a0\u00a0\u00a0\u00a0\u00a0\u00a0\u00a0<\/span><i><span lang=\"ES\">Eruviel \u00c1vila refiri\u00f3 que los logros que se registraron en materia de salud, de infraestructura, de combate a la pobreza, fueron posible gracias al trabajo de todos.<\/span><\/i><\/p>\n<p class=\"m_-288610037762140947gmail-MsoNormalCxSpMiddle\"><span lang=\"ES\">\u00a0<\/span><\/p>\n<p class=\"m_-288610037762140947gmail-MsoNormalCxSpMiddle\"><b><span lang=\"ES\">Toluca, Estado de M\u00e9xico, 22 de agosto de 2017.-<\/span><\/b><span lang=\"ES\">Con el compromiso de hacer del Comit\u00e9 Directivo Estatal del Partido Revolucionario Institucional\u00a0un verdadero gestor de las necesidades sociales\u00a0ante el nuevo gobierno del Estado de M\u00e9xico,\u00a0Ernesto Nemer \u00c1lvarez\u00a0y Brenda Alvarado, asumieron\u00a0la Presidencia y la Secretar\u00eda General del PRI mexiquense para concluir el periodo estatutario 2015 \u2013 2019.<\/span><\/p>\n<p class=\"m_-288610037762140947gmail-MsoNormalCxSpMiddle\"><span lang=\"ES\">\u00a0<\/span><\/p>\n<p class=\"m_-288610037762140947gmail-MsoNormalCxSpMiddle\"><span lang=\"ES\">Al tomar posesi\u00f3n de la dirigencia estatal, Ernesto Nemer hizo un amplio reconocimiento a la militancia por su arduo trabajo en las pasadas elecciones en las que qued\u00f3\u00a0ampliamente demostrado que un PRI unido es invencible\u00a0y lanz\u00f3 un llamado a reivindicar lo mejor de la pol\u00edtica en el servicio p\u00fablico\u00a0para recuperar la confianza de los ciudadanos.<\/span><\/p>\n<p class=\"m_-288610037762140947gmail-MsoNormalCxSpMiddle\"><span lang=\"ES\">\u00a0<\/span><\/p>\n<p class=\"m_-288610037762140947gmail-MsoNormalCxSpMiddle\"><span lang=\"ES\">Destac\u00f3 que tanto la secretaria general, como \u00e9l y todo su equipo de trabajo entienden muy bien los momentos\u00a0de cambio que vive el\u00a0pa\u00eds,\u00a0particularmente,\u00a0el hartazgo de la sociedad por la corrupci\u00f3n, la impunidad y la inseguridad.<\/span><\/p>\n<p class=\"m_-288610037762140947gmail-MsoNormalCxSpMiddle\"><span lang=\"ES\">\u00a0<\/span><\/p>\n<p class=\"m_-288610037762140947gmail-MsoNormalCxSpMiddle\"><span lang=\"ES\">Por ello, advirti\u00f3 a\u00a0los s\u00edndicos, regidores, presidentes municipales, diputados locales, legisladores federales y servidores p\u00fablicos, que \u201cestaremos atentos a su desempe\u00f1o, para que no exista otro camino m\u00e1s que el de conducirse con rectitud y corresponder, con creces, a la confianza ciudadana\u201d.<\/span><\/p>\n<p class=\"m_-288610037762140947gmail-MsoNormalCxSpMiddle\"><span lang=\"ES\">\u00a0<\/span><\/p>\n<p class=\"m_-288610037762140947gmail-MsoNormalCxSpMiddle\"><span lang=\"ES\">Durante la\u00a0CVIII Sesi\u00f3n Extraordinaria del Consejo Pol\u00edtico Estatal,\u00a0realizada en la sede del PRI\u00a0en esta ciudad,\u00a0en donde el m\u00e1ximo \u00f3rgano deliberativo ratific\u00f3 la\u00a0f\u00f3rmula\u00a0electa integrada por Ernesto Nemer y Brenda Alvarado, el nuevo presidente del priismo mexiquense afirm\u00f3 que su\u00a0compromiso es que en el PRI se sigan escuchando todas las voces, incluso las que disienten, todas son bienvenidas, haciendo del Comit\u00e9 Directivo Estatal\u00a0la casa de la militancia.<\/span><\/p>\n<p class=\"m_-288610037762140947gmail-MsoNormalCxSpMiddle\"><span lang=\"ES\">\u00a0<\/span><\/p>\n<p class=\"m_-288610037762140947gmail-MsoNormalCxSpMiddle\"><span lang=\"ES\">Nemer\u00a0\u00c1lvarez\u00a0hizo un reconocimiento al gobernador Eruviel \u00c1vila, quien, dijo, mantiene una entidad en franco crecimiento y progreso, que todos los d\u00edas avanza y piensa en grande y destac\u00f3\u00a0que el Estado de M\u00e9xico que recibir\u00e1 Alfredo Del Mazo, gobernador electo, ha tenido notables avances en materia de infraestructura, educaci\u00f3n y salud.<\/span><\/p>\n<p class=\"m_-288610037762140947gmail-MsoNormalCxSpMiddle\"><span lang=\"ES\"><br \/>\nEl presidente del priismo estatal, quien coordin\u00f3 la campa\u00f1a ganadora del PRI en los pasados comicios, hizo un amplio reconocimiento a\u00a0Alfredo Del Mazo, por haber sido\u00a0el candidato que m\u00e1s camin\u00f3, que m\u00e1s escuch\u00f3, que m\u00e1s manos toc\u00f3, que m\u00e1s sonrisas despert\u00f3, que m\u00e1s abrazos dio, que m\u00e1s miradas cruz\u00f3 y porque fue el candidato que m\u00e1s convenci\u00f3 con las mejores propuestas que seguir\u00e1n transformando al Estado de M\u00e9xico.<\/span><\/p>\n<p class=\"m_-288610037762140947gmail-MsoNormalCxSpMiddle\"><span lang=\"ES\">\u00a0<\/span><\/p>\n<p class=\"m_-288610037762140947gmail-MsoNormalCxSpMiddle\"><span lang=\"ES\">Agradeci\u00f3, asimismo, la presencia del presidente nacional del PRI, Enrique Ochoa Reza, de quien destac\u00f3 su\u00a0liderazgo\u00a0para conducir, con inteligencia y apertura,\u00a0la XXII Asamblea Nacional, de la que\u00a0el PRI sali\u00f3 fortalecido\u00a0en unidad, inclusi\u00f3n, renovaci\u00f3n de ideales, y construcci\u00f3n de proyectos que garanticen mejores condiciones de vida para los mexicanos.<\/span><\/p>\n<p class=\"m_-288610037762140947gmail-MsoNormalCxSpMiddle\"><span lang=\"ES\">\u00a0<\/span><\/p>\n<p class=\"m_-288610037762140947gmail-MsoNormalCxSpMiddle\"><span lang=\"ES\">Ante los exgobernadores mexiquenses Alfredo Baranda Garc\u00eda, Emilio\u00a0Chuayffet\u00a0Chemor\u00a0y Arturo Montiel Rojas, Nemer\u00a0\u00c1lvarez\u00a0pidi\u00f3 identificar\u00a0las propuestas sin sustento, los ofrecimientos f\u00e1ciles y el desd\u00e9n a las instituciones que son la premisa del populismo\u00a0que lanza promesas que no se basan en la realidad.<\/span><\/p>\n<p class=\"m_-288610037762140947gmail-MsoNormalCxSpMiddle\"><span lang=\"ES\">\u00a0<\/span><\/p>\n<p class=\"m_-288610037762140947gmail-MsoNormalCxSpMiddle\"><span lang=\"ES\">Con un reconocimiento a la presidenta saliente, Alejandra Del Moral, cuyo trabajo y capacidad fueron probados en la pasada campa\u00f1a, Nemer reiter\u00f3 su agradecimiento a los hombres y mujeres que hicieron posible\u00a0el triunfo;\u00a0a quienes se rompieron el alma con inteligencia y sensibilidad saliendo\u00a0a las calles\u00a0para llevar la propuesta y el compromiso de quien por decisi\u00f3n mayoritaria es gobernador electo, Alfredo Del Mazo.<\/span><\/p>\n<p class=\"m_-288610037762140947gmail-MsoNormalCxSpMiddle\"><span lang=\"ES\">\u00a0<\/span><\/p>\n<p class=\"m_-288610037762140947gmail-MsoNormalCxSpMiddle\"><span lang=\"ES\">\u00a0\u201cSe\u00f1or gobernador electo, si\u00e9ntase usted arropado por\u00a0las y los suyos aqu\u00ed presentes\u00a0y de all\u00e1 afuera. Sabemos que su gobierno no admitir\u00e1 errores y\u00a0ser\u00e1 sensible a las exigencias. \u00a0Lo respaldaremos, d\u00eda a d\u00eda durante los seis a\u00f1os de su gobierno, para saldar la cuenta con los mexiquenses. Estamos listos para ganar en 2018\u201d, dijo.<\/span><\/p>\n<p class=\"m_-288610037762140947gmail-MsoNormalCxSpMiddle\"><span lang=\"ES\">\u00a0<\/span><\/p>\n<p class=\"m_-288610037762140947gmail-MsoNormalCxSpMiddle\"><span lang=\"ES\">En su oportunidad, Alfredo Del Mazo, gobernador electo, indic\u00f3 que lo que est\u00e1 en juego en 2018, en las elecciones del pr\u00f3ximo a\u00f1o, es un modelo de desarrollo nacional, por eso, dijo, debemos salir a convencer a los electores, con hechos, de que el PRI es el \u00fanico que puede mantener al pa\u00eds unido y darle certeza, as\u00ed lo demostramos en el Estado de M\u00e9xico, as\u00ed lo demostr\u00f3 la militancia priista el 4 de junio, subray\u00f3.<\/span><\/p>\n<p class=\"m_-288610037762140947gmail-MsoNormalCxSpMiddle\"><span lang=\"ES\">\u00a0<\/span><\/p>\n<p class=\"m_-288610037762140947gmail-MsoNormalCxSpMiddle\"><span lang=\"ES\">Por ello, se\u00f1al\u00f3 que nuestra mayor ocupaci\u00f3n debe ser atender a la ciudadan\u00eda, hay que desterrar y sancionar las pr\u00e1cticas que lastimen a la sociedad poniendo por delante los intereses de la naci\u00f3n y de los mexiquenses, fortaleceremos su confianza y la unidad en nuestro estado, dijo y agradeci\u00f3 a todo el priismo de la entidad este triunfo que es de todos, pero tambi\u00e9n del trabajo de resultados de gobernador Eruviel \u00c1vila Villegas.<\/span><\/p>\n<p class=\"m_-288610037762140947gmail-MsoNormalCxSpMiddle\"><span lang=\"ES\">\u00a0<\/span><\/p>\n<p class=\"m_-288610037762140947gmail-MsoNormalCxSpMiddle\"><span lang=\"ES\">\u201cNos alegramos por esta nueva dirigencia, por el inicio de la renovaci\u00f3n del PRI y porque de la mano del priismo nacional nos consolidamos como un partido plural, abierto a la sociedad, que impulsa los derechos de las mujeres, de los j\u00f3venes y de nuestra poblaci\u00f3n ind\u00edgena\u201d, puntualiz\u00f3 el gobernador electo.<\/span><\/p>\n<p class=\"m_-288610037762140947gmail-MsoNormalCxSpMiddle\"><span lang=\"ES\">\u00a0<\/span><\/p>\n<p class=\"m_-288610037762140947gmail-MsoNormalCxSpMiddle\"><span lang=\"ES\">Por su parte, el presidente del priismo nacional, Enrique Ochoa Reza, expres\u00f3 que esta elecci\u00f3n estatal no fue un triunfo s\u00f3lo para nuestro candidato y hoy gobernador electo, fue un triunfo de la militancia del Estado de M\u00e9xico en beneficio del PRI de todo el pa\u00eds; el estado de \u00e1nimo es otro a partir de la clara y contundente victoria del pasado 4 de junio, puntualiz\u00f3.<\/span><\/p>\n<p class=\"m_-288610037762140947gmail-MsoNormalCxSpMiddle\"><span lang=\"ES\">\u00a0<\/span><\/p>\n<p class=\"m_-288610037762140947gmail-MsoNormalCxSpMiddle\"><span lang=\"ES\">Al hacer uso de la palabra, el gobernador Eruviel \u00c1vila Villegas refiri\u00f3 que vivimos el proceso m\u00e1s competido de la historia de la entidad y Alfredo Del Mazo y el priismo del Estado de M\u00e9xico demostraron que est\u00e1n hechos de resultados y logros concretos para sacar adelante este proyecto y pidi\u00f3 cerrar filas y apoyar fuerte y con todo al gobernador electo.<\/span><\/p>\n<p class=\"m_-288610037762140947gmail-MsoNormalCxSpMiddle\"><span lang=\"ES\">\u00a0<\/span><\/p>\n<p class=\"m_-288610037762140947gmail-MsoNormalCxSpMiddle\"><span lang=\"ES\">Asimismo, se\u00f1al\u00f3 que los logros que se registraron en materia de salud, de infraestructura, de combate a la pobreza, fueron posibles gracias al trabajo de todos, porque el plan de gobierno inspirado en la ideolog\u00eda del partido permiti\u00f3 alcanzarlos, y agreg\u00f3 que acata las instrucciones del presidente nacional del PRI y se\u00a0pone a disposici\u00f3n del partido para trabajar desde la trinchera que le toque.<\/span><\/p>\n<p class=\"m_-288610037762140947gmail-MsoNormalCxSpMiddle\"><span lang=\"ES\">\u00a0<\/span><\/p>\n<p class=\"m_-288610037762140947gmail-MsoNormalCxSpMiddle\"><span lang=\"ES\">As\u00ed, el priismo mexiquense, se declar\u00f3 listo para enfrentar con \u00e9xito el proceso electoral del pr\u00f3ximo a\u00f1o en el que se renovar\u00e1 la Presidencia de la Rep\u00fablica, el Senado y la C\u00e1mara de Diputados federal, as\u00ed como las presidencias municipales y las diputaciones locales.<\/span><\/p>\n","protected":false},"excerpt":{"rendered":"<p>\u2022\u00a0\u00a0\u00a0\u00a0\u00a0\u00a0\u00a0\u00a0Ernesto Nemer \u00c1lvarez\u00a0y Brenda Alvarado\u00a0S\u00e1nchez,\u00a0asumieron\u00a0la Presidencia y la Secretar\u00eda General del PRI mexiquense\u00a0para concluir el<\/p>\n","protected":false},"author":1,"featured_media":134,"comment_status":"open","ping_status":"open","sticky":false,"template":"","format":"standard","meta":{"footnotes":""},"categories":[3],"tags":[10],"class_list":["post-133","post","type-post","status-publish","format-standard","has-post-thumbnail","hentry","category-estatales","tag-pri"],"yoast_head":"<!-- This site is optimized with the Yoast SEO plugin v25.3 - https:\/\/yoast.com\/wordpress\/plugins\/seo\/ -->\n<title>El PRI ser\u00e1 un gestor efectivo de las necesidades ciudadanas ante el nuevo gobierno del Estado de M\u00e9xico: Ernesto Nemer - Volcanes<\/title>\n<meta name=\"robots\" content=\"index, follow, max-snippet:-1, max-image-preview:large, max-video-preview:-1\" \/>\n<link rel=\"canonical\" href=\"https:\/\/volcanes.net\/?p=133\" \/>\n<meta property=\"og:locale\" content=\"es_MX\" \/>\n<meta property=\"og:type\" content=\"article\" \/>\n<meta property=\"og:title\" content=\"El PRI ser\u00e1 un gestor efectivo de las necesidades ciudadanas ante el nuevo gobierno del Estado de M\u00e9xico: Ernesto Nemer - Volcanes\" \/>\n<meta property=\"og:description\" content=\"\u2022\u00a0\u00a0\u00a0\u00a0\u00a0\u00a0\u00a0\u00a0Ernesto Nemer \u00c1lvarez\u00a0y Brenda Alvarado\u00a0S\u00e1nchez,\u00a0asumieron\u00a0la Presidencia y la Secretar\u00eda General del PRI mexiquense\u00a0para concluir el\" \/>\n<meta property=\"og:url\" content=\"https:\/\/volcanes.net\/?p=133\" \/>\n<meta property=\"og:site_name\" content=\"Volcanes\" \/>\n<meta property=\"article:publisher\" content=\"https:\/\/www.facebook.com\/volcanes.net\/\" \/>\n<meta property=\"article:published_time\" content=\"2017-08-24T02:44:52+00:00\" \/>\n<meta property=\"og:image\" content=\"https:\/\/volcanes.net\/wp-content\/uploads\/2017\/08\/DSC_0176-copia.jpg\" \/>\n\t<meta property=\"og:image:width\" content=\"448\" \/>\n\t<meta property=\"og:image:height\" content=\"297\" \/>\n\t<meta property=\"og:image:type\" content=\"image\/jpeg\" \/>\n<meta name=\"author\" content=\"admin\" \/>\n<meta name=\"twitter:card\" content=\"summary_large_image\" \/>\n<meta name=\"twitter:label1\" content=\"Escrito por\" \/>\n\t<meta name=\"twitter:data1\" content=\"admin\" \/>\n\t<meta name=\"twitter:label2\" content=\"Tiempo de lectura\" \/>\n\t<meta name=\"twitter:data2\" content=\"6 minutos\" \/>\n<script type=\"application\/ld+json\" class=\"yoast-schema-graph\">{\"@context\":\"https:\/\/schema.org\",\"@graph\":[{\"@type\":\"Article\",\"@id\":\"https:\/\/volcanes.net\/?p=133#article\",\"isPartOf\":{\"@id\":\"https:\/\/volcanes.net\/?p=133\"},\"author\":{\"name\":\"admin\",\"@id\":\"https:\/\/volcanes.net\/#\/schema\/person\/4bf0f383940966a4abd53f5048c0e6b9\"},\"headline\":\"El PRI ser\u00e1 un gestor efectivo de las necesidades ciudadanas ante el nuevo gobierno del Estado de M\u00e9xico: Ernesto Nemer\",\"datePublished\":\"2017-08-24T02:44:52+00:00\",\"mainEntityOfPage\":{\"@id\":\"https:\/\/volcanes.net\/?p=133\"},\"wordCount\":1235,\"commentCount\":0,\"publisher\":{\"@id\":\"https:\/\/volcanes.net\/#organization\"},\"image\":{\"@id\":\"https:\/\/volcanes.net\/?p=133#primaryimage\"},\"thumbnailUrl\":\"https:\/\/volcanes.net\/wp-content\/uploads\/2017\/08\/DSC_0176-copia.jpg\",\"keywords\":[\"PRI\"],\"articleSection\":[\"Estatales\"],\"inLanguage\":\"es\",\"potentialAction\":[{\"@type\":\"CommentAction\",\"name\":\"Comment\",\"target\":[\"https:\/\/volcanes.net\/?p=133#respond\"]}]},{\"@type\":\"WebPage\",\"@id\":\"https:\/\/volcanes.net\/?p=133\",\"url\":\"https:\/\/volcanes.net\/?p=133\",\"name\":\"El PRI ser\u00e1 un gestor efectivo de las necesidades ciudadanas ante el nuevo gobierno del Estado de M\u00e9xico: Ernesto Nemer - Volcanes\",\"isPartOf\":{\"@id\":\"https:\/\/volcanes.net\/#website\"},\"primaryImageOfPage\":{\"@id\":\"https:\/\/volcanes.net\/?p=133#primaryimage\"},\"image\":{\"@id\":\"https:\/\/volcanes.net\/?p=133#primaryimage\"},\"thumbnailUrl\":\"https:\/\/volcanes.net\/wp-content\/uploads\/2017\/08\/DSC_0176-copia.jpg\",\"datePublished\":\"2017-08-24T02:44:52+00:00\",\"breadcrumb\":{\"@id\":\"https:\/\/volcanes.net\/?p=133#breadcrumb\"},\"inLanguage\":\"es\",\"potentialAction\":[{\"@type\":\"ReadAction\",\"target\":[\"https:\/\/volcanes.net\/?p=133\"]}]},{\"@type\":\"ImageObject\",\"inLanguage\":\"es\",\"@id\":\"https:\/\/volcanes.net\/?p=133#primaryimage\",\"url\":\"https:\/\/volcanes.net\/wp-content\/uploads\/2017\/08\/DSC_0176-copia.jpg\",\"contentUrl\":\"https:\/\/volcanes.net\/wp-content\/uploads\/2017\/08\/DSC_0176-copia.jpg\",\"width\":448,\"height\":297,\"caption\":\"????????????????????????????????????\"},{\"@type\":\"BreadcrumbList\",\"@id\":\"https:\/\/volcanes.net\/?p=133#breadcrumb\",\"itemListElement\":[{\"@type\":\"ListItem\",\"position\":1,\"name\":\"Portada\",\"item\":\"https:\/\/volcanes.net\/\"},{\"@type\":\"ListItem\",\"position\":2,\"name\":\"El PRI ser\u00e1 un gestor efectivo de las necesidades ciudadanas ante el nuevo gobierno del Estado de M\u00e9xico: Ernesto Nemer\"}]},{\"@type\":\"WebSite\",\"@id\":\"https:\/\/volcanes.net\/#website\",\"url\":\"https:\/\/volcanes.net\/\",\"name\":\"Volcanes.Net\",\"description\":\"Periodismo Profesional\",\"publisher\":{\"@id\":\"https:\/\/volcanes.net\/#organization\"},\"potentialAction\":[{\"@type\":\"SearchAction\",\"target\":{\"@type\":\"EntryPoint\",\"urlTemplate\":\"https:\/\/volcanes.net\/?s={search_term_string}\"},\"query-input\":{\"@type\":\"PropertyValueSpecification\",\"valueRequired\":true,\"valueName\":\"search_term_string\"}}],\"inLanguage\":\"es\"},{\"@type\":\"Organization\",\"@id\":\"https:\/\/volcanes.net\/#organization\",\"name\":\"Grupo Volcanes\",\"url\":\"https:\/\/volcanes.net\/\",\"logo\":{\"@type\":\"ImageObject\",\"inLanguage\":\"es\",\"@id\":\"https:\/\/volcanes.net\/#\/schema\/logo\/image\/\",\"url\":\"http:\/\/volcanes.net\/wp-content\/uploads\/2017\/12\/Avatar2.jpg\",\"contentUrl\":\"http:\/\/volcanes.net\/wp-content\/uploads\/2017\/12\/Avatar2.jpg\",\"width\":378,\"height\":378,\"caption\":\"Grupo Volcanes\"},\"image\":{\"@id\":\"https:\/\/volcanes.net\/#\/schema\/logo\/image\/\"},\"sameAs\":[\"https:\/\/www.facebook.com\/volcanes.net\/\"]},{\"@type\":\"Person\",\"@id\":\"https:\/\/volcanes.net\/#\/schema\/person\/4bf0f383940966a4abd53f5048c0e6b9\",\"name\":\"admin\",\"image\":{\"@type\":\"ImageObject\",\"inLanguage\":\"es\",\"@id\":\"https:\/\/volcanes.net\/#\/schema\/person\/image\/\",\"url\":\"https:\/\/secure.gravatar.com\/avatar\/ca004e6cba8462b8cb7abc86e382930c?s=96&d=mm&r=g\",\"contentUrl\":\"https:\/\/secure.gravatar.com\/avatar\/ca004e6cba8462b8cb7abc86e382930c?s=96&d=mm&r=g\",\"caption\":\"admin\"}}]}<\/script>\n<!-- \/ Yoast SEO plugin. -->","yoast_head_json":{"title":"El PRI ser\u00e1 un gestor efectivo de las necesidades ciudadanas ante el nuevo gobierno del Estado de M\u00e9xico: Ernesto Nemer - Volcanes","robots":{"index":"index","follow":"follow","max-snippet":"max-snippet:-1","max-image-preview":"max-image-preview:large","max-video-preview":"max-video-preview:-1"},"canonical":"https:\/\/volcanes.net\/?p=133","og_locale":"es_MX","og_type":"article","og_title":"El PRI ser\u00e1 un gestor efectivo de las necesidades ciudadanas ante el nuevo gobierno del Estado de M\u00e9xico: Ernesto Nemer - Volcanes","og_description":"\u2022\u00a0\u00a0\u00a0\u00a0\u00a0\u00a0\u00a0\u00a0Ernesto Nemer \u00c1lvarez\u00a0y Brenda Alvarado\u00a0S\u00e1nchez,\u00a0asumieron\u00a0la Presidencia y la Secretar\u00eda General del PRI mexiquense\u00a0para concluir el","og_url":"https:\/\/volcanes.net\/?p=133","og_site_name":"Volcanes","article_publisher":"https:\/\/www.facebook.com\/volcanes.net\/","article_published_time":"2017-08-24T02:44:52+00:00","og_image":[{"width":448,"height":297,"url":"https:\/\/volcanes.net\/wp-content\/uploads\/2017\/08\/DSC_0176-copia.jpg","type":"image\/jpeg"}],"author":"admin","twitter_card":"summary_large_image","twitter_misc":{"Escrito por":"admin","Tiempo de lectura":"6 minutos"},"schema":{"@context":"https:\/\/schema.org","@graph":[{"@type":"Article","@id":"https:\/\/volcanes.net\/?p=133#article","isPartOf":{"@id":"https:\/\/volcanes.net\/?p=133"},"author":{"name":"admin","@id":"https:\/\/volcanes.net\/#\/schema\/person\/4bf0f383940966a4abd53f5048c0e6b9"},"headline":"El PRI ser\u00e1 un gestor efectivo de las necesidades ciudadanas ante el nuevo gobierno del Estado de M\u00e9xico: Ernesto Nemer","datePublished":"2017-08-24T02:44:52+00:00","mainEntityOfPage":{"@id":"https:\/\/volcanes.net\/?p=133"},"wordCount":1235,"commentCount":0,"publisher":{"@id":"https:\/\/volcanes.net\/#organization"},"image":{"@id":"https:\/\/volcanes.net\/?p=133#primaryimage"},"thumbnailUrl":"https:\/\/volcanes.net\/wp-content\/uploads\/2017\/08\/DSC_0176-copia.jpg","keywords":["PRI"],"articleSection":["Estatales"],"inLanguage":"es","potentialAction":[{"@type":"CommentAction","name":"Comment","target":["https:\/\/volcanes.net\/?p=133#respond"]}]},{"@type":"WebPage","@id":"https:\/\/volcanes.net\/?p=133","url":"https:\/\/volcanes.net\/?p=133","name":"El PRI ser\u00e1 un gestor efectivo de las necesidades ciudadanas ante el nuevo gobierno del Estado de M\u00e9xico: Ernesto Nemer - Volcanes","isPartOf":{"@id":"https:\/\/volcanes.net\/#website"},"primaryImageOfPage":{"@id":"https:\/\/volcanes.net\/?p=133#primaryimage"},"image":{"@id":"https:\/\/volcanes.net\/?p=133#primaryimage"},"thumbnailUrl":"https:\/\/volcanes.net\/wp-content\/uploads\/2017\/08\/DSC_0176-copia.jpg","datePublished":"2017-08-24T02:44:52+00:00","breadcrumb":{"@id":"https:\/\/volcanes.net\/?p=133#breadcrumb"},"inLanguage":"es","potentialAction":[{"@type":"ReadAction","target":["https:\/\/volcanes.net\/?p=133"]}]},{"@type":"ImageObject","inLanguage":"es","@id":"https:\/\/volcanes.net\/?p=133#primaryimage","url":"https:\/\/volcanes.net\/wp-content\/uploads\/2017\/08\/DSC_0176-copia.jpg","contentUrl":"https:\/\/volcanes.net\/wp-content\/uploads\/2017\/08\/DSC_0176-copia.jpg","width":448,"height":297,"caption":"????????????????????????????????????"},{"@type":"BreadcrumbList","@id":"https:\/\/volcanes.net\/?p=133#breadcrumb","itemListElement":[{"@type":"ListItem","position":1,"name":"Portada","item":"https:\/\/volcanes.net\/"},{"@type":"ListItem","position":2,"name":"El PRI ser\u00e1 un gestor efectivo de las necesidades ciudadanas ante el nuevo gobierno del Estado de M\u00e9xico: Ernesto Nemer"}]},{"@type":"WebSite","@id":"https:\/\/volcanes.net\/#website","url":"https:\/\/volcanes.net\/","name":"Volcanes.Net","description":"Periodismo Profesional","publisher":{"@id":"https:\/\/volcanes.net\/#organization"},"potentialAction":[{"@type":"SearchAction","target":{"@type":"EntryPoint","urlTemplate":"https:\/\/volcanes.net\/?s={search_term_string}"},"query-input":{"@type":"PropertyValueSpecification","valueRequired":true,"valueName":"search_term_string"}}],"inLanguage":"es"},{"@type":"Organization","@id":"https:\/\/volcanes.net\/#organization","name":"Grupo Volcanes","url":"https:\/\/volcanes.net\/","logo":{"@type":"ImageObject","inLanguage":"es","@id":"https:\/\/volcanes.net\/#\/schema\/logo\/image\/","url":"http:\/\/volcanes.net\/wp-content\/uploads\/2017\/12\/Avatar2.jpg","contentUrl":"http:\/\/volcanes.net\/wp-content\/uploads\/2017\/12\/Avatar2.jpg","width":378,"height":378,"caption":"Grupo Volcanes"},"image":{"@id":"https:\/\/volcanes.net\/#\/schema\/logo\/image\/"},"sameAs":["https:\/\/www.facebook.com\/volcanes.net\/"]},{"@type":"Person","@id":"https:\/\/volcanes.net\/#\/schema\/person\/4bf0f383940966a4abd53f5048c0e6b9","name":"admin","image":{"@type":"ImageObject","inLanguage":"es","@id":"https:\/\/volcanes.net\/#\/schema\/person\/image\/","url":"https:\/\/secure.gravatar.com\/avatar\/ca004e6cba8462b8cb7abc86e382930c?s=96&d=mm&r=g","contentUrl":"https:\/\/secure.gravatar.com\/avatar\/ca004e6cba8462b8cb7abc86e382930c?s=96&d=mm&r=g","caption":"admin"}}]}},"_links":{"self":[{"href":"https:\/\/volcanes.net\/index.php?rest_route=\/wp\/v2\/posts\/133"}],"collection":[{"href":"https:\/\/volcanes.net\/index.php?rest_route=\/wp\/v2\/posts"}],"about":[{"href":"https:\/\/volcanes.net\/index.php?rest_route=\/wp\/v2\/types\/post"}],"author":[{"embeddable":true,"href":"https:\/\/volcanes.net\/index.php?rest_route=\/wp\/v2\/users\/1"}],"replies":[{"embeddable":true,"href":"https:\/\/volcanes.net\/index.php?rest_route=%2Fwp%2Fv2%2Fcomments&post=133"}],"version-history":[{"count":1,"href":"https:\/\/volcanes.net\/index.php?rest_route=\/wp\/v2\/posts\/133\/revisions"}],"predecessor-version":[{"id":135,"href":"https:\/\/volcanes.net\/index.php?rest_route=\/wp\/v2\/posts\/133\/revisions\/135"}],"wp:featuredmedia":[{"embeddable":true,"href":"https:\/\/volcanes.net\/index.php?rest_route=\/wp\/v2\/media\/134"}],"wp:attachment":[{"href":"https:\/\/volcanes.net\/index.php?rest_route=%2Fwp%2Fv2%2Fmedia&parent=133"}],"wp:term":[{"taxonomy":"category","embeddable":true,"href":"https:\/\/volcanes.net\/index.php?rest_route=%2Fwp%2Fv2%2Fcategories&post=133"},{"taxonomy":"post_tag","embeddable":true,"href":"https:\/\/volcanes.net\/index.php?rest_route=%2Fwp%2Fv2%2Ftags&post=133"}],"curies":[{"name":"wp","href":"https:\/\/api.w.org\/{rel}","templated":true}]}}