{"id":13306,"date":"2022-11-21T14:02:09","date_gmt":"2022-11-21T20:02:09","guid":{"rendered":"http:\/\/volcanes.net\/?p=13306"},"modified":"2022-11-21T14:02:09","modified_gmt":"2022-11-21T20:02:09","slug":"comienza-temporada-de-corte-y-venta-de-arboles-de-navidad-en-amecameca","status":"publish","type":"post","link":"https:\/\/volcanes.net\/?p=13306","title":{"rendered":"Comienza temporada de corte y venta de arboles de navidad en Amecameca"},"content":{"rendered":"<div style=\"margin-top: 0px; margin-bottom: 0px;\" class=\"sharethis-inline-share-buttons\" ><\/div><p>La presidenta municipal Dra. Ivette Topete Garc\u00eda dijo que las plantaciones abren sus puertas para recibir a los cientos de visitantes que adornar\u00e1n sus hogares con un \u00e1rbol natural.<\/p>\n<p>Amecameca, M\u00e9x. \u2013 Dio inicio la temporada navide\u00f1a en este emblem\u00e1tico municipio y la alcaldesa Dra. Ivette Topete Garc\u00eda acudi\u00f3 a la plantaci\u00f3n del parque \u201cTlaxaloni\u201d para iniciar la venta de \u00e1rboles naturales que adornar\u00e1n cientos de hogares.<\/p>\n<p>La mun\u00edcipe destac\u00f3 que una de las ventajas de la venta de arboles es el apoyar a sus productores, generar una derrama econ\u00f3mica que beneficia a los habitantes de la regi\u00f3n de los volcanes.<\/p>\n<p>Adem\u00e1s, para los visitantes el recorrer los bosques y estar en contacto con la naturaleza es una experiencia diferente que fomenta el ecoturismo y genera empleos para los comerciantes de diversos productos navide\u00f1os y de alimentos de las diversas comunidades.<\/p>\n<p>Durante el arranque del evento en el que participaron 12 plantaciones de arboles de navidad, entre ellas destacan \u201cRancho del Valle\u201d ubicado en la delegaci\u00f3n de Santa Isabel Chalma, \u201cEl Para\u00edso\u201d , \u201cTelcoyonqui\u201d en Santiago Cuauhtenco, \u201cParque San Jos\u00e9\u201d, Y \u201cBosque Esmeralda\u201d en Amecameca, as\u00ed como \u201cBienes Comunales\u201d en Santa Isabel Chalma, \u201c1 Seccion de los Arboles de Navidad\u201d y el \u201cEl Risco\u201d en San Francisco Zentlalpan, \u201cParque Tepetl\u201d \u201cParque Neriaco\u201d y \u201cEcoparque San Pedro Nexapa\u201d ambos en la delegaci\u00f3n de San Pedro Nexapa.<\/p>\n<p>En estos bosques se producen \u00e1rboles Pinus ayacahuite, tambi\u00e9n conocido como pino blanco o vikingo; y Pseudotsuga menziesii, com\u00fanmente llamado abeto Douglas canadiense.<\/p>\n<p>Los \u00e1rboles de este tipo de plantaciones se cortan cuando tienen entre cinco y 10 a\u00f1os de edad. La venta es directa al p\u00fablico. Los visitantes a estos bosques tienen la oportunidad de escoger y cortar el \u00e1rbol, para luego amarrarlo y transportarlo en sus veh\u00edculos.<\/p>\n","protected":false},"excerpt":{"rendered":"<p>La presidenta municipal Dra. Ivette Topete Garc\u00eda dijo que las plantaciones abren sus puertas para<\/p>\n","protected":false},"author":10,"featured_media":13307,"comment_status":"open","ping_status":"open","sticky":false,"template":"","format":"standard","meta":{"footnotes":""},"categories":[1],"tags":[],"class_list":["post-13306","post","type-post","status-publish","format-standard","has-post-thumbnail","hentry","category-municipales"],"yoast_head":"<!-- This site is optimized with the Yoast SEO plugin v25.3 - https:\/\/yoast.com\/wordpress\/plugins\/seo\/ -->\n<title>Comienza temporada de corte y venta de arboles de navidad en Amecameca - Volcanes<\/title>\n<meta name=\"robots\" content=\"index, follow, max-snippet:-1, max-image-preview:large, max-video-preview:-1\" \/>\n<link rel=\"canonical\" href=\"https:\/\/volcanes.net\/?p=13306\" \/>\n<meta property=\"og:locale\" content=\"es_MX\" \/>\n<meta property=\"og:type\" content=\"article\" \/>\n<meta property=\"og:title\" content=\"Comienza temporada de corte y venta de arboles de navidad en Amecameca - Volcanes\" \/>\n<meta property=\"og:description\" content=\"La presidenta municipal Dra. Ivette Topete Garc\u00eda dijo que las plantaciones abren sus puertas para\" \/>\n<meta property=\"og:url\" content=\"https:\/\/volcanes.net\/?p=13306\" \/>\n<meta property=\"og:site_name\" content=\"Volcanes\" \/>\n<meta property=\"article:publisher\" content=\"https:\/\/www.facebook.com\/volcanes.net\/\" \/>\n<meta property=\"article:published_time\" content=\"2022-11-21T20:02:09+00:00\" \/>\n<meta property=\"og:image\" content=\"https:\/\/volcanes.net\/wp-content\/uploads\/2022\/11\/IMG-20221121-WA0012.jpg\" \/>\n\t<meta property=\"og:image:width\" content=\"1080\" \/>\n\t<meta property=\"og:image:height\" content=\"810\" \/>\n\t<meta property=\"og:image:type\" content=\"image\/jpeg\" \/>\n<meta name=\"author\" content=\"Grupo Volcanes\" \/>\n<meta name=\"twitter:card\" content=\"summary_large_image\" \/>\n<meta name=\"twitter:label1\" content=\"Escrito por\" \/>\n\t<meta name=\"twitter:data1\" content=\"Grupo Volcanes\" \/>\n\t<meta name=\"twitter:label2\" content=\"Tiempo de lectura\" \/>\n\t<meta name=\"twitter:data2\" content=\"2 minutos\" \/>\n<script type=\"application\/ld+json\" class=\"yoast-schema-graph\">{\"@context\":\"https:\/\/schema.org\",\"@graph\":[{\"@type\":\"Article\",\"@id\":\"https:\/\/volcanes.net\/?p=13306#article\",\"isPartOf\":{\"@id\":\"https:\/\/volcanes.net\/?p=13306\"},\"author\":{\"name\":\"Grupo Volcanes\",\"@id\":\"https:\/\/volcanes.net\/#\/schema\/person\/a851dc341d56a2915a80936acca8dc6d\"},\"headline\":\"Comienza temporada de corte y venta de arboles de navidad en Amecameca\",\"datePublished\":\"2022-11-21T20:02:09+00:00\",\"mainEntityOfPage\":{\"@id\":\"https:\/\/volcanes.net\/?p=13306\"},\"wordCount\":322,\"commentCount\":0,\"publisher\":{\"@id\":\"https:\/\/volcanes.net\/#organization\"},\"image\":{\"@id\":\"https:\/\/volcanes.net\/?p=13306#primaryimage\"},\"thumbnailUrl\":\"https:\/\/volcanes.net\/wp-content\/uploads\/2022\/11\/IMG-20221121-WA0012.jpg\",\"articleSection\":[\"Municipales\"],\"inLanguage\":\"es\",\"potentialAction\":[{\"@type\":\"CommentAction\",\"name\":\"Comment\",\"target\":[\"https:\/\/volcanes.net\/?p=13306#respond\"]}]},{\"@type\":\"WebPage\",\"@id\":\"https:\/\/volcanes.net\/?p=13306\",\"url\":\"https:\/\/volcanes.net\/?p=13306\",\"name\":\"Comienza temporada de corte y venta de arboles de navidad en Amecameca - Volcanes\",\"isPartOf\":{\"@id\":\"https:\/\/volcanes.net\/#website\"},\"primaryImageOfPage\":{\"@id\":\"https:\/\/volcanes.net\/?p=13306#primaryimage\"},\"image\":{\"@id\":\"https:\/\/volcanes.net\/?p=13306#primaryimage\"},\"thumbnailUrl\":\"https:\/\/volcanes.net\/wp-content\/uploads\/2022\/11\/IMG-20221121-WA0012.jpg\",\"datePublished\":\"2022-11-21T20:02:09+00:00\",\"breadcrumb\":{\"@id\":\"https:\/\/volcanes.net\/?p=13306#breadcrumb\"},\"inLanguage\":\"es\",\"potentialAction\":[{\"@type\":\"ReadAction\",\"target\":[\"https:\/\/volcanes.net\/?p=13306\"]}]},{\"@type\":\"ImageObject\",\"inLanguage\":\"es\",\"@id\":\"https:\/\/volcanes.net\/?p=13306#primaryimage\",\"url\":\"https:\/\/volcanes.net\/wp-content\/uploads\/2022\/11\/IMG-20221121-WA0012.jpg\",\"contentUrl\":\"https:\/\/volcanes.net\/wp-content\/uploads\/2022\/11\/IMG-20221121-WA0012.jpg\",\"width\":1080,\"height\":810},{\"@type\":\"BreadcrumbList\",\"@id\":\"https:\/\/volcanes.net\/?p=13306#breadcrumb\",\"itemListElement\":[{\"@type\":\"ListItem\",\"position\":1,\"name\":\"Portada\",\"item\":\"https:\/\/volcanes.net\/\"},{\"@type\":\"ListItem\",\"position\":2,\"name\":\"Comienza temporada de corte y venta de arboles de navidad en Amecameca\"}]},{\"@type\":\"WebSite\",\"@id\":\"https:\/\/volcanes.net\/#website\",\"url\":\"https:\/\/volcanes.net\/\",\"name\":\"Volcanes.Net\",\"description\":\"Periodismo Profesional\",\"publisher\":{\"@id\":\"https:\/\/volcanes.net\/#organization\"},\"potentialAction\":[{\"@type\":\"SearchAction\",\"target\":{\"@type\":\"EntryPoint\",\"urlTemplate\":\"https:\/\/volcanes.net\/?s={search_term_string}\"},\"query-input\":{\"@type\":\"PropertyValueSpecification\",\"valueRequired\":true,\"valueName\":\"search_term_string\"}}],\"inLanguage\":\"es\"},{\"@type\":\"Organization\",\"@id\":\"https:\/\/volcanes.net\/#organization\",\"name\":\"Grupo Volcanes\",\"url\":\"https:\/\/volcanes.net\/\",\"logo\":{\"@type\":\"ImageObject\",\"inLanguage\":\"es\",\"@id\":\"https:\/\/volcanes.net\/#\/schema\/logo\/image\/\",\"url\":\"http:\/\/volcanes.net\/wp-content\/uploads\/2017\/12\/Avatar2.jpg\",\"contentUrl\":\"http:\/\/volcanes.net\/wp-content\/uploads\/2017\/12\/Avatar2.jpg\",\"width\":378,\"height\":378,\"caption\":\"Grupo Volcanes\"},\"image\":{\"@id\":\"https:\/\/volcanes.net\/#\/schema\/logo\/image\/\"},\"sameAs\":[\"https:\/\/www.facebook.com\/volcanes.net\/\"]},{\"@type\":\"Person\",\"@id\":\"https:\/\/volcanes.net\/#\/schema\/person\/a851dc341d56a2915a80936acca8dc6d\",\"name\":\"Grupo Volcanes\",\"image\":{\"@type\":\"ImageObject\",\"inLanguage\":\"es\",\"@id\":\"https:\/\/volcanes.net\/#\/schema\/person\/image\/\",\"url\":\"https:\/\/secure.gravatar.com\/avatar\/00d1a47c371c721e30bacc47ac096981?s=96&d=mm&r=g\",\"contentUrl\":\"https:\/\/secure.gravatar.com\/avatar\/00d1a47c371c721e30bacc47ac096981?s=96&d=mm&r=g\",\"caption\":\"Grupo Volcanes\"}}]}<\/script>\n<!-- \/ Yoast SEO plugin. -->","yoast_head_json":{"title":"Comienza temporada de corte y venta de arboles de navidad en Amecameca - Volcanes","robots":{"index":"index","follow":"follow","max-snippet":"max-snippet:-1","max-image-preview":"max-image-preview:large","max-video-preview":"max-video-preview:-1"},"canonical":"https:\/\/volcanes.net\/?p=13306","og_locale":"es_MX","og_type":"article","og_title":"Comienza temporada de corte y venta de arboles de navidad en Amecameca - Volcanes","og_description":"La presidenta municipal Dra. Ivette Topete Garc\u00eda dijo que las plantaciones abren sus puertas para","og_url":"https:\/\/volcanes.net\/?p=13306","og_site_name":"Volcanes","article_publisher":"https:\/\/www.facebook.com\/volcanes.net\/","article_published_time":"2022-11-21T20:02:09+00:00","og_image":[{"width":1080,"height":810,"url":"https:\/\/volcanes.net\/wp-content\/uploads\/2022\/11\/IMG-20221121-WA0012.jpg","type":"image\/jpeg"}],"author":"Grupo Volcanes","twitter_card":"summary_large_image","twitter_misc":{"Escrito por":"Grupo Volcanes","Tiempo de lectura":"2 minutos"},"schema":{"@context":"https:\/\/schema.org","@graph":[{"@type":"Article","@id":"https:\/\/volcanes.net\/?p=13306#article","isPartOf":{"@id":"https:\/\/volcanes.net\/?p=13306"},"author":{"name":"Grupo Volcanes","@id":"https:\/\/volcanes.net\/#\/schema\/person\/a851dc341d56a2915a80936acca8dc6d"},"headline":"Comienza temporada de corte y venta de arboles de navidad en Amecameca","datePublished":"2022-11-21T20:02:09+00:00","mainEntityOfPage":{"@id":"https:\/\/volcanes.net\/?p=13306"},"wordCount":322,"commentCount":0,"publisher":{"@id":"https:\/\/volcanes.net\/#organization"},"image":{"@id":"https:\/\/volcanes.net\/?p=13306#primaryimage"},"thumbnailUrl":"https:\/\/volcanes.net\/wp-content\/uploads\/2022\/11\/IMG-20221121-WA0012.jpg","articleSection":["Municipales"],"inLanguage":"es","potentialAction":[{"@type":"CommentAction","name":"Comment","target":["https:\/\/volcanes.net\/?p=13306#respond"]}]},{"@type":"WebPage","@id":"https:\/\/volcanes.net\/?p=13306","url":"https:\/\/volcanes.net\/?p=13306","name":"Comienza temporada de corte y venta de arboles de navidad en Amecameca - Volcanes","isPartOf":{"@id":"https:\/\/volcanes.net\/#website"},"primaryImageOfPage":{"@id":"https:\/\/volcanes.net\/?p=13306#primaryimage"},"image":{"@id":"https:\/\/volcanes.net\/?p=13306#primaryimage"},"thumbnailUrl":"https:\/\/volcanes.net\/wp-content\/uploads\/2022\/11\/IMG-20221121-WA0012.jpg","datePublished":"2022-11-21T20:02:09+00:00","breadcrumb":{"@id":"https:\/\/volcanes.net\/?p=13306#breadcrumb"},"inLanguage":"es","potentialAction":[{"@type":"ReadAction","target":["https:\/\/volcanes.net\/?p=13306"]}]},{"@type":"ImageObject","inLanguage":"es","@id":"https:\/\/volcanes.net\/?p=13306#primaryimage","url":"https:\/\/volcanes.net\/wp-content\/uploads\/2022\/11\/IMG-20221121-WA0012.jpg","contentUrl":"https:\/\/volcanes.net\/wp-content\/uploads\/2022\/11\/IMG-20221121-WA0012.jpg","width":1080,"height":810},{"@type":"BreadcrumbList","@id":"https:\/\/volcanes.net\/?p=13306#breadcrumb","itemListElement":[{"@type":"ListItem","position":1,"name":"Portada","item":"https:\/\/volcanes.net\/"},{"@type":"ListItem","position":2,"name":"Comienza temporada de corte y venta de arboles de navidad en Amecameca"}]},{"@type":"WebSite","@id":"https:\/\/volcanes.net\/#website","url":"https:\/\/volcanes.net\/","name":"Volcanes.Net","description":"Periodismo Profesional","publisher":{"@id":"https:\/\/volcanes.net\/#organization"},"potentialAction":[{"@type":"SearchAction","target":{"@type":"EntryPoint","urlTemplate":"https:\/\/volcanes.net\/?s={search_term_string}"},"query-input":{"@type":"PropertyValueSpecification","valueRequired":true,"valueName":"search_term_string"}}],"inLanguage":"es"},{"@type":"Organization","@id":"https:\/\/volcanes.net\/#organization","name":"Grupo Volcanes","url":"https:\/\/volcanes.net\/","logo":{"@type":"ImageObject","inLanguage":"es","@id":"https:\/\/volcanes.net\/#\/schema\/logo\/image\/","url":"http:\/\/volcanes.net\/wp-content\/uploads\/2017\/12\/Avatar2.jpg","contentUrl":"http:\/\/volcanes.net\/wp-content\/uploads\/2017\/12\/Avatar2.jpg","width":378,"height":378,"caption":"Grupo Volcanes"},"image":{"@id":"https:\/\/volcanes.net\/#\/schema\/logo\/image\/"},"sameAs":["https:\/\/www.facebook.com\/volcanes.net\/"]},{"@type":"Person","@id":"https:\/\/volcanes.net\/#\/schema\/person\/a851dc341d56a2915a80936acca8dc6d","name":"Grupo Volcanes","image":{"@type":"ImageObject","inLanguage":"es","@id":"https:\/\/volcanes.net\/#\/schema\/person\/image\/","url":"https:\/\/secure.gravatar.com\/avatar\/00d1a47c371c721e30bacc47ac096981?s=96&d=mm&r=g","contentUrl":"https:\/\/secure.gravatar.com\/avatar\/00d1a47c371c721e30bacc47ac096981?s=96&d=mm&r=g","caption":"Grupo Volcanes"}}]}},"_links":{"self":[{"href":"https:\/\/volcanes.net\/index.php?rest_route=\/wp\/v2\/posts\/13306"}],"collection":[{"href":"https:\/\/volcanes.net\/index.php?rest_route=\/wp\/v2\/posts"}],"about":[{"href":"https:\/\/volcanes.net\/index.php?rest_route=\/wp\/v2\/types\/post"}],"author":[{"embeddable":true,"href":"https:\/\/volcanes.net\/index.php?rest_route=\/wp\/v2\/users\/10"}],"replies":[{"embeddable":true,"href":"https:\/\/volcanes.net\/index.php?rest_route=%2Fwp%2Fv2%2Fcomments&post=13306"}],"version-history":[{"count":1,"href":"https:\/\/volcanes.net\/index.php?rest_route=\/wp\/v2\/posts\/13306\/revisions"}],"predecessor-version":[{"id":13308,"href":"https:\/\/volcanes.net\/index.php?rest_route=\/wp\/v2\/posts\/13306\/revisions\/13308"}],"wp:featuredmedia":[{"embeddable":true,"href":"https:\/\/volcanes.net\/index.php?rest_route=\/wp\/v2\/media\/13307"}],"wp:attachment":[{"href":"https:\/\/volcanes.net\/index.php?rest_route=%2Fwp%2Fv2%2Fmedia&parent=13306"}],"wp:term":[{"taxonomy":"category","embeddable":true,"href":"https:\/\/volcanes.net\/index.php?rest_route=%2Fwp%2Fv2%2Fcategories&post=13306"},{"taxonomy":"post_tag","embeddable":true,"href":"https:\/\/volcanes.net\/index.php?rest_route=%2Fwp%2Fv2%2Ftags&post=13306"}],"curies":[{"name":"wp","href":"https:\/\/api.w.org\/{rel}","templated":true}]}}