{"id":13324,"date":"2022-11-28T18:20:22","date_gmt":"2022-11-29T00:20:22","guid":{"rendered":"http:\/\/volcanes.net\/?p=13324"},"modified":"2022-11-28T18:20:22","modified_gmt":"2022-11-29T00:20:22","slug":"alcaldesa-dra-ivette-topete-garcia-le-cumple-a-los-habitantes-de-san-pedro-nexapa-amecameca","status":"publish","type":"post","link":"https:\/\/volcanes.net\/?p=13324","title":{"rendered":"Alcaldesa Dra. Ivette Topete Garcia le cumple a los habitantes de San pedro Nexapa, Amecameca"},"content":{"rendered":"<div style=\"margin-top: 0px; margin-bottom: 0px;\" class=\"sharethis-inline-share-buttons\" ><\/div><p>Inaugura importante obra de 4 millones 32 mil pesos que cambia el nivel de vida de los habitantes de esta delegaci\u00f3n municipal.<\/p>\n<p>Amecameca, M\u00e9x. &#8212; La presidenta municipal Dra. Ivette Topete Garc\u00eda, inaugur\u00f3 la pavimentaci\u00f3n de la calle Galeana de la delegaci\u00f3n de San Pedro Nexapa, una obra demandada que mejorar\u00e1 el nivel de vida de m\u00e1s de mil 500 habitantes en forma directa.<\/p>\n<p>Cumpliendo uno m\u00e1s de sus compromisos de campa\u00f1a y acompa\u00f1ada de los integrantes del Ayuntamiento, Topete Garc\u00eda cort\u00f3 el list\u00f3n inaugural de esta magna obra donde se\u00f1al\u00f3 que se invirtieron 4 millones 32 mil pesos.<\/p>\n<p>&#8220;Vengo con mucho gusto y felicidad a saludar a mis vecinas y vecinos de la delegaci\u00f3n de San Pedro Nexapa para inaugurar con ellos la pavimentaci\u00f3n de esta calle, que me compromet\u00ed en campa\u00f1a y hoy es una realidad, vengo a agradecer su apoyo y confianza con hechos&#8221;, a\u00f1adi\u00f3<\/p>\n<p>Topete Garc\u00eda abund\u00f3, que la pavimentaci\u00f3n de la calle Galeana en el tramo de la calle Divisi\u00f3n a la calle Sat\u00e9lite suma una superficie de 2 mil 966 metros cuadrados y en forma lineal cercana a los 300 metros y nunca fue atendida por varios gobiernos anteriores.<\/p>\n<p>La alcaldesa dijo que esta importante via de comunicaci\u00f3n traer\u00e1 mejores condiciones de vida y desarrollo a esta comunidad y la accion del #GobiernoParaTodos forma parte del mejoramiento de las vialidades.<\/p>\n<p>Concluy\u00f3 se\u00f1alando que esta obra se realiz\u00f3 con recursos del Fondo de Aportaciones para la Infraestructura Social Municipal y de las Demarcaciones<br \/>\nTerritoriales (FISM) y los pr\u00f3ximos d\u00edas continuar\u00e1 con la entrega de m\u00e1s obras de gran beneficio social.<\/p>\n","protected":false},"excerpt":{"rendered":"<p>Inaugura importante obra de 4 millones 32 mil pesos que cambia el nivel de vida<\/p>\n","protected":false},"author":10,"featured_media":13325,"comment_status":"open","ping_status":"open","sticky":false,"template":"","format":"standard","meta":{"footnotes":""},"categories":[1],"tags":[],"class_list":["post-13324","post","type-post","status-publish","format-standard","has-post-thumbnail","hentry","category-municipales"],"yoast_head":"<!-- This site is optimized with the Yoast SEO plugin v25.3 - https:\/\/yoast.com\/wordpress\/plugins\/seo\/ -->\n<title>Alcaldesa Dra. Ivette Topete Garcia le cumple a los habitantes de San pedro Nexapa, Amecameca - Volcanes<\/title>\n<meta name=\"robots\" content=\"index, follow, max-snippet:-1, max-image-preview:large, max-video-preview:-1\" \/>\n<link rel=\"canonical\" href=\"https:\/\/volcanes.net\/?p=13324\" \/>\n<meta property=\"og:locale\" content=\"es_MX\" \/>\n<meta property=\"og:type\" content=\"article\" \/>\n<meta property=\"og:title\" content=\"Alcaldesa Dra. Ivette Topete Garcia le cumple a los habitantes de San pedro Nexapa, Amecameca - Volcanes\" \/>\n<meta property=\"og:description\" content=\"Inaugura importante obra de 4 millones 32 mil pesos que cambia el nivel de vida\" \/>\n<meta property=\"og:url\" content=\"https:\/\/volcanes.net\/?p=13324\" \/>\n<meta property=\"og:site_name\" content=\"Volcanes\" \/>\n<meta property=\"article:publisher\" content=\"https:\/\/www.facebook.com\/volcanes.net\/\" \/>\n<meta property=\"article:published_time\" content=\"2022-11-29T00:20:22+00:00\" \/>\n<meta property=\"og:image\" content=\"https:\/\/volcanes.net\/wp-content\/uploads\/2022\/11\/IMG-20221128-WA0016.jpg\" \/>\n\t<meta property=\"og:image:width\" content=\"1080\" \/>\n\t<meta property=\"og:image:height\" content=\"810\" \/>\n\t<meta property=\"og:image:type\" content=\"image\/jpeg\" \/>\n<meta name=\"author\" content=\"Grupo Volcanes\" \/>\n<meta name=\"twitter:card\" content=\"summary_large_image\" \/>\n<meta name=\"twitter:label1\" content=\"Escrito por\" \/>\n\t<meta name=\"twitter:data1\" content=\"Grupo Volcanes\" \/>\n\t<meta name=\"twitter:label2\" content=\"Tiempo de lectura\" \/>\n\t<meta name=\"twitter:data2\" content=\"2 minutos\" \/>\n<script type=\"application\/ld+json\" class=\"yoast-schema-graph\">{\"@context\":\"https:\/\/schema.org\",\"@graph\":[{\"@type\":\"Article\",\"@id\":\"https:\/\/volcanes.net\/?p=13324#article\",\"isPartOf\":{\"@id\":\"https:\/\/volcanes.net\/?p=13324\"},\"author\":{\"name\":\"Grupo Volcanes\",\"@id\":\"https:\/\/volcanes.net\/#\/schema\/person\/a851dc341d56a2915a80936acca8dc6d\"},\"headline\":\"Alcaldesa Dra. Ivette Topete Garcia le cumple a los habitantes de San pedro Nexapa, Amecameca\",\"datePublished\":\"2022-11-29T00:20:22+00:00\",\"mainEntityOfPage\":{\"@id\":\"https:\/\/volcanes.net\/?p=13324\"},\"wordCount\":297,\"commentCount\":0,\"publisher\":{\"@id\":\"https:\/\/volcanes.net\/#organization\"},\"image\":{\"@id\":\"https:\/\/volcanes.net\/?p=13324#primaryimage\"},\"thumbnailUrl\":\"https:\/\/volcanes.net\/wp-content\/uploads\/2022\/11\/IMG-20221128-WA0016.jpg\",\"articleSection\":[\"Municipales\"],\"inLanguage\":\"es\",\"potentialAction\":[{\"@type\":\"CommentAction\",\"name\":\"Comment\",\"target\":[\"https:\/\/volcanes.net\/?p=13324#respond\"]}]},{\"@type\":\"WebPage\",\"@id\":\"https:\/\/volcanes.net\/?p=13324\",\"url\":\"https:\/\/volcanes.net\/?p=13324\",\"name\":\"Alcaldesa Dra. Ivette Topete Garcia le cumple a los habitantes de San pedro Nexapa, Amecameca - Volcanes\",\"isPartOf\":{\"@id\":\"https:\/\/volcanes.net\/#website\"},\"primaryImageOfPage\":{\"@id\":\"https:\/\/volcanes.net\/?p=13324#primaryimage\"},\"image\":{\"@id\":\"https:\/\/volcanes.net\/?p=13324#primaryimage\"},\"thumbnailUrl\":\"https:\/\/volcanes.net\/wp-content\/uploads\/2022\/11\/IMG-20221128-WA0016.jpg\",\"datePublished\":\"2022-11-29T00:20:22+00:00\",\"breadcrumb\":{\"@id\":\"https:\/\/volcanes.net\/?p=13324#breadcrumb\"},\"inLanguage\":\"es\",\"potentialAction\":[{\"@type\":\"ReadAction\",\"target\":[\"https:\/\/volcanes.net\/?p=13324\"]}]},{\"@type\":\"ImageObject\",\"inLanguage\":\"es\",\"@id\":\"https:\/\/volcanes.net\/?p=13324#primaryimage\",\"url\":\"https:\/\/volcanes.net\/wp-content\/uploads\/2022\/11\/IMG-20221128-WA0016.jpg\",\"contentUrl\":\"https:\/\/volcanes.net\/wp-content\/uploads\/2022\/11\/IMG-20221128-WA0016.jpg\",\"width\":1080,\"height\":810},{\"@type\":\"BreadcrumbList\",\"@id\":\"https:\/\/volcanes.net\/?p=13324#breadcrumb\",\"itemListElement\":[{\"@type\":\"ListItem\",\"position\":1,\"name\":\"Portada\",\"item\":\"https:\/\/volcanes.net\/\"},{\"@type\":\"ListItem\",\"position\":2,\"name\":\"Alcaldesa Dra. Ivette Topete Garcia le cumple a los habitantes de San pedro Nexapa, Amecameca\"}]},{\"@type\":\"WebSite\",\"@id\":\"https:\/\/volcanes.net\/#website\",\"url\":\"https:\/\/volcanes.net\/\",\"name\":\"Volcanes.Net\",\"description\":\"Periodismo Profesional\",\"publisher\":{\"@id\":\"https:\/\/volcanes.net\/#organization\"},\"potentialAction\":[{\"@type\":\"SearchAction\",\"target\":{\"@type\":\"EntryPoint\",\"urlTemplate\":\"https:\/\/volcanes.net\/?s={search_term_string}\"},\"query-input\":{\"@type\":\"PropertyValueSpecification\",\"valueRequired\":true,\"valueName\":\"search_term_string\"}}],\"inLanguage\":\"es\"},{\"@type\":\"Organization\",\"@id\":\"https:\/\/volcanes.net\/#organization\",\"name\":\"Grupo Volcanes\",\"url\":\"https:\/\/volcanes.net\/\",\"logo\":{\"@type\":\"ImageObject\",\"inLanguage\":\"es\",\"@id\":\"https:\/\/volcanes.net\/#\/schema\/logo\/image\/\",\"url\":\"http:\/\/volcanes.net\/wp-content\/uploads\/2017\/12\/Avatar2.jpg\",\"contentUrl\":\"http:\/\/volcanes.net\/wp-content\/uploads\/2017\/12\/Avatar2.jpg\",\"width\":378,\"height\":378,\"caption\":\"Grupo Volcanes\"},\"image\":{\"@id\":\"https:\/\/volcanes.net\/#\/schema\/logo\/image\/\"},\"sameAs\":[\"https:\/\/www.facebook.com\/volcanes.net\/\"]},{\"@type\":\"Person\",\"@id\":\"https:\/\/volcanes.net\/#\/schema\/person\/a851dc341d56a2915a80936acca8dc6d\",\"name\":\"Grupo Volcanes\",\"image\":{\"@type\":\"ImageObject\",\"inLanguage\":\"es\",\"@id\":\"https:\/\/volcanes.net\/#\/schema\/person\/image\/\",\"url\":\"https:\/\/secure.gravatar.com\/avatar\/00d1a47c371c721e30bacc47ac096981?s=96&d=mm&r=g\",\"contentUrl\":\"https:\/\/secure.gravatar.com\/avatar\/00d1a47c371c721e30bacc47ac096981?s=96&d=mm&r=g\",\"caption\":\"Grupo Volcanes\"}}]}<\/script>\n<!-- \/ Yoast SEO plugin. -->","yoast_head_json":{"title":"Alcaldesa Dra. Ivette Topete Garcia le cumple a los habitantes de San pedro Nexapa, Amecameca - Volcanes","robots":{"index":"index","follow":"follow","max-snippet":"max-snippet:-1","max-image-preview":"max-image-preview:large","max-video-preview":"max-video-preview:-1"},"canonical":"https:\/\/volcanes.net\/?p=13324","og_locale":"es_MX","og_type":"article","og_title":"Alcaldesa Dra. Ivette Topete Garcia le cumple a los habitantes de San pedro Nexapa, Amecameca - Volcanes","og_description":"Inaugura importante obra de 4 millones 32 mil pesos que cambia el nivel de vida","og_url":"https:\/\/volcanes.net\/?p=13324","og_site_name":"Volcanes","article_publisher":"https:\/\/www.facebook.com\/volcanes.net\/","article_published_time":"2022-11-29T00:20:22+00:00","og_image":[{"width":1080,"height":810,"url":"https:\/\/volcanes.net\/wp-content\/uploads\/2022\/11\/IMG-20221128-WA0016.jpg","type":"image\/jpeg"}],"author":"Grupo Volcanes","twitter_card":"summary_large_image","twitter_misc":{"Escrito por":"Grupo Volcanes","Tiempo de lectura":"2 minutos"},"schema":{"@context":"https:\/\/schema.org","@graph":[{"@type":"Article","@id":"https:\/\/volcanes.net\/?p=13324#article","isPartOf":{"@id":"https:\/\/volcanes.net\/?p=13324"},"author":{"name":"Grupo Volcanes","@id":"https:\/\/volcanes.net\/#\/schema\/person\/a851dc341d56a2915a80936acca8dc6d"},"headline":"Alcaldesa Dra. Ivette Topete Garcia le cumple a los habitantes de San pedro Nexapa, Amecameca","datePublished":"2022-11-29T00:20:22+00:00","mainEntityOfPage":{"@id":"https:\/\/volcanes.net\/?p=13324"},"wordCount":297,"commentCount":0,"publisher":{"@id":"https:\/\/volcanes.net\/#organization"},"image":{"@id":"https:\/\/volcanes.net\/?p=13324#primaryimage"},"thumbnailUrl":"https:\/\/volcanes.net\/wp-content\/uploads\/2022\/11\/IMG-20221128-WA0016.jpg","articleSection":["Municipales"],"inLanguage":"es","potentialAction":[{"@type":"CommentAction","name":"Comment","target":["https:\/\/volcanes.net\/?p=13324#respond"]}]},{"@type":"WebPage","@id":"https:\/\/volcanes.net\/?p=13324","url":"https:\/\/volcanes.net\/?p=13324","name":"Alcaldesa Dra. Ivette Topete Garcia le cumple a los habitantes de San pedro Nexapa, Amecameca - Volcanes","isPartOf":{"@id":"https:\/\/volcanes.net\/#website"},"primaryImageOfPage":{"@id":"https:\/\/volcanes.net\/?p=13324#primaryimage"},"image":{"@id":"https:\/\/volcanes.net\/?p=13324#primaryimage"},"thumbnailUrl":"https:\/\/volcanes.net\/wp-content\/uploads\/2022\/11\/IMG-20221128-WA0016.jpg","datePublished":"2022-11-29T00:20:22+00:00","breadcrumb":{"@id":"https:\/\/volcanes.net\/?p=13324#breadcrumb"},"inLanguage":"es","potentialAction":[{"@type":"ReadAction","target":["https:\/\/volcanes.net\/?p=13324"]}]},{"@type":"ImageObject","inLanguage":"es","@id":"https:\/\/volcanes.net\/?p=13324#primaryimage","url":"https:\/\/volcanes.net\/wp-content\/uploads\/2022\/11\/IMG-20221128-WA0016.jpg","contentUrl":"https:\/\/volcanes.net\/wp-content\/uploads\/2022\/11\/IMG-20221128-WA0016.jpg","width":1080,"height":810},{"@type":"BreadcrumbList","@id":"https:\/\/volcanes.net\/?p=13324#breadcrumb","itemListElement":[{"@type":"ListItem","position":1,"name":"Portada","item":"https:\/\/volcanes.net\/"},{"@type":"ListItem","position":2,"name":"Alcaldesa Dra. Ivette Topete Garcia le cumple a los habitantes de San pedro Nexapa, Amecameca"}]},{"@type":"WebSite","@id":"https:\/\/volcanes.net\/#website","url":"https:\/\/volcanes.net\/","name":"Volcanes.Net","description":"Periodismo Profesional","publisher":{"@id":"https:\/\/volcanes.net\/#organization"},"potentialAction":[{"@type":"SearchAction","target":{"@type":"EntryPoint","urlTemplate":"https:\/\/volcanes.net\/?s={search_term_string}"},"query-input":{"@type":"PropertyValueSpecification","valueRequired":true,"valueName":"search_term_string"}}],"inLanguage":"es"},{"@type":"Organization","@id":"https:\/\/volcanes.net\/#organization","name":"Grupo Volcanes","url":"https:\/\/volcanes.net\/","logo":{"@type":"ImageObject","inLanguage":"es","@id":"https:\/\/volcanes.net\/#\/schema\/logo\/image\/","url":"http:\/\/volcanes.net\/wp-content\/uploads\/2017\/12\/Avatar2.jpg","contentUrl":"http:\/\/volcanes.net\/wp-content\/uploads\/2017\/12\/Avatar2.jpg","width":378,"height":378,"caption":"Grupo Volcanes"},"image":{"@id":"https:\/\/volcanes.net\/#\/schema\/logo\/image\/"},"sameAs":["https:\/\/www.facebook.com\/volcanes.net\/"]},{"@type":"Person","@id":"https:\/\/volcanes.net\/#\/schema\/person\/a851dc341d56a2915a80936acca8dc6d","name":"Grupo Volcanes","image":{"@type":"ImageObject","inLanguage":"es","@id":"https:\/\/volcanes.net\/#\/schema\/person\/image\/","url":"https:\/\/secure.gravatar.com\/avatar\/00d1a47c371c721e30bacc47ac096981?s=96&d=mm&r=g","contentUrl":"https:\/\/secure.gravatar.com\/avatar\/00d1a47c371c721e30bacc47ac096981?s=96&d=mm&r=g","caption":"Grupo Volcanes"}}]}},"_links":{"self":[{"href":"https:\/\/volcanes.net\/index.php?rest_route=\/wp\/v2\/posts\/13324"}],"collection":[{"href":"https:\/\/volcanes.net\/index.php?rest_route=\/wp\/v2\/posts"}],"about":[{"href":"https:\/\/volcanes.net\/index.php?rest_route=\/wp\/v2\/types\/post"}],"author":[{"embeddable":true,"href":"https:\/\/volcanes.net\/index.php?rest_route=\/wp\/v2\/users\/10"}],"replies":[{"embeddable":true,"href":"https:\/\/volcanes.net\/index.php?rest_route=%2Fwp%2Fv2%2Fcomments&post=13324"}],"version-history":[{"count":1,"href":"https:\/\/volcanes.net\/index.php?rest_route=\/wp\/v2\/posts\/13324\/revisions"}],"predecessor-version":[{"id":13326,"href":"https:\/\/volcanes.net\/index.php?rest_route=\/wp\/v2\/posts\/13324\/revisions\/13326"}],"wp:featuredmedia":[{"embeddable":true,"href":"https:\/\/volcanes.net\/index.php?rest_route=\/wp\/v2\/media\/13325"}],"wp:attachment":[{"href":"https:\/\/volcanes.net\/index.php?rest_route=%2Fwp%2Fv2%2Fmedia&parent=13324"}],"wp:term":[{"taxonomy":"category","embeddable":true,"href":"https:\/\/volcanes.net\/index.php?rest_route=%2Fwp%2Fv2%2Fcategories&post=13324"},{"taxonomy":"post_tag","embeddable":true,"href":"https:\/\/volcanes.net\/index.php?rest_route=%2Fwp%2Fv2%2Ftags&post=13324"}],"curies":[{"name":"wp","href":"https:\/\/api.w.org\/{rel}","templated":true}]}}