{"id":13329,"date":"2022-11-28T18:50:26","date_gmt":"2022-11-29T00:50:26","guid":{"rendered":"http:\/\/volcanes.net\/?p=13329"},"modified":"2022-11-28T18:29:01","modified_gmt":"2022-11-29T00:29:01","slug":"habilita-toluca-refugio-gratuito-ante-temporada-invernal","status":"publish","type":"post","link":"https:\/\/volcanes.net\/?p=13329","title":{"rendered":"Habilita Toluca refugio gratuito ante temporada invernal"},"content":{"rendered":"<div style=\"margin-top: 0px; margin-bottom: 0px;\" class=\"sharethis-inline-share-buttons\" ><\/div><p>Est\u00e1 ubicado en el Parque Metropolitano Bicentenario<\/p>\n<p>El gobierno municipal de Toluca, a trav\u00e9s de la Coordinaci\u00f3n Municipal de Protecci\u00f3n Civil y Bomberos, brinda de manera gratuita resguardo en el refugio temporal a personas en situaci\u00f3n de calle para protegerlos de las inclemencias del tiempo a causa de la temporada invernal, que estar\u00e1 habilitado hasta el pr\u00f3ximo 15 de febrero.<\/p>\n<p>El albergue est\u00e1 ubicado dentro del Parque Metropolitano Bicentenario, se habilit\u00f3 con el objetivo de auxiliar a personas que necesitan un refugio durante esta temporada y as\u00ed evitar muertes por hipotermia. Tienen capacidad para albergar a 10 personas en horario de 20:00 a 6:00 horas, y ser\u00e1n admitidas las personas que no se encuentren bajo los influjos del alcohol o sustancias t\u00f3xicas.<\/p>\n<p>Personal de la corporaci\u00f3n tambi\u00e9n implementa el Operativo Saturno para detectar personas en situaci\u00f3n de calle mediante recorridos nocturnos en zonas detectadas previamente, como los bajopuentes de Paseo Tollocan, la Central Camionera, la zona de los Portales, la Alameda Central y las calles del Centro Hist\u00f3rico, as\u00ed como en las delegaciones de la zona sur, como San Juan Tilapa, Capultitl\u00e1n, Santiago Tlacotepec y Cacalomac\u00e1n, para invitarlas a que acudan al albergue.<\/p>\n<p>De igual manera, podr\u00e1n hacer uso del albergue personas que por alg\u00fan motivo perdieron el transporte p\u00fablico a sus destinos y no pueden pagar una habitaci\u00f3n de hotel; en las instalaciones se cuenta con personal m\u00e9dico para verificar su estado de salud.<\/p>\n<p>La autoridad municipal agradece a la Secretar\u00eda de Cultura y Turismo por apoyar con el pr\u00e9stamo de las instalaciones, as\u00ed como al Sistema Municipal DIF Toluca y al Sistema para el Desarrollo Integral de la Familia del Estado de M\u00e9xico (DIFEM) por la donaci\u00f3n de cobijas.<\/p>\n","protected":false},"excerpt":{"rendered":"<p>Est\u00e1 ubicado en el Parque Metropolitano Bicentenario El gobierno municipal de Toluca, a trav\u00e9s de<\/p>\n","protected":false},"author":10,"featured_media":13330,"comment_status":"open","ping_status":"open","sticky":false,"template":"","format":"standard","meta":{"footnotes":""},"categories":[1],"tags":[],"class_list":["post-13329","post","type-post","status-publish","format-standard","has-post-thumbnail","hentry","category-municipales"],"yoast_head":"<!-- This site is optimized with the Yoast SEO plugin v25.3 - https:\/\/yoast.com\/wordpress\/plugins\/seo\/ -->\n<title>Habilita Toluca refugio gratuito ante temporada invernal - Volcanes<\/title>\n<meta name=\"robots\" content=\"index, follow, max-snippet:-1, max-image-preview:large, max-video-preview:-1\" \/>\n<link rel=\"canonical\" href=\"https:\/\/volcanes.net\/?p=13329\" \/>\n<meta property=\"og:locale\" content=\"es_MX\" \/>\n<meta property=\"og:type\" content=\"article\" \/>\n<meta property=\"og:title\" content=\"Habilita Toluca refugio gratuito ante temporada invernal - Volcanes\" \/>\n<meta property=\"og:description\" content=\"Est\u00e1 ubicado en el Parque Metropolitano Bicentenario El gobierno municipal de Toluca, a trav\u00e9s de\" \/>\n<meta property=\"og:url\" content=\"https:\/\/volcanes.net\/?p=13329\" \/>\n<meta property=\"og:site_name\" content=\"Volcanes\" \/>\n<meta property=\"article:publisher\" content=\"https:\/\/www.facebook.com\/volcanes.net\/\" \/>\n<meta property=\"article:published_time\" content=\"2022-11-29T00:50:26+00:00\" \/>\n<meta property=\"og:image\" content=\"https:\/\/volcanes.net\/wp-content\/uploads\/2022\/11\/FB_IMG_1669681416025.jpg\" \/>\n\t<meta property=\"og:image:width\" content=\"720\" \/>\n\t<meta property=\"og:image:height\" content=\"566\" \/>\n\t<meta property=\"og:image:type\" content=\"image\/jpeg\" \/>\n<meta name=\"author\" content=\"Grupo Volcanes\" \/>\n<meta name=\"twitter:card\" content=\"summary_large_image\" \/>\n<meta name=\"twitter:label1\" content=\"Escrito por\" \/>\n\t<meta name=\"twitter:data1\" content=\"Grupo Volcanes\" \/>\n\t<meta name=\"twitter:label2\" content=\"Tiempo de lectura\" \/>\n\t<meta name=\"twitter:data2\" content=\"2 minutos\" \/>\n<script type=\"application\/ld+json\" class=\"yoast-schema-graph\">{\"@context\":\"https:\/\/schema.org\",\"@graph\":[{\"@type\":\"Article\",\"@id\":\"https:\/\/volcanes.net\/?p=13329#article\",\"isPartOf\":{\"@id\":\"https:\/\/volcanes.net\/?p=13329\"},\"author\":{\"name\":\"Grupo Volcanes\",\"@id\":\"https:\/\/volcanes.net\/#\/schema\/person\/a851dc341d56a2915a80936acca8dc6d\"},\"headline\":\"Habilita Toluca refugio gratuito ante temporada invernal\",\"datePublished\":\"2022-11-29T00:50:26+00:00\",\"mainEntityOfPage\":{\"@id\":\"https:\/\/volcanes.net\/?p=13329\"},\"wordCount\":306,\"commentCount\":0,\"publisher\":{\"@id\":\"https:\/\/volcanes.net\/#organization\"},\"image\":{\"@id\":\"https:\/\/volcanes.net\/?p=13329#primaryimage\"},\"thumbnailUrl\":\"https:\/\/volcanes.net\/wp-content\/uploads\/2022\/11\/FB_IMG_1669681416025.jpg\",\"articleSection\":[\"Municipales\"],\"inLanguage\":\"es\",\"potentialAction\":[{\"@type\":\"CommentAction\",\"name\":\"Comment\",\"target\":[\"https:\/\/volcanes.net\/?p=13329#respond\"]}]},{\"@type\":\"WebPage\",\"@id\":\"https:\/\/volcanes.net\/?p=13329\",\"url\":\"https:\/\/volcanes.net\/?p=13329\",\"name\":\"Habilita Toluca refugio gratuito ante temporada invernal - Volcanes\",\"isPartOf\":{\"@id\":\"https:\/\/volcanes.net\/#website\"},\"primaryImageOfPage\":{\"@id\":\"https:\/\/volcanes.net\/?p=13329#primaryimage\"},\"image\":{\"@id\":\"https:\/\/volcanes.net\/?p=13329#primaryimage\"},\"thumbnailUrl\":\"https:\/\/volcanes.net\/wp-content\/uploads\/2022\/11\/FB_IMG_1669681416025.jpg\",\"datePublished\":\"2022-11-29T00:50:26+00:00\",\"breadcrumb\":{\"@id\":\"https:\/\/volcanes.net\/?p=13329#breadcrumb\"},\"inLanguage\":\"es\",\"potentialAction\":[{\"@type\":\"ReadAction\",\"target\":[\"https:\/\/volcanes.net\/?p=13329\"]}]},{\"@type\":\"ImageObject\",\"inLanguage\":\"es\",\"@id\":\"https:\/\/volcanes.net\/?p=13329#primaryimage\",\"url\":\"https:\/\/volcanes.net\/wp-content\/uploads\/2022\/11\/FB_IMG_1669681416025.jpg\",\"contentUrl\":\"https:\/\/volcanes.net\/wp-content\/uploads\/2022\/11\/FB_IMG_1669681416025.jpg\",\"width\":720,\"height\":566},{\"@type\":\"BreadcrumbList\",\"@id\":\"https:\/\/volcanes.net\/?p=13329#breadcrumb\",\"itemListElement\":[{\"@type\":\"ListItem\",\"position\":1,\"name\":\"Portada\",\"item\":\"https:\/\/volcanes.net\/\"},{\"@type\":\"ListItem\",\"position\":2,\"name\":\"Habilita Toluca refugio gratuito ante temporada invernal\"}]},{\"@type\":\"WebSite\",\"@id\":\"https:\/\/volcanes.net\/#website\",\"url\":\"https:\/\/volcanes.net\/\",\"name\":\"Volcanes.Net\",\"description\":\"Periodismo Profesional\",\"publisher\":{\"@id\":\"https:\/\/volcanes.net\/#organization\"},\"potentialAction\":[{\"@type\":\"SearchAction\",\"target\":{\"@type\":\"EntryPoint\",\"urlTemplate\":\"https:\/\/volcanes.net\/?s={search_term_string}\"},\"query-input\":{\"@type\":\"PropertyValueSpecification\",\"valueRequired\":true,\"valueName\":\"search_term_string\"}}],\"inLanguage\":\"es\"},{\"@type\":\"Organization\",\"@id\":\"https:\/\/volcanes.net\/#organization\",\"name\":\"Grupo Volcanes\",\"url\":\"https:\/\/volcanes.net\/\",\"logo\":{\"@type\":\"ImageObject\",\"inLanguage\":\"es\",\"@id\":\"https:\/\/volcanes.net\/#\/schema\/logo\/image\/\",\"url\":\"http:\/\/volcanes.net\/wp-content\/uploads\/2017\/12\/Avatar2.jpg\",\"contentUrl\":\"http:\/\/volcanes.net\/wp-content\/uploads\/2017\/12\/Avatar2.jpg\",\"width\":378,\"height\":378,\"caption\":\"Grupo Volcanes\"},\"image\":{\"@id\":\"https:\/\/volcanes.net\/#\/schema\/logo\/image\/\"},\"sameAs\":[\"https:\/\/www.facebook.com\/volcanes.net\/\"]},{\"@type\":\"Person\",\"@id\":\"https:\/\/volcanes.net\/#\/schema\/person\/a851dc341d56a2915a80936acca8dc6d\",\"name\":\"Grupo Volcanes\",\"image\":{\"@type\":\"ImageObject\",\"inLanguage\":\"es\",\"@id\":\"https:\/\/volcanes.net\/#\/schema\/person\/image\/\",\"url\":\"https:\/\/secure.gravatar.com\/avatar\/00d1a47c371c721e30bacc47ac096981?s=96&d=mm&r=g\",\"contentUrl\":\"https:\/\/secure.gravatar.com\/avatar\/00d1a47c371c721e30bacc47ac096981?s=96&d=mm&r=g\",\"caption\":\"Grupo Volcanes\"}}]}<\/script>\n<!-- \/ Yoast SEO plugin. -->","yoast_head_json":{"title":"Habilita Toluca refugio gratuito ante temporada invernal - Volcanes","robots":{"index":"index","follow":"follow","max-snippet":"max-snippet:-1","max-image-preview":"max-image-preview:large","max-video-preview":"max-video-preview:-1"},"canonical":"https:\/\/volcanes.net\/?p=13329","og_locale":"es_MX","og_type":"article","og_title":"Habilita Toluca refugio gratuito ante temporada invernal - Volcanes","og_description":"Est\u00e1 ubicado en el Parque Metropolitano Bicentenario El gobierno municipal de Toluca, a trav\u00e9s de","og_url":"https:\/\/volcanes.net\/?p=13329","og_site_name":"Volcanes","article_publisher":"https:\/\/www.facebook.com\/volcanes.net\/","article_published_time":"2022-11-29T00:50:26+00:00","og_image":[{"width":720,"height":566,"url":"https:\/\/volcanes.net\/wp-content\/uploads\/2022\/11\/FB_IMG_1669681416025.jpg","type":"image\/jpeg"}],"author":"Grupo Volcanes","twitter_card":"summary_large_image","twitter_misc":{"Escrito por":"Grupo Volcanes","Tiempo de lectura":"2 minutos"},"schema":{"@context":"https:\/\/schema.org","@graph":[{"@type":"Article","@id":"https:\/\/volcanes.net\/?p=13329#article","isPartOf":{"@id":"https:\/\/volcanes.net\/?p=13329"},"author":{"name":"Grupo Volcanes","@id":"https:\/\/volcanes.net\/#\/schema\/person\/a851dc341d56a2915a80936acca8dc6d"},"headline":"Habilita Toluca refugio gratuito ante temporada invernal","datePublished":"2022-11-29T00:50:26+00:00","mainEntityOfPage":{"@id":"https:\/\/volcanes.net\/?p=13329"},"wordCount":306,"commentCount":0,"publisher":{"@id":"https:\/\/volcanes.net\/#organization"},"image":{"@id":"https:\/\/volcanes.net\/?p=13329#primaryimage"},"thumbnailUrl":"https:\/\/volcanes.net\/wp-content\/uploads\/2022\/11\/FB_IMG_1669681416025.jpg","articleSection":["Municipales"],"inLanguage":"es","potentialAction":[{"@type":"CommentAction","name":"Comment","target":["https:\/\/volcanes.net\/?p=13329#respond"]}]},{"@type":"WebPage","@id":"https:\/\/volcanes.net\/?p=13329","url":"https:\/\/volcanes.net\/?p=13329","name":"Habilita Toluca refugio gratuito ante temporada invernal - Volcanes","isPartOf":{"@id":"https:\/\/volcanes.net\/#website"},"primaryImageOfPage":{"@id":"https:\/\/volcanes.net\/?p=13329#primaryimage"},"image":{"@id":"https:\/\/volcanes.net\/?p=13329#primaryimage"},"thumbnailUrl":"https:\/\/volcanes.net\/wp-content\/uploads\/2022\/11\/FB_IMG_1669681416025.jpg","datePublished":"2022-11-29T00:50:26+00:00","breadcrumb":{"@id":"https:\/\/volcanes.net\/?p=13329#breadcrumb"},"inLanguage":"es","potentialAction":[{"@type":"ReadAction","target":["https:\/\/volcanes.net\/?p=13329"]}]},{"@type":"ImageObject","inLanguage":"es","@id":"https:\/\/volcanes.net\/?p=13329#primaryimage","url":"https:\/\/volcanes.net\/wp-content\/uploads\/2022\/11\/FB_IMG_1669681416025.jpg","contentUrl":"https:\/\/volcanes.net\/wp-content\/uploads\/2022\/11\/FB_IMG_1669681416025.jpg","width":720,"height":566},{"@type":"BreadcrumbList","@id":"https:\/\/volcanes.net\/?p=13329#breadcrumb","itemListElement":[{"@type":"ListItem","position":1,"name":"Portada","item":"https:\/\/volcanes.net\/"},{"@type":"ListItem","position":2,"name":"Habilita Toluca refugio gratuito ante temporada invernal"}]},{"@type":"WebSite","@id":"https:\/\/volcanes.net\/#website","url":"https:\/\/volcanes.net\/","name":"Volcanes.Net","description":"Periodismo Profesional","publisher":{"@id":"https:\/\/volcanes.net\/#organization"},"potentialAction":[{"@type":"SearchAction","target":{"@type":"EntryPoint","urlTemplate":"https:\/\/volcanes.net\/?s={search_term_string}"},"query-input":{"@type":"PropertyValueSpecification","valueRequired":true,"valueName":"search_term_string"}}],"inLanguage":"es"},{"@type":"Organization","@id":"https:\/\/volcanes.net\/#organization","name":"Grupo Volcanes","url":"https:\/\/volcanes.net\/","logo":{"@type":"ImageObject","inLanguage":"es","@id":"https:\/\/volcanes.net\/#\/schema\/logo\/image\/","url":"http:\/\/volcanes.net\/wp-content\/uploads\/2017\/12\/Avatar2.jpg","contentUrl":"http:\/\/volcanes.net\/wp-content\/uploads\/2017\/12\/Avatar2.jpg","width":378,"height":378,"caption":"Grupo Volcanes"},"image":{"@id":"https:\/\/volcanes.net\/#\/schema\/logo\/image\/"},"sameAs":["https:\/\/www.facebook.com\/volcanes.net\/"]},{"@type":"Person","@id":"https:\/\/volcanes.net\/#\/schema\/person\/a851dc341d56a2915a80936acca8dc6d","name":"Grupo Volcanes","image":{"@type":"ImageObject","inLanguage":"es","@id":"https:\/\/volcanes.net\/#\/schema\/person\/image\/","url":"https:\/\/secure.gravatar.com\/avatar\/00d1a47c371c721e30bacc47ac096981?s=96&d=mm&r=g","contentUrl":"https:\/\/secure.gravatar.com\/avatar\/00d1a47c371c721e30bacc47ac096981?s=96&d=mm&r=g","caption":"Grupo Volcanes"}}]}},"_links":{"self":[{"href":"https:\/\/volcanes.net\/index.php?rest_route=\/wp\/v2\/posts\/13329"}],"collection":[{"href":"https:\/\/volcanes.net\/index.php?rest_route=\/wp\/v2\/posts"}],"about":[{"href":"https:\/\/volcanes.net\/index.php?rest_route=\/wp\/v2\/types\/post"}],"author":[{"embeddable":true,"href":"https:\/\/volcanes.net\/index.php?rest_route=\/wp\/v2\/users\/10"}],"replies":[{"embeddable":true,"href":"https:\/\/volcanes.net\/index.php?rest_route=%2Fwp%2Fv2%2Fcomments&post=13329"}],"version-history":[{"count":1,"href":"https:\/\/volcanes.net\/index.php?rest_route=\/wp\/v2\/posts\/13329\/revisions"}],"predecessor-version":[{"id":13331,"href":"https:\/\/volcanes.net\/index.php?rest_route=\/wp\/v2\/posts\/13329\/revisions\/13331"}],"wp:featuredmedia":[{"embeddable":true,"href":"https:\/\/volcanes.net\/index.php?rest_route=\/wp\/v2\/media\/13330"}],"wp:attachment":[{"href":"https:\/\/volcanes.net\/index.php?rest_route=%2Fwp%2Fv2%2Fmedia&parent=13329"}],"wp:term":[{"taxonomy":"category","embeddable":true,"href":"https:\/\/volcanes.net\/index.php?rest_route=%2Fwp%2Fv2%2Fcategories&post=13329"},{"taxonomy":"post_tag","embeddable":true,"href":"https:\/\/volcanes.net\/index.php?rest_route=%2Fwp%2Fv2%2Ftags&post=13329"}],"curies":[{"name":"wp","href":"https:\/\/api.w.org\/{rel}","templated":true}]}}