{"id":13332,"date":"2022-11-29T22:14:12","date_gmt":"2022-11-30T04:14:12","guid":{"rendered":"http:\/\/volcanes.net\/?p=13332"},"modified":"2022-12-01T18:39:57","modified_gmt":"2022-12-02T00:39:57","slug":"exhorta-anais-burgos-a-combatir-y-disminuir-la-tala-clandestina-en-la-zona-izta-popo-del-estado-de-mexico","status":"publish","type":"post","link":"https:\/\/volcanes.net\/?p=13332","title":{"rendered":"Exhorta Anais Burgos a combatir y disminuir la tala clandestina en la zona Izta-Popo del Estado de M\u00e9xico"},"content":{"rendered":"<div style=\"margin-top: 0px; margin-bottom: 0px;\" class=\"sharethis-inline-share-buttons\" ><\/div><div class=\"td-pb-span8 td-main-content\" role=\"main\">\n<div class=\"td-ss-main-content\">\n<article id=\"post-97652\" class=\"post-97652 post type-post status-publish format-standard has-post-thumbnail category-politica\">\n<div class=\"td-post-content tagdiv-type\">\n<p>En el Estado de M\u00e9xico, la tala ilegal de \u00e1rboles es un delito cotidiano que se comete con alto \u00edndice de impunidad en muchos municipios, a pesar de que est\u00e1 castigado en el C\u00f3digo Penal con penas que van de los 12 a 20 a\u00f1os, pero es en la regi\u00f3n Izta-Popo en donde la tala ilegal se ha convertido en un grave problema para los bosques de Amecameca, Atlautla, Ozumba y del Parque Nacional Izta-Popo, se\u00f1al\u00f3 la diputada Anais Burgos Hern\u00e1ndez, quien exhort\u00f3 a las autoridades a combatir este problema que afecta al medio ambiente, a los comuneros y a las futuras generaciones.<\/p>\n<p>En el Congreso Mexiquense, la legisladora de Morena denunci\u00f3 que la tala ilegal representa 8% de las causas de la deforestaci\u00f3n, y de acuerdo a estimaciones de la Procuradur\u00eda Federal de Protecci\u00f3n al Ambiente (PROFEPA), la producci\u00f3n de madera ilegal representa 30% del volumen anual autorizado en el pa\u00eds. Dicho delito se asocia a diversos factores tales como: corrupci\u00f3n, fallas en la aplicaci\u00f3n de justicia, ausencia de controles suficientes y adecuados del mercado y, m\u00e1s recientemente, la delincuencia organizada, entre otras.<\/p>\n<p>Puntualiz\u00f3 que de acuerdo con datos de la Protectora de Bosques del Estado de M\u00e9xico (PROBOSQUE) en la entidad hay cinco zonas cr\u00edticas por el delito de tala clandestina, zonas que comprenden 18 municipios mexiquenses, tales como: La zona del Nevado de Toluca; la zona del Izta-Popo; la zona de Cubio-Cruces; la Subcuenca Valle de Bravo catalogada como cr\u00edtica y la zona de Temascalcingo, zona denominada Reserva de la Bi\u00f3sfera de la Mariposa Monarca.<\/p>\n<p>Sin embargo, afirm\u00f3 que la zona Izta-Popo en donde la tala ilegal donde la tala ilegal se ha convertido en un grave problema para los bosques de Amecameca, Atlautla, Ozumba y el Parque Nacional Izta-Popo, siendo esta una de las \u00e1reas protegidas m\u00e1s antiguas de M\u00e9xico, incluye los municipios de Texcoco, Ixtapaluca, Chalco, Tlalmanalco, Amecameca, Atlautla, Ecatzingo y Ozumba, \u00e9sta regi\u00f3n es invaluable por los servicios ambientales que proporciona, especialmente la provisi\u00f3n de agua que abastecen de agua a los habitantes de Valle de M\u00e9xico, Puebla-Tlaxcala y Morelos.<\/p>\n<p>La diputada de Chalco puntualiz\u00f3 que \u201cen estos municipios todos saben del saqueo, de los aserraderos clandestinos, de las enormes \u00e1reas verdes que han clareado por el derribo de \u00e1rboles, pero es un tema del que nadie quiere hablar. \u00b4Pero estamos decididos, ya tenemos nombres y apellidos, matr\u00edculas de veh\u00edculos que utilizan los grupos armados para talar en los lugares m\u00e1s rec\u00f3nditos de los bosques de Ozumba, Atlautla y Amecameca\u00b4 acusan los comuneros de la regi\u00f3n\u201d.<\/p>\n<p>Manifest\u00f3 que los pobladores han presentado formalmente ante diferentes instancias municipales y estatales las denuncias correspondientes, pero s\u00f3lo han recibido incumplimiento, los grupos siguen talando los \u00e1rboles. Los comuneros se\u00f1alan que los tala montes, suben principalmente por las noches en camionetas de tres y media toneladas, en grupos de entre 10 y 15 personas se internan en las veredas y derriban varios \u00e1rboles que seccionan y montan en sus veh\u00edculos en cuesti\u00f3n de horas. Vienen de civiles y (\u2026) agarran parejo desde un oyamel que mide unos tres metros que lo ocupan para la vara de jitomate, como \u00e1rboles que miden de 20 y 30 metros de alto\u00bb, dijo uno de los denunciantes que por miedo a represalias prefiri\u00f3 omitir su nombre.<\/p>\n<p>Detallaron que las camionetas cargadas con la madera bajan a primeras horas de la ma\u00f1ana lo que se conoce como tala hormiga por la carretera que conecta paso de Cort\u00e9s y Amecameca, misteriosamente sin que ninguna autoridad lo impida o lo vea. Para evitar un enfrentamiento o agresiones con tala montes, los ejidatarios y comuneros prefieren no caminar por las noches en sus terrenos, donde el sonido de las motosierras les anuncia que los delincuentes trabajan para acabar sin piedad con lo poco del bosque que queda, precis\u00f3.<\/p>\n<p>Y no solo es ambiental el problema, tambi\u00e9n econ\u00f3mico; 30 millones de pesos en da\u00f1os patrimoniales en una superficie afectada superior a 500 hect\u00e1reas en donde se cortaron de manera ilegal m\u00e1s de 5 mil \u00e1rboles de las especies oyamel pino y encino, con una edad de entre 30 y 60 a\u00f1os de edad.<\/p>\n<p>Por ello, exhort\u00f3 a los Titulares de la Procuradur\u00eda Federal de Protecci\u00f3n al Ambiente (PROFEPA) Delegaci\u00f3n Estado de M\u00e9xico; de la Secretar\u00eda del Medio Ambiente del Estado de M\u00e9xico; de la Direcci\u00f3n General de la Protectora de Bosques del Estado de M\u00e9xico (PROBOSQUE); de la Guardia Nacional, y del Ayuntamiento de Amecameca, Estado de M\u00e9xico, a que en un marco de colaboraci\u00f3n interinstitucional y desde el \u00e1mbito de sus respectivas atribuciones, lleven a cabo de manera urgente, las acciones necesarias para combatir y disminuir la tala clandestina en la zona Izta-Popo, en el Estado de M\u00e9xico, e informen de los resultados a esta Legislatura<\/p>\n<p>Y consider\u00f3 que la soluci\u00f3n requiere un trabajo coordinado y de hombro con hombro para crear y reforzar todos aquellos mecanismos necesarios para abatir este terrible problema que afecta de manera considerable nuestro medio ambiente.<\/p>\n<p>Tras esto se aprob\u00f3 la iniciativa por las y los legisladores de la C\u00e1mara de Diputados.<\/p>\n<div class=\"sharedaddy sd-sharing-enabled\">\n<div class=\"robots-nocontent sd-block sd-social sd-social-icon-text sd-sharing\"><\/div>\n<\/div>\n<\/div>\n<\/article>\n<div class=\"clearfix\"><\/div>\n<\/div>\n<\/div>\n<div class=\"td-pb-span4 td-main-sidebar\" role=\"complementary\">\n<div class=\"td-ss-main-sidebar\">\n<div class=\"clearfix\"><\/div>\n<div class=\"clearfix\"><\/div>\n<\/div>\n<\/div>\n","protected":false},"excerpt":{"rendered":"<p>En el Estado de M\u00e9xico, la tala ilegal de \u00e1rboles es un delito cotidiano que<\/p>\n","protected":false},"author":10,"featured_media":13333,"comment_status":"open","ping_status":"open","sticky":false,"template":"","format":"standard","meta":{"footnotes":""},"categories":[1],"tags":[],"class_list":["post-13332","post","type-post","status-publish","format-standard","has-post-thumbnail","hentry","category-municipales"],"yoast_head":"<!-- This site is optimized with the Yoast SEO plugin v25.3 - https:\/\/yoast.com\/wordpress\/plugins\/seo\/ -->\n<title>Exhorta Anais Burgos a combatir y disminuir la tala clandestina en la zona Izta-Popo del Estado de M\u00e9xico - Volcanes<\/title>\n<meta name=\"robots\" content=\"index, follow, max-snippet:-1, max-image-preview:large, max-video-preview:-1\" \/>\n<link rel=\"canonical\" href=\"https:\/\/volcanes.net\/?p=13332\" \/>\n<meta property=\"og:locale\" content=\"es_MX\" \/>\n<meta property=\"og:type\" content=\"article\" \/>\n<meta property=\"og:title\" content=\"Exhorta Anais Burgos a combatir y disminuir la tala clandestina en la zona Izta-Popo del Estado de M\u00e9xico - Volcanes\" \/>\n<meta property=\"og:description\" content=\"En el Estado de M\u00e9xico, la tala ilegal de \u00e1rboles es un delito cotidiano que\" \/>\n<meta property=\"og:url\" content=\"https:\/\/volcanes.net\/?p=13332\" \/>\n<meta property=\"og:site_name\" content=\"Volcanes\" \/>\n<meta property=\"article:publisher\" content=\"https:\/\/www.facebook.com\/volcanes.net\/\" \/>\n<meta property=\"article:published_time\" content=\"2022-11-30T04:14:12+00:00\" \/>\n<meta property=\"article:modified_time\" content=\"2022-12-02T00:39:57+00:00\" \/>\n<meta property=\"og:image\" content=\"https:\/\/volcanes.net\/wp-content\/uploads\/2022\/11\/IMG-20221129-WA0008.jpg\" \/>\n\t<meta property=\"og:image:width\" content=\"720\" \/>\n\t<meta property=\"og:image:height\" content=\"480\" \/>\n\t<meta property=\"og:image:type\" content=\"image\/jpeg\" \/>\n<meta name=\"author\" content=\"Grupo Volcanes\" \/>\n<meta name=\"twitter:card\" content=\"summary_large_image\" \/>\n<meta name=\"twitter:label1\" content=\"Escrito por\" \/>\n\t<meta name=\"twitter:data1\" content=\"Grupo Volcanes\" \/>\n\t<meta name=\"twitter:label2\" content=\"Tiempo de lectura\" \/>\n\t<meta name=\"twitter:data2\" content=\"4 minutos\" \/>\n<script type=\"application\/ld+json\" class=\"yoast-schema-graph\">{\"@context\":\"https:\/\/schema.org\",\"@graph\":[{\"@type\":\"Article\",\"@id\":\"https:\/\/volcanes.net\/?p=13332#article\",\"isPartOf\":{\"@id\":\"https:\/\/volcanes.net\/?p=13332\"},\"author\":{\"name\":\"Grupo Volcanes\",\"@id\":\"https:\/\/volcanes.net\/#\/schema\/person\/a851dc341d56a2915a80936acca8dc6d\"},\"headline\":\"Exhorta Anais Burgos a combatir y disminuir la tala clandestina en la zona Izta-Popo del Estado de M\u00e9xico\",\"datePublished\":\"2022-11-30T04:14:12+00:00\",\"dateModified\":\"2022-12-02T00:39:57+00:00\",\"mainEntityOfPage\":{\"@id\":\"https:\/\/volcanes.net\/?p=13332\"},\"wordCount\":898,\"commentCount\":0,\"publisher\":{\"@id\":\"https:\/\/volcanes.net\/#organization\"},\"image\":{\"@id\":\"https:\/\/volcanes.net\/?p=13332#primaryimage\"},\"thumbnailUrl\":\"https:\/\/volcanes.net\/wp-content\/uploads\/2022\/11\/IMG-20221129-WA0008.jpg\",\"articleSection\":[\"Municipales\"],\"inLanguage\":\"es\",\"potentialAction\":[{\"@type\":\"CommentAction\",\"name\":\"Comment\",\"target\":[\"https:\/\/volcanes.net\/?p=13332#respond\"]}]},{\"@type\":\"WebPage\",\"@id\":\"https:\/\/volcanes.net\/?p=13332\",\"url\":\"https:\/\/volcanes.net\/?p=13332\",\"name\":\"Exhorta Anais Burgos a combatir y disminuir la tala clandestina en la zona Izta-Popo del Estado de M\u00e9xico - Volcanes\",\"isPartOf\":{\"@id\":\"https:\/\/volcanes.net\/#website\"},\"primaryImageOfPage\":{\"@id\":\"https:\/\/volcanes.net\/?p=13332#primaryimage\"},\"image\":{\"@id\":\"https:\/\/volcanes.net\/?p=13332#primaryimage\"},\"thumbnailUrl\":\"https:\/\/volcanes.net\/wp-content\/uploads\/2022\/11\/IMG-20221129-WA0008.jpg\",\"datePublished\":\"2022-11-30T04:14:12+00:00\",\"dateModified\":\"2022-12-02T00:39:57+00:00\",\"breadcrumb\":{\"@id\":\"https:\/\/volcanes.net\/?p=13332#breadcrumb\"},\"inLanguage\":\"es\",\"potentialAction\":[{\"@type\":\"ReadAction\",\"target\":[\"https:\/\/volcanes.net\/?p=13332\"]}]},{\"@type\":\"ImageObject\",\"inLanguage\":\"es\",\"@id\":\"https:\/\/volcanes.net\/?p=13332#primaryimage\",\"url\":\"https:\/\/volcanes.net\/wp-content\/uploads\/2022\/11\/IMG-20221129-WA0008.jpg\",\"contentUrl\":\"https:\/\/volcanes.net\/wp-content\/uploads\/2022\/11\/IMG-20221129-WA0008.jpg\",\"width\":720,\"height\":480},{\"@type\":\"BreadcrumbList\",\"@id\":\"https:\/\/volcanes.net\/?p=13332#breadcrumb\",\"itemListElement\":[{\"@type\":\"ListItem\",\"position\":1,\"name\":\"Portada\",\"item\":\"https:\/\/volcanes.net\/\"},{\"@type\":\"ListItem\",\"position\":2,\"name\":\"Exhorta Anais Burgos a combatir y disminuir la tala clandestina en la zona Izta-Popo del Estado de M\u00e9xico\"}]},{\"@type\":\"WebSite\",\"@id\":\"https:\/\/volcanes.net\/#website\",\"url\":\"https:\/\/volcanes.net\/\",\"name\":\"Volcanes.Net\",\"description\":\"Periodismo Profesional\",\"publisher\":{\"@id\":\"https:\/\/volcanes.net\/#organization\"},\"potentialAction\":[{\"@type\":\"SearchAction\",\"target\":{\"@type\":\"EntryPoint\",\"urlTemplate\":\"https:\/\/volcanes.net\/?s={search_term_string}\"},\"query-input\":{\"@type\":\"PropertyValueSpecification\",\"valueRequired\":true,\"valueName\":\"search_term_string\"}}],\"inLanguage\":\"es\"},{\"@type\":\"Organization\",\"@id\":\"https:\/\/volcanes.net\/#organization\",\"name\":\"Grupo Volcanes\",\"url\":\"https:\/\/volcanes.net\/\",\"logo\":{\"@type\":\"ImageObject\",\"inLanguage\":\"es\",\"@id\":\"https:\/\/volcanes.net\/#\/schema\/logo\/image\/\",\"url\":\"http:\/\/volcanes.net\/wp-content\/uploads\/2017\/12\/Avatar2.jpg\",\"contentUrl\":\"http:\/\/volcanes.net\/wp-content\/uploads\/2017\/12\/Avatar2.jpg\",\"width\":378,\"height\":378,\"caption\":\"Grupo Volcanes\"},\"image\":{\"@id\":\"https:\/\/volcanes.net\/#\/schema\/logo\/image\/\"},\"sameAs\":[\"https:\/\/www.facebook.com\/volcanes.net\/\"]},{\"@type\":\"Person\",\"@id\":\"https:\/\/volcanes.net\/#\/schema\/person\/a851dc341d56a2915a80936acca8dc6d\",\"name\":\"Grupo Volcanes\",\"image\":{\"@type\":\"ImageObject\",\"inLanguage\":\"es\",\"@id\":\"https:\/\/volcanes.net\/#\/schema\/person\/image\/\",\"url\":\"https:\/\/secure.gravatar.com\/avatar\/00d1a47c371c721e30bacc47ac096981?s=96&d=mm&r=g\",\"contentUrl\":\"https:\/\/secure.gravatar.com\/avatar\/00d1a47c371c721e30bacc47ac096981?s=96&d=mm&r=g\",\"caption\":\"Grupo Volcanes\"}}]}<\/script>\n<!-- \/ Yoast SEO plugin. -->","yoast_head_json":{"title":"Exhorta Anais Burgos a combatir y disminuir la tala clandestina en la zona Izta-Popo del Estado de M\u00e9xico - Volcanes","robots":{"index":"index","follow":"follow","max-snippet":"max-snippet:-1","max-image-preview":"max-image-preview:large","max-video-preview":"max-video-preview:-1"},"canonical":"https:\/\/volcanes.net\/?p=13332","og_locale":"es_MX","og_type":"article","og_title":"Exhorta Anais Burgos a combatir y disminuir la tala clandestina en la zona Izta-Popo del Estado de M\u00e9xico - Volcanes","og_description":"En el Estado de M\u00e9xico, la tala ilegal de \u00e1rboles es un delito cotidiano que","og_url":"https:\/\/volcanes.net\/?p=13332","og_site_name":"Volcanes","article_publisher":"https:\/\/www.facebook.com\/volcanes.net\/","article_published_time":"2022-11-30T04:14:12+00:00","article_modified_time":"2022-12-02T00:39:57+00:00","og_image":[{"width":720,"height":480,"url":"https:\/\/volcanes.net\/wp-content\/uploads\/2022\/11\/IMG-20221129-WA0008.jpg","type":"image\/jpeg"}],"author":"Grupo Volcanes","twitter_card":"summary_large_image","twitter_misc":{"Escrito por":"Grupo Volcanes","Tiempo de lectura":"4 minutos"},"schema":{"@context":"https:\/\/schema.org","@graph":[{"@type":"Article","@id":"https:\/\/volcanes.net\/?p=13332#article","isPartOf":{"@id":"https:\/\/volcanes.net\/?p=13332"},"author":{"name":"Grupo Volcanes","@id":"https:\/\/volcanes.net\/#\/schema\/person\/a851dc341d56a2915a80936acca8dc6d"},"headline":"Exhorta Anais Burgos a combatir y disminuir la tala clandestina en la zona Izta-Popo del Estado de M\u00e9xico","datePublished":"2022-11-30T04:14:12+00:00","dateModified":"2022-12-02T00:39:57+00:00","mainEntityOfPage":{"@id":"https:\/\/volcanes.net\/?p=13332"},"wordCount":898,"commentCount":0,"publisher":{"@id":"https:\/\/volcanes.net\/#organization"},"image":{"@id":"https:\/\/volcanes.net\/?p=13332#primaryimage"},"thumbnailUrl":"https:\/\/volcanes.net\/wp-content\/uploads\/2022\/11\/IMG-20221129-WA0008.jpg","articleSection":["Municipales"],"inLanguage":"es","potentialAction":[{"@type":"CommentAction","name":"Comment","target":["https:\/\/volcanes.net\/?p=13332#respond"]}]},{"@type":"WebPage","@id":"https:\/\/volcanes.net\/?p=13332","url":"https:\/\/volcanes.net\/?p=13332","name":"Exhorta Anais Burgos a combatir y disminuir la tala clandestina en la zona Izta-Popo del Estado de M\u00e9xico - Volcanes","isPartOf":{"@id":"https:\/\/volcanes.net\/#website"},"primaryImageOfPage":{"@id":"https:\/\/volcanes.net\/?p=13332#primaryimage"},"image":{"@id":"https:\/\/volcanes.net\/?p=13332#primaryimage"},"thumbnailUrl":"https:\/\/volcanes.net\/wp-content\/uploads\/2022\/11\/IMG-20221129-WA0008.jpg","datePublished":"2022-11-30T04:14:12+00:00","dateModified":"2022-12-02T00:39:57+00:00","breadcrumb":{"@id":"https:\/\/volcanes.net\/?p=13332#breadcrumb"},"inLanguage":"es","potentialAction":[{"@type":"ReadAction","target":["https:\/\/volcanes.net\/?p=13332"]}]},{"@type":"ImageObject","inLanguage":"es","@id":"https:\/\/volcanes.net\/?p=13332#primaryimage","url":"https:\/\/volcanes.net\/wp-content\/uploads\/2022\/11\/IMG-20221129-WA0008.jpg","contentUrl":"https:\/\/volcanes.net\/wp-content\/uploads\/2022\/11\/IMG-20221129-WA0008.jpg","width":720,"height":480},{"@type":"BreadcrumbList","@id":"https:\/\/volcanes.net\/?p=13332#breadcrumb","itemListElement":[{"@type":"ListItem","position":1,"name":"Portada","item":"https:\/\/volcanes.net\/"},{"@type":"ListItem","position":2,"name":"Exhorta Anais Burgos a combatir y disminuir la tala clandestina en la zona Izta-Popo del Estado de M\u00e9xico"}]},{"@type":"WebSite","@id":"https:\/\/volcanes.net\/#website","url":"https:\/\/volcanes.net\/","name":"Volcanes.Net","description":"Periodismo Profesional","publisher":{"@id":"https:\/\/volcanes.net\/#organization"},"potentialAction":[{"@type":"SearchAction","target":{"@type":"EntryPoint","urlTemplate":"https:\/\/volcanes.net\/?s={search_term_string}"},"query-input":{"@type":"PropertyValueSpecification","valueRequired":true,"valueName":"search_term_string"}}],"inLanguage":"es"},{"@type":"Organization","@id":"https:\/\/volcanes.net\/#organization","name":"Grupo Volcanes","url":"https:\/\/volcanes.net\/","logo":{"@type":"ImageObject","inLanguage":"es","@id":"https:\/\/volcanes.net\/#\/schema\/logo\/image\/","url":"http:\/\/volcanes.net\/wp-content\/uploads\/2017\/12\/Avatar2.jpg","contentUrl":"http:\/\/volcanes.net\/wp-content\/uploads\/2017\/12\/Avatar2.jpg","width":378,"height":378,"caption":"Grupo Volcanes"},"image":{"@id":"https:\/\/volcanes.net\/#\/schema\/logo\/image\/"},"sameAs":["https:\/\/www.facebook.com\/volcanes.net\/"]},{"@type":"Person","@id":"https:\/\/volcanes.net\/#\/schema\/person\/a851dc341d56a2915a80936acca8dc6d","name":"Grupo Volcanes","image":{"@type":"ImageObject","inLanguage":"es","@id":"https:\/\/volcanes.net\/#\/schema\/person\/image\/","url":"https:\/\/secure.gravatar.com\/avatar\/00d1a47c371c721e30bacc47ac096981?s=96&d=mm&r=g","contentUrl":"https:\/\/secure.gravatar.com\/avatar\/00d1a47c371c721e30bacc47ac096981?s=96&d=mm&r=g","caption":"Grupo Volcanes"}}]}},"_links":{"self":[{"href":"https:\/\/volcanes.net\/index.php?rest_route=\/wp\/v2\/posts\/13332"}],"collection":[{"href":"https:\/\/volcanes.net\/index.php?rest_route=\/wp\/v2\/posts"}],"about":[{"href":"https:\/\/volcanes.net\/index.php?rest_route=\/wp\/v2\/types\/post"}],"author":[{"embeddable":true,"href":"https:\/\/volcanes.net\/index.php?rest_route=\/wp\/v2\/users\/10"}],"replies":[{"embeddable":true,"href":"https:\/\/volcanes.net\/index.php?rest_route=%2Fwp%2Fv2%2Fcomments&post=13332"}],"version-history":[{"count":2,"href":"https:\/\/volcanes.net\/index.php?rest_route=\/wp\/v2\/posts\/13332\/revisions"}],"predecessor-version":[{"id":13340,"href":"https:\/\/volcanes.net\/index.php?rest_route=\/wp\/v2\/posts\/13332\/revisions\/13340"}],"wp:featuredmedia":[{"embeddable":true,"href":"https:\/\/volcanes.net\/index.php?rest_route=\/wp\/v2\/media\/13333"}],"wp:attachment":[{"href":"https:\/\/volcanes.net\/index.php?rest_route=%2Fwp%2Fv2%2Fmedia&parent=13332"}],"wp:term":[{"taxonomy":"category","embeddable":true,"href":"https:\/\/volcanes.net\/index.php?rest_route=%2Fwp%2Fv2%2Fcategories&post=13332"},{"taxonomy":"post_tag","embeddable":true,"href":"https:\/\/volcanes.net\/index.php?rest_route=%2Fwp%2Fv2%2Ftags&post=13332"}],"curies":[{"name":"wp","href":"https:\/\/api.w.org\/{rel}","templated":true}]}}