{"id":13336,"date":"2022-12-01T14:23:56","date_gmt":"2022-12-01T20:23:56","guid":{"rendered":"http:\/\/volcanes.net\/?p=13336"},"modified":"2022-12-01T14:23:56","modified_gmt":"2022-12-01T20:23:56","slug":"inicia-anais-burgos-parlamento-abierto-sobre-la-despenalizacion-del-aborto-en-el-edomex","status":"publish","type":"post","link":"https:\/\/volcanes.net\/?p=13336","title":{"rendered":"Inicia Anais Burgos Parlamento Abierto sobre la despenalizaci\u00f3n del aborto en el Edom\u00e9x."},"content":{"rendered":"<div style=\"margin-top: 0px; margin-bottom: 0px;\" class=\"sharethis-inline-share-buttons\" ><\/div><p>La discusi\u00f3n sobre la Interrupci\u00f3n Legal del Embarazo (ILE) ya no puede ser aplazada, es tiempo de legislar: Anais Burgos.<\/p>\n<p>Inicia Parlamento Abierto sobre la Interrupci\u00f3n Legal del Embarazo (ILE) en el Congreso.<\/p>\n<p>El aborto no debe ser visto como una lucha, sino como una necesidad que impone el estado laico en cuestiones de salud p\u00fablica y de dignidad de las personas, sostuvo la diputada Anais Miriam Burgos Hern\u00e1ndez, al encabezar el Foro \u2018La Interrupci\u00f3n Legal del Embarazo (ILE); un problema de salud P\u00fablica\u2019, en el que asegur\u00f3 que esta discusi\u00f3n no puede ser aplazada por m\u00e1s tiempo y que es tiempo de legislar y ampliar los derechos reproductivos de las mujeres. La legisladora se\u00f1al\u00f3 que el aborto debe ser considerado como una parte importante del cuidado de la salud, en general, y reproductiva, en particular la libertad de ser madre implica la libertad de no serlo, por lo que el aborto es necesario y no es un mal, sino un bien social, adem\u00e1s de que el aborto se ha convertido en un evento clandestino que deber\u00eda preocupar a legisladores y a la sociedad en general, por lo que las iniciativas que se encuentran en comisiones plantean el derecho al aborto como un asunto de justicia social, una cuesti\u00f3n de salud p\u00fablica y una aspiraci\u00f3n democr\u00e1tica. La legisladora abund\u00f3 que este es el primero de cuatro foros que se realizar\u00e1n sobre la ILE en formato de Parlamento Abierto, en los que se analizar\u00e1 el tema con distintos especialistas, y aunque la bancada de Morena est\u00e1 a favor de la propuesta, no cuentan con la mayor\u00eda para la aprobaci\u00f3n de la propuesta, por lo que asegur\u00f3 que es necesario hablar con cada una de las y los diputados sobre sus razones para mantener en la congeladora estas iniciativas. La maestra en Psicolog\u00eda por la Universidad Aut\u00f3noma del Estado de M\u00e9xico (UAEM\u00e9x), Jacqueline Mota Palma, con la ponencia \u2018Rompiendo prejuicios sobre la ILE\u2019, afirm\u00f3 que esta reforma debe ser vista desde cuatro perspectivas, la de los derechos humanos, para garantizar los derechos de las mujeres a una vida libre, y a la toma de decisiones; la de g\u00e9nero, cuestionando los roles impuestos socialmente a las mujeres; la de interseccionalidad, considerando las diferentes circunstancias de cada una de las mujeres; y la de inclusi\u00f3n, para garantizar la de identidad sexual y de g\u00e9nero. Con la ponencia \u2018Hasta que sea Ley en Todos los estados\u2019, Guadalupe Ju\u00e1rez Hern\u00e1ndez, maestra en Estudios de la Mujer por la Universidad Aut\u00f3noma Metropolitana (UAM), y actual consejera Nacional de Mujeres Morena Rep\u00fablica, afirm\u00f3 que el Estado de M\u00e9xico debe ser la entidad n\u00famero 11 en que se apruebe la ILE. Consider\u00f3 urgente atender la criminalizaci\u00f3n de las mujeres que deciden abortar, y que hoy mantiene privadas de su libertad a una gran cantidad de mujeres. Indic\u00f3 que, entre 2010 y 2019 se registraron mil 83 muertes maternas en el Edomex, de las cuales 118 fueron por aborto en condiciones inseguras, por lo que afirm\u00f3 que no solo es necesaria la despenalizaci\u00f3n del aborto, sino que debe formar parte de los servicios de salud en los hospitales p\u00fablicos. La maestra en Sociolog\u00eda por la UNAM, Gloria Pimentel, con el tema \u2018El aborto inseguro un problema de salud p\u00fablica\u2019, plante\u00f3 que restringir la ILE propicia que las mujeres recurran a abortos inseguros y peligrosos, mientras que, cuando es legal, nueve de cada 10 abortos se realizan de forma exitosa. De los 253 mil pacientes atendidas en cl\u00ednicas de la CDMX de 2007 a 2022, cerca de 70 mil fueron mexiquenses, que acudieron para no poner en riesgo sus vidas al realizar el aborto en cl\u00ednicas clandestinas. V\u00eda Zoom, desde Argentina, la abogada feminista M\u00f3nica Meninini destac\u00f3 la importancia de construir redes de apoyo y acompa\u00f1amiento a las mujeres, y de la existencia de un l\u00ednea telef\u00f3nica gratuita, para brindarles asesoramiento en materia de derechos sexuales y reproductivos, y en la que puedan denunciar cuando el servicio de salud les es negado. Griselda Lozada Tavera, presidenta de la Comisi\u00f3n de Medios de Mujeres Rep\u00fablica Estado de M\u00e9xico y referente de las Colectivas de Mujeres mexiquenses, realiz\u00f3 la clausura del foro, en el que tambi\u00e9n estuvo presente la exdiputada Mar\u00eda de Jes\u00fas Galicia Ramos primera proponente de la iniciativa de la ILE\u2014, as\u00ed como regidoras de Tenancingo, Tlalmanalco, Ecatzingo, Nextlalpan y Coacalco, colectivos feministas, y miembros de la UAEM\u00e9x.<\/p>\n","protected":false},"excerpt":{"rendered":"<p>La discusi\u00f3n sobre la Interrupci\u00f3n Legal del Embarazo (ILE) ya no puede ser aplazada, es<\/p>\n","protected":false},"author":10,"featured_media":13337,"comment_status":"open","ping_status":"open","sticky":false,"template":"","format":"standard","meta":{"footnotes":""},"categories":[1],"tags":[],"class_list":["post-13336","post","type-post","status-publish","format-standard","has-post-thumbnail","hentry","category-municipales"],"yoast_head":"<!-- This site is optimized with the Yoast SEO plugin v25.3 - https:\/\/yoast.com\/wordpress\/plugins\/seo\/ -->\n<title>Inicia Anais Burgos Parlamento Abierto sobre la despenalizaci\u00f3n del aborto en el Edom\u00e9x. - Volcanes<\/title>\n<meta name=\"robots\" content=\"index, follow, max-snippet:-1, max-image-preview:large, max-video-preview:-1\" \/>\n<link rel=\"canonical\" href=\"https:\/\/volcanes.net\/?p=13336\" \/>\n<meta property=\"og:locale\" content=\"es_MX\" \/>\n<meta property=\"og:type\" content=\"article\" \/>\n<meta property=\"og:title\" content=\"Inicia Anais Burgos Parlamento Abierto sobre la despenalizaci\u00f3n del aborto en el Edom\u00e9x. - Volcanes\" \/>\n<meta property=\"og:description\" content=\"La discusi\u00f3n sobre la Interrupci\u00f3n Legal del Embarazo (ILE) ya no puede ser aplazada, es\" \/>\n<meta property=\"og:url\" content=\"https:\/\/volcanes.net\/?p=13336\" \/>\n<meta property=\"og:site_name\" content=\"Volcanes\" \/>\n<meta property=\"article:publisher\" content=\"https:\/\/www.facebook.com\/volcanes.net\/\" \/>\n<meta property=\"article:published_time\" content=\"2022-12-01T20:23:56+00:00\" \/>\n<meta property=\"og:image\" content=\"https:\/\/volcanes.net\/wp-content\/uploads\/2022\/12\/IMG-20221201-WA0025.jpg\" \/>\n\t<meta property=\"og:image:width\" content=\"720\" \/>\n\t<meta property=\"og:image:height\" content=\"480\" \/>\n\t<meta property=\"og:image:type\" content=\"image\/jpeg\" \/>\n<meta name=\"author\" content=\"Grupo Volcanes\" \/>\n<meta name=\"twitter:card\" content=\"summary_large_image\" \/>\n<meta name=\"twitter:label1\" content=\"Escrito por\" \/>\n\t<meta name=\"twitter:data1\" content=\"Grupo Volcanes\" \/>\n\t<meta name=\"twitter:label2\" content=\"Tiempo de lectura\" \/>\n\t<meta name=\"twitter:data2\" content=\"4 minutos\" \/>\n<script type=\"application\/ld+json\" class=\"yoast-schema-graph\">{\"@context\":\"https:\/\/schema.org\",\"@graph\":[{\"@type\":\"Article\",\"@id\":\"https:\/\/volcanes.net\/?p=13336#article\",\"isPartOf\":{\"@id\":\"https:\/\/volcanes.net\/?p=13336\"},\"author\":{\"name\":\"Grupo Volcanes\",\"@id\":\"https:\/\/volcanes.net\/#\/schema\/person\/a851dc341d56a2915a80936acca8dc6d\"},\"headline\":\"Inicia Anais Burgos Parlamento Abierto sobre la despenalizaci\u00f3n del aborto en el Edom\u00e9x.\",\"datePublished\":\"2022-12-01T20:23:56+00:00\",\"mainEntityOfPage\":{\"@id\":\"https:\/\/volcanes.net\/?p=13336\"},\"wordCount\":783,\"commentCount\":0,\"publisher\":{\"@id\":\"https:\/\/volcanes.net\/#organization\"},\"image\":{\"@id\":\"https:\/\/volcanes.net\/?p=13336#primaryimage\"},\"thumbnailUrl\":\"https:\/\/volcanes.net\/wp-content\/uploads\/2022\/12\/IMG-20221201-WA0025.jpg\",\"articleSection\":[\"Municipales\"],\"inLanguage\":\"es\",\"potentialAction\":[{\"@type\":\"CommentAction\",\"name\":\"Comment\",\"target\":[\"https:\/\/volcanes.net\/?p=13336#respond\"]}]},{\"@type\":\"WebPage\",\"@id\":\"https:\/\/volcanes.net\/?p=13336\",\"url\":\"https:\/\/volcanes.net\/?p=13336\",\"name\":\"Inicia Anais Burgos Parlamento Abierto sobre la despenalizaci\u00f3n del aborto en el Edom\u00e9x. - Volcanes\",\"isPartOf\":{\"@id\":\"https:\/\/volcanes.net\/#website\"},\"primaryImageOfPage\":{\"@id\":\"https:\/\/volcanes.net\/?p=13336#primaryimage\"},\"image\":{\"@id\":\"https:\/\/volcanes.net\/?p=13336#primaryimage\"},\"thumbnailUrl\":\"https:\/\/volcanes.net\/wp-content\/uploads\/2022\/12\/IMG-20221201-WA0025.jpg\",\"datePublished\":\"2022-12-01T20:23:56+00:00\",\"breadcrumb\":{\"@id\":\"https:\/\/volcanes.net\/?p=13336#breadcrumb\"},\"inLanguage\":\"es\",\"potentialAction\":[{\"@type\":\"ReadAction\",\"target\":[\"https:\/\/volcanes.net\/?p=13336\"]}]},{\"@type\":\"ImageObject\",\"inLanguage\":\"es\",\"@id\":\"https:\/\/volcanes.net\/?p=13336#primaryimage\",\"url\":\"https:\/\/volcanes.net\/wp-content\/uploads\/2022\/12\/IMG-20221201-WA0025.jpg\",\"contentUrl\":\"https:\/\/volcanes.net\/wp-content\/uploads\/2022\/12\/IMG-20221201-WA0025.jpg\",\"width\":720,\"height\":480},{\"@type\":\"BreadcrumbList\",\"@id\":\"https:\/\/volcanes.net\/?p=13336#breadcrumb\",\"itemListElement\":[{\"@type\":\"ListItem\",\"position\":1,\"name\":\"Portada\",\"item\":\"https:\/\/volcanes.net\/\"},{\"@type\":\"ListItem\",\"position\":2,\"name\":\"Inicia Anais Burgos Parlamento Abierto sobre la despenalizaci\u00f3n del aborto en el Edom\u00e9x.\"}]},{\"@type\":\"WebSite\",\"@id\":\"https:\/\/volcanes.net\/#website\",\"url\":\"https:\/\/volcanes.net\/\",\"name\":\"Volcanes.Net\",\"description\":\"Periodismo Profesional\",\"publisher\":{\"@id\":\"https:\/\/volcanes.net\/#organization\"},\"potentialAction\":[{\"@type\":\"SearchAction\",\"target\":{\"@type\":\"EntryPoint\",\"urlTemplate\":\"https:\/\/volcanes.net\/?s={search_term_string}\"},\"query-input\":{\"@type\":\"PropertyValueSpecification\",\"valueRequired\":true,\"valueName\":\"search_term_string\"}}],\"inLanguage\":\"es\"},{\"@type\":\"Organization\",\"@id\":\"https:\/\/volcanes.net\/#organization\",\"name\":\"Grupo Volcanes\",\"url\":\"https:\/\/volcanes.net\/\",\"logo\":{\"@type\":\"ImageObject\",\"inLanguage\":\"es\",\"@id\":\"https:\/\/volcanes.net\/#\/schema\/logo\/image\/\",\"url\":\"http:\/\/volcanes.net\/wp-content\/uploads\/2017\/12\/Avatar2.jpg\",\"contentUrl\":\"http:\/\/volcanes.net\/wp-content\/uploads\/2017\/12\/Avatar2.jpg\",\"width\":378,\"height\":378,\"caption\":\"Grupo Volcanes\"},\"image\":{\"@id\":\"https:\/\/volcanes.net\/#\/schema\/logo\/image\/\"},\"sameAs\":[\"https:\/\/www.facebook.com\/volcanes.net\/\"]},{\"@type\":\"Person\",\"@id\":\"https:\/\/volcanes.net\/#\/schema\/person\/a851dc341d56a2915a80936acca8dc6d\",\"name\":\"Grupo Volcanes\",\"image\":{\"@type\":\"ImageObject\",\"inLanguage\":\"es\",\"@id\":\"https:\/\/volcanes.net\/#\/schema\/person\/image\/\",\"url\":\"https:\/\/secure.gravatar.com\/avatar\/00d1a47c371c721e30bacc47ac096981?s=96&d=mm&r=g\",\"contentUrl\":\"https:\/\/secure.gravatar.com\/avatar\/00d1a47c371c721e30bacc47ac096981?s=96&d=mm&r=g\",\"caption\":\"Grupo Volcanes\"}}]}<\/script>\n<!-- \/ Yoast SEO plugin. -->","yoast_head_json":{"title":"Inicia Anais Burgos Parlamento Abierto sobre la despenalizaci\u00f3n del aborto en el Edom\u00e9x. - Volcanes","robots":{"index":"index","follow":"follow","max-snippet":"max-snippet:-1","max-image-preview":"max-image-preview:large","max-video-preview":"max-video-preview:-1"},"canonical":"https:\/\/volcanes.net\/?p=13336","og_locale":"es_MX","og_type":"article","og_title":"Inicia Anais Burgos Parlamento Abierto sobre la despenalizaci\u00f3n del aborto en el Edom\u00e9x. - Volcanes","og_description":"La discusi\u00f3n sobre la Interrupci\u00f3n Legal del Embarazo (ILE) ya no puede ser aplazada, es","og_url":"https:\/\/volcanes.net\/?p=13336","og_site_name":"Volcanes","article_publisher":"https:\/\/www.facebook.com\/volcanes.net\/","article_published_time":"2022-12-01T20:23:56+00:00","og_image":[{"width":720,"height":480,"url":"https:\/\/volcanes.net\/wp-content\/uploads\/2022\/12\/IMG-20221201-WA0025.jpg","type":"image\/jpeg"}],"author":"Grupo Volcanes","twitter_card":"summary_large_image","twitter_misc":{"Escrito por":"Grupo Volcanes","Tiempo de lectura":"4 minutos"},"schema":{"@context":"https:\/\/schema.org","@graph":[{"@type":"Article","@id":"https:\/\/volcanes.net\/?p=13336#article","isPartOf":{"@id":"https:\/\/volcanes.net\/?p=13336"},"author":{"name":"Grupo Volcanes","@id":"https:\/\/volcanes.net\/#\/schema\/person\/a851dc341d56a2915a80936acca8dc6d"},"headline":"Inicia Anais Burgos Parlamento Abierto sobre la despenalizaci\u00f3n del aborto en el Edom\u00e9x.","datePublished":"2022-12-01T20:23:56+00:00","mainEntityOfPage":{"@id":"https:\/\/volcanes.net\/?p=13336"},"wordCount":783,"commentCount":0,"publisher":{"@id":"https:\/\/volcanes.net\/#organization"},"image":{"@id":"https:\/\/volcanes.net\/?p=13336#primaryimage"},"thumbnailUrl":"https:\/\/volcanes.net\/wp-content\/uploads\/2022\/12\/IMG-20221201-WA0025.jpg","articleSection":["Municipales"],"inLanguage":"es","potentialAction":[{"@type":"CommentAction","name":"Comment","target":["https:\/\/volcanes.net\/?p=13336#respond"]}]},{"@type":"WebPage","@id":"https:\/\/volcanes.net\/?p=13336","url":"https:\/\/volcanes.net\/?p=13336","name":"Inicia Anais Burgos Parlamento Abierto sobre la despenalizaci\u00f3n del aborto en el Edom\u00e9x. - Volcanes","isPartOf":{"@id":"https:\/\/volcanes.net\/#website"},"primaryImageOfPage":{"@id":"https:\/\/volcanes.net\/?p=13336#primaryimage"},"image":{"@id":"https:\/\/volcanes.net\/?p=13336#primaryimage"},"thumbnailUrl":"https:\/\/volcanes.net\/wp-content\/uploads\/2022\/12\/IMG-20221201-WA0025.jpg","datePublished":"2022-12-01T20:23:56+00:00","breadcrumb":{"@id":"https:\/\/volcanes.net\/?p=13336#breadcrumb"},"inLanguage":"es","potentialAction":[{"@type":"ReadAction","target":["https:\/\/volcanes.net\/?p=13336"]}]},{"@type":"ImageObject","inLanguage":"es","@id":"https:\/\/volcanes.net\/?p=13336#primaryimage","url":"https:\/\/volcanes.net\/wp-content\/uploads\/2022\/12\/IMG-20221201-WA0025.jpg","contentUrl":"https:\/\/volcanes.net\/wp-content\/uploads\/2022\/12\/IMG-20221201-WA0025.jpg","width":720,"height":480},{"@type":"BreadcrumbList","@id":"https:\/\/volcanes.net\/?p=13336#breadcrumb","itemListElement":[{"@type":"ListItem","position":1,"name":"Portada","item":"https:\/\/volcanes.net\/"},{"@type":"ListItem","position":2,"name":"Inicia Anais Burgos Parlamento Abierto sobre la despenalizaci\u00f3n del aborto en el Edom\u00e9x."}]},{"@type":"WebSite","@id":"https:\/\/volcanes.net\/#website","url":"https:\/\/volcanes.net\/","name":"Volcanes.Net","description":"Periodismo Profesional","publisher":{"@id":"https:\/\/volcanes.net\/#organization"},"potentialAction":[{"@type":"SearchAction","target":{"@type":"EntryPoint","urlTemplate":"https:\/\/volcanes.net\/?s={search_term_string}"},"query-input":{"@type":"PropertyValueSpecification","valueRequired":true,"valueName":"search_term_string"}}],"inLanguage":"es"},{"@type":"Organization","@id":"https:\/\/volcanes.net\/#organization","name":"Grupo Volcanes","url":"https:\/\/volcanes.net\/","logo":{"@type":"ImageObject","inLanguage":"es","@id":"https:\/\/volcanes.net\/#\/schema\/logo\/image\/","url":"http:\/\/volcanes.net\/wp-content\/uploads\/2017\/12\/Avatar2.jpg","contentUrl":"http:\/\/volcanes.net\/wp-content\/uploads\/2017\/12\/Avatar2.jpg","width":378,"height":378,"caption":"Grupo Volcanes"},"image":{"@id":"https:\/\/volcanes.net\/#\/schema\/logo\/image\/"},"sameAs":["https:\/\/www.facebook.com\/volcanes.net\/"]},{"@type":"Person","@id":"https:\/\/volcanes.net\/#\/schema\/person\/a851dc341d56a2915a80936acca8dc6d","name":"Grupo Volcanes","image":{"@type":"ImageObject","inLanguage":"es","@id":"https:\/\/volcanes.net\/#\/schema\/person\/image\/","url":"https:\/\/secure.gravatar.com\/avatar\/00d1a47c371c721e30bacc47ac096981?s=96&d=mm&r=g","contentUrl":"https:\/\/secure.gravatar.com\/avatar\/00d1a47c371c721e30bacc47ac096981?s=96&d=mm&r=g","caption":"Grupo Volcanes"}}]}},"_links":{"self":[{"href":"https:\/\/volcanes.net\/index.php?rest_route=\/wp\/v2\/posts\/13336"}],"collection":[{"href":"https:\/\/volcanes.net\/index.php?rest_route=\/wp\/v2\/posts"}],"about":[{"href":"https:\/\/volcanes.net\/index.php?rest_route=\/wp\/v2\/types\/post"}],"author":[{"embeddable":true,"href":"https:\/\/volcanes.net\/index.php?rest_route=\/wp\/v2\/users\/10"}],"replies":[{"embeddable":true,"href":"https:\/\/volcanes.net\/index.php?rest_route=%2Fwp%2Fv2%2Fcomments&post=13336"}],"version-history":[{"count":1,"href":"https:\/\/volcanes.net\/index.php?rest_route=\/wp\/v2\/posts\/13336\/revisions"}],"predecessor-version":[{"id":13338,"href":"https:\/\/volcanes.net\/index.php?rest_route=\/wp\/v2\/posts\/13336\/revisions\/13338"}],"wp:featuredmedia":[{"embeddable":true,"href":"https:\/\/volcanes.net\/index.php?rest_route=\/wp\/v2\/media\/13337"}],"wp:attachment":[{"href":"https:\/\/volcanes.net\/index.php?rest_route=%2Fwp%2Fv2%2Fmedia&parent=13336"}],"wp:term":[{"taxonomy":"category","embeddable":true,"href":"https:\/\/volcanes.net\/index.php?rest_route=%2Fwp%2Fv2%2Fcategories&post=13336"},{"taxonomy":"post_tag","embeddable":true,"href":"https:\/\/volcanes.net\/index.php?rest_route=%2Fwp%2Fv2%2Ftags&post=13336"}],"curies":[{"name":"wp","href":"https:\/\/api.w.org\/{rel}","templated":true}]}}