{"id":13351,"date":"2022-12-06T15:58:36","date_gmt":"2022-12-06T21:58:36","guid":{"rendered":"http:\/\/volcanes.net\/?p=13351"},"modified":"2022-12-06T15:58:36","modified_gmt":"2022-12-06T21:58:36","slug":"anais-burgos-pide-que-fiscalia-informe-estatus-de-trans-feminicidios","status":"publish","type":"post","link":"https:\/\/volcanes.net\/?p=13351","title":{"rendered":"Ana\u00eds Burgos, pide que Fiscal\u00eda informe estatus de trans feminicidios"},"content":{"rendered":"<div style=\"margin-top: 0px; margin-bottom: 0px;\" class=\"sharethis-inline-share-buttons\" ><\/div><p>Debido a que el Estado de M\u00e9xico es la segunda entidad en el pa\u00eds con mayor n\u00famero de casos de cr\u00edmenes de odio cometido contra las mujeres transg\u00e9nero en este a\u00f1o, la diputada Anais Burgos present\u00f3 un exhorto aprobado por unanimidad para que la Fiscal\u00eda General de Justicia del Estado de M\u00e9xico informe a esta Soberan\u00eda sobre el estatus procesal de estos homicidios.<\/p>\n<p>Al presentar el punto de acuerdo en tribuna, precis\u00f3 que la Encuesta Nacional sobre Diversidad Sexual y de G\u00e9nero del INEGI 2021 en M\u00e9xico, la poblaci\u00f3n LGBTI+ asciende a cinco millones de personas, lo que significa que una de cada 20 personas se identifica en este sector y en el Edomex se concentra la mayor poblaci\u00f3n con 490 mil personas, de las cuales 150 mil son mujeres transg\u00e9nero.<br \/>\nY es este sector de la sociedad: las mujeres transg\u00e9nero que se encuentran desde hace muchos a\u00f1os inmersas en un ciclo de violencia, discriminaci\u00f3n y criminalizaci\u00f3n que generalmente comienza desde muy temprana edad, por la exclusi\u00f3n y violencia sufrida en sus hogares, comunidades y centros educativos, adem\u00e1s del empleo formal, adicionalmente el mayor problema es la violencia y los transfeminicidios.<br \/>\nAna\u00eds Burgos refiri\u00f3 que los cr\u00edmenes son cometidos con enorme violencia y crueldad, y las muertes son por disparos, apu\u00f1alamientos, palizas y estrangulamientos, y sus cuerpos son abandonados en espacios abiertos<br \/>\n\u201cDesafortunadamente en el Estado de M\u00e9xico las mujeres transg\u00e9nero viven este tipo de violencia como un acto presente. El Observatorio Nacional de cr\u00edmenes de odio contra personas LGBBTT se\u00f1ala que en lo que va del 2022 se tienen cinco casos de asesinato para nuestra entidad, misma cantidad que el a\u00f1o anterior\u201d, explic\u00f3 Burgos.<br \/>\nDe acuerdo con el colectivo Mujeres Trans Famosas Toluca y Aliadas, son siete los casos de mujeres trans asesinadas por razones de g\u00e9nero, lo que pone a la entidad en el segundo lugar a nivel nacional.<br \/>\nSin embargo, mencionan &#8220;Las cifras realmente son preocupantes, no del todo reales porque hay m\u00e1s casos, y en algunas investigaciones todav\u00eda nos catalogan como hombres vestidos de mujer&#8221;.<br \/>\nA dicha cifra de este a\u00f1o se sum\u00f3 el caso de Karen, joven trans de 21 a\u00f1os de edad asesinada el 12 de noviembre en Paseo Tollocan, por ello desde el Grupo Parlamentario de Morena exigi\u00f3 a las autoridades estatales, para que garanticen los derechos de cada una de las identidades, orientaciones y expresiones que conforman la diversidad sexual de la entidad.<br \/>\n\u201cEn espec\u00edfico a la Fiscal\u00eda de Justicia del Estado de M\u00e9xico para que no haya impunidad en estos casos de cr\u00edmenes de odio que vivieron las mujeres transg\u00e9nero y se d\u00e9 garant\u00eda de acceso integral a la justicia. Resulta fundamental seguir visibilizando y demandando las agendas pendientes para garantizar una vida libre de violencia y discriminaci\u00f3n para todas las personas con orientaci\u00f3n sexual, identidad o expresi\u00f3n de g\u00e9nero distintas a la heteronorma.<br \/>\nAna\u00eds Burgos reconoci\u00f3 que es necesario impulsar pol\u00edticas p\u00fablicas tanto de corto plazo, para que no haya opresi\u00f3n de las fuerzas de la ley, sino protecci\u00f3n, y medidas de mediano y largo plazo, como promover la incorporaci\u00f3n de la poblaci\u00f3n transg\u00e9nero al mercado de trabajo formal y en sectores laborales de menor riesgo a su integridad f\u00edsica. \u201c\u00danicamente con medidas de esa naturaleza, las ra\u00edces profundas de la homofobia y de la transfobia ser\u00e1n indudablemente atacadas\u201d.<\/p>\n","protected":false},"excerpt":{"rendered":"<p>Debido a que el Estado de M\u00e9xico es la segunda entidad en el pa\u00eds con<\/p>\n","protected":false},"author":10,"featured_media":13352,"comment_status":"open","ping_status":"open","sticky":false,"template":"","format":"standard","meta":{"footnotes":""},"categories":[1],"tags":[],"class_list":["post-13351","post","type-post","status-publish","format-standard","has-post-thumbnail","hentry","category-municipales"],"yoast_head":"<!-- This site is optimized with the Yoast SEO plugin v25.3 - https:\/\/yoast.com\/wordpress\/plugins\/seo\/ -->\n<title>Ana\u00eds Burgos, pide que Fiscal\u00eda informe estatus de trans feminicidios - Volcanes<\/title>\n<meta name=\"robots\" content=\"index, follow, max-snippet:-1, max-image-preview:large, max-video-preview:-1\" \/>\n<link rel=\"canonical\" href=\"https:\/\/volcanes.net\/?p=13351\" \/>\n<meta property=\"og:locale\" content=\"es_MX\" \/>\n<meta property=\"og:type\" content=\"article\" \/>\n<meta property=\"og:title\" content=\"Ana\u00eds Burgos, pide que Fiscal\u00eda informe estatus de trans feminicidios - Volcanes\" \/>\n<meta property=\"og:description\" content=\"Debido a que el Estado de M\u00e9xico es la segunda entidad en el pa\u00eds con\" \/>\n<meta property=\"og:url\" content=\"https:\/\/volcanes.net\/?p=13351\" \/>\n<meta property=\"og:site_name\" content=\"Volcanes\" \/>\n<meta property=\"article:publisher\" content=\"https:\/\/www.facebook.com\/volcanes.net\/\" \/>\n<meta property=\"article:published_time\" content=\"2022-12-06T21:58:36+00:00\" \/>\n<meta property=\"og:image\" content=\"https:\/\/volcanes.net\/wp-content\/uploads\/2022\/12\/IMG-20221206-WA0008.jpg\" \/>\n\t<meta property=\"og:image:width\" content=\"1280\" \/>\n\t<meta property=\"og:image:height\" content=\"853\" \/>\n\t<meta property=\"og:image:type\" content=\"image\/jpeg\" \/>\n<meta name=\"author\" content=\"Grupo Volcanes\" \/>\n<meta name=\"twitter:card\" content=\"summary_large_image\" \/>\n<meta name=\"twitter:label1\" content=\"Escrito por\" \/>\n\t<meta name=\"twitter:data1\" content=\"Grupo Volcanes\" \/>\n\t<meta name=\"twitter:label2\" content=\"Tiempo de lectura\" \/>\n\t<meta name=\"twitter:data2\" content=\"3 minutos\" \/>\n<script type=\"application\/ld+json\" class=\"yoast-schema-graph\">{\"@context\":\"https:\/\/schema.org\",\"@graph\":[{\"@type\":\"Article\",\"@id\":\"https:\/\/volcanes.net\/?p=13351#article\",\"isPartOf\":{\"@id\":\"https:\/\/volcanes.net\/?p=13351\"},\"author\":{\"name\":\"Grupo Volcanes\",\"@id\":\"https:\/\/volcanes.net\/#\/schema\/person\/a851dc341d56a2915a80936acca8dc6d\"},\"headline\":\"Ana\u00eds Burgos, pide que Fiscal\u00eda informe estatus de trans feminicidios\",\"datePublished\":\"2022-12-06T21:58:36+00:00\",\"mainEntityOfPage\":{\"@id\":\"https:\/\/volcanes.net\/?p=13351\"},\"wordCount\":608,\"commentCount\":0,\"publisher\":{\"@id\":\"https:\/\/volcanes.net\/#organization\"},\"image\":{\"@id\":\"https:\/\/volcanes.net\/?p=13351#primaryimage\"},\"thumbnailUrl\":\"https:\/\/volcanes.net\/wp-content\/uploads\/2022\/12\/IMG-20221206-WA0008.jpg\",\"articleSection\":[\"Municipales\"],\"inLanguage\":\"es\",\"potentialAction\":[{\"@type\":\"CommentAction\",\"name\":\"Comment\",\"target\":[\"https:\/\/volcanes.net\/?p=13351#respond\"]}]},{\"@type\":\"WebPage\",\"@id\":\"https:\/\/volcanes.net\/?p=13351\",\"url\":\"https:\/\/volcanes.net\/?p=13351\",\"name\":\"Ana\u00eds Burgos, pide que Fiscal\u00eda informe estatus de trans feminicidios - Volcanes\",\"isPartOf\":{\"@id\":\"https:\/\/volcanes.net\/#website\"},\"primaryImageOfPage\":{\"@id\":\"https:\/\/volcanes.net\/?p=13351#primaryimage\"},\"image\":{\"@id\":\"https:\/\/volcanes.net\/?p=13351#primaryimage\"},\"thumbnailUrl\":\"https:\/\/volcanes.net\/wp-content\/uploads\/2022\/12\/IMG-20221206-WA0008.jpg\",\"datePublished\":\"2022-12-06T21:58:36+00:00\",\"breadcrumb\":{\"@id\":\"https:\/\/volcanes.net\/?p=13351#breadcrumb\"},\"inLanguage\":\"es\",\"potentialAction\":[{\"@type\":\"ReadAction\",\"target\":[\"https:\/\/volcanes.net\/?p=13351\"]}]},{\"@type\":\"ImageObject\",\"inLanguage\":\"es\",\"@id\":\"https:\/\/volcanes.net\/?p=13351#primaryimage\",\"url\":\"https:\/\/volcanes.net\/wp-content\/uploads\/2022\/12\/IMG-20221206-WA0008.jpg\",\"contentUrl\":\"https:\/\/volcanes.net\/wp-content\/uploads\/2022\/12\/IMG-20221206-WA0008.jpg\",\"width\":1280,\"height\":853},{\"@type\":\"BreadcrumbList\",\"@id\":\"https:\/\/volcanes.net\/?p=13351#breadcrumb\",\"itemListElement\":[{\"@type\":\"ListItem\",\"position\":1,\"name\":\"Portada\",\"item\":\"https:\/\/volcanes.net\/\"},{\"@type\":\"ListItem\",\"position\":2,\"name\":\"Ana\u00eds Burgos, pide que Fiscal\u00eda informe estatus de trans feminicidios\"}]},{\"@type\":\"WebSite\",\"@id\":\"https:\/\/volcanes.net\/#website\",\"url\":\"https:\/\/volcanes.net\/\",\"name\":\"Volcanes.Net\",\"description\":\"Periodismo Profesional\",\"publisher\":{\"@id\":\"https:\/\/volcanes.net\/#organization\"},\"potentialAction\":[{\"@type\":\"SearchAction\",\"target\":{\"@type\":\"EntryPoint\",\"urlTemplate\":\"https:\/\/volcanes.net\/?s={search_term_string}\"},\"query-input\":{\"@type\":\"PropertyValueSpecification\",\"valueRequired\":true,\"valueName\":\"search_term_string\"}}],\"inLanguage\":\"es\"},{\"@type\":\"Organization\",\"@id\":\"https:\/\/volcanes.net\/#organization\",\"name\":\"Grupo Volcanes\",\"url\":\"https:\/\/volcanes.net\/\",\"logo\":{\"@type\":\"ImageObject\",\"inLanguage\":\"es\",\"@id\":\"https:\/\/volcanes.net\/#\/schema\/logo\/image\/\",\"url\":\"http:\/\/volcanes.net\/wp-content\/uploads\/2017\/12\/Avatar2.jpg\",\"contentUrl\":\"http:\/\/volcanes.net\/wp-content\/uploads\/2017\/12\/Avatar2.jpg\",\"width\":378,\"height\":378,\"caption\":\"Grupo Volcanes\"},\"image\":{\"@id\":\"https:\/\/volcanes.net\/#\/schema\/logo\/image\/\"},\"sameAs\":[\"https:\/\/www.facebook.com\/volcanes.net\/\"]},{\"@type\":\"Person\",\"@id\":\"https:\/\/volcanes.net\/#\/schema\/person\/a851dc341d56a2915a80936acca8dc6d\",\"name\":\"Grupo Volcanes\",\"image\":{\"@type\":\"ImageObject\",\"inLanguage\":\"es\",\"@id\":\"https:\/\/volcanes.net\/#\/schema\/person\/image\/\",\"url\":\"https:\/\/secure.gravatar.com\/avatar\/00d1a47c371c721e30bacc47ac096981?s=96&d=mm&r=g\",\"contentUrl\":\"https:\/\/secure.gravatar.com\/avatar\/00d1a47c371c721e30bacc47ac096981?s=96&d=mm&r=g\",\"caption\":\"Grupo Volcanes\"}}]}<\/script>\n<!-- \/ Yoast SEO plugin. -->","yoast_head_json":{"title":"Ana\u00eds Burgos, pide que Fiscal\u00eda informe estatus de trans feminicidios - Volcanes","robots":{"index":"index","follow":"follow","max-snippet":"max-snippet:-1","max-image-preview":"max-image-preview:large","max-video-preview":"max-video-preview:-1"},"canonical":"https:\/\/volcanes.net\/?p=13351","og_locale":"es_MX","og_type":"article","og_title":"Ana\u00eds Burgos, pide que Fiscal\u00eda informe estatus de trans feminicidios - Volcanes","og_description":"Debido a que el Estado de M\u00e9xico es la segunda entidad en el pa\u00eds con","og_url":"https:\/\/volcanes.net\/?p=13351","og_site_name":"Volcanes","article_publisher":"https:\/\/www.facebook.com\/volcanes.net\/","article_published_time":"2022-12-06T21:58:36+00:00","og_image":[{"width":1280,"height":853,"url":"https:\/\/volcanes.net\/wp-content\/uploads\/2022\/12\/IMG-20221206-WA0008.jpg","type":"image\/jpeg"}],"author":"Grupo Volcanes","twitter_card":"summary_large_image","twitter_misc":{"Escrito por":"Grupo Volcanes","Tiempo de lectura":"3 minutos"},"schema":{"@context":"https:\/\/schema.org","@graph":[{"@type":"Article","@id":"https:\/\/volcanes.net\/?p=13351#article","isPartOf":{"@id":"https:\/\/volcanes.net\/?p=13351"},"author":{"name":"Grupo Volcanes","@id":"https:\/\/volcanes.net\/#\/schema\/person\/a851dc341d56a2915a80936acca8dc6d"},"headline":"Ana\u00eds Burgos, pide que Fiscal\u00eda informe estatus de trans feminicidios","datePublished":"2022-12-06T21:58:36+00:00","mainEntityOfPage":{"@id":"https:\/\/volcanes.net\/?p=13351"},"wordCount":608,"commentCount":0,"publisher":{"@id":"https:\/\/volcanes.net\/#organization"},"image":{"@id":"https:\/\/volcanes.net\/?p=13351#primaryimage"},"thumbnailUrl":"https:\/\/volcanes.net\/wp-content\/uploads\/2022\/12\/IMG-20221206-WA0008.jpg","articleSection":["Municipales"],"inLanguage":"es","potentialAction":[{"@type":"CommentAction","name":"Comment","target":["https:\/\/volcanes.net\/?p=13351#respond"]}]},{"@type":"WebPage","@id":"https:\/\/volcanes.net\/?p=13351","url":"https:\/\/volcanes.net\/?p=13351","name":"Ana\u00eds Burgos, pide que Fiscal\u00eda informe estatus de trans feminicidios - Volcanes","isPartOf":{"@id":"https:\/\/volcanes.net\/#website"},"primaryImageOfPage":{"@id":"https:\/\/volcanes.net\/?p=13351#primaryimage"},"image":{"@id":"https:\/\/volcanes.net\/?p=13351#primaryimage"},"thumbnailUrl":"https:\/\/volcanes.net\/wp-content\/uploads\/2022\/12\/IMG-20221206-WA0008.jpg","datePublished":"2022-12-06T21:58:36+00:00","breadcrumb":{"@id":"https:\/\/volcanes.net\/?p=13351#breadcrumb"},"inLanguage":"es","potentialAction":[{"@type":"ReadAction","target":["https:\/\/volcanes.net\/?p=13351"]}]},{"@type":"ImageObject","inLanguage":"es","@id":"https:\/\/volcanes.net\/?p=13351#primaryimage","url":"https:\/\/volcanes.net\/wp-content\/uploads\/2022\/12\/IMG-20221206-WA0008.jpg","contentUrl":"https:\/\/volcanes.net\/wp-content\/uploads\/2022\/12\/IMG-20221206-WA0008.jpg","width":1280,"height":853},{"@type":"BreadcrumbList","@id":"https:\/\/volcanes.net\/?p=13351#breadcrumb","itemListElement":[{"@type":"ListItem","position":1,"name":"Portada","item":"https:\/\/volcanes.net\/"},{"@type":"ListItem","position":2,"name":"Ana\u00eds Burgos, pide que Fiscal\u00eda informe estatus de trans feminicidios"}]},{"@type":"WebSite","@id":"https:\/\/volcanes.net\/#website","url":"https:\/\/volcanes.net\/","name":"Volcanes.Net","description":"Periodismo Profesional","publisher":{"@id":"https:\/\/volcanes.net\/#organization"},"potentialAction":[{"@type":"SearchAction","target":{"@type":"EntryPoint","urlTemplate":"https:\/\/volcanes.net\/?s={search_term_string}"},"query-input":{"@type":"PropertyValueSpecification","valueRequired":true,"valueName":"search_term_string"}}],"inLanguage":"es"},{"@type":"Organization","@id":"https:\/\/volcanes.net\/#organization","name":"Grupo Volcanes","url":"https:\/\/volcanes.net\/","logo":{"@type":"ImageObject","inLanguage":"es","@id":"https:\/\/volcanes.net\/#\/schema\/logo\/image\/","url":"http:\/\/volcanes.net\/wp-content\/uploads\/2017\/12\/Avatar2.jpg","contentUrl":"http:\/\/volcanes.net\/wp-content\/uploads\/2017\/12\/Avatar2.jpg","width":378,"height":378,"caption":"Grupo Volcanes"},"image":{"@id":"https:\/\/volcanes.net\/#\/schema\/logo\/image\/"},"sameAs":["https:\/\/www.facebook.com\/volcanes.net\/"]},{"@type":"Person","@id":"https:\/\/volcanes.net\/#\/schema\/person\/a851dc341d56a2915a80936acca8dc6d","name":"Grupo Volcanes","image":{"@type":"ImageObject","inLanguage":"es","@id":"https:\/\/volcanes.net\/#\/schema\/person\/image\/","url":"https:\/\/secure.gravatar.com\/avatar\/00d1a47c371c721e30bacc47ac096981?s=96&d=mm&r=g","contentUrl":"https:\/\/secure.gravatar.com\/avatar\/00d1a47c371c721e30bacc47ac096981?s=96&d=mm&r=g","caption":"Grupo Volcanes"}}]}},"_links":{"self":[{"href":"https:\/\/volcanes.net\/index.php?rest_route=\/wp\/v2\/posts\/13351"}],"collection":[{"href":"https:\/\/volcanes.net\/index.php?rest_route=\/wp\/v2\/posts"}],"about":[{"href":"https:\/\/volcanes.net\/index.php?rest_route=\/wp\/v2\/types\/post"}],"author":[{"embeddable":true,"href":"https:\/\/volcanes.net\/index.php?rest_route=\/wp\/v2\/users\/10"}],"replies":[{"embeddable":true,"href":"https:\/\/volcanes.net\/index.php?rest_route=%2Fwp%2Fv2%2Fcomments&post=13351"}],"version-history":[{"count":1,"href":"https:\/\/volcanes.net\/index.php?rest_route=\/wp\/v2\/posts\/13351\/revisions"}],"predecessor-version":[{"id":13353,"href":"https:\/\/volcanes.net\/index.php?rest_route=\/wp\/v2\/posts\/13351\/revisions\/13353"}],"wp:featuredmedia":[{"embeddable":true,"href":"https:\/\/volcanes.net\/index.php?rest_route=\/wp\/v2\/media\/13352"}],"wp:attachment":[{"href":"https:\/\/volcanes.net\/index.php?rest_route=%2Fwp%2Fv2%2Fmedia&parent=13351"}],"wp:term":[{"taxonomy":"category","embeddable":true,"href":"https:\/\/volcanes.net\/index.php?rest_route=%2Fwp%2Fv2%2Fcategories&post=13351"},{"taxonomy":"post_tag","embeddable":true,"href":"https:\/\/volcanes.net\/index.php?rest_route=%2Fwp%2Fv2%2Ftags&post=13351"}],"curies":[{"name":"wp","href":"https:\/\/api.w.org\/{rel}","templated":true}]}}