{"id":13368,"date":"2022-12-07T22:51:10","date_gmt":"2022-12-08T04:51:10","guid":{"rendered":"http:\/\/volcanes.net\/?p=13368"},"modified":"2022-12-07T22:51:10","modified_gmt":"2022-12-08T04:51:10","slug":"las-mujeres-si-sabemos-gobernar-y-lo-hacemos-bien-ivette-topete","status":"publish","type":"post","link":"https:\/\/volcanes.net\/?p=13368","title":{"rendered":"Las mujeres si sabemos gobernar y lo hacemos bien: Ivette Topete"},"content":{"rendered":"<div style=\"margin-top: 0px; margin-bottom: 0px;\" class=\"sharethis-inline-share-buttons\" ><\/div><p>La presidenta municipal de Amecameca rindi\u00f3 su primer informe de gobierno iniciando con un agradecimiento a los que depositaron la confianza ciudadana en el proyecto pol\u00edtico de una mujer.<\/p>\n<p>Enfatiz\u00f3 que &#8220;ser el primer gobierno municipal presidido por una mujer es un compromiso que solo se paga con resultados y eso me propuesto hacer&#8221;.<br \/>\nDio a conocer que el DIF municipal, ha sido un pilar fundamental pues en este a\u00f1o ha brindado m\u00e1s de 75000 servicios sociales a la poblaci\u00f3n vulnerable incluyendo asesor\u00edas jur\u00eddicas, atenci\u00f3n m\u00e9dica b\u00e1sica, apoyo psicol\u00f3gico adem\u00e1s de otros servicios<br \/>\nEnfatiz\u00f3 la entrega de 160 aparatos funcionales adultos mayores y personas con alguna discapacidad por eso en este rubro quiero destacar 4 acciones que han sido determinantes en lo que va de mi gobierno hemos entregado desayunos escolares, precisando que estos desayunos escolares hasta el mes de marzo Ten\u00edan un costo de recuperaci\u00f3n, pero hoy son totalmente gratuitos.<br \/>\nAgradeci\u00f3 a la se\u00f1ora Fernanda Castillo del Mazo &#8220;gobernador tiene usted una esposa con un gran coraz\u00f3n Much\u00edsimas gracias por esta gente sue\u00f1a&#8221;.<br \/>\nRecord\u00f3 el momento en el que Do\u00f1a Juventina le pidi\u00f3 en campa\u00f1a que les construyera su casa de la tercera edad, &#8220;y hoy con alegr\u00eda le comparto que estamos a d\u00edas de inaugurar la casa del adulto mayor en la cabeza. municipal, indic\u00f3 que ser\u00e1 un espacio digno.<br \/>\nInform\u00f3 que se realizar\u00e1 la rehabilitaci\u00f3n y reapertura de cuatro casas de d\u00eda del adulto mayor en Zoyatzingo en Zentlalpan, en Santa Isabel Chalma y en San Pedro Nexapa; con una inversi\u00f3n de m\u00e1s de 598 mil pesos.<br \/>\n&#8220;Tambi\u00e9n quiero compartir con ustedes que cuando tuve la oportunidad de ser diputada local, con recursos propios puse en marcha un programa de asistencia social, que llamamos de noche m\u00e9dico hasta tu casa, hoy este programa lo hemos convertido en una pol\u00edtica p\u00fablica municipal cumpliendo con uno de los compromisos de campa\u00f1a y al d\u00eda de hoy se Han atendido 2 mil 950 amecamequenses en consulta m\u00e9dica gratuita apoy\u00e1ndolos, adem\u00e1s con la entrega gratuita de m\u00e1s de 5 mil 900 medicamentos del cuadro b\u00e1sico repito, totalmente gratuitos\u201d, expres\u00f3 la alcaldesa.<br \/>\nAdem\u00e1s indic\u00f3 que de manera complementaria se apertur\u00f3 la farmacia comunitaria en donde se han atendido a m\u00e1s de mil 355 personas con una inversi\u00f3n de recursos propios.<br \/>\n\u201cTambi\u00e9n cuando fui presidenta del sistema municipal DIF constru\u00ed la cl\u00ednica de la mujer al inicio de este gobierno me dio tristeza regresar y encontrarla destruida y en completo abandon\u00f3, sin embargo, nos dimos a la tarea de recuperar estos espacios.<br \/>\nDurante el informe indic\u00f3 la presidenta municipal que se apoy\u00f3 la log\u00edstica para la realizaci\u00f3n de 16 jornadas de vacunacion anticovid en las cuales se han aplicaron 15 mil 122 dosis del biol\u00f3gico.<br \/>\nSe organiz\u00f3 el festival de la Catrina encabezado por Andrea Meneses, se\u00f1orita Estado de M\u00e9xico 2022 orgullosamente amecamequense con una asistencia de 65 mil espectadores y<br \/>\nlogrando una inversi\u00f3n de $75 mil pesos.<br \/>\n\u201cCon mucha alegr\u00eda quiero anunciarles que con una inversi\u00f3n de m\u00e1s de 5 millones 800 mil pesos pr\u00f3ximamente inauguraremos la casa del pueblo en Amecameca, la cual albergar\u00e1 la casa de cultura y el Museo de Antropolog\u00eda e Historia \u00fanico en su tipo en la regi\u00f3n de los volcanes en el Oriente del Estado de M\u00e9xico\u201d dijo la doctora Ivette Topete.<br \/>\nEl Instituto de Administraci\u00f3n P\u00fablica del Estado de M\u00e9xico IAPEM, otorg\u00f3 a Amecameca el premio a la mejor gesti\u00f3n municipal como gobierno comprometido con el bienestar de las mujeres amecamequenses.<br \/>\nIndic\u00f3 que uno de los reclamos m\u00e1s sentidos de la poblaci\u00f3n era el servicio de limpia, y aclar\u00f3 que de los siete camiones de basura con que contaba el ayuntamiento, la administraci\u00f3n anterior vendi\u00f3 3 y solo se recibieron cuatro camiones descompuestos. Por ellos se emprendi\u00f3 un plan emergente habilitando estas unidades, rentando camiones para no suspender el servicio, se organizaron mejores rutas de recolecci\u00f3n y se inici\u00f3 el servicio en un tercer turno nocturno para atender el primer cuadro de Amecameca.<br \/>\nSe aclar\u00f3 que ante esta situaci\u00f3n se adquiri\u00f3 un nuevo cami\u00f3n de basura.<br \/>\nUna acci\u00f3n prioritaria de este gobierno dijo la alcaldesa \u201cha sido la inversi\u00f3n en obra p\u00fablica de calidad y adem\u00e1s eficiente que mejoren las condiciones de vida de la poblaci\u00f3n\u201d.<br \/>\nDestac\u00f3 la pavimentaci\u00f3n con concreto hidr\u00e1ulico estampado en calle Plaza de la Constituci\u00f3n de lado norte del jard\u00edn municipal y la pavimentaci\u00f3n con concreto hidr\u00e1ulico en la calle de Galeana, as\u00ed como tambi\u00e9n la calle de Castillo.<br \/>\nIndic\u00f3 que toda la Polic\u00eda Municipal desde el director, se encuentran certificados y vigentes as\u00ed como tambi\u00e9n cumplen con los requisitos que demandan la ley general del Sistema nacional de seguridad p\u00fablica.<br \/>\n\u201cSomos la primera Polic\u00eda Municipal de la regi\u00f3n de los volcanes en la que el personal operativo cuenta con c\u00e1maras corporales bodycam como parte del equipamiento que les permitir\u00e1 documentar y garantizar los Derechos Humanos de las personas y con ello actuar con mayor eficiencia\u201d, dijo la presidenta municipal.<br \/>\nComo parte de las acciones para fortalecer la seguridad p\u00fablica, indic\u00f3 que se cre\u00f3 la aplicaci\u00f3n m\u00f3vil Amecameca App con todos los servicios de la Administraci\u00f3n donde se puede presentar reportes a la polic\u00eda municipal, protecci\u00f3n civil, bomberos; sobre todo alumbrado p\u00fablico y alcantarillado, maltrato animal, entre otros muchos servicios que ofrece esta aplicaci\u00f3n y est\u00e1 disponible para Android y iOS.<\/p>\n","protected":false},"excerpt":{"rendered":"<p>La presidenta municipal de Amecameca rindi\u00f3 su primer informe de gobierno iniciando con un agradecimiento<\/p>\n","protected":false},"author":10,"featured_media":13369,"comment_status":"open","ping_status":"open","sticky":false,"template":"","format":"standard","meta":{"footnotes":""},"categories":[1],"tags":[],"class_list":["post-13368","post","type-post","status-publish","format-standard","has-post-thumbnail","hentry","category-municipales"],"yoast_head":"<!-- This site is optimized with the Yoast SEO plugin v25.3 - https:\/\/yoast.com\/wordpress\/plugins\/seo\/ -->\n<title>Las mujeres si sabemos gobernar y lo hacemos bien: Ivette Topete - Volcanes<\/title>\n<meta name=\"robots\" content=\"index, follow, max-snippet:-1, max-image-preview:large, max-video-preview:-1\" \/>\n<link rel=\"canonical\" href=\"https:\/\/volcanes.net\/?p=13368\" \/>\n<meta property=\"og:locale\" content=\"es_MX\" \/>\n<meta property=\"og:type\" content=\"article\" \/>\n<meta property=\"og:title\" content=\"Las mujeres si sabemos gobernar y lo hacemos bien: Ivette Topete - Volcanes\" \/>\n<meta property=\"og:description\" content=\"La presidenta municipal de Amecameca rindi\u00f3 su primer informe de gobierno iniciando con un agradecimiento\" \/>\n<meta property=\"og:url\" content=\"https:\/\/volcanes.net\/?p=13368\" \/>\n<meta property=\"og:site_name\" content=\"Volcanes\" \/>\n<meta property=\"article:publisher\" content=\"https:\/\/www.facebook.com\/volcanes.net\/\" \/>\n<meta property=\"article:published_time\" content=\"2022-12-08T04:51:10+00:00\" \/>\n<meta property=\"og:image\" content=\"https:\/\/volcanes.net\/wp-content\/uploads\/2022\/12\/IMG-20221207-WA0013.jpg\" \/>\n\t<meta property=\"og:image:width\" content=\"1280\" \/>\n\t<meta property=\"og:image:height\" content=\"960\" \/>\n\t<meta property=\"og:image:type\" content=\"image\/jpeg\" \/>\n<meta name=\"author\" content=\"Grupo Volcanes\" \/>\n<meta name=\"twitter:card\" content=\"summary_large_image\" \/>\n<meta name=\"twitter:label1\" content=\"Escrito por\" \/>\n\t<meta name=\"twitter:data1\" content=\"Grupo Volcanes\" \/>\n\t<meta name=\"twitter:label2\" content=\"Tiempo de lectura\" \/>\n\t<meta name=\"twitter:data2\" content=\"5 minutos\" \/>\n<script type=\"application\/ld+json\" class=\"yoast-schema-graph\">{\"@context\":\"https:\/\/schema.org\",\"@graph\":[{\"@type\":\"Article\",\"@id\":\"https:\/\/volcanes.net\/?p=13368#article\",\"isPartOf\":{\"@id\":\"https:\/\/volcanes.net\/?p=13368\"},\"author\":{\"name\":\"Grupo Volcanes\",\"@id\":\"https:\/\/volcanes.net\/#\/schema\/person\/a851dc341d56a2915a80936acca8dc6d\"},\"headline\":\"Las mujeres si sabemos gobernar y lo hacemos bien: Ivette Topete\",\"datePublished\":\"2022-12-08T04:51:10+00:00\",\"mainEntityOfPage\":{\"@id\":\"https:\/\/volcanes.net\/?p=13368\"},\"wordCount\":963,\"commentCount\":0,\"publisher\":{\"@id\":\"https:\/\/volcanes.net\/#organization\"},\"image\":{\"@id\":\"https:\/\/volcanes.net\/?p=13368#primaryimage\"},\"thumbnailUrl\":\"https:\/\/volcanes.net\/wp-content\/uploads\/2022\/12\/IMG-20221207-WA0013.jpg\",\"articleSection\":[\"Municipales\"],\"inLanguage\":\"es\",\"potentialAction\":[{\"@type\":\"CommentAction\",\"name\":\"Comment\",\"target\":[\"https:\/\/volcanes.net\/?p=13368#respond\"]}]},{\"@type\":\"WebPage\",\"@id\":\"https:\/\/volcanes.net\/?p=13368\",\"url\":\"https:\/\/volcanes.net\/?p=13368\",\"name\":\"Las mujeres si sabemos gobernar y lo hacemos bien: Ivette Topete - Volcanes\",\"isPartOf\":{\"@id\":\"https:\/\/volcanes.net\/#website\"},\"primaryImageOfPage\":{\"@id\":\"https:\/\/volcanes.net\/?p=13368#primaryimage\"},\"image\":{\"@id\":\"https:\/\/volcanes.net\/?p=13368#primaryimage\"},\"thumbnailUrl\":\"https:\/\/volcanes.net\/wp-content\/uploads\/2022\/12\/IMG-20221207-WA0013.jpg\",\"datePublished\":\"2022-12-08T04:51:10+00:00\",\"breadcrumb\":{\"@id\":\"https:\/\/volcanes.net\/?p=13368#breadcrumb\"},\"inLanguage\":\"es\",\"potentialAction\":[{\"@type\":\"ReadAction\",\"target\":[\"https:\/\/volcanes.net\/?p=13368\"]}]},{\"@type\":\"ImageObject\",\"inLanguage\":\"es\",\"@id\":\"https:\/\/volcanes.net\/?p=13368#primaryimage\",\"url\":\"https:\/\/volcanes.net\/wp-content\/uploads\/2022\/12\/IMG-20221207-WA0013.jpg\",\"contentUrl\":\"https:\/\/volcanes.net\/wp-content\/uploads\/2022\/12\/IMG-20221207-WA0013.jpg\",\"width\":1280,\"height\":960},{\"@type\":\"BreadcrumbList\",\"@id\":\"https:\/\/volcanes.net\/?p=13368#breadcrumb\",\"itemListElement\":[{\"@type\":\"ListItem\",\"position\":1,\"name\":\"Portada\",\"item\":\"https:\/\/volcanes.net\/\"},{\"@type\":\"ListItem\",\"position\":2,\"name\":\"Las mujeres si sabemos gobernar y lo hacemos bien: Ivette Topete\"}]},{\"@type\":\"WebSite\",\"@id\":\"https:\/\/volcanes.net\/#website\",\"url\":\"https:\/\/volcanes.net\/\",\"name\":\"Volcanes.Net\",\"description\":\"Periodismo Profesional\",\"publisher\":{\"@id\":\"https:\/\/volcanes.net\/#organization\"},\"potentialAction\":[{\"@type\":\"SearchAction\",\"target\":{\"@type\":\"EntryPoint\",\"urlTemplate\":\"https:\/\/volcanes.net\/?s={search_term_string}\"},\"query-input\":{\"@type\":\"PropertyValueSpecification\",\"valueRequired\":true,\"valueName\":\"search_term_string\"}}],\"inLanguage\":\"es\"},{\"@type\":\"Organization\",\"@id\":\"https:\/\/volcanes.net\/#organization\",\"name\":\"Grupo Volcanes\",\"url\":\"https:\/\/volcanes.net\/\",\"logo\":{\"@type\":\"ImageObject\",\"inLanguage\":\"es\",\"@id\":\"https:\/\/volcanes.net\/#\/schema\/logo\/image\/\",\"url\":\"http:\/\/volcanes.net\/wp-content\/uploads\/2017\/12\/Avatar2.jpg\",\"contentUrl\":\"http:\/\/volcanes.net\/wp-content\/uploads\/2017\/12\/Avatar2.jpg\",\"width\":378,\"height\":378,\"caption\":\"Grupo Volcanes\"},\"image\":{\"@id\":\"https:\/\/volcanes.net\/#\/schema\/logo\/image\/\"},\"sameAs\":[\"https:\/\/www.facebook.com\/volcanes.net\/\"]},{\"@type\":\"Person\",\"@id\":\"https:\/\/volcanes.net\/#\/schema\/person\/a851dc341d56a2915a80936acca8dc6d\",\"name\":\"Grupo Volcanes\",\"image\":{\"@type\":\"ImageObject\",\"inLanguage\":\"es\",\"@id\":\"https:\/\/volcanes.net\/#\/schema\/person\/image\/\",\"url\":\"https:\/\/secure.gravatar.com\/avatar\/00d1a47c371c721e30bacc47ac096981?s=96&d=mm&r=g\",\"contentUrl\":\"https:\/\/secure.gravatar.com\/avatar\/00d1a47c371c721e30bacc47ac096981?s=96&d=mm&r=g\",\"caption\":\"Grupo Volcanes\"}}]}<\/script>\n<!-- \/ Yoast SEO plugin. -->","yoast_head_json":{"title":"Las mujeres si sabemos gobernar y lo hacemos bien: Ivette Topete - Volcanes","robots":{"index":"index","follow":"follow","max-snippet":"max-snippet:-1","max-image-preview":"max-image-preview:large","max-video-preview":"max-video-preview:-1"},"canonical":"https:\/\/volcanes.net\/?p=13368","og_locale":"es_MX","og_type":"article","og_title":"Las mujeres si sabemos gobernar y lo hacemos bien: Ivette Topete - Volcanes","og_description":"La presidenta municipal de Amecameca rindi\u00f3 su primer informe de gobierno iniciando con un agradecimiento","og_url":"https:\/\/volcanes.net\/?p=13368","og_site_name":"Volcanes","article_publisher":"https:\/\/www.facebook.com\/volcanes.net\/","article_published_time":"2022-12-08T04:51:10+00:00","og_image":[{"width":1280,"height":960,"url":"https:\/\/volcanes.net\/wp-content\/uploads\/2022\/12\/IMG-20221207-WA0013.jpg","type":"image\/jpeg"}],"author":"Grupo Volcanes","twitter_card":"summary_large_image","twitter_misc":{"Escrito por":"Grupo Volcanes","Tiempo de lectura":"5 minutos"},"schema":{"@context":"https:\/\/schema.org","@graph":[{"@type":"Article","@id":"https:\/\/volcanes.net\/?p=13368#article","isPartOf":{"@id":"https:\/\/volcanes.net\/?p=13368"},"author":{"name":"Grupo Volcanes","@id":"https:\/\/volcanes.net\/#\/schema\/person\/a851dc341d56a2915a80936acca8dc6d"},"headline":"Las mujeres si sabemos gobernar y lo hacemos bien: Ivette Topete","datePublished":"2022-12-08T04:51:10+00:00","mainEntityOfPage":{"@id":"https:\/\/volcanes.net\/?p=13368"},"wordCount":963,"commentCount":0,"publisher":{"@id":"https:\/\/volcanes.net\/#organization"},"image":{"@id":"https:\/\/volcanes.net\/?p=13368#primaryimage"},"thumbnailUrl":"https:\/\/volcanes.net\/wp-content\/uploads\/2022\/12\/IMG-20221207-WA0013.jpg","articleSection":["Municipales"],"inLanguage":"es","potentialAction":[{"@type":"CommentAction","name":"Comment","target":["https:\/\/volcanes.net\/?p=13368#respond"]}]},{"@type":"WebPage","@id":"https:\/\/volcanes.net\/?p=13368","url":"https:\/\/volcanes.net\/?p=13368","name":"Las mujeres si sabemos gobernar y lo hacemos bien: Ivette Topete - Volcanes","isPartOf":{"@id":"https:\/\/volcanes.net\/#website"},"primaryImageOfPage":{"@id":"https:\/\/volcanes.net\/?p=13368#primaryimage"},"image":{"@id":"https:\/\/volcanes.net\/?p=13368#primaryimage"},"thumbnailUrl":"https:\/\/volcanes.net\/wp-content\/uploads\/2022\/12\/IMG-20221207-WA0013.jpg","datePublished":"2022-12-08T04:51:10+00:00","breadcrumb":{"@id":"https:\/\/volcanes.net\/?p=13368#breadcrumb"},"inLanguage":"es","potentialAction":[{"@type":"ReadAction","target":["https:\/\/volcanes.net\/?p=13368"]}]},{"@type":"ImageObject","inLanguage":"es","@id":"https:\/\/volcanes.net\/?p=13368#primaryimage","url":"https:\/\/volcanes.net\/wp-content\/uploads\/2022\/12\/IMG-20221207-WA0013.jpg","contentUrl":"https:\/\/volcanes.net\/wp-content\/uploads\/2022\/12\/IMG-20221207-WA0013.jpg","width":1280,"height":960},{"@type":"BreadcrumbList","@id":"https:\/\/volcanes.net\/?p=13368#breadcrumb","itemListElement":[{"@type":"ListItem","position":1,"name":"Portada","item":"https:\/\/volcanes.net\/"},{"@type":"ListItem","position":2,"name":"Las mujeres si sabemos gobernar y lo hacemos bien: Ivette Topete"}]},{"@type":"WebSite","@id":"https:\/\/volcanes.net\/#website","url":"https:\/\/volcanes.net\/","name":"Volcanes.Net","description":"Periodismo Profesional","publisher":{"@id":"https:\/\/volcanes.net\/#organization"},"potentialAction":[{"@type":"SearchAction","target":{"@type":"EntryPoint","urlTemplate":"https:\/\/volcanes.net\/?s={search_term_string}"},"query-input":{"@type":"PropertyValueSpecification","valueRequired":true,"valueName":"search_term_string"}}],"inLanguage":"es"},{"@type":"Organization","@id":"https:\/\/volcanes.net\/#organization","name":"Grupo Volcanes","url":"https:\/\/volcanes.net\/","logo":{"@type":"ImageObject","inLanguage":"es","@id":"https:\/\/volcanes.net\/#\/schema\/logo\/image\/","url":"http:\/\/volcanes.net\/wp-content\/uploads\/2017\/12\/Avatar2.jpg","contentUrl":"http:\/\/volcanes.net\/wp-content\/uploads\/2017\/12\/Avatar2.jpg","width":378,"height":378,"caption":"Grupo Volcanes"},"image":{"@id":"https:\/\/volcanes.net\/#\/schema\/logo\/image\/"},"sameAs":["https:\/\/www.facebook.com\/volcanes.net\/"]},{"@type":"Person","@id":"https:\/\/volcanes.net\/#\/schema\/person\/a851dc341d56a2915a80936acca8dc6d","name":"Grupo Volcanes","image":{"@type":"ImageObject","inLanguage":"es","@id":"https:\/\/volcanes.net\/#\/schema\/person\/image\/","url":"https:\/\/secure.gravatar.com\/avatar\/00d1a47c371c721e30bacc47ac096981?s=96&d=mm&r=g","contentUrl":"https:\/\/secure.gravatar.com\/avatar\/00d1a47c371c721e30bacc47ac096981?s=96&d=mm&r=g","caption":"Grupo Volcanes"}}]}},"_links":{"self":[{"href":"https:\/\/volcanes.net\/index.php?rest_route=\/wp\/v2\/posts\/13368"}],"collection":[{"href":"https:\/\/volcanes.net\/index.php?rest_route=\/wp\/v2\/posts"}],"about":[{"href":"https:\/\/volcanes.net\/index.php?rest_route=\/wp\/v2\/types\/post"}],"author":[{"embeddable":true,"href":"https:\/\/volcanes.net\/index.php?rest_route=\/wp\/v2\/users\/10"}],"replies":[{"embeddable":true,"href":"https:\/\/volcanes.net\/index.php?rest_route=%2Fwp%2Fv2%2Fcomments&post=13368"}],"version-history":[{"count":1,"href":"https:\/\/volcanes.net\/index.php?rest_route=\/wp\/v2\/posts\/13368\/revisions"}],"predecessor-version":[{"id":13370,"href":"https:\/\/volcanes.net\/index.php?rest_route=\/wp\/v2\/posts\/13368\/revisions\/13370"}],"wp:featuredmedia":[{"embeddable":true,"href":"https:\/\/volcanes.net\/index.php?rest_route=\/wp\/v2\/media\/13369"}],"wp:attachment":[{"href":"https:\/\/volcanes.net\/index.php?rest_route=%2Fwp%2Fv2%2Fmedia&parent=13368"}],"wp:term":[{"taxonomy":"category","embeddable":true,"href":"https:\/\/volcanes.net\/index.php?rest_route=%2Fwp%2Fv2%2Fcategories&post=13368"},{"taxonomy":"post_tag","embeddable":true,"href":"https:\/\/volcanes.net\/index.php?rest_route=%2Fwp%2Fv2%2Ftags&post=13368"}],"curies":[{"name":"wp","href":"https:\/\/api.w.org\/{rel}","templated":true}]}}