{"id":13371,"date":"2022-12-07T23:00:31","date_gmt":"2022-12-08T05:00:31","guid":{"rendered":"http:\/\/volcanes.net\/?p=13371"},"modified":"2022-12-07T22:52:48","modified_gmt":"2022-12-08T04:52:48","slug":"miguel-gutierrez-presenta-su-primer-informe-de-gobierno-en-sesion-solemne-de-cabildo","status":"publish","type":"post","link":"https:\/\/volcanes.net\/?p=13371","title":{"rendered":"Miguel Guti\u00e9rrez presenta su Primer Informe de Gobierno en Sesi\u00f3n solemne de Cabildo"},"content":{"rendered":"<div style=\"margin-top: 0px; margin-bottom: 0px;\" class=\"sharethis-inline-share-buttons\" ><\/div><p>El Presidente Municipal, Miguel Guti\u00e9rrez encabez\u00f3 la Sesi\u00f3n Solemne de Cabildo, donde, ante el Secretario de Desarrollo Urbano y Obra de Gobierno del Estado de M\u00e9xico y representante personal del Gobernador Alfredo de Mazo, Rafael D\u00edaz-Leal Barrueta; el Secretario del Ayuntamiento; la S\u00edndica; las y los Regidores, present\u00f3 el Primer Informe del estado que guarda la Administraci\u00f3n P\u00fablica 2022-2024.<\/p>\n<p>En su mensaje, el Alcalde agradeci\u00f3 el compromiso y entrega de las y los directores, coordinadores, adem\u00e1s de las y los servidores p\u00fablicos; as\u00ed como a Autoridades Auxiliares, por respaldar la ejecuci\u00f3n de las obras y buenas acciones. Miguel Guti\u00e9rrez dio cuenta de que, gracias a la gestiones ante el Gobierno del Estado de M\u00e9xico, inici\u00f3 la construcci\u00f3n del Colector Solidaridad y el Centro de Rehabilitaci\u00f3n y Educaci\u00f3n Especial; y en conjunto con el Gobierno de M\u00e9xico, est\u00e1 en marcha la construcci\u00f3n del Troleb\u00fas Chalco-Santa Martha.<\/p>\n<p>El Presidente Municipal, Miguel Guti\u00e9rrez inform\u00f3 que, con participaciones federales, estatales y recursos propios, este 2022 se han invertido 326 millones de pesos para la realizaci\u00f3n de 182 obras de infraestructura urbana e hidr\u00e1ulica,en beneficio de todas las comunidades.\u201cEstoy convencido de que, haciendo las cosas bien,hemos progresado. Somos el municipio m\u00e1s premiado en el Estado de M\u00e9xico. Ya no hay abuso de poder ni privilegios para servidores p\u00fablicos, hoy se respeta a la gente buena de Chalco. Gracias por su confianza\u201d, finaliz\u00f3.<\/p>\n<p>Durante su intervenci\u00f3n, el Secretario de Desarrollo Urbano y Obra de Gobierno del Estado de M\u00e9xico, Rafael D\u00edaz-Leal Barrueta felicit\u00f3 al Presidente Municipal,Miguel Guti\u00e9rrez por su primer a\u00f1o de gobierno. Asegur\u00f3 que, gracias a la coordinaci\u00f3n y el buen desempe\u00f1o del Alcalde, es que se han logrado mejoras en todos los \u00e1mbitos. \u201cSe nota la experiencia, el bueno tino\u201d, afirm\u00f3.<\/p>\n","protected":false},"excerpt":{"rendered":"<p>El Presidente Municipal, Miguel Guti\u00e9rrez encabez\u00f3 la Sesi\u00f3n Solemne de Cabildo, donde, ante el Secretario<\/p>\n","protected":false},"author":10,"featured_media":13372,"comment_status":"open","ping_status":"open","sticky":false,"template":"","format":"standard","meta":{"footnotes":""},"categories":[1],"tags":[],"class_list":["post-13371","post","type-post","status-publish","format-standard","has-post-thumbnail","hentry","category-municipales"],"yoast_head":"<!-- This site is optimized with the Yoast SEO plugin v25.3 - https:\/\/yoast.com\/wordpress\/plugins\/seo\/ -->\n<title>Miguel Guti\u00e9rrez presenta su Primer Informe de Gobierno en Sesi\u00f3n solemne de Cabildo - Volcanes<\/title>\n<meta name=\"robots\" content=\"index, follow, max-snippet:-1, max-image-preview:large, max-video-preview:-1\" \/>\n<link rel=\"canonical\" href=\"https:\/\/volcanes.net\/?p=13371\" \/>\n<meta property=\"og:locale\" content=\"es_MX\" \/>\n<meta property=\"og:type\" content=\"article\" \/>\n<meta property=\"og:title\" content=\"Miguel Guti\u00e9rrez presenta su Primer Informe de Gobierno en Sesi\u00f3n solemne de Cabildo - Volcanes\" \/>\n<meta property=\"og:description\" content=\"El Presidente Municipal, Miguel Guti\u00e9rrez encabez\u00f3 la Sesi\u00f3n Solemne de Cabildo, donde, ante el Secretario\" \/>\n<meta property=\"og:url\" content=\"https:\/\/volcanes.net\/?p=13371\" \/>\n<meta property=\"og:site_name\" content=\"Volcanes\" \/>\n<meta property=\"article:publisher\" content=\"https:\/\/www.facebook.com\/volcanes.net\/\" \/>\n<meta property=\"article:published_time\" content=\"2022-12-08T05:00:31+00:00\" \/>\n<meta property=\"og:image\" content=\"https:\/\/volcanes.net\/wp-content\/uploads\/2022\/12\/IMG-20221207-WA0014.jpg\" \/>\n\t<meta property=\"og:image:width\" content=\"1600\" \/>\n\t<meta property=\"og:image:height\" content=\"1064\" \/>\n\t<meta property=\"og:image:type\" content=\"image\/jpeg\" \/>\n<meta name=\"author\" content=\"Grupo Volcanes\" \/>\n<meta name=\"twitter:card\" content=\"summary_large_image\" \/>\n<meta name=\"twitter:label1\" content=\"Escrito por\" \/>\n\t<meta name=\"twitter:data1\" content=\"Grupo Volcanes\" \/>\n\t<meta name=\"twitter:label2\" content=\"Tiempo de lectura\" \/>\n\t<meta name=\"twitter:data2\" content=\"2 minutos\" \/>\n<script type=\"application\/ld+json\" class=\"yoast-schema-graph\">{\"@context\":\"https:\/\/schema.org\",\"@graph\":[{\"@type\":\"Article\",\"@id\":\"https:\/\/volcanes.net\/?p=13371#article\",\"isPartOf\":{\"@id\":\"https:\/\/volcanes.net\/?p=13371\"},\"author\":{\"name\":\"Grupo Volcanes\",\"@id\":\"https:\/\/volcanes.net\/#\/schema\/person\/a851dc341d56a2915a80936acca8dc6d\"},\"headline\":\"Miguel Guti\u00e9rrez presenta su Primer Informe de Gobierno en Sesi\u00f3n solemne de Cabildo\",\"datePublished\":\"2022-12-08T05:00:31+00:00\",\"mainEntityOfPage\":{\"@id\":\"https:\/\/volcanes.net\/?p=13371\"},\"wordCount\":334,\"commentCount\":0,\"publisher\":{\"@id\":\"https:\/\/volcanes.net\/#organization\"},\"image\":{\"@id\":\"https:\/\/volcanes.net\/?p=13371#primaryimage\"},\"thumbnailUrl\":\"https:\/\/volcanes.net\/wp-content\/uploads\/2022\/12\/IMG-20221207-WA0014.jpg\",\"articleSection\":[\"Municipales\"],\"inLanguage\":\"es\",\"potentialAction\":[{\"@type\":\"CommentAction\",\"name\":\"Comment\",\"target\":[\"https:\/\/volcanes.net\/?p=13371#respond\"]}]},{\"@type\":\"WebPage\",\"@id\":\"https:\/\/volcanes.net\/?p=13371\",\"url\":\"https:\/\/volcanes.net\/?p=13371\",\"name\":\"Miguel Guti\u00e9rrez presenta su Primer Informe de Gobierno en Sesi\u00f3n solemne de Cabildo - Volcanes\",\"isPartOf\":{\"@id\":\"https:\/\/volcanes.net\/#website\"},\"primaryImageOfPage\":{\"@id\":\"https:\/\/volcanes.net\/?p=13371#primaryimage\"},\"image\":{\"@id\":\"https:\/\/volcanes.net\/?p=13371#primaryimage\"},\"thumbnailUrl\":\"https:\/\/volcanes.net\/wp-content\/uploads\/2022\/12\/IMG-20221207-WA0014.jpg\",\"datePublished\":\"2022-12-08T05:00:31+00:00\",\"breadcrumb\":{\"@id\":\"https:\/\/volcanes.net\/?p=13371#breadcrumb\"},\"inLanguage\":\"es\",\"potentialAction\":[{\"@type\":\"ReadAction\",\"target\":[\"https:\/\/volcanes.net\/?p=13371\"]}]},{\"@type\":\"ImageObject\",\"inLanguage\":\"es\",\"@id\":\"https:\/\/volcanes.net\/?p=13371#primaryimage\",\"url\":\"https:\/\/volcanes.net\/wp-content\/uploads\/2022\/12\/IMG-20221207-WA0014.jpg\",\"contentUrl\":\"https:\/\/volcanes.net\/wp-content\/uploads\/2022\/12\/IMG-20221207-WA0014.jpg\",\"width\":1600,\"height\":1064},{\"@type\":\"BreadcrumbList\",\"@id\":\"https:\/\/volcanes.net\/?p=13371#breadcrumb\",\"itemListElement\":[{\"@type\":\"ListItem\",\"position\":1,\"name\":\"Portada\",\"item\":\"https:\/\/volcanes.net\/\"},{\"@type\":\"ListItem\",\"position\":2,\"name\":\"Miguel Guti\u00e9rrez presenta su Primer Informe de Gobierno en Sesi\u00f3n solemne de Cabildo\"}]},{\"@type\":\"WebSite\",\"@id\":\"https:\/\/volcanes.net\/#website\",\"url\":\"https:\/\/volcanes.net\/\",\"name\":\"Volcanes.Net\",\"description\":\"Periodismo Profesional\",\"publisher\":{\"@id\":\"https:\/\/volcanes.net\/#organization\"},\"potentialAction\":[{\"@type\":\"SearchAction\",\"target\":{\"@type\":\"EntryPoint\",\"urlTemplate\":\"https:\/\/volcanes.net\/?s={search_term_string}\"},\"query-input\":{\"@type\":\"PropertyValueSpecification\",\"valueRequired\":true,\"valueName\":\"search_term_string\"}}],\"inLanguage\":\"es\"},{\"@type\":\"Organization\",\"@id\":\"https:\/\/volcanes.net\/#organization\",\"name\":\"Grupo Volcanes\",\"url\":\"https:\/\/volcanes.net\/\",\"logo\":{\"@type\":\"ImageObject\",\"inLanguage\":\"es\",\"@id\":\"https:\/\/volcanes.net\/#\/schema\/logo\/image\/\",\"url\":\"http:\/\/volcanes.net\/wp-content\/uploads\/2017\/12\/Avatar2.jpg\",\"contentUrl\":\"http:\/\/volcanes.net\/wp-content\/uploads\/2017\/12\/Avatar2.jpg\",\"width\":378,\"height\":378,\"caption\":\"Grupo Volcanes\"},\"image\":{\"@id\":\"https:\/\/volcanes.net\/#\/schema\/logo\/image\/\"},\"sameAs\":[\"https:\/\/www.facebook.com\/volcanes.net\/\"]},{\"@type\":\"Person\",\"@id\":\"https:\/\/volcanes.net\/#\/schema\/person\/a851dc341d56a2915a80936acca8dc6d\",\"name\":\"Grupo Volcanes\",\"image\":{\"@type\":\"ImageObject\",\"inLanguage\":\"es\",\"@id\":\"https:\/\/volcanes.net\/#\/schema\/person\/image\/\",\"url\":\"https:\/\/secure.gravatar.com\/avatar\/00d1a47c371c721e30bacc47ac096981?s=96&d=mm&r=g\",\"contentUrl\":\"https:\/\/secure.gravatar.com\/avatar\/00d1a47c371c721e30bacc47ac096981?s=96&d=mm&r=g\",\"caption\":\"Grupo Volcanes\"}}]}<\/script>\n<!-- \/ Yoast SEO plugin. -->","yoast_head_json":{"title":"Miguel Guti\u00e9rrez presenta su Primer Informe de Gobierno en Sesi\u00f3n solemne de Cabildo - Volcanes","robots":{"index":"index","follow":"follow","max-snippet":"max-snippet:-1","max-image-preview":"max-image-preview:large","max-video-preview":"max-video-preview:-1"},"canonical":"https:\/\/volcanes.net\/?p=13371","og_locale":"es_MX","og_type":"article","og_title":"Miguel Guti\u00e9rrez presenta su Primer Informe de Gobierno en Sesi\u00f3n solemne de Cabildo - Volcanes","og_description":"El Presidente Municipal, Miguel Guti\u00e9rrez encabez\u00f3 la Sesi\u00f3n Solemne de Cabildo, donde, ante el Secretario","og_url":"https:\/\/volcanes.net\/?p=13371","og_site_name":"Volcanes","article_publisher":"https:\/\/www.facebook.com\/volcanes.net\/","article_published_time":"2022-12-08T05:00:31+00:00","og_image":[{"width":1600,"height":1064,"url":"https:\/\/volcanes.net\/wp-content\/uploads\/2022\/12\/IMG-20221207-WA0014.jpg","type":"image\/jpeg"}],"author":"Grupo Volcanes","twitter_card":"summary_large_image","twitter_misc":{"Escrito por":"Grupo Volcanes","Tiempo de lectura":"2 minutos"},"schema":{"@context":"https:\/\/schema.org","@graph":[{"@type":"Article","@id":"https:\/\/volcanes.net\/?p=13371#article","isPartOf":{"@id":"https:\/\/volcanes.net\/?p=13371"},"author":{"name":"Grupo Volcanes","@id":"https:\/\/volcanes.net\/#\/schema\/person\/a851dc341d56a2915a80936acca8dc6d"},"headline":"Miguel Guti\u00e9rrez presenta su Primer Informe de Gobierno en Sesi\u00f3n solemne de Cabildo","datePublished":"2022-12-08T05:00:31+00:00","mainEntityOfPage":{"@id":"https:\/\/volcanes.net\/?p=13371"},"wordCount":334,"commentCount":0,"publisher":{"@id":"https:\/\/volcanes.net\/#organization"},"image":{"@id":"https:\/\/volcanes.net\/?p=13371#primaryimage"},"thumbnailUrl":"https:\/\/volcanes.net\/wp-content\/uploads\/2022\/12\/IMG-20221207-WA0014.jpg","articleSection":["Municipales"],"inLanguage":"es","potentialAction":[{"@type":"CommentAction","name":"Comment","target":["https:\/\/volcanes.net\/?p=13371#respond"]}]},{"@type":"WebPage","@id":"https:\/\/volcanes.net\/?p=13371","url":"https:\/\/volcanes.net\/?p=13371","name":"Miguel Guti\u00e9rrez presenta su Primer Informe de Gobierno en Sesi\u00f3n solemne de Cabildo - Volcanes","isPartOf":{"@id":"https:\/\/volcanes.net\/#website"},"primaryImageOfPage":{"@id":"https:\/\/volcanes.net\/?p=13371#primaryimage"},"image":{"@id":"https:\/\/volcanes.net\/?p=13371#primaryimage"},"thumbnailUrl":"https:\/\/volcanes.net\/wp-content\/uploads\/2022\/12\/IMG-20221207-WA0014.jpg","datePublished":"2022-12-08T05:00:31+00:00","breadcrumb":{"@id":"https:\/\/volcanes.net\/?p=13371#breadcrumb"},"inLanguage":"es","potentialAction":[{"@type":"ReadAction","target":["https:\/\/volcanes.net\/?p=13371"]}]},{"@type":"ImageObject","inLanguage":"es","@id":"https:\/\/volcanes.net\/?p=13371#primaryimage","url":"https:\/\/volcanes.net\/wp-content\/uploads\/2022\/12\/IMG-20221207-WA0014.jpg","contentUrl":"https:\/\/volcanes.net\/wp-content\/uploads\/2022\/12\/IMG-20221207-WA0014.jpg","width":1600,"height":1064},{"@type":"BreadcrumbList","@id":"https:\/\/volcanes.net\/?p=13371#breadcrumb","itemListElement":[{"@type":"ListItem","position":1,"name":"Portada","item":"https:\/\/volcanes.net\/"},{"@type":"ListItem","position":2,"name":"Miguel Guti\u00e9rrez presenta su Primer Informe de Gobierno en Sesi\u00f3n solemne de Cabildo"}]},{"@type":"WebSite","@id":"https:\/\/volcanes.net\/#website","url":"https:\/\/volcanes.net\/","name":"Volcanes.Net","description":"Periodismo Profesional","publisher":{"@id":"https:\/\/volcanes.net\/#organization"},"potentialAction":[{"@type":"SearchAction","target":{"@type":"EntryPoint","urlTemplate":"https:\/\/volcanes.net\/?s={search_term_string}"},"query-input":{"@type":"PropertyValueSpecification","valueRequired":true,"valueName":"search_term_string"}}],"inLanguage":"es"},{"@type":"Organization","@id":"https:\/\/volcanes.net\/#organization","name":"Grupo Volcanes","url":"https:\/\/volcanes.net\/","logo":{"@type":"ImageObject","inLanguage":"es","@id":"https:\/\/volcanes.net\/#\/schema\/logo\/image\/","url":"http:\/\/volcanes.net\/wp-content\/uploads\/2017\/12\/Avatar2.jpg","contentUrl":"http:\/\/volcanes.net\/wp-content\/uploads\/2017\/12\/Avatar2.jpg","width":378,"height":378,"caption":"Grupo Volcanes"},"image":{"@id":"https:\/\/volcanes.net\/#\/schema\/logo\/image\/"},"sameAs":["https:\/\/www.facebook.com\/volcanes.net\/"]},{"@type":"Person","@id":"https:\/\/volcanes.net\/#\/schema\/person\/a851dc341d56a2915a80936acca8dc6d","name":"Grupo Volcanes","image":{"@type":"ImageObject","inLanguage":"es","@id":"https:\/\/volcanes.net\/#\/schema\/person\/image\/","url":"https:\/\/secure.gravatar.com\/avatar\/00d1a47c371c721e30bacc47ac096981?s=96&d=mm&r=g","contentUrl":"https:\/\/secure.gravatar.com\/avatar\/00d1a47c371c721e30bacc47ac096981?s=96&d=mm&r=g","caption":"Grupo Volcanes"}}]}},"_links":{"self":[{"href":"https:\/\/volcanes.net\/index.php?rest_route=\/wp\/v2\/posts\/13371"}],"collection":[{"href":"https:\/\/volcanes.net\/index.php?rest_route=\/wp\/v2\/posts"}],"about":[{"href":"https:\/\/volcanes.net\/index.php?rest_route=\/wp\/v2\/types\/post"}],"author":[{"embeddable":true,"href":"https:\/\/volcanes.net\/index.php?rest_route=\/wp\/v2\/users\/10"}],"replies":[{"embeddable":true,"href":"https:\/\/volcanes.net\/index.php?rest_route=%2Fwp%2Fv2%2Fcomments&post=13371"}],"version-history":[{"count":1,"href":"https:\/\/volcanes.net\/index.php?rest_route=\/wp\/v2\/posts\/13371\/revisions"}],"predecessor-version":[{"id":13373,"href":"https:\/\/volcanes.net\/index.php?rest_route=\/wp\/v2\/posts\/13371\/revisions\/13373"}],"wp:featuredmedia":[{"embeddable":true,"href":"https:\/\/volcanes.net\/index.php?rest_route=\/wp\/v2\/media\/13372"}],"wp:attachment":[{"href":"https:\/\/volcanes.net\/index.php?rest_route=%2Fwp%2Fv2%2Fmedia&parent=13371"}],"wp:term":[{"taxonomy":"category","embeddable":true,"href":"https:\/\/volcanes.net\/index.php?rest_route=%2Fwp%2Fv2%2Fcategories&post=13371"},{"taxonomy":"post_tag","embeddable":true,"href":"https:\/\/volcanes.net\/index.php?rest_route=%2Fwp%2Fv2%2Ftags&post=13371"}],"curies":[{"name":"wp","href":"https:\/\/api.w.org\/{rel}","templated":true}]}}