{"id":13390,"date":"2022-11-09T20:00:59","date_gmt":"2022-11-10T02:00:59","guid":{"rendered":"http:\/\/volcanes.net\/?p=13390"},"modified":"2022-12-30T13:50:55","modified_gmt":"2022-12-30T19:50:55","slug":"el-gobierno-municipal-de-tenango-del-aire-invierte-en-alumbrado-publico","status":"publish","type":"post","link":"https:\/\/volcanes.net\/?p=13390","title":{"rendered":"El gobierno municipal de Tenango del Aire invierte en alumbrado p\u00fablico"},"content":{"rendered":"<div style=\"margin-top: 0px; margin-bottom: 0px;\" class=\"sharethis-inline-share-buttons\" ><\/div><p>Temango del Aire.- El gobierno municipal de Tenango del Aire invierte en alumbrado p\u00fablico.<\/p>\n<p>El presidente municipal Roberto \u00c1vila Ventura di\u00f3 a conocer que la avenida Hidalgo Sur cuenta ya con un alumbrado p\u00fablico moderno y eficiente.<\/p>\n<p>El tramo que se ha iluminado comprende desde la calle 18 de marzo hasta la calle Morelos.<\/p>\n<p>Esta obra beneficia a dos barrios importantes de este municipio, el barrio San Miguel y el barrio Amilco.<\/p>\n<p>El alcalde se comprometi\u00f3 con los vecinos para gestionar recursos para la pavimentaci\u00f3n de esta importante avenida, obra que se ejecutar\u00e1 en el 2023.<\/p>\n<p>Destac\u00f3 el presidente municipal que la pavimentaci\u00f3n de esta calle se realiz\u00f3 hace casi 30 a\u00f1os por lo que es necesario trabajar en la pavimentaci\u00f3n nuevamente.<\/p>\n<p>Indic\u00f3 el alcalde que se puede comprometer con su pueblo al tener certeza de los recursos financieros y que al ser un gobierno de continuidad esto le da mayor ventaja en la gesti\u00f3n de m\u00e1s recursos para beneficio de los habitantes de este municipio.<\/p>\n<p>Por otra parte destac\u00f3 que durante el primer a\u00f1o de este gobierno de continuidad ya se han cumplido con el 90 por ciento de los compromisos de campa\u00f1a.<\/p>\n<p>Finalmente recalc\u00f3 que es muy necesario iluminar las calles ara ofrecer mayor seguridad a los habitantes de este municipio, dijo que todas estas obras ser\u00e1n informadas en el pr\u00f3ximo informe de gobierno.<\/p>\n<p>&nbsp;<\/p>\n<p>https:\/\/youtu.be\/sfqwBatiSpE<\/p>\n<ul>\n<li><\/li>\n<\/ul>\n","protected":false},"excerpt":{"rendered":"<p>Temango del Aire.- El gobierno municipal de Tenango del Aire invierte en alumbrado p\u00fablico. El<\/p>\n","protected":false},"author":10,"featured_media":13391,"comment_status":"open","ping_status":"open","sticky":false,"template":"","format":"standard","meta":{"footnotes":""},"categories":[1],"tags":[],"class_list":["post-13390","post","type-post","status-publish","format-standard","has-post-thumbnail","hentry","category-municipales","has-post-video"],"yoast_head":"<!-- This site is optimized with the Yoast SEO plugin v25.3 - https:\/\/yoast.com\/wordpress\/plugins\/seo\/ -->\n<title>El gobierno municipal de Tenango del Aire invierte en alumbrado p\u00fablico - Volcanes<\/title>\n<meta name=\"robots\" content=\"index, follow, max-snippet:-1, max-image-preview:large, max-video-preview:-1\" \/>\n<link rel=\"canonical\" href=\"https:\/\/volcanes.net\/?p=13390\" \/>\n<meta property=\"og:locale\" content=\"es_MX\" \/>\n<meta property=\"og:type\" content=\"article\" \/>\n<meta property=\"og:title\" content=\"El gobierno municipal de Tenango del Aire invierte en alumbrado p\u00fablico - Volcanes\" \/>\n<meta property=\"og:description\" content=\"Temango del Aire.- El gobierno municipal de Tenango del Aire invierte en alumbrado p\u00fablico. El\" \/>\n<meta property=\"og:url\" content=\"https:\/\/volcanes.net\/?p=13390\" \/>\n<meta property=\"og:site_name\" content=\"Volcanes\" \/>\n<meta property=\"article:publisher\" content=\"https:\/\/www.facebook.com\/volcanes.net\/\" \/>\n<meta property=\"article:published_time\" content=\"2022-11-10T02:00:59+00:00\" \/>\n<meta property=\"article:modified_time\" content=\"2022-12-30T19:50:55+00:00\" \/>\n<meta property=\"og:image\" content=\"https:\/\/volcanes.net\/wp-content\/uploads\/2022\/12\/En-Tenango-del-Aire-inician-obra-de-iluminacion-en-calle-Hidalgo-Sur.jpeg\" \/>\n\t<meta property=\"og:image:width\" content=\"1280\" \/>\n\t<meta property=\"og:image:height\" content=\"720\" \/>\n\t<meta property=\"og:image:type\" content=\"image\/jpeg\" \/>\n<meta name=\"author\" content=\"Grupo Volcanes\" \/>\n<meta name=\"twitter:card\" content=\"summary_large_image\" \/>\n<meta name=\"twitter:label1\" content=\"Escrito por\" \/>\n\t<meta name=\"twitter:data1\" content=\"Grupo Volcanes\" \/>\n\t<meta name=\"twitter:label2\" content=\"Tiempo de lectura\" \/>\n\t<meta name=\"twitter:data2\" content=\"2 minutos\" \/>\n<script type=\"application\/ld+json\" class=\"yoast-schema-graph\">{\"@context\":\"https:\/\/schema.org\",\"@graph\":[{\"@type\":\"Article\",\"@id\":\"https:\/\/volcanes.net\/?p=13390#article\",\"isPartOf\":{\"@id\":\"https:\/\/volcanes.net\/?p=13390\"},\"author\":{\"name\":\"Grupo Volcanes\",\"@id\":\"https:\/\/volcanes.net\/#\/schema\/person\/a851dc341d56a2915a80936acca8dc6d\"},\"headline\":\"El gobierno municipal de Tenango del Aire invierte en alumbrado p\u00fablico\",\"datePublished\":\"2022-11-10T02:00:59+00:00\",\"dateModified\":\"2022-12-30T19:50:55+00:00\",\"mainEntityOfPage\":{\"@id\":\"https:\/\/volcanes.net\/?p=13390\"},\"wordCount\":252,\"commentCount\":0,\"publisher\":{\"@id\":\"https:\/\/volcanes.net\/#organization\"},\"image\":{\"@id\":\"https:\/\/volcanes.net\/?p=13390#primaryimage\"},\"thumbnailUrl\":\"https:\/\/volcanes.net\/wp-content\/uploads\/2022\/12\/En-Tenango-del-Aire-inician-obra-de-iluminacion-en-calle-Hidalgo-Sur.jpeg\",\"articleSection\":[\"Municipales\"],\"inLanguage\":\"es\",\"potentialAction\":[{\"@type\":\"CommentAction\",\"name\":\"Comment\",\"target\":[\"https:\/\/volcanes.net\/?p=13390#respond\"]}]},{\"@type\":\"WebPage\",\"@id\":\"https:\/\/volcanes.net\/?p=13390\",\"url\":\"https:\/\/volcanes.net\/?p=13390\",\"name\":\"El gobierno municipal de Tenango del Aire invierte en alumbrado p\u00fablico - Volcanes\",\"isPartOf\":{\"@id\":\"https:\/\/volcanes.net\/#website\"},\"primaryImageOfPage\":{\"@id\":\"https:\/\/volcanes.net\/?p=13390#primaryimage\"},\"image\":{\"@id\":\"https:\/\/volcanes.net\/?p=13390#primaryimage\"},\"thumbnailUrl\":\"https:\/\/volcanes.net\/wp-content\/uploads\/2022\/12\/En-Tenango-del-Aire-inician-obra-de-iluminacion-en-calle-Hidalgo-Sur.jpeg\",\"datePublished\":\"2022-11-10T02:00:59+00:00\",\"dateModified\":\"2022-12-30T19:50:55+00:00\",\"breadcrumb\":{\"@id\":\"https:\/\/volcanes.net\/?p=13390#breadcrumb\"},\"inLanguage\":\"es\",\"potentialAction\":[{\"@type\":\"ReadAction\",\"target\":[\"https:\/\/volcanes.net\/?p=13390\"]}]},{\"@type\":\"ImageObject\",\"inLanguage\":\"es\",\"@id\":\"https:\/\/volcanes.net\/?p=13390#primaryimage\",\"url\":\"https:\/\/volcanes.net\/wp-content\/uploads\/2022\/12\/En-Tenango-del-Aire-inician-obra-de-iluminacion-en-calle-Hidalgo-Sur.jpeg\",\"contentUrl\":\"https:\/\/volcanes.net\/wp-content\/uploads\/2022\/12\/En-Tenango-del-Aire-inician-obra-de-iluminacion-en-calle-Hidalgo-Sur.jpeg\",\"width\":1280,\"height\":720},{\"@type\":\"BreadcrumbList\",\"@id\":\"https:\/\/volcanes.net\/?p=13390#breadcrumb\",\"itemListElement\":[{\"@type\":\"ListItem\",\"position\":1,\"name\":\"Portada\",\"item\":\"https:\/\/volcanes.net\/\"},{\"@type\":\"ListItem\",\"position\":2,\"name\":\"El gobierno municipal de Tenango del Aire invierte en alumbrado p\u00fablico\"}]},{\"@type\":\"WebSite\",\"@id\":\"https:\/\/volcanes.net\/#website\",\"url\":\"https:\/\/volcanes.net\/\",\"name\":\"Volcanes.Net\",\"description\":\"Periodismo Profesional\",\"publisher\":{\"@id\":\"https:\/\/volcanes.net\/#organization\"},\"potentialAction\":[{\"@type\":\"SearchAction\",\"target\":{\"@type\":\"EntryPoint\",\"urlTemplate\":\"https:\/\/volcanes.net\/?s={search_term_string}\"},\"query-input\":{\"@type\":\"PropertyValueSpecification\",\"valueRequired\":true,\"valueName\":\"search_term_string\"}}],\"inLanguage\":\"es\"},{\"@type\":\"Organization\",\"@id\":\"https:\/\/volcanes.net\/#organization\",\"name\":\"Grupo Volcanes\",\"url\":\"https:\/\/volcanes.net\/\",\"logo\":{\"@type\":\"ImageObject\",\"inLanguage\":\"es\",\"@id\":\"https:\/\/volcanes.net\/#\/schema\/logo\/image\/\",\"url\":\"http:\/\/volcanes.net\/wp-content\/uploads\/2017\/12\/Avatar2.jpg\",\"contentUrl\":\"http:\/\/volcanes.net\/wp-content\/uploads\/2017\/12\/Avatar2.jpg\",\"width\":378,\"height\":378,\"caption\":\"Grupo Volcanes\"},\"image\":{\"@id\":\"https:\/\/volcanes.net\/#\/schema\/logo\/image\/\"},\"sameAs\":[\"https:\/\/www.facebook.com\/volcanes.net\/\"]},{\"@type\":\"Person\",\"@id\":\"https:\/\/volcanes.net\/#\/schema\/person\/a851dc341d56a2915a80936acca8dc6d\",\"name\":\"Grupo Volcanes\",\"image\":{\"@type\":\"ImageObject\",\"inLanguage\":\"es\",\"@id\":\"https:\/\/volcanes.net\/#\/schema\/person\/image\/\",\"url\":\"https:\/\/secure.gravatar.com\/avatar\/00d1a47c371c721e30bacc47ac096981?s=96&d=mm&r=g\",\"contentUrl\":\"https:\/\/secure.gravatar.com\/avatar\/00d1a47c371c721e30bacc47ac096981?s=96&d=mm&r=g\",\"caption\":\"Grupo Volcanes\"}}]}<\/script>\n<!-- \/ Yoast SEO plugin. -->","yoast_head_json":{"title":"El gobierno municipal de Tenango del Aire invierte en alumbrado p\u00fablico - Volcanes","robots":{"index":"index","follow":"follow","max-snippet":"max-snippet:-1","max-image-preview":"max-image-preview:large","max-video-preview":"max-video-preview:-1"},"canonical":"https:\/\/volcanes.net\/?p=13390","og_locale":"es_MX","og_type":"article","og_title":"El gobierno municipal de Tenango del Aire invierte en alumbrado p\u00fablico - Volcanes","og_description":"Temango del Aire.- El gobierno municipal de Tenango del Aire invierte en alumbrado p\u00fablico. El","og_url":"https:\/\/volcanes.net\/?p=13390","og_site_name":"Volcanes","article_publisher":"https:\/\/www.facebook.com\/volcanes.net\/","article_published_time":"2022-11-10T02:00:59+00:00","article_modified_time":"2022-12-30T19:50:55+00:00","og_image":[{"width":1280,"height":720,"url":"https:\/\/volcanes.net\/wp-content\/uploads\/2022\/12\/En-Tenango-del-Aire-inician-obra-de-iluminacion-en-calle-Hidalgo-Sur.jpeg","type":"image\/jpeg"}],"author":"Grupo Volcanes","twitter_card":"summary_large_image","twitter_misc":{"Escrito por":"Grupo Volcanes","Tiempo de lectura":"2 minutos"},"schema":{"@context":"https:\/\/schema.org","@graph":[{"@type":"Article","@id":"https:\/\/volcanes.net\/?p=13390#article","isPartOf":{"@id":"https:\/\/volcanes.net\/?p=13390"},"author":{"name":"Grupo Volcanes","@id":"https:\/\/volcanes.net\/#\/schema\/person\/a851dc341d56a2915a80936acca8dc6d"},"headline":"El gobierno municipal de Tenango del Aire invierte en alumbrado p\u00fablico","datePublished":"2022-11-10T02:00:59+00:00","dateModified":"2022-12-30T19:50:55+00:00","mainEntityOfPage":{"@id":"https:\/\/volcanes.net\/?p=13390"},"wordCount":252,"commentCount":0,"publisher":{"@id":"https:\/\/volcanes.net\/#organization"},"image":{"@id":"https:\/\/volcanes.net\/?p=13390#primaryimage"},"thumbnailUrl":"https:\/\/volcanes.net\/wp-content\/uploads\/2022\/12\/En-Tenango-del-Aire-inician-obra-de-iluminacion-en-calle-Hidalgo-Sur.jpeg","articleSection":["Municipales"],"inLanguage":"es","potentialAction":[{"@type":"CommentAction","name":"Comment","target":["https:\/\/volcanes.net\/?p=13390#respond"]}]},{"@type":"WebPage","@id":"https:\/\/volcanes.net\/?p=13390","url":"https:\/\/volcanes.net\/?p=13390","name":"El gobierno municipal de Tenango del Aire invierte en alumbrado p\u00fablico - Volcanes","isPartOf":{"@id":"https:\/\/volcanes.net\/#website"},"primaryImageOfPage":{"@id":"https:\/\/volcanes.net\/?p=13390#primaryimage"},"image":{"@id":"https:\/\/volcanes.net\/?p=13390#primaryimage"},"thumbnailUrl":"https:\/\/volcanes.net\/wp-content\/uploads\/2022\/12\/En-Tenango-del-Aire-inician-obra-de-iluminacion-en-calle-Hidalgo-Sur.jpeg","datePublished":"2022-11-10T02:00:59+00:00","dateModified":"2022-12-30T19:50:55+00:00","breadcrumb":{"@id":"https:\/\/volcanes.net\/?p=13390#breadcrumb"},"inLanguage":"es","potentialAction":[{"@type":"ReadAction","target":["https:\/\/volcanes.net\/?p=13390"]}]},{"@type":"ImageObject","inLanguage":"es","@id":"https:\/\/volcanes.net\/?p=13390#primaryimage","url":"https:\/\/volcanes.net\/wp-content\/uploads\/2022\/12\/En-Tenango-del-Aire-inician-obra-de-iluminacion-en-calle-Hidalgo-Sur.jpeg","contentUrl":"https:\/\/volcanes.net\/wp-content\/uploads\/2022\/12\/En-Tenango-del-Aire-inician-obra-de-iluminacion-en-calle-Hidalgo-Sur.jpeg","width":1280,"height":720},{"@type":"BreadcrumbList","@id":"https:\/\/volcanes.net\/?p=13390#breadcrumb","itemListElement":[{"@type":"ListItem","position":1,"name":"Portada","item":"https:\/\/volcanes.net\/"},{"@type":"ListItem","position":2,"name":"El gobierno municipal de Tenango del Aire invierte en alumbrado p\u00fablico"}]},{"@type":"WebSite","@id":"https:\/\/volcanes.net\/#website","url":"https:\/\/volcanes.net\/","name":"Volcanes.Net","description":"Periodismo Profesional","publisher":{"@id":"https:\/\/volcanes.net\/#organization"},"potentialAction":[{"@type":"SearchAction","target":{"@type":"EntryPoint","urlTemplate":"https:\/\/volcanes.net\/?s={search_term_string}"},"query-input":{"@type":"PropertyValueSpecification","valueRequired":true,"valueName":"search_term_string"}}],"inLanguage":"es"},{"@type":"Organization","@id":"https:\/\/volcanes.net\/#organization","name":"Grupo Volcanes","url":"https:\/\/volcanes.net\/","logo":{"@type":"ImageObject","inLanguage":"es","@id":"https:\/\/volcanes.net\/#\/schema\/logo\/image\/","url":"http:\/\/volcanes.net\/wp-content\/uploads\/2017\/12\/Avatar2.jpg","contentUrl":"http:\/\/volcanes.net\/wp-content\/uploads\/2017\/12\/Avatar2.jpg","width":378,"height":378,"caption":"Grupo Volcanes"},"image":{"@id":"https:\/\/volcanes.net\/#\/schema\/logo\/image\/"},"sameAs":["https:\/\/www.facebook.com\/volcanes.net\/"]},{"@type":"Person","@id":"https:\/\/volcanes.net\/#\/schema\/person\/a851dc341d56a2915a80936acca8dc6d","name":"Grupo Volcanes","image":{"@type":"ImageObject","inLanguage":"es","@id":"https:\/\/volcanes.net\/#\/schema\/person\/image\/","url":"https:\/\/secure.gravatar.com\/avatar\/00d1a47c371c721e30bacc47ac096981?s=96&d=mm&r=g","contentUrl":"https:\/\/secure.gravatar.com\/avatar\/00d1a47c371c721e30bacc47ac096981?s=96&d=mm&r=g","caption":"Grupo Volcanes"}}]}},"_links":{"self":[{"href":"https:\/\/volcanes.net\/index.php?rest_route=\/wp\/v2\/posts\/13390"}],"collection":[{"href":"https:\/\/volcanes.net\/index.php?rest_route=\/wp\/v2\/posts"}],"about":[{"href":"https:\/\/volcanes.net\/index.php?rest_route=\/wp\/v2\/types\/post"}],"author":[{"embeddable":true,"href":"https:\/\/volcanes.net\/index.php?rest_route=\/wp\/v2\/users\/10"}],"replies":[{"embeddable":true,"href":"https:\/\/volcanes.net\/index.php?rest_route=%2Fwp%2Fv2%2Fcomments&post=13390"}],"version-history":[{"count":1,"href":"https:\/\/volcanes.net\/index.php?rest_route=\/wp\/v2\/posts\/13390\/revisions"}],"predecessor-version":[{"id":13392,"href":"https:\/\/volcanes.net\/index.php?rest_route=\/wp\/v2\/posts\/13390\/revisions\/13392"}],"wp:featuredmedia":[{"embeddable":true,"href":"https:\/\/volcanes.net\/index.php?rest_route=\/wp\/v2\/media\/13391"}],"wp:attachment":[{"href":"https:\/\/volcanes.net\/index.php?rest_route=%2Fwp%2Fv2%2Fmedia&parent=13390"}],"wp:term":[{"taxonomy":"category","embeddable":true,"href":"https:\/\/volcanes.net\/index.php?rest_route=%2Fwp%2Fv2%2Fcategories&post=13390"},{"taxonomy":"post_tag","embeddable":true,"href":"https:\/\/volcanes.net\/index.php?rest_route=%2Fwp%2Fv2%2Ftags&post=13390"}],"curies":[{"name":"wp","href":"https:\/\/api.w.org\/{rel}","templated":true}]}}