{"id":13457,"date":"2023-01-26T22:07:31","date_gmt":"2023-01-27T04:07:31","guid":{"rendered":"http:\/\/volcanes.net\/?p=13457"},"modified":"2023-01-26T22:07:31","modified_gmt":"2023-01-27T04:07:31","slug":"policia-de-barrio-referente-de-seguridad-con-nuevas-tecnologias-dra-ivette-topete-garcia","status":"publish","type":"post","link":"https:\/\/volcanes.net\/?p=13457","title":{"rendered":"Polic\u00eda de barrio, referente de seguridad con nuevas tecnolog\u00edas: Dra. Ivette Topete Garc\u00eda"},"content":{"rendered":"<div style=\"margin-top: 0px; margin-bottom: 0px;\" class=\"sharethis-inline-share-buttons\" ><\/div><p>\u201cHemos consolidado el programa de seguridad p\u00fablica que me compromet\u00ed en mi campa\u00f1a pol\u00edtica y el Polic\u00eda de Barrio ya es un referente, est\u00e1 cerca de la ciudadan\u00eda y con la implementaci\u00f3n de las nuevas tecnolog\u00edas contamos con la aplicaci\u00f3n Amecameca App, el bot\u00f3n de p\u00e1nico SOS, el cual al pulsarlo el ciudadano manda la se\u00f1al desde su celular al C2 directamente y se da respuesta inmediata\u201d, expres\u00f3 la presidenta municipal Dra. Ivette Topete Garc\u00eda.<\/p>\n<p>Al presentar el programa de Seguridad P\u00fablica 2023 en conferencia de prensa, la alcaldesa precis\u00f3 que Amecameca ser\u00e1 l\u00edder en la regi\u00f3n oriente y la figura del Polic\u00eda de Barrio est\u00e1 teniendo mucha aceptaci\u00f3n, ya que est\u00e1n cerca de los vecinos, conocen a los elementos y tienen sus n\u00fameros telef\u00f3nicos por sectores para llamarlos en caso de alguna emergencia o auxilio.<\/p>\n<p>\u201cPor primera ocasi\u00f3n a trav\u00e9s de una llamada telef\u00f3nica al Centro de Mando y Control C2, se puede enlazar en segundos a los elementos de la polic\u00eda municipal en cada uno de los sectores para brindar auxilio en las 290 cuadras que conforman la Cabecera Municipal y en las ocho delegaciones, y tambi\u00e9n con los elementos de Protecci\u00f3n Civil y Bomberos, para dar respuestas inmediatas\u201d, explic\u00f3.<\/p>\n<p>Topete Garc\u00eda, dijo que no est\u00e1n vinculados con el n\u00famero de emergencias 911 ya que es mucho el tiempo que tardan al hacer la triangulaci\u00f3n para poder brindar un auxilio. \u201cPor ello se opt\u00f3 por crear nuestra propia aplicaci\u00f3n la cual ya pas\u00f3 la etapa de prueba, y se perfeccion\u00f3 para proporcionar mayor seguridad y apoyo a la ciudadan\u00eda de manera directa\u201d, precis\u00f3.<\/p>\n<p>A su vez el Comisario Municipal Ismael Ru\u00edz C\u00e1rdenas, destac\u00f3 que dentro de la corporaci\u00f3n se cre\u00f3 un grupo interdisciplinario para cambiar la mentalidad de los oficiales y que, a trav\u00e9s de la figura del Polic\u00eda de Barrio, est\u00e9n cerca de la ciudadan\u00eda a p\u00ede y en cada sector en las patrullas, que puedan interactuar a trav\u00e9s de los grupos de whatsapp y que los vecinos los conozcan.<\/p>\n<p>\u201cTenemos una polic\u00eda de proximidad social y ese es uno de los mayores logros de la actual administraci\u00f3n, por lo cual continuamos difundiendo calle por calle, casa por casa y comercio tras comercio las nuevas tecnolog\u00edas de seguridad p\u00fablica y colocando carteles para informar a la sociedad los n\u00fameros telef\u00f3nicos, el acceso a la aplicaci\u00f3n y toda la informaci\u00f3n necesaria para que en caso de una emergencia o auxilio puedan dar respuesta inmediata\u201d, abund\u00f3.<\/p>\n<p>Ru\u00edz C\u00e1rdenas dijo que el programa de seguridad p\u00fablica se desarrolla con eficiencia y se extiende a las 90 escuelas de este municipio, las cuales est\u00e1n incorporadas a las nuevas tecnolog\u00edas y la aplicaci\u00f3n Amecameca App, bot\u00f3n SOS el cual al pulsarlo el ciudadano manda la se\u00f1al desde su celular al C2 y se da respuesta inmediata mandando a la patrulla m\u00e1s cercana al lugar del auxilio.<\/p>\n<p>La presidenta municipal Dra. Ivette Topete Garc\u00eda, presenci\u00f3 los videos y dos ejercicios de enlace en vivo desde la Aplicaci\u00f3n y de un tel\u00e9fono celular como llamada de auxilio, para constatar la respuesta de manera \u00e1gil e inmediata. De igual forma anunci\u00f3 que en materia de seguridad p\u00fablica la ciudadan\u00eda est\u00e1 m\u00e1s protegida y utilizando las nuevas tecnolog\u00edas se da un gran paso que pondr\u00e1 a Amecameca como referente regional.<\/p>\n","protected":false},"excerpt":{"rendered":"<p>\u201cHemos consolidado el programa de seguridad p\u00fablica que me compromet\u00ed en mi campa\u00f1a pol\u00edtica y<\/p>\n","protected":false},"author":10,"featured_media":13458,"comment_status":"open","ping_status":"open","sticky":false,"template":"","format":"standard","meta":{"footnotes":""},"categories":[1],"tags":[],"class_list":["post-13457","post","type-post","status-publish","format-standard","has-post-thumbnail","hentry","category-municipales"],"yoast_head":"<!-- This site is optimized with the Yoast SEO plugin v25.3 - https:\/\/yoast.com\/wordpress\/plugins\/seo\/ -->\n<title>Polic\u00eda de barrio, referente de seguridad con nuevas tecnolog\u00edas: Dra. Ivette Topete Garc\u00eda - Volcanes<\/title>\n<meta name=\"robots\" content=\"index, follow, max-snippet:-1, max-image-preview:large, max-video-preview:-1\" \/>\n<link rel=\"canonical\" href=\"https:\/\/volcanes.net\/?p=13457\" \/>\n<meta property=\"og:locale\" content=\"es_MX\" \/>\n<meta property=\"og:type\" content=\"article\" \/>\n<meta property=\"og:title\" content=\"Polic\u00eda de barrio, referente de seguridad con nuevas tecnolog\u00edas: Dra. Ivette Topete Garc\u00eda - Volcanes\" \/>\n<meta property=\"og:description\" content=\"\u201cHemos consolidado el programa de seguridad p\u00fablica que me compromet\u00ed en mi campa\u00f1a pol\u00edtica y\" \/>\n<meta property=\"og:url\" content=\"https:\/\/volcanes.net\/?p=13457\" \/>\n<meta property=\"og:site_name\" content=\"Volcanes\" \/>\n<meta property=\"article:publisher\" content=\"https:\/\/www.facebook.com\/volcanes.net\/\" \/>\n<meta property=\"article:published_time\" content=\"2023-01-27T04:07:31+00:00\" \/>\n<meta property=\"og:image\" content=\"https:\/\/volcanes.net\/wp-content\/uploads\/2023\/01\/IMG-20230126-WA0008.jpg\" \/>\n\t<meta property=\"og:image:width\" content=\"714\" \/>\n\t<meta property=\"og:image:height\" content=\"678\" \/>\n\t<meta property=\"og:image:type\" content=\"image\/jpeg\" \/>\n<meta name=\"author\" content=\"Grupo Volcanes\" \/>\n<meta name=\"twitter:card\" content=\"summary_large_image\" \/>\n<meta name=\"twitter:label1\" content=\"Escrito por\" \/>\n\t<meta name=\"twitter:data1\" content=\"Grupo Volcanes\" \/>\n\t<meta name=\"twitter:label2\" content=\"Tiempo de lectura\" \/>\n\t<meta name=\"twitter:data2\" content=\"3 minutos\" \/>\n<script type=\"application\/ld+json\" class=\"yoast-schema-graph\">{\"@context\":\"https:\/\/schema.org\",\"@graph\":[{\"@type\":\"Article\",\"@id\":\"https:\/\/volcanes.net\/?p=13457#article\",\"isPartOf\":{\"@id\":\"https:\/\/volcanes.net\/?p=13457\"},\"author\":{\"name\":\"Grupo Volcanes\",\"@id\":\"https:\/\/volcanes.net\/#\/schema\/person\/a851dc341d56a2915a80936acca8dc6d\"},\"headline\":\"Polic\u00eda de barrio, referente de seguridad con nuevas tecnolog\u00edas: Dra. Ivette Topete Garc\u00eda\",\"datePublished\":\"2023-01-27T04:07:31+00:00\",\"mainEntityOfPage\":{\"@id\":\"https:\/\/volcanes.net\/?p=13457\"},\"wordCount\":621,\"commentCount\":0,\"publisher\":{\"@id\":\"https:\/\/volcanes.net\/#organization\"},\"image\":{\"@id\":\"https:\/\/volcanes.net\/?p=13457#primaryimage\"},\"thumbnailUrl\":\"https:\/\/volcanes.net\/wp-content\/uploads\/2023\/01\/IMG-20230126-WA0008.jpg\",\"articleSection\":[\"Municipales\"],\"inLanguage\":\"es\",\"potentialAction\":[{\"@type\":\"CommentAction\",\"name\":\"Comment\",\"target\":[\"https:\/\/volcanes.net\/?p=13457#respond\"]}]},{\"@type\":\"WebPage\",\"@id\":\"https:\/\/volcanes.net\/?p=13457\",\"url\":\"https:\/\/volcanes.net\/?p=13457\",\"name\":\"Polic\u00eda de barrio, referente de seguridad con nuevas tecnolog\u00edas: Dra. Ivette Topete Garc\u00eda - Volcanes\",\"isPartOf\":{\"@id\":\"https:\/\/volcanes.net\/#website\"},\"primaryImageOfPage\":{\"@id\":\"https:\/\/volcanes.net\/?p=13457#primaryimage\"},\"image\":{\"@id\":\"https:\/\/volcanes.net\/?p=13457#primaryimage\"},\"thumbnailUrl\":\"https:\/\/volcanes.net\/wp-content\/uploads\/2023\/01\/IMG-20230126-WA0008.jpg\",\"datePublished\":\"2023-01-27T04:07:31+00:00\",\"breadcrumb\":{\"@id\":\"https:\/\/volcanes.net\/?p=13457#breadcrumb\"},\"inLanguage\":\"es\",\"potentialAction\":[{\"@type\":\"ReadAction\",\"target\":[\"https:\/\/volcanes.net\/?p=13457\"]}]},{\"@type\":\"ImageObject\",\"inLanguage\":\"es\",\"@id\":\"https:\/\/volcanes.net\/?p=13457#primaryimage\",\"url\":\"https:\/\/volcanes.net\/wp-content\/uploads\/2023\/01\/IMG-20230126-WA0008.jpg\",\"contentUrl\":\"https:\/\/volcanes.net\/wp-content\/uploads\/2023\/01\/IMG-20230126-WA0008.jpg\",\"width\":714,\"height\":678},{\"@type\":\"BreadcrumbList\",\"@id\":\"https:\/\/volcanes.net\/?p=13457#breadcrumb\",\"itemListElement\":[{\"@type\":\"ListItem\",\"position\":1,\"name\":\"Portada\",\"item\":\"https:\/\/volcanes.net\/\"},{\"@type\":\"ListItem\",\"position\":2,\"name\":\"Polic\u00eda de barrio, referente de seguridad con nuevas tecnolog\u00edas: Dra. Ivette Topete Garc\u00eda\"}]},{\"@type\":\"WebSite\",\"@id\":\"https:\/\/volcanes.net\/#website\",\"url\":\"https:\/\/volcanes.net\/\",\"name\":\"Volcanes.Net\",\"description\":\"Periodismo Profesional\",\"publisher\":{\"@id\":\"https:\/\/volcanes.net\/#organization\"},\"potentialAction\":[{\"@type\":\"SearchAction\",\"target\":{\"@type\":\"EntryPoint\",\"urlTemplate\":\"https:\/\/volcanes.net\/?s={search_term_string}\"},\"query-input\":{\"@type\":\"PropertyValueSpecification\",\"valueRequired\":true,\"valueName\":\"search_term_string\"}}],\"inLanguage\":\"es\"},{\"@type\":\"Organization\",\"@id\":\"https:\/\/volcanes.net\/#organization\",\"name\":\"Grupo Volcanes\",\"url\":\"https:\/\/volcanes.net\/\",\"logo\":{\"@type\":\"ImageObject\",\"inLanguage\":\"es\",\"@id\":\"https:\/\/volcanes.net\/#\/schema\/logo\/image\/\",\"url\":\"http:\/\/volcanes.net\/wp-content\/uploads\/2017\/12\/Avatar2.jpg\",\"contentUrl\":\"http:\/\/volcanes.net\/wp-content\/uploads\/2017\/12\/Avatar2.jpg\",\"width\":378,\"height\":378,\"caption\":\"Grupo Volcanes\"},\"image\":{\"@id\":\"https:\/\/volcanes.net\/#\/schema\/logo\/image\/\"},\"sameAs\":[\"https:\/\/www.facebook.com\/volcanes.net\/\"]},{\"@type\":\"Person\",\"@id\":\"https:\/\/volcanes.net\/#\/schema\/person\/a851dc341d56a2915a80936acca8dc6d\",\"name\":\"Grupo Volcanes\",\"image\":{\"@type\":\"ImageObject\",\"inLanguage\":\"es\",\"@id\":\"https:\/\/volcanes.net\/#\/schema\/person\/image\/\",\"url\":\"https:\/\/secure.gravatar.com\/avatar\/00d1a47c371c721e30bacc47ac096981?s=96&d=mm&r=g\",\"contentUrl\":\"https:\/\/secure.gravatar.com\/avatar\/00d1a47c371c721e30bacc47ac096981?s=96&d=mm&r=g\",\"caption\":\"Grupo Volcanes\"}}]}<\/script>\n<!-- \/ Yoast SEO plugin. -->","yoast_head_json":{"title":"Polic\u00eda de barrio, referente de seguridad con nuevas tecnolog\u00edas: Dra. Ivette Topete Garc\u00eda - Volcanes","robots":{"index":"index","follow":"follow","max-snippet":"max-snippet:-1","max-image-preview":"max-image-preview:large","max-video-preview":"max-video-preview:-1"},"canonical":"https:\/\/volcanes.net\/?p=13457","og_locale":"es_MX","og_type":"article","og_title":"Polic\u00eda de barrio, referente de seguridad con nuevas tecnolog\u00edas: Dra. Ivette Topete Garc\u00eda - Volcanes","og_description":"\u201cHemos consolidado el programa de seguridad p\u00fablica que me compromet\u00ed en mi campa\u00f1a pol\u00edtica y","og_url":"https:\/\/volcanes.net\/?p=13457","og_site_name":"Volcanes","article_publisher":"https:\/\/www.facebook.com\/volcanes.net\/","article_published_time":"2023-01-27T04:07:31+00:00","og_image":[{"width":714,"height":678,"url":"https:\/\/volcanes.net\/wp-content\/uploads\/2023\/01\/IMG-20230126-WA0008.jpg","type":"image\/jpeg"}],"author":"Grupo Volcanes","twitter_card":"summary_large_image","twitter_misc":{"Escrito por":"Grupo Volcanes","Tiempo de lectura":"3 minutos"},"schema":{"@context":"https:\/\/schema.org","@graph":[{"@type":"Article","@id":"https:\/\/volcanes.net\/?p=13457#article","isPartOf":{"@id":"https:\/\/volcanes.net\/?p=13457"},"author":{"name":"Grupo Volcanes","@id":"https:\/\/volcanes.net\/#\/schema\/person\/a851dc341d56a2915a80936acca8dc6d"},"headline":"Polic\u00eda de barrio, referente de seguridad con nuevas tecnolog\u00edas: Dra. Ivette Topete Garc\u00eda","datePublished":"2023-01-27T04:07:31+00:00","mainEntityOfPage":{"@id":"https:\/\/volcanes.net\/?p=13457"},"wordCount":621,"commentCount":0,"publisher":{"@id":"https:\/\/volcanes.net\/#organization"},"image":{"@id":"https:\/\/volcanes.net\/?p=13457#primaryimage"},"thumbnailUrl":"https:\/\/volcanes.net\/wp-content\/uploads\/2023\/01\/IMG-20230126-WA0008.jpg","articleSection":["Municipales"],"inLanguage":"es","potentialAction":[{"@type":"CommentAction","name":"Comment","target":["https:\/\/volcanes.net\/?p=13457#respond"]}]},{"@type":"WebPage","@id":"https:\/\/volcanes.net\/?p=13457","url":"https:\/\/volcanes.net\/?p=13457","name":"Polic\u00eda de barrio, referente de seguridad con nuevas tecnolog\u00edas: Dra. Ivette Topete Garc\u00eda - Volcanes","isPartOf":{"@id":"https:\/\/volcanes.net\/#website"},"primaryImageOfPage":{"@id":"https:\/\/volcanes.net\/?p=13457#primaryimage"},"image":{"@id":"https:\/\/volcanes.net\/?p=13457#primaryimage"},"thumbnailUrl":"https:\/\/volcanes.net\/wp-content\/uploads\/2023\/01\/IMG-20230126-WA0008.jpg","datePublished":"2023-01-27T04:07:31+00:00","breadcrumb":{"@id":"https:\/\/volcanes.net\/?p=13457#breadcrumb"},"inLanguage":"es","potentialAction":[{"@type":"ReadAction","target":["https:\/\/volcanes.net\/?p=13457"]}]},{"@type":"ImageObject","inLanguage":"es","@id":"https:\/\/volcanes.net\/?p=13457#primaryimage","url":"https:\/\/volcanes.net\/wp-content\/uploads\/2023\/01\/IMG-20230126-WA0008.jpg","contentUrl":"https:\/\/volcanes.net\/wp-content\/uploads\/2023\/01\/IMG-20230126-WA0008.jpg","width":714,"height":678},{"@type":"BreadcrumbList","@id":"https:\/\/volcanes.net\/?p=13457#breadcrumb","itemListElement":[{"@type":"ListItem","position":1,"name":"Portada","item":"https:\/\/volcanes.net\/"},{"@type":"ListItem","position":2,"name":"Polic\u00eda de barrio, referente de seguridad con nuevas tecnolog\u00edas: Dra. Ivette Topete Garc\u00eda"}]},{"@type":"WebSite","@id":"https:\/\/volcanes.net\/#website","url":"https:\/\/volcanes.net\/","name":"Volcanes.Net","description":"Periodismo Profesional","publisher":{"@id":"https:\/\/volcanes.net\/#organization"},"potentialAction":[{"@type":"SearchAction","target":{"@type":"EntryPoint","urlTemplate":"https:\/\/volcanes.net\/?s={search_term_string}"},"query-input":{"@type":"PropertyValueSpecification","valueRequired":true,"valueName":"search_term_string"}}],"inLanguage":"es"},{"@type":"Organization","@id":"https:\/\/volcanes.net\/#organization","name":"Grupo Volcanes","url":"https:\/\/volcanes.net\/","logo":{"@type":"ImageObject","inLanguage":"es","@id":"https:\/\/volcanes.net\/#\/schema\/logo\/image\/","url":"http:\/\/volcanes.net\/wp-content\/uploads\/2017\/12\/Avatar2.jpg","contentUrl":"http:\/\/volcanes.net\/wp-content\/uploads\/2017\/12\/Avatar2.jpg","width":378,"height":378,"caption":"Grupo Volcanes"},"image":{"@id":"https:\/\/volcanes.net\/#\/schema\/logo\/image\/"},"sameAs":["https:\/\/www.facebook.com\/volcanes.net\/"]},{"@type":"Person","@id":"https:\/\/volcanes.net\/#\/schema\/person\/a851dc341d56a2915a80936acca8dc6d","name":"Grupo Volcanes","image":{"@type":"ImageObject","inLanguage":"es","@id":"https:\/\/volcanes.net\/#\/schema\/person\/image\/","url":"https:\/\/secure.gravatar.com\/avatar\/00d1a47c371c721e30bacc47ac096981?s=96&d=mm&r=g","contentUrl":"https:\/\/secure.gravatar.com\/avatar\/00d1a47c371c721e30bacc47ac096981?s=96&d=mm&r=g","caption":"Grupo Volcanes"}}]}},"_links":{"self":[{"href":"https:\/\/volcanes.net\/index.php?rest_route=\/wp\/v2\/posts\/13457"}],"collection":[{"href":"https:\/\/volcanes.net\/index.php?rest_route=\/wp\/v2\/posts"}],"about":[{"href":"https:\/\/volcanes.net\/index.php?rest_route=\/wp\/v2\/types\/post"}],"author":[{"embeddable":true,"href":"https:\/\/volcanes.net\/index.php?rest_route=\/wp\/v2\/users\/10"}],"replies":[{"embeddable":true,"href":"https:\/\/volcanes.net\/index.php?rest_route=%2Fwp%2Fv2%2Fcomments&post=13457"}],"version-history":[{"count":1,"href":"https:\/\/volcanes.net\/index.php?rest_route=\/wp\/v2\/posts\/13457\/revisions"}],"predecessor-version":[{"id":13459,"href":"https:\/\/volcanes.net\/index.php?rest_route=\/wp\/v2\/posts\/13457\/revisions\/13459"}],"wp:featuredmedia":[{"embeddable":true,"href":"https:\/\/volcanes.net\/index.php?rest_route=\/wp\/v2\/media\/13458"}],"wp:attachment":[{"href":"https:\/\/volcanes.net\/index.php?rest_route=%2Fwp%2Fv2%2Fmedia&parent=13457"}],"wp:term":[{"taxonomy":"category","embeddable":true,"href":"https:\/\/volcanes.net\/index.php?rest_route=%2Fwp%2Fv2%2Fcategories&post=13457"},{"taxonomy":"post_tag","embeddable":true,"href":"https:\/\/volcanes.net\/index.php?rest_route=%2Fwp%2Fv2%2Ftags&post=13457"}],"curies":[{"name":"wp","href":"https:\/\/api.w.org\/{rel}","templated":true}]}}