{"id":13464,"date":"2023-01-27T20:48:53","date_gmt":"2023-01-28T02:48:53","guid":{"rendered":"http:\/\/volcanes.net\/?p=13464"},"modified":"2023-01-27T20:48:53","modified_gmt":"2023-01-28T02:48:53","slug":"realizan-con-exito-la-primer-macro-jornada-2023-en-ixtapaluca","status":"publish","type":"post","link":"https:\/\/volcanes.net\/?p=13464","title":{"rendered":"Realizan con \u00e9xito la primer macro jornada 2023 en Ixtapaluca"},"content":{"rendered":"<div style=\"margin-top: 0px; margin-bottom: 0px;\" class=\"sharethis-inline-share-buttons\" ><\/div><p>Con la atenci\u00f3n a m\u00e1s de mil 200 ixtapaluquenses, se llev\u00f3 a cabo la primera Macro Jornada de Salud, en la Unidad Habitacional Los H\u00e9roes del municipio de Ixtapaluca.<br \/>\nComo parte de la estrategia en materia de salubridad que ha impulsado el presidente<br \/>\nmunicipal Felipe Arvizu de la Luz para brindar de forma permanente asistencia m\u00e9dica a las<br \/>\ny los ixtapaluquenses, las instancias encargadas de la salud se unen para ofrecer y acercar a las comunidades estos servicios de manera integral, con la promoci\u00f3n de actividades preventivas y de educaci\u00f3n dirigidas a toda la poblaci\u00f3n.<br \/>\nCon el apoyo de la Direcci\u00f3n de Salud en coordinaci\u00f3n con el DIF municipal, a los habitantes de la comunidad, se les ofrecieron servicios de vacunaci\u00f3n, orientaci\u00f3n nutricional, dental, psicol\u00f3gica, consulta m\u00e9dica general, detecci\u00f3n de diabetes, examen de papanicolau y exploraci\u00f3n de mamas, adem\u00e1s asesor\u00eda sobre salud reproductiva y entrega de preservativos.<br \/>\nPor medio de estas jornadas se impulsa la atenci\u00f3n a la poblaci\u00f3n con miras a promover<br \/>\nmejores condiciones de salud y contribuir a la mejora de la calidad de vida de todas y todos<br \/>\nlos ixtapaluquenses.<br \/>\nEst\u00e1s brigadas, continuar\u00e1n recorriendo las diferentes colonias del municipio de Ixtapaluca, con el fin de acercar los servicios b\u00e1sicos de salud a quienes as\u00ed lo requieran.<\/p>\n","protected":false},"excerpt":{"rendered":"<p>Con la atenci\u00f3n a m\u00e1s de mil 200 ixtapaluquenses, se llev\u00f3 a cabo la primera<\/p>\n","protected":false},"author":10,"featured_media":13465,"comment_status":"open","ping_status":"open","sticky":false,"template":"","format":"standard","meta":{"footnotes":""},"categories":[1],"tags":[],"class_list":["post-13464","post","type-post","status-publish","format-standard","has-post-thumbnail","hentry","category-municipales"],"yoast_head":"<!-- This site is optimized with the Yoast SEO plugin v25.3 - https:\/\/yoast.com\/wordpress\/plugins\/seo\/ -->\n<title>Realizan con \u00e9xito la primer macro jornada 2023 en Ixtapaluca - Volcanes<\/title>\n<meta name=\"robots\" content=\"index, follow, max-snippet:-1, max-image-preview:large, max-video-preview:-1\" \/>\n<link rel=\"canonical\" href=\"https:\/\/volcanes.net\/?p=13464\" \/>\n<meta property=\"og:locale\" content=\"es_MX\" \/>\n<meta property=\"og:type\" content=\"article\" \/>\n<meta property=\"og:title\" content=\"Realizan con \u00e9xito la primer macro jornada 2023 en Ixtapaluca - Volcanes\" \/>\n<meta property=\"og:description\" content=\"Con la atenci\u00f3n a m\u00e1s de mil 200 ixtapaluquenses, se llev\u00f3 a cabo la primera\" \/>\n<meta property=\"og:url\" content=\"https:\/\/volcanes.net\/?p=13464\" \/>\n<meta property=\"og:site_name\" content=\"Volcanes\" \/>\n<meta property=\"article:publisher\" content=\"https:\/\/www.facebook.com\/volcanes.net\/\" \/>\n<meta property=\"article:published_time\" content=\"2023-01-28T02:48:53+00:00\" \/>\n<meta property=\"og:image\" content=\"https:\/\/volcanes.net\/wp-content\/uploads\/2023\/01\/IMG-20230127-WA0003.jpg\" \/>\n\t<meta property=\"og:image:width\" content=\"589\" \/>\n\t<meta property=\"og:image:height\" content=\"849\" \/>\n\t<meta property=\"og:image:type\" content=\"image\/jpeg\" \/>\n<meta name=\"author\" content=\"Grupo Volcanes\" \/>\n<meta name=\"twitter:card\" content=\"summary_large_image\" \/>\n<meta name=\"twitter:label1\" content=\"Escrito por\" \/>\n\t<meta name=\"twitter:data1\" content=\"Grupo Volcanes\" \/>\n\t<meta name=\"twitter:label2\" content=\"Tiempo de lectura\" \/>\n\t<meta name=\"twitter:data2\" content=\"1 minuto\" \/>\n<script type=\"application\/ld+json\" class=\"yoast-schema-graph\">{\"@context\":\"https:\/\/schema.org\",\"@graph\":[{\"@type\":\"Article\",\"@id\":\"https:\/\/volcanes.net\/?p=13464#article\",\"isPartOf\":{\"@id\":\"https:\/\/volcanes.net\/?p=13464\"},\"author\":{\"name\":\"Grupo Volcanes\",\"@id\":\"https:\/\/volcanes.net\/#\/schema\/person\/a851dc341d56a2915a80936acca8dc6d\"},\"headline\":\"Realizan con \u00e9xito la primer macro jornada 2023 en Ixtapaluca\",\"datePublished\":\"2023-01-28T02:48:53+00:00\",\"mainEntityOfPage\":{\"@id\":\"https:\/\/volcanes.net\/?p=13464\"},\"wordCount\":239,\"commentCount\":0,\"publisher\":{\"@id\":\"https:\/\/volcanes.net\/#organization\"},\"image\":{\"@id\":\"https:\/\/volcanes.net\/?p=13464#primaryimage\"},\"thumbnailUrl\":\"https:\/\/volcanes.net\/wp-content\/uploads\/2023\/01\/IMG-20230127-WA0003.jpg\",\"articleSection\":[\"Municipales\"],\"inLanguage\":\"es\",\"potentialAction\":[{\"@type\":\"CommentAction\",\"name\":\"Comment\",\"target\":[\"https:\/\/volcanes.net\/?p=13464#respond\"]}]},{\"@type\":\"WebPage\",\"@id\":\"https:\/\/volcanes.net\/?p=13464\",\"url\":\"https:\/\/volcanes.net\/?p=13464\",\"name\":\"Realizan con \u00e9xito la primer macro jornada 2023 en Ixtapaluca - Volcanes\",\"isPartOf\":{\"@id\":\"https:\/\/volcanes.net\/#website\"},\"primaryImageOfPage\":{\"@id\":\"https:\/\/volcanes.net\/?p=13464#primaryimage\"},\"image\":{\"@id\":\"https:\/\/volcanes.net\/?p=13464#primaryimage\"},\"thumbnailUrl\":\"https:\/\/volcanes.net\/wp-content\/uploads\/2023\/01\/IMG-20230127-WA0003.jpg\",\"datePublished\":\"2023-01-28T02:48:53+00:00\",\"breadcrumb\":{\"@id\":\"https:\/\/volcanes.net\/?p=13464#breadcrumb\"},\"inLanguage\":\"es\",\"potentialAction\":[{\"@type\":\"ReadAction\",\"target\":[\"https:\/\/volcanes.net\/?p=13464\"]}]},{\"@type\":\"ImageObject\",\"inLanguage\":\"es\",\"@id\":\"https:\/\/volcanes.net\/?p=13464#primaryimage\",\"url\":\"https:\/\/volcanes.net\/wp-content\/uploads\/2023\/01\/IMG-20230127-WA0003.jpg\",\"contentUrl\":\"https:\/\/volcanes.net\/wp-content\/uploads\/2023\/01\/IMG-20230127-WA0003.jpg\",\"width\":589,\"height\":849},{\"@type\":\"BreadcrumbList\",\"@id\":\"https:\/\/volcanes.net\/?p=13464#breadcrumb\",\"itemListElement\":[{\"@type\":\"ListItem\",\"position\":1,\"name\":\"Portada\",\"item\":\"https:\/\/volcanes.net\/\"},{\"@type\":\"ListItem\",\"position\":2,\"name\":\"Realizan con \u00e9xito la primer macro jornada 2023 en Ixtapaluca\"}]},{\"@type\":\"WebSite\",\"@id\":\"https:\/\/volcanes.net\/#website\",\"url\":\"https:\/\/volcanes.net\/\",\"name\":\"Volcanes.Net\",\"description\":\"Periodismo Profesional\",\"publisher\":{\"@id\":\"https:\/\/volcanes.net\/#organization\"},\"potentialAction\":[{\"@type\":\"SearchAction\",\"target\":{\"@type\":\"EntryPoint\",\"urlTemplate\":\"https:\/\/volcanes.net\/?s={search_term_string}\"},\"query-input\":{\"@type\":\"PropertyValueSpecification\",\"valueRequired\":true,\"valueName\":\"search_term_string\"}}],\"inLanguage\":\"es\"},{\"@type\":\"Organization\",\"@id\":\"https:\/\/volcanes.net\/#organization\",\"name\":\"Grupo Volcanes\",\"url\":\"https:\/\/volcanes.net\/\",\"logo\":{\"@type\":\"ImageObject\",\"inLanguage\":\"es\",\"@id\":\"https:\/\/volcanes.net\/#\/schema\/logo\/image\/\",\"url\":\"http:\/\/volcanes.net\/wp-content\/uploads\/2017\/12\/Avatar2.jpg\",\"contentUrl\":\"http:\/\/volcanes.net\/wp-content\/uploads\/2017\/12\/Avatar2.jpg\",\"width\":378,\"height\":378,\"caption\":\"Grupo Volcanes\"},\"image\":{\"@id\":\"https:\/\/volcanes.net\/#\/schema\/logo\/image\/\"},\"sameAs\":[\"https:\/\/www.facebook.com\/volcanes.net\/\"]},{\"@type\":\"Person\",\"@id\":\"https:\/\/volcanes.net\/#\/schema\/person\/a851dc341d56a2915a80936acca8dc6d\",\"name\":\"Grupo Volcanes\",\"image\":{\"@type\":\"ImageObject\",\"inLanguage\":\"es\",\"@id\":\"https:\/\/volcanes.net\/#\/schema\/person\/image\/\",\"url\":\"https:\/\/secure.gravatar.com\/avatar\/00d1a47c371c721e30bacc47ac096981?s=96&d=mm&r=g\",\"contentUrl\":\"https:\/\/secure.gravatar.com\/avatar\/00d1a47c371c721e30bacc47ac096981?s=96&d=mm&r=g\",\"caption\":\"Grupo Volcanes\"}}]}<\/script>\n<!-- \/ Yoast SEO plugin. -->","yoast_head_json":{"title":"Realizan con \u00e9xito la primer macro jornada 2023 en Ixtapaluca - Volcanes","robots":{"index":"index","follow":"follow","max-snippet":"max-snippet:-1","max-image-preview":"max-image-preview:large","max-video-preview":"max-video-preview:-1"},"canonical":"https:\/\/volcanes.net\/?p=13464","og_locale":"es_MX","og_type":"article","og_title":"Realizan con \u00e9xito la primer macro jornada 2023 en Ixtapaluca - Volcanes","og_description":"Con la atenci\u00f3n a m\u00e1s de mil 200 ixtapaluquenses, se llev\u00f3 a cabo la primera","og_url":"https:\/\/volcanes.net\/?p=13464","og_site_name":"Volcanes","article_publisher":"https:\/\/www.facebook.com\/volcanes.net\/","article_published_time":"2023-01-28T02:48:53+00:00","og_image":[{"width":589,"height":849,"url":"https:\/\/volcanes.net\/wp-content\/uploads\/2023\/01\/IMG-20230127-WA0003.jpg","type":"image\/jpeg"}],"author":"Grupo Volcanes","twitter_card":"summary_large_image","twitter_misc":{"Escrito por":"Grupo Volcanes","Tiempo de lectura":"1 minuto"},"schema":{"@context":"https:\/\/schema.org","@graph":[{"@type":"Article","@id":"https:\/\/volcanes.net\/?p=13464#article","isPartOf":{"@id":"https:\/\/volcanes.net\/?p=13464"},"author":{"name":"Grupo Volcanes","@id":"https:\/\/volcanes.net\/#\/schema\/person\/a851dc341d56a2915a80936acca8dc6d"},"headline":"Realizan con \u00e9xito la primer macro jornada 2023 en Ixtapaluca","datePublished":"2023-01-28T02:48:53+00:00","mainEntityOfPage":{"@id":"https:\/\/volcanes.net\/?p=13464"},"wordCount":239,"commentCount":0,"publisher":{"@id":"https:\/\/volcanes.net\/#organization"},"image":{"@id":"https:\/\/volcanes.net\/?p=13464#primaryimage"},"thumbnailUrl":"https:\/\/volcanes.net\/wp-content\/uploads\/2023\/01\/IMG-20230127-WA0003.jpg","articleSection":["Municipales"],"inLanguage":"es","potentialAction":[{"@type":"CommentAction","name":"Comment","target":["https:\/\/volcanes.net\/?p=13464#respond"]}]},{"@type":"WebPage","@id":"https:\/\/volcanes.net\/?p=13464","url":"https:\/\/volcanes.net\/?p=13464","name":"Realizan con \u00e9xito la primer macro jornada 2023 en Ixtapaluca - Volcanes","isPartOf":{"@id":"https:\/\/volcanes.net\/#website"},"primaryImageOfPage":{"@id":"https:\/\/volcanes.net\/?p=13464#primaryimage"},"image":{"@id":"https:\/\/volcanes.net\/?p=13464#primaryimage"},"thumbnailUrl":"https:\/\/volcanes.net\/wp-content\/uploads\/2023\/01\/IMG-20230127-WA0003.jpg","datePublished":"2023-01-28T02:48:53+00:00","breadcrumb":{"@id":"https:\/\/volcanes.net\/?p=13464#breadcrumb"},"inLanguage":"es","potentialAction":[{"@type":"ReadAction","target":["https:\/\/volcanes.net\/?p=13464"]}]},{"@type":"ImageObject","inLanguage":"es","@id":"https:\/\/volcanes.net\/?p=13464#primaryimage","url":"https:\/\/volcanes.net\/wp-content\/uploads\/2023\/01\/IMG-20230127-WA0003.jpg","contentUrl":"https:\/\/volcanes.net\/wp-content\/uploads\/2023\/01\/IMG-20230127-WA0003.jpg","width":589,"height":849},{"@type":"BreadcrumbList","@id":"https:\/\/volcanes.net\/?p=13464#breadcrumb","itemListElement":[{"@type":"ListItem","position":1,"name":"Portada","item":"https:\/\/volcanes.net\/"},{"@type":"ListItem","position":2,"name":"Realizan con \u00e9xito la primer macro jornada 2023 en Ixtapaluca"}]},{"@type":"WebSite","@id":"https:\/\/volcanes.net\/#website","url":"https:\/\/volcanes.net\/","name":"Volcanes.Net","description":"Periodismo Profesional","publisher":{"@id":"https:\/\/volcanes.net\/#organization"},"potentialAction":[{"@type":"SearchAction","target":{"@type":"EntryPoint","urlTemplate":"https:\/\/volcanes.net\/?s={search_term_string}"},"query-input":{"@type":"PropertyValueSpecification","valueRequired":true,"valueName":"search_term_string"}}],"inLanguage":"es"},{"@type":"Organization","@id":"https:\/\/volcanes.net\/#organization","name":"Grupo Volcanes","url":"https:\/\/volcanes.net\/","logo":{"@type":"ImageObject","inLanguage":"es","@id":"https:\/\/volcanes.net\/#\/schema\/logo\/image\/","url":"http:\/\/volcanes.net\/wp-content\/uploads\/2017\/12\/Avatar2.jpg","contentUrl":"http:\/\/volcanes.net\/wp-content\/uploads\/2017\/12\/Avatar2.jpg","width":378,"height":378,"caption":"Grupo Volcanes"},"image":{"@id":"https:\/\/volcanes.net\/#\/schema\/logo\/image\/"},"sameAs":["https:\/\/www.facebook.com\/volcanes.net\/"]},{"@type":"Person","@id":"https:\/\/volcanes.net\/#\/schema\/person\/a851dc341d56a2915a80936acca8dc6d","name":"Grupo Volcanes","image":{"@type":"ImageObject","inLanguage":"es","@id":"https:\/\/volcanes.net\/#\/schema\/person\/image\/","url":"https:\/\/secure.gravatar.com\/avatar\/00d1a47c371c721e30bacc47ac096981?s=96&d=mm&r=g","contentUrl":"https:\/\/secure.gravatar.com\/avatar\/00d1a47c371c721e30bacc47ac096981?s=96&d=mm&r=g","caption":"Grupo Volcanes"}}]}},"_links":{"self":[{"href":"https:\/\/volcanes.net\/index.php?rest_route=\/wp\/v2\/posts\/13464"}],"collection":[{"href":"https:\/\/volcanes.net\/index.php?rest_route=\/wp\/v2\/posts"}],"about":[{"href":"https:\/\/volcanes.net\/index.php?rest_route=\/wp\/v2\/types\/post"}],"author":[{"embeddable":true,"href":"https:\/\/volcanes.net\/index.php?rest_route=\/wp\/v2\/users\/10"}],"replies":[{"embeddable":true,"href":"https:\/\/volcanes.net\/index.php?rest_route=%2Fwp%2Fv2%2Fcomments&post=13464"}],"version-history":[{"count":1,"href":"https:\/\/volcanes.net\/index.php?rest_route=\/wp\/v2\/posts\/13464\/revisions"}],"predecessor-version":[{"id":13466,"href":"https:\/\/volcanes.net\/index.php?rest_route=\/wp\/v2\/posts\/13464\/revisions\/13466"}],"wp:featuredmedia":[{"embeddable":true,"href":"https:\/\/volcanes.net\/index.php?rest_route=\/wp\/v2\/media\/13465"}],"wp:attachment":[{"href":"https:\/\/volcanes.net\/index.php?rest_route=%2Fwp%2Fv2%2Fmedia&parent=13464"}],"wp:term":[{"taxonomy":"category","embeddable":true,"href":"https:\/\/volcanes.net\/index.php?rest_route=%2Fwp%2Fv2%2Fcategories&post=13464"},{"taxonomy":"post_tag","embeddable":true,"href":"https:\/\/volcanes.net\/index.php?rest_route=%2Fwp%2Fv2%2Ftags&post=13464"}],"curies":[{"name":"wp","href":"https:\/\/api.w.org\/{rel}","templated":true}]}}