{"id":13486,"date":"2023-01-12T21:59:35","date_gmt":"2023-01-13T03:59:35","guid":{"rendered":"http:\/\/volcanes.net\/?p=13486"},"modified":"2023-01-31T22:04:13","modified_gmt":"2023-02-01T04:04:13","slug":"en-ozumba-entregan-nueva-aula-en-la-escuela-primaria-carmen-serdan","status":"publish","type":"post","link":"https:\/\/volcanes.net\/?p=13486","title":{"rendered":"En Ozumba entregan nueva aula en la escuela primaria Carmen Serd\u00e1n"},"content":{"rendered":"<div style=\"margin-top: 0px; margin-bottom: 0px;\" class=\"sharethis-inline-share-buttons\" ><\/div><p>Ozumba Estado de M\u00e9xico.-El presidente municipal de Ozumba Valent\u00edn Mart\u00ednez Castillo entreg\u00f3 nueva aula en la escuela primaria Carmen Serd\u00e1n, para el beneficio de toda la poblaci\u00f3n estudiantil.<\/p>\n<p>Previo a este acto, el presidente municipal encabez\u00f3 el acto c\u00edvico que se llev\u00f3 a cabo en esta escuela en el que se rindi\u00f3 un homenaje al peque\u00f1o Iker que muri\u00f3 en compa\u00f1\u00eda de su abuelo a causa de una explosi\u00f3n de un tanque de gas.<\/p>\n<p>Padres de familia, maestros y alumnos agradecieron al alcalde y al cabildo por estas acciones.<\/p>\n<p>El cabildo acompa\u00f1\u00f3 al presidente municipal y a directivos de esta escuela en la develaci\u00f3n de la placa conmemorativa y el corte del list\u00f3n inaugural.<\/p>\n<p>Valent\u00edn Mart\u00ednez Castillo indic\u00f3 que esta aula forma parte del trabajo en materia de obra p\u00fablica en el municipio de Ozumba.<\/p>\n<p>El alcalde dijo que esta obra es para el bienestar y beneficio de los peque\u00f1ines que asisten a esta escuela, \u201cpara que tengan un lugar digno para aprender\u201d.<\/p>\n<p>Cabe se\u00f1alar que durante el acto c\u00edvico se reconoci\u00f3 a los elementos de protecci\u00f3n civil y polic\u00eda municipal que participaron brindando los servicios pertinentes para auxiliar en la tragedia.<\/p>\n<p>Con l\u00e1grimas en los ojos, el presidente municipal dio sus condolencias a la familia del peque\u00f1o Iker.<\/p>\n<p>&nbsp;<\/p>\n","protected":false},"excerpt":{"rendered":"<p>Ozumba Estado de M\u00e9xico.-El presidente municipal de Ozumba Valent\u00edn Mart\u00ednez Castillo entreg\u00f3 nueva aula en<\/p>\n","protected":false},"author":10,"featured_media":13487,"comment_status":"open","ping_status":"open","sticky":false,"template":"","format":"standard","meta":{"footnotes":""},"categories":[1],"tags":[],"class_list":["post-13486","post","type-post","status-publish","format-standard","has-post-thumbnail","hentry","category-municipales","has-post-video"],"yoast_head":"<!-- This site is optimized with the Yoast SEO plugin v25.3 - https:\/\/yoast.com\/wordpress\/plugins\/seo\/ -->\n<title>En Ozumba entregan nueva aula en la escuela primaria Carmen Serd\u00e1n - Volcanes<\/title>\n<meta name=\"robots\" content=\"index, follow, max-snippet:-1, max-image-preview:large, max-video-preview:-1\" \/>\n<link rel=\"canonical\" href=\"https:\/\/volcanes.net\/?p=13486\" \/>\n<meta property=\"og:locale\" content=\"es_MX\" \/>\n<meta property=\"og:type\" content=\"article\" \/>\n<meta property=\"og:title\" content=\"En Ozumba entregan nueva aula en la escuela primaria Carmen Serd\u00e1n - Volcanes\" \/>\n<meta property=\"og:description\" content=\"Ozumba Estado de M\u00e9xico.-El presidente municipal de Ozumba Valent\u00edn Mart\u00ednez Castillo entreg\u00f3 nueva aula en\" \/>\n<meta property=\"og:url\" content=\"https:\/\/volcanes.net\/?p=13486\" \/>\n<meta property=\"og:site_name\" content=\"Volcanes\" \/>\n<meta property=\"article:publisher\" content=\"https:\/\/www.facebook.com\/volcanes.net\/\" \/>\n<meta property=\"article:published_time\" content=\"2023-01-13T03:59:35+00:00\" \/>\n<meta property=\"article:modified_time\" content=\"2023-02-01T04:04:13+00:00\" \/>\n<meta property=\"og:image\" content=\"https:\/\/volcanes.net\/wp-content\/uploads\/2023\/01\/Aula-nueva-para-la-escuela-primaria-Carmen-Serdan-de-Ozumba.jpeg\" \/>\n\t<meta property=\"og:image:width\" content=\"1280\" \/>\n\t<meta property=\"og:image:height\" content=\"720\" \/>\n\t<meta property=\"og:image:type\" content=\"image\/jpeg\" \/>\n<meta name=\"author\" content=\"Grupo Volcanes\" \/>\n<meta name=\"twitter:card\" content=\"summary_large_image\" \/>\n<meta name=\"twitter:label1\" content=\"Escrito por\" \/>\n\t<meta name=\"twitter:data1\" content=\"Grupo Volcanes\" \/>\n\t<meta name=\"twitter:label2\" content=\"Tiempo de lectura\" \/>\n\t<meta name=\"twitter:data2\" content=\"1 minuto\" \/>\n<script type=\"application\/ld+json\" class=\"yoast-schema-graph\">{\"@context\":\"https:\/\/schema.org\",\"@graph\":[{\"@type\":\"Article\",\"@id\":\"https:\/\/volcanes.net\/?p=13486#article\",\"isPartOf\":{\"@id\":\"https:\/\/volcanes.net\/?p=13486\"},\"author\":{\"name\":\"Grupo Volcanes\",\"@id\":\"https:\/\/volcanes.net\/#\/schema\/person\/a851dc341d56a2915a80936acca8dc6d\"},\"headline\":\"En Ozumba entregan nueva aula en la escuela primaria Carmen Serd\u00e1n\",\"datePublished\":\"2023-01-13T03:59:35+00:00\",\"dateModified\":\"2023-02-01T04:04:13+00:00\",\"mainEntityOfPage\":{\"@id\":\"https:\/\/volcanes.net\/?p=13486\"},\"wordCount\":244,\"commentCount\":0,\"publisher\":{\"@id\":\"https:\/\/volcanes.net\/#organization\"},\"image\":{\"@id\":\"https:\/\/volcanes.net\/?p=13486#primaryimage\"},\"thumbnailUrl\":\"https:\/\/volcanes.net\/wp-content\/uploads\/2023\/01\/Aula-nueva-para-la-escuela-primaria-Carmen-Serdan-de-Ozumba.jpeg\",\"articleSection\":[\"Municipales\"],\"inLanguage\":\"es\",\"potentialAction\":[{\"@type\":\"CommentAction\",\"name\":\"Comment\",\"target\":[\"https:\/\/volcanes.net\/?p=13486#respond\"]}]},{\"@type\":\"WebPage\",\"@id\":\"https:\/\/volcanes.net\/?p=13486\",\"url\":\"https:\/\/volcanes.net\/?p=13486\",\"name\":\"En Ozumba entregan nueva aula en la escuela primaria Carmen Serd\u00e1n - Volcanes\",\"isPartOf\":{\"@id\":\"https:\/\/volcanes.net\/#website\"},\"primaryImageOfPage\":{\"@id\":\"https:\/\/volcanes.net\/?p=13486#primaryimage\"},\"image\":{\"@id\":\"https:\/\/volcanes.net\/?p=13486#primaryimage\"},\"thumbnailUrl\":\"https:\/\/volcanes.net\/wp-content\/uploads\/2023\/01\/Aula-nueva-para-la-escuela-primaria-Carmen-Serdan-de-Ozumba.jpeg\",\"datePublished\":\"2023-01-13T03:59:35+00:00\",\"dateModified\":\"2023-02-01T04:04:13+00:00\",\"breadcrumb\":{\"@id\":\"https:\/\/volcanes.net\/?p=13486#breadcrumb\"},\"inLanguage\":\"es\",\"potentialAction\":[{\"@type\":\"ReadAction\",\"target\":[\"https:\/\/volcanes.net\/?p=13486\"]}]},{\"@type\":\"ImageObject\",\"inLanguage\":\"es\",\"@id\":\"https:\/\/volcanes.net\/?p=13486#primaryimage\",\"url\":\"https:\/\/volcanes.net\/wp-content\/uploads\/2023\/01\/Aula-nueva-para-la-escuela-primaria-Carmen-Serdan-de-Ozumba.jpeg\",\"contentUrl\":\"https:\/\/volcanes.net\/wp-content\/uploads\/2023\/01\/Aula-nueva-para-la-escuela-primaria-Carmen-Serdan-de-Ozumba.jpeg\",\"width\":1280,\"height\":720},{\"@type\":\"BreadcrumbList\",\"@id\":\"https:\/\/volcanes.net\/?p=13486#breadcrumb\",\"itemListElement\":[{\"@type\":\"ListItem\",\"position\":1,\"name\":\"Portada\",\"item\":\"https:\/\/volcanes.net\/\"},{\"@type\":\"ListItem\",\"position\":2,\"name\":\"En Ozumba entregan nueva aula en la escuela primaria Carmen Serd\u00e1n\"}]},{\"@type\":\"WebSite\",\"@id\":\"https:\/\/volcanes.net\/#website\",\"url\":\"https:\/\/volcanes.net\/\",\"name\":\"Volcanes.Net\",\"description\":\"Periodismo Profesional\",\"publisher\":{\"@id\":\"https:\/\/volcanes.net\/#organization\"},\"potentialAction\":[{\"@type\":\"SearchAction\",\"target\":{\"@type\":\"EntryPoint\",\"urlTemplate\":\"https:\/\/volcanes.net\/?s={search_term_string}\"},\"query-input\":{\"@type\":\"PropertyValueSpecification\",\"valueRequired\":true,\"valueName\":\"search_term_string\"}}],\"inLanguage\":\"es\"},{\"@type\":\"Organization\",\"@id\":\"https:\/\/volcanes.net\/#organization\",\"name\":\"Grupo Volcanes\",\"url\":\"https:\/\/volcanes.net\/\",\"logo\":{\"@type\":\"ImageObject\",\"inLanguage\":\"es\",\"@id\":\"https:\/\/volcanes.net\/#\/schema\/logo\/image\/\",\"url\":\"http:\/\/volcanes.net\/wp-content\/uploads\/2017\/12\/Avatar2.jpg\",\"contentUrl\":\"http:\/\/volcanes.net\/wp-content\/uploads\/2017\/12\/Avatar2.jpg\",\"width\":378,\"height\":378,\"caption\":\"Grupo Volcanes\"},\"image\":{\"@id\":\"https:\/\/volcanes.net\/#\/schema\/logo\/image\/\"},\"sameAs\":[\"https:\/\/www.facebook.com\/volcanes.net\/\"]},{\"@type\":\"Person\",\"@id\":\"https:\/\/volcanes.net\/#\/schema\/person\/a851dc341d56a2915a80936acca8dc6d\",\"name\":\"Grupo Volcanes\",\"image\":{\"@type\":\"ImageObject\",\"inLanguage\":\"es\",\"@id\":\"https:\/\/volcanes.net\/#\/schema\/person\/image\/\",\"url\":\"https:\/\/secure.gravatar.com\/avatar\/00d1a47c371c721e30bacc47ac096981?s=96&d=mm&r=g\",\"contentUrl\":\"https:\/\/secure.gravatar.com\/avatar\/00d1a47c371c721e30bacc47ac096981?s=96&d=mm&r=g\",\"caption\":\"Grupo Volcanes\"}}]}<\/script>\n<!-- \/ Yoast SEO plugin. -->","yoast_head_json":{"title":"En Ozumba entregan nueva aula en la escuela primaria Carmen Serd\u00e1n - Volcanes","robots":{"index":"index","follow":"follow","max-snippet":"max-snippet:-1","max-image-preview":"max-image-preview:large","max-video-preview":"max-video-preview:-1"},"canonical":"https:\/\/volcanes.net\/?p=13486","og_locale":"es_MX","og_type":"article","og_title":"En Ozumba entregan nueva aula en la escuela primaria Carmen Serd\u00e1n - Volcanes","og_description":"Ozumba Estado de M\u00e9xico.-El presidente municipal de Ozumba Valent\u00edn Mart\u00ednez Castillo entreg\u00f3 nueva aula en","og_url":"https:\/\/volcanes.net\/?p=13486","og_site_name":"Volcanes","article_publisher":"https:\/\/www.facebook.com\/volcanes.net\/","article_published_time":"2023-01-13T03:59:35+00:00","article_modified_time":"2023-02-01T04:04:13+00:00","og_image":[{"width":1280,"height":720,"url":"https:\/\/volcanes.net\/wp-content\/uploads\/2023\/01\/Aula-nueva-para-la-escuela-primaria-Carmen-Serdan-de-Ozumba.jpeg","type":"image\/jpeg"}],"author":"Grupo Volcanes","twitter_card":"summary_large_image","twitter_misc":{"Escrito por":"Grupo Volcanes","Tiempo de lectura":"1 minuto"},"schema":{"@context":"https:\/\/schema.org","@graph":[{"@type":"Article","@id":"https:\/\/volcanes.net\/?p=13486#article","isPartOf":{"@id":"https:\/\/volcanes.net\/?p=13486"},"author":{"name":"Grupo Volcanes","@id":"https:\/\/volcanes.net\/#\/schema\/person\/a851dc341d56a2915a80936acca8dc6d"},"headline":"En Ozumba entregan nueva aula en la escuela primaria Carmen Serd\u00e1n","datePublished":"2023-01-13T03:59:35+00:00","dateModified":"2023-02-01T04:04:13+00:00","mainEntityOfPage":{"@id":"https:\/\/volcanes.net\/?p=13486"},"wordCount":244,"commentCount":0,"publisher":{"@id":"https:\/\/volcanes.net\/#organization"},"image":{"@id":"https:\/\/volcanes.net\/?p=13486#primaryimage"},"thumbnailUrl":"https:\/\/volcanes.net\/wp-content\/uploads\/2023\/01\/Aula-nueva-para-la-escuela-primaria-Carmen-Serdan-de-Ozumba.jpeg","articleSection":["Municipales"],"inLanguage":"es","potentialAction":[{"@type":"CommentAction","name":"Comment","target":["https:\/\/volcanes.net\/?p=13486#respond"]}]},{"@type":"WebPage","@id":"https:\/\/volcanes.net\/?p=13486","url":"https:\/\/volcanes.net\/?p=13486","name":"En Ozumba entregan nueva aula en la escuela primaria Carmen Serd\u00e1n - Volcanes","isPartOf":{"@id":"https:\/\/volcanes.net\/#website"},"primaryImageOfPage":{"@id":"https:\/\/volcanes.net\/?p=13486#primaryimage"},"image":{"@id":"https:\/\/volcanes.net\/?p=13486#primaryimage"},"thumbnailUrl":"https:\/\/volcanes.net\/wp-content\/uploads\/2023\/01\/Aula-nueva-para-la-escuela-primaria-Carmen-Serdan-de-Ozumba.jpeg","datePublished":"2023-01-13T03:59:35+00:00","dateModified":"2023-02-01T04:04:13+00:00","breadcrumb":{"@id":"https:\/\/volcanes.net\/?p=13486#breadcrumb"},"inLanguage":"es","potentialAction":[{"@type":"ReadAction","target":["https:\/\/volcanes.net\/?p=13486"]}]},{"@type":"ImageObject","inLanguage":"es","@id":"https:\/\/volcanes.net\/?p=13486#primaryimage","url":"https:\/\/volcanes.net\/wp-content\/uploads\/2023\/01\/Aula-nueva-para-la-escuela-primaria-Carmen-Serdan-de-Ozumba.jpeg","contentUrl":"https:\/\/volcanes.net\/wp-content\/uploads\/2023\/01\/Aula-nueva-para-la-escuela-primaria-Carmen-Serdan-de-Ozumba.jpeg","width":1280,"height":720},{"@type":"BreadcrumbList","@id":"https:\/\/volcanes.net\/?p=13486#breadcrumb","itemListElement":[{"@type":"ListItem","position":1,"name":"Portada","item":"https:\/\/volcanes.net\/"},{"@type":"ListItem","position":2,"name":"En Ozumba entregan nueva aula en la escuela primaria Carmen Serd\u00e1n"}]},{"@type":"WebSite","@id":"https:\/\/volcanes.net\/#website","url":"https:\/\/volcanes.net\/","name":"Volcanes.Net","description":"Periodismo Profesional","publisher":{"@id":"https:\/\/volcanes.net\/#organization"},"potentialAction":[{"@type":"SearchAction","target":{"@type":"EntryPoint","urlTemplate":"https:\/\/volcanes.net\/?s={search_term_string}"},"query-input":{"@type":"PropertyValueSpecification","valueRequired":true,"valueName":"search_term_string"}}],"inLanguage":"es"},{"@type":"Organization","@id":"https:\/\/volcanes.net\/#organization","name":"Grupo Volcanes","url":"https:\/\/volcanes.net\/","logo":{"@type":"ImageObject","inLanguage":"es","@id":"https:\/\/volcanes.net\/#\/schema\/logo\/image\/","url":"http:\/\/volcanes.net\/wp-content\/uploads\/2017\/12\/Avatar2.jpg","contentUrl":"http:\/\/volcanes.net\/wp-content\/uploads\/2017\/12\/Avatar2.jpg","width":378,"height":378,"caption":"Grupo Volcanes"},"image":{"@id":"https:\/\/volcanes.net\/#\/schema\/logo\/image\/"},"sameAs":["https:\/\/www.facebook.com\/volcanes.net\/"]},{"@type":"Person","@id":"https:\/\/volcanes.net\/#\/schema\/person\/a851dc341d56a2915a80936acca8dc6d","name":"Grupo Volcanes","image":{"@type":"ImageObject","inLanguage":"es","@id":"https:\/\/volcanes.net\/#\/schema\/person\/image\/","url":"https:\/\/secure.gravatar.com\/avatar\/00d1a47c371c721e30bacc47ac096981?s=96&d=mm&r=g","contentUrl":"https:\/\/secure.gravatar.com\/avatar\/00d1a47c371c721e30bacc47ac096981?s=96&d=mm&r=g","caption":"Grupo Volcanes"}}]}},"_links":{"self":[{"href":"https:\/\/volcanes.net\/index.php?rest_route=\/wp\/v2\/posts\/13486"}],"collection":[{"href":"https:\/\/volcanes.net\/index.php?rest_route=\/wp\/v2\/posts"}],"about":[{"href":"https:\/\/volcanes.net\/index.php?rest_route=\/wp\/v2\/types\/post"}],"author":[{"embeddable":true,"href":"https:\/\/volcanes.net\/index.php?rest_route=\/wp\/v2\/users\/10"}],"replies":[{"embeddable":true,"href":"https:\/\/volcanes.net\/index.php?rest_route=%2Fwp%2Fv2%2Fcomments&post=13486"}],"version-history":[{"count":1,"href":"https:\/\/volcanes.net\/index.php?rest_route=\/wp\/v2\/posts\/13486\/revisions"}],"predecessor-version":[{"id":13488,"href":"https:\/\/volcanes.net\/index.php?rest_route=\/wp\/v2\/posts\/13486\/revisions\/13488"}],"wp:featuredmedia":[{"embeddable":true,"href":"https:\/\/volcanes.net\/index.php?rest_route=\/wp\/v2\/media\/13487"}],"wp:attachment":[{"href":"https:\/\/volcanes.net\/index.php?rest_route=%2Fwp%2Fv2%2Fmedia&parent=13486"}],"wp:term":[{"taxonomy":"category","embeddable":true,"href":"https:\/\/volcanes.net\/index.php?rest_route=%2Fwp%2Fv2%2Fcategories&post=13486"},{"taxonomy":"post_tag","embeddable":true,"href":"https:\/\/volcanes.net\/index.php?rest_route=%2Fwp%2Fv2%2Ftags&post=13486"}],"curies":[{"name":"wp","href":"https:\/\/api.w.org\/{rel}","templated":true}]}}