{"id":1355,"date":"2018-02-22T06:37:47","date_gmt":"2018-02-22T06:37:47","guid":{"rendered":"http:\/\/volcanes.net\/?p=1355"},"modified":"2018-02-22T06:37:47","modified_gmt":"2018-02-22T06:37:47","slug":"supervisa-eviel-perez-magana-atencion-de-familias-en-zonas-afectadas-por-el-sismo-del-pasado-viernes-en-oaxaca","status":"publish","type":"post","link":"https:\/\/volcanes.net\/?p=1355","title":{"rendered":"Supervisa Eviel P\u00e9rez Maga\u00f1a atenci\u00f3n de familias en zonas afectadas por el sismo del pasado viernes en Oaxaca"},"content":{"rendered":"<div style=\"margin-top: 0px; margin-bottom: 0px;\" class=\"sharethis-inline-share-buttons\" ><\/div><ul>\n<li style=\"font-weight: 400\"><em>El secretario de Desarrollo Social realiz\u00f3 un recorrido por los municipios de Santiago Jamiltepec y Santa Mar\u00eda Huazolotitl\u00e1n para anunciar el despliegue de acciones en apoyo a comunidades da\u00f1adas<\/em><\/li>\n<\/ul>\n<p style=\"font-weight: 400\"><em>\u00a0<\/em><\/p>\n<p style=\"font-weight: 400\"><em>\u00a0<\/em><\/p>\n<ul>\n<li style=\"font-weight: 400\"><em>Se cumplir\u00e1 la instrucci\u00f3n presidencial de atender esta etapa de emergencia para que no falte agua, ropa, alimentos y atenci\u00f3n m\u00e9dica<\/em><\/li>\n<\/ul>\n<p style=\"font-weight: 400\">\n<p style=\"font-weight: 400\">Al realizar un recorrido de supervisi\u00f3n por las comunidades afectadas por el sismo del pasado viernes, el secretario de Desarrollo Social, Eviel P\u00e9rez Maga\u00f1a, dijo que ante la fuerza de la naturaleza, el gobierno de la Rep\u00fablica y los oaxaque\u00f1os responder\u00e1n con determinaci\u00f3n y unidad para enfrentar cualquier tipo de adversidades.<\/p>\n<p style=\"font-weight: 400\">\n<p style=\"font-weight: 400\">Dijo que la Secretar\u00eda de Desarrollo Social (Sedesol) desplegar\u00e1 acciones y recursos para que las comunidades que sufrieron los estragos del temblor retornen lo m\u00e1s pronto posible a la normalidad.<\/p>\n<p style=\"font-weight: 400\">\n<p style=\"font-weight: 400\">En compa\u00f1\u00eda del gobernador de Oaxaca, Alejandro Murat Hinojosa, inform\u00f3 que se activar\u00e1 el Programa de Empleo Temporal Inmediato (PETI). A trav\u00e9s de Diconsa se garantizar\u00e1 el abasto de alimentos y Liconsa distribuir\u00e1 agua purificada y leche a la poblaci\u00f3n de los municipios de la regi\u00f3n de la Costa.<\/p>\n<p style=\"font-weight: 400\">\n<p style=\"font-weight: 400\">Anunci\u00f3 la instalaci\u00f3n de tres comedores comunitarios: dos, en Santiago Jamiltepec, y uno, en Santa Mar\u00eda Huazolotitl\u00e1n, que atender\u00e1n a mil 996 habitantes con alimentos sanos y calientes de esas dos comunidades.<\/p>\n<p style=\"font-weight: 400\">\n<p style=\"font-weight: 400\">El titular de la Sedesol reiter\u00f3 que se cumplir\u00e1 el compromiso del Presidente Enrique Pe\u00f1a Nieto de atender la emergencia para que no falte agua, ropa, alimentos y atenci\u00f3n m\u00e9dica en cada una de las comunidades.<\/p>\n<p style=\"font-weight: 400\">\n<p style=\"font-weight: 400\">Inform\u00f3 que en Pinotepa Nacional, lugar del epicentro del sismo, se instalar\u00e1n en breve otros cuatro comedores comunitarios, con lo que a finales de marzo, se tendr\u00e1n en funcionamiento un total de 200 en la entidad.<\/p>\n<p style=\"font-weight: 400\">\n<p style=\"font-weight: 400\">P\u00e9rez Maga\u00f1a resalt\u00f3 que la etapa de emergencia se ha podido solventar gracias al trabajo coordinado entre las autoridades de los tres \u00f3rdenes de gobierno.<\/p>\n<p style=\"font-weight: 400\">\n<p style=\"font-weight: 400\">Ante habitantes de estas comunidades, el responsable de la pol\u00edtica social del pa\u00eds expres\u00f3: \u201cTengan la certeza de que vamos a estar muy cerca de ustedes, trabajando todos los d\u00edas y recorriendo las zonas afectadas, a fin de superar la emergencia y comenzar la recuperaci\u00f3n\u201d.<\/p>\n<p style=\"font-weight: 400\">\n<p style=\"font-weight: 400\">Precis\u00f3 que como parte de este esfuerzo, el gobierno de la Rep\u00fablica ha destinado este a\u00f1o, cerca de 15 mil millones de pesos para el desarrollo social del estado y que 10 de cada 100 pesos del Fondo de Aportaciones para la Infraestructura Social (FAIS), que se aplica a nivel nacional, ser\u00e1n destinados a Oaxaca. Ello implica recursos por m\u00e1s de 7 mil millones de pesos para este estado en el presente a\u00f1o.<\/p>\n<p style=\"font-weight: 400\">\n<p style=\"font-weight: 400\">El secretario Eviel P\u00e9rez Maga\u00f1a, confirmo que el personal de la secretar\u00eda a su cargo, y que incluso \u00e9l, estar\u00e1 presente para atender las demandas de los oaxaque\u00f1os. \u201cPor eso estaremos aqu\u00ed todas las veces que sean necesarias\u201d, puntualiz\u00f3.<\/p>\n<p style=\"font-weight: 400\">\n<p style=\"font-weight: 400\">Record\u00f3 que el trabajo en favor de la entidad se refleja en que es el segundo estado con m\u00e1s lecher\u00edas del pa\u00eds con 294 establecimientos; Oaxaca tambi\u00e9n es el segundo estado a nivel nacional con mayor n\u00famero de tiendas Diconsa, con 252; y que 9 de cada 10 adultos mayores son beneficiarios del Programa de Pensi\u00f3n para Adultos Mayores que instrumenta la dependencia.<\/p>\n<p style=\"font-weight: 400\">\n<p style=\"font-weight: 400\">Adem\u00e1s, coment\u00f3, en la presente administraci\u00f3n se han invertido 378 millones de pesos en el Programa de Estancias Infantiles, en beneficio de 7 mil 223 padres o madres de familia.<\/p>\n<p style=\"font-weight: 400\">\n<p style=\"font-weight: 400\">\u201cEl Presidente me pidi\u00f3 que les haga llegar un mensaje: los oaxaque\u00f1os no est\u00e1n solos, tienen todo el respaldo del gobierno de la Rep\u00fablica. Necesitamos, ahora m\u00e1s que nunca, estar unidos, gobierno y comunidades para que juntos enfrentemos los retos por dif\u00edciles que \u00e9stos sean\u201d, expres\u00f3.<\/p>\n<p style=\"font-weight: 400\">\n<p style=\"font-weight: 400\">Reconoci\u00f3 el trabajo, \u201csiempre valiente y decidido, de nuestras Fuerzas Armadas, no s\u00f3lo en la operaci\u00f3n de los albergues, sino en todo lo que implica atender esta contingencia. Siempre son los primeros en llegar y los primeros en responder cuando M\u00e9xico los necesita, con gran compromiso y patriotismo\u201d.<\/p>\n","protected":false},"excerpt":{"rendered":"<p>El secretario de Desarrollo Social realiz\u00f3 un recorrido por los municipios de Santiago Jamiltepec y<\/p>\n","protected":false},"author":1,"featured_media":1356,"comment_status":"open","ping_status":"open","sticky":false,"template":"","format":"standard","meta":{"footnotes":""},"categories":[1],"tags":[33],"class_list":["post-1355","post","type-post","status-publish","format-standard","has-post-thumbnail","hentry","category-municipales","tag-sedesol"],"yoast_head":"<!-- This site is optimized with the Yoast SEO plugin v25.3 - https:\/\/yoast.com\/wordpress\/plugins\/seo\/ -->\n<title>Supervisa Eviel P\u00e9rez Maga\u00f1a atenci\u00f3n de familias en zonas afectadas por el sismo del pasado viernes en Oaxaca - Volcanes<\/title>\n<meta name=\"robots\" content=\"index, follow, max-snippet:-1, max-image-preview:large, max-video-preview:-1\" \/>\n<link rel=\"canonical\" href=\"https:\/\/volcanes.net\/?p=1355\" \/>\n<meta property=\"og:locale\" content=\"es_MX\" \/>\n<meta property=\"og:type\" content=\"article\" \/>\n<meta property=\"og:title\" content=\"Supervisa Eviel P\u00e9rez Maga\u00f1a atenci\u00f3n de familias en zonas afectadas por el sismo del pasado viernes en Oaxaca - Volcanes\" \/>\n<meta property=\"og:description\" content=\"El secretario de Desarrollo Social realiz\u00f3 un recorrido por los municipios de Santiago Jamiltepec y\" \/>\n<meta property=\"og:url\" content=\"https:\/\/volcanes.net\/?p=1355\" \/>\n<meta property=\"og:site_name\" content=\"Volcanes\" \/>\n<meta property=\"article:publisher\" content=\"https:\/\/www.facebook.com\/volcanes.net\/\" \/>\n<meta property=\"article:published_time\" content=\"2018-02-22T06:37:47+00:00\" \/>\n<meta property=\"og:image\" content=\"https:\/\/volcanes.net\/wp-content\/uploads\/2018\/02\/FOTO-2-Supervisa-Eviel-P\u00e9rez-Maga\u00f1a-atenci\u00f3n-de-familias-en-zonas-afectadas-por-el-sismo-del-pasado-viernes-en-Oaxaca.jpeg\" \/>\n\t<meta property=\"og:image:width\" content=\"448\" \/>\n\t<meta property=\"og:image:height\" content=\"299\" \/>\n\t<meta property=\"og:image:type\" content=\"image\/jpeg\" \/>\n<meta name=\"author\" content=\"admin\" \/>\n<meta name=\"twitter:card\" content=\"summary_large_image\" \/>\n<meta name=\"twitter:label1\" content=\"Escrito por\" \/>\n\t<meta name=\"twitter:data1\" content=\"admin\" \/>\n\t<meta name=\"twitter:label2\" content=\"Tiempo de lectura\" \/>\n\t<meta name=\"twitter:data2\" content=\"3 minutos\" \/>\n<script type=\"application\/ld+json\" class=\"yoast-schema-graph\">{\"@context\":\"https:\/\/schema.org\",\"@graph\":[{\"@type\":\"Article\",\"@id\":\"https:\/\/volcanes.net\/?p=1355#article\",\"isPartOf\":{\"@id\":\"https:\/\/volcanes.net\/?p=1355\"},\"author\":{\"name\":\"admin\",\"@id\":\"https:\/\/volcanes.net\/#\/schema\/person\/4bf0f383940966a4abd53f5048c0e6b9\"},\"headline\":\"Supervisa Eviel P\u00e9rez Maga\u00f1a atenci\u00f3n de familias en zonas afectadas por el sismo del pasado viernes en Oaxaca\",\"datePublished\":\"2018-02-22T06:37:47+00:00\",\"mainEntityOfPage\":{\"@id\":\"https:\/\/volcanes.net\/?p=1355\"},\"wordCount\":720,\"commentCount\":0,\"publisher\":{\"@id\":\"https:\/\/volcanes.net\/#organization\"},\"image\":{\"@id\":\"https:\/\/volcanes.net\/?p=1355#primaryimage\"},\"thumbnailUrl\":\"https:\/\/volcanes.net\/wp-content\/uploads\/2018\/02\/FOTO-2-Supervisa-Eviel-P\u00e9rez-Maga\u00f1a-atenci\u00f3n-de-familias-en-zonas-afectadas-por-el-sismo-del-pasado-viernes-en-Oaxaca.jpeg\",\"keywords\":[\"SEDESOL\"],\"articleSection\":[\"Municipales\"],\"inLanguage\":\"es\",\"potentialAction\":[{\"@type\":\"CommentAction\",\"name\":\"Comment\",\"target\":[\"https:\/\/volcanes.net\/?p=1355#respond\"]}]},{\"@type\":\"WebPage\",\"@id\":\"https:\/\/volcanes.net\/?p=1355\",\"url\":\"https:\/\/volcanes.net\/?p=1355\",\"name\":\"Supervisa Eviel P\u00e9rez Maga\u00f1a atenci\u00f3n de familias en zonas afectadas por el sismo del pasado viernes en Oaxaca - Volcanes\",\"isPartOf\":{\"@id\":\"https:\/\/volcanes.net\/#website\"},\"primaryImageOfPage\":{\"@id\":\"https:\/\/volcanes.net\/?p=1355#primaryimage\"},\"image\":{\"@id\":\"https:\/\/volcanes.net\/?p=1355#primaryimage\"},\"thumbnailUrl\":\"https:\/\/volcanes.net\/wp-content\/uploads\/2018\/02\/FOTO-2-Supervisa-Eviel-P\u00e9rez-Maga\u00f1a-atenci\u00f3n-de-familias-en-zonas-afectadas-por-el-sismo-del-pasado-viernes-en-Oaxaca.jpeg\",\"datePublished\":\"2018-02-22T06:37:47+00:00\",\"breadcrumb\":{\"@id\":\"https:\/\/volcanes.net\/?p=1355#breadcrumb\"},\"inLanguage\":\"es\",\"potentialAction\":[{\"@type\":\"ReadAction\",\"target\":[\"https:\/\/volcanes.net\/?p=1355\"]}]},{\"@type\":\"ImageObject\",\"inLanguage\":\"es\",\"@id\":\"https:\/\/volcanes.net\/?p=1355#primaryimage\",\"url\":\"https:\/\/volcanes.net\/wp-content\/uploads\/2018\/02\/FOTO-2-Supervisa-Eviel-P\u00e9rez-Maga\u00f1a-atenci\u00f3n-de-familias-en-zonas-afectadas-por-el-sismo-del-pasado-viernes-en-Oaxaca.jpeg\",\"contentUrl\":\"https:\/\/volcanes.net\/wp-content\/uploads\/2018\/02\/FOTO-2-Supervisa-Eviel-P\u00e9rez-Maga\u00f1a-atenci\u00f3n-de-familias-en-zonas-afectadas-por-el-sismo-del-pasado-viernes-en-Oaxaca.jpeg\",\"width\":448,\"height\":299},{\"@type\":\"BreadcrumbList\",\"@id\":\"https:\/\/volcanes.net\/?p=1355#breadcrumb\",\"itemListElement\":[{\"@type\":\"ListItem\",\"position\":1,\"name\":\"Portada\",\"item\":\"https:\/\/volcanes.net\/\"},{\"@type\":\"ListItem\",\"position\":2,\"name\":\"Supervisa Eviel P\u00e9rez Maga\u00f1a atenci\u00f3n de familias en zonas afectadas por el sismo del pasado viernes en Oaxaca\"}]},{\"@type\":\"WebSite\",\"@id\":\"https:\/\/volcanes.net\/#website\",\"url\":\"https:\/\/volcanes.net\/\",\"name\":\"Volcanes.Net\",\"description\":\"Periodismo Profesional\",\"publisher\":{\"@id\":\"https:\/\/volcanes.net\/#organization\"},\"potentialAction\":[{\"@type\":\"SearchAction\",\"target\":{\"@type\":\"EntryPoint\",\"urlTemplate\":\"https:\/\/volcanes.net\/?s={search_term_string}\"},\"query-input\":{\"@type\":\"PropertyValueSpecification\",\"valueRequired\":true,\"valueName\":\"search_term_string\"}}],\"inLanguage\":\"es\"},{\"@type\":\"Organization\",\"@id\":\"https:\/\/volcanes.net\/#organization\",\"name\":\"Grupo Volcanes\",\"url\":\"https:\/\/volcanes.net\/\",\"logo\":{\"@type\":\"ImageObject\",\"inLanguage\":\"es\",\"@id\":\"https:\/\/volcanes.net\/#\/schema\/logo\/image\/\",\"url\":\"http:\/\/volcanes.net\/wp-content\/uploads\/2017\/12\/Avatar2.jpg\",\"contentUrl\":\"http:\/\/volcanes.net\/wp-content\/uploads\/2017\/12\/Avatar2.jpg\",\"width\":378,\"height\":378,\"caption\":\"Grupo Volcanes\"},\"image\":{\"@id\":\"https:\/\/volcanes.net\/#\/schema\/logo\/image\/\"},\"sameAs\":[\"https:\/\/www.facebook.com\/volcanes.net\/\"]},{\"@type\":\"Person\",\"@id\":\"https:\/\/volcanes.net\/#\/schema\/person\/4bf0f383940966a4abd53f5048c0e6b9\",\"name\":\"admin\",\"image\":{\"@type\":\"ImageObject\",\"inLanguage\":\"es\",\"@id\":\"https:\/\/volcanes.net\/#\/schema\/person\/image\/\",\"url\":\"https:\/\/secure.gravatar.com\/avatar\/ca004e6cba8462b8cb7abc86e382930c?s=96&d=mm&r=g\",\"contentUrl\":\"https:\/\/secure.gravatar.com\/avatar\/ca004e6cba8462b8cb7abc86e382930c?s=96&d=mm&r=g\",\"caption\":\"admin\"}}]}<\/script>\n<!-- \/ Yoast SEO plugin. -->","yoast_head_json":{"title":"Supervisa Eviel P\u00e9rez Maga\u00f1a atenci\u00f3n de familias en zonas afectadas por el sismo del pasado viernes en Oaxaca - Volcanes","robots":{"index":"index","follow":"follow","max-snippet":"max-snippet:-1","max-image-preview":"max-image-preview:large","max-video-preview":"max-video-preview:-1"},"canonical":"https:\/\/volcanes.net\/?p=1355","og_locale":"es_MX","og_type":"article","og_title":"Supervisa Eviel P\u00e9rez Maga\u00f1a atenci\u00f3n de familias en zonas afectadas por el sismo del pasado viernes en Oaxaca - Volcanes","og_description":"El secretario de Desarrollo Social realiz\u00f3 un recorrido por los municipios de Santiago Jamiltepec y","og_url":"https:\/\/volcanes.net\/?p=1355","og_site_name":"Volcanes","article_publisher":"https:\/\/www.facebook.com\/volcanes.net\/","article_published_time":"2018-02-22T06:37:47+00:00","og_image":[{"width":448,"height":299,"url":"https:\/\/volcanes.net\/wp-content\/uploads\/2018\/02\/FOTO-2-Supervisa-Eviel-P\u00e9rez-Maga\u00f1a-atenci\u00f3n-de-familias-en-zonas-afectadas-por-el-sismo-del-pasado-viernes-en-Oaxaca.jpeg","type":"image\/jpeg"}],"author":"admin","twitter_card":"summary_large_image","twitter_misc":{"Escrito por":"admin","Tiempo de lectura":"3 minutos"},"schema":{"@context":"https:\/\/schema.org","@graph":[{"@type":"Article","@id":"https:\/\/volcanes.net\/?p=1355#article","isPartOf":{"@id":"https:\/\/volcanes.net\/?p=1355"},"author":{"name":"admin","@id":"https:\/\/volcanes.net\/#\/schema\/person\/4bf0f383940966a4abd53f5048c0e6b9"},"headline":"Supervisa Eviel P\u00e9rez Maga\u00f1a atenci\u00f3n de familias en zonas afectadas por el sismo del pasado viernes en Oaxaca","datePublished":"2018-02-22T06:37:47+00:00","mainEntityOfPage":{"@id":"https:\/\/volcanes.net\/?p=1355"},"wordCount":720,"commentCount":0,"publisher":{"@id":"https:\/\/volcanes.net\/#organization"},"image":{"@id":"https:\/\/volcanes.net\/?p=1355#primaryimage"},"thumbnailUrl":"https:\/\/volcanes.net\/wp-content\/uploads\/2018\/02\/FOTO-2-Supervisa-Eviel-P\u00e9rez-Maga\u00f1a-atenci\u00f3n-de-familias-en-zonas-afectadas-por-el-sismo-del-pasado-viernes-en-Oaxaca.jpeg","keywords":["SEDESOL"],"articleSection":["Municipales"],"inLanguage":"es","potentialAction":[{"@type":"CommentAction","name":"Comment","target":["https:\/\/volcanes.net\/?p=1355#respond"]}]},{"@type":"WebPage","@id":"https:\/\/volcanes.net\/?p=1355","url":"https:\/\/volcanes.net\/?p=1355","name":"Supervisa Eviel P\u00e9rez Maga\u00f1a atenci\u00f3n de familias en zonas afectadas por el sismo del pasado viernes en Oaxaca - Volcanes","isPartOf":{"@id":"https:\/\/volcanes.net\/#website"},"primaryImageOfPage":{"@id":"https:\/\/volcanes.net\/?p=1355#primaryimage"},"image":{"@id":"https:\/\/volcanes.net\/?p=1355#primaryimage"},"thumbnailUrl":"https:\/\/volcanes.net\/wp-content\/uploads\/2018\/02\/FOTO-2-Supervisa-Eviel-P\u00e9rez-Maga\u00f1a-atenci\u00f3n-de-familias-en-zonas-afectadas-por-el-sismo-del-pasado-viernes-en-Oaxaca.jpeg","datePublished":"2018-02-22T06:37:47+00:00","breadcrumb":{"@id":"https:\/\/volcanes.net\/?p=1355#breadcrumb"},"inLanguage":"es","potentialAction":[{"@type":"ReadAction","target":["https:\/\/volcanes.net\/?p=1355"]}]},{"@type":"ImageObject","inLanguage":"es","@id":"https:\/\/volcanes.net\/?p=1355#primaryimage","url":"https:\/\/volcanes.net\/wp-content\/uploads\/2018\/02\/FOTO-2-Supervisa-Eviel-P\u00e9rez-Maga\u00f1a-atenci\u00f3n-de-familias-en-zonas-afectadas-por-el-sismo-del-pasado-viernes-en-Oaxaca.jpeg","contentUrl":"https:\/\/volcanes.net\/wp-content\/uploads\/2018\/02\/FOTO-2-Supervisa-Eviel-P\u00e9rez-Maga\u00f1a-atenci\u00f3n-de-familias-en-zonas-afectadas-por-el-sismo-del-pasado-viernes-en-Oaxaca.jpeg","width":448,"height":299},{"@type":"BreadcrumbList","@id":"https:\/\/volcanes.net\/?p=1355#breadcrumb","itemListElement":[{"@type":"ListItem","position":1,"name":"Portada","item":"https:\/\/volcanes.net\/"},{"@type":"ListItem","position":2,"name":"Supervisa Eviel P\u00e9rez Maga\u00f1a atenci\u00f3n de familias en zonas afectadas por el sismo del pasado viernes en Oaxaca"}]},{"@type":"WebSite","@id":"https:\/\/volcanes.net\/#website","url":"https:\/\/volcanes.net\/","name":"Volcanes.Net","description":"Periodismo Profesional","publisher":{"@id":"https:\/\/volcanes.net\/#organization"},"potentialAction":[{"@type":"SearchAction","target":{"@type":"EntryPoint","urlTemplate":"https:\/\/volcanes.net\/?s={search_term_string}"},"query-input":{"@type":"PropertyValueSpecification","valueRequired":true,"valueName":"search_term_string"}}],"inLanguage":"es"},{"@type":"Organization","@id":"https:\/\/volcanes.net\/#organization","name":"Grupo Volcanes","url":"https:\/\/volcanes.net\/","logo":{"@type":"ImageObject","inLanguage":"es","@id":"https:\/\/volcanes.net\/#\/schema\/logo\/image\/","url":"http:\/\/volcanes.net\/wp-content\/uploads\/2017\/12\/Avatar2.jpg","contentUrl":"http:\/\/volcanes.net\/wp-content\/uploads\/2017\/12\/Avatar2.jpg","width":378,"height":378,"caption":"Grupo Volcanes"},"image":{"@id":"https:\/\/volcanes.net\/#\/schema\/logo\/image\/"},"sameAs":["https:\/\/www.facebook.com\/volcanes.net\/"]},{"@type":"Person","@id":"https:\/\/volcanes.net\/#\/schema\/person\/4bf0f383940966a4abd53f5048c0e6b9","name":"admin","image":{"@type":"ImageObject","inLanguage":"es","@id":"https:\/\/volcanes.net\/#\/schema\/person\/image\/","url":"https:\/\/secure.gravatar.com\/avatar\/ca004e6cba8462b8cb7abc86e382930c?s=96&d=mm&r=g","contentUrl":"https:\/\/secure.gravatar.com\/avatar\/ca004e6cba8462b8cb7abc86e382930c?s=96&d=mm&r=g","caption":"admin"}}]}},"_links":{"self":[{"href":"https:\/\/volcanes.net\/index.php?rest_route=\/wp\/v2\/posts\/1355"}],"collection":[{"href":"https:\/\/volcanes.net\/index.php?rest_route=\/wp\/v2\/posts"}],"about":[{"href":"https:\/\/volcanes.net\/index.php?rest_route=\/wp\/v2\/types\/post"}],"author":[{"embeddable":true,"href":"https:\/\/volcanes.net\/index.php?rest_route=\/wp\/v2\/users\/1"}],"replies":[{"embeddable":true,"href":"https:\/\/volcanes.net\/index.php?rest_route=%2Fwp%2Fv2%2Fcomments&post=1355"}],"version-history":[{"count":1,"href":"https:\/\/volcanes.net\/index.php?rest_route=\/wp\/v2\/posts\/1355\/revisions"}],"predecessor-version":[{"id":1357,"href":"https:\/\/volcanes.net\/index.php?rest_route=\/wp\/v2\/posts\/1355\/revisions\/1357"}],"wp:featuredmedia":[{"embeddable":true,"href":"https:\/\/volcanes.net\/index.php?rest_route=\/wp\/v2\/media\/1356"}],"wp:attachment":[{"href":"https:\/\/volcanes.net\/index.php?rest_route=%2Fwp%2Fv2%2Fmedia&parent=1355"}],"wp:term":[{"taxonomy":"category","embeddable":true,"href":"https:\/\/volcanes.net\/index.php?rest_route=%2Fwp%2Fv2%2Fcategories&post=1355"},{"taxonomy":"post_tag","embeddable":true,"href":"https:\/\/volcanes.net\/index.php?rest_route=%2Fwp%2Fv2%2Ftags&post=1355"}],"curies":[{"name":"wp","href":"https:\/\/api.w.org\/{rel}","templated":true}]}}