{"id":1358,"date":"2018-02-22T06:39:48","date_gmt":"2018-02-22T06:39:48","guid":{"rendered":"http:\/\/volcanes.net\/?p=1358"},"modified":"2018-02-22T06:39:48","modified_gmt":"2018-02-22T06:39:48","slug":"gobernanza-via-para-mejorar-condiciones-sociales-del-pais","status":"publish","type":"post","link":"https:\/\/volcanes.net\/?p=1358","title":{"rendered":"Gobernanza, v\u00eda para\u00a0mejorar condiciones sociales del pa\u00eds"},"content":{"rendered":"<div style=\"margin-top: 0px; margin-bottom: 0px;\" class=\"sharethis-inline-share-buttons\" ><\/div><ul>\n<li style=\"font-weight: 400\"><em>El especialista Francisco Porras S\u00e1nchez sostuvo que los problemas que aquejan al pa\u00eds son dif\u00edciles de solucionar si solo act\u00faa el sector gubernamental.<\/em><\/li>\n<\/ul>\n<p style=\"font-weight: 400\"><strong>\u00a0<\/strong><\/p>\n<p style=\"font-weight: 400\"><strong>Toluca, M\u00e9x. \u2013 21 de febrero de 2018.<\/strong>\u00a0La gobernanza, es decir, el cogobierno con la sociedad civil y el sector privado, es una de las v\u00edas para mejorar las condiciones sociales del pa\u00eds, asegur\u00f3, en la Universidad Aut\u00f3noma del Estado de M\u00e9xico, el investigador del Instituto de Investigaciones \u201cDr. Jos\u00e9 Mar\u00eda Luis Mora\u201d, Francisco Porras S\u00e1nchez.<\/p>\n<p style=\"font-weight: 400\">Al presentar el libro\u00a0<em>Gobernanza: propuestas, l\u00edmites y perspectivas<\/em>, en la Facultad de Planeaci\u00f3n Urbana y Regional de la UAEM, el especialista resalt\u00f3 que con \u201ceste sistema podr\u00edan mejorar las condiciones de vida de la poblaci\u00f3n, en aspectos como la educaci\u00f3n, la pobreza, la violencia de g\u00e9nero o la seguridad\u201d.<\/p>\n<p style=\"font-weight: 400\">En la Facultad de Planeaci\u00f3n Urbana y Regional de la UAEM, consider\u00f3 que los problemas que aquejan al pa\u00eds son dif\u00edciles de solucionar si solo act\u00faa el sector gubernamental. Por ello, es necesario que tanto la sociedad civil como el sector privado abonen, con base en valores y buenas conductas, a su soluci\u00f3n.<\/p>\n<p style=\"font-weight: 400\">Cuando una naci\u00f3n adopta la gobernanza, detall\u00f3, la toma de decisiones acerca de una pol\u00edtica p\u00fablica se toma por un c\u00edrculo mayor de actores. \u201cSignifica el involucramiento de la sociedad civil y del sector privado en las pol\u00edticas p\u00fablicas; asimismo, quienes son beneficiados por alg\u00fan programa gubernamental deben ser parte del dise\u00f1o y evaluaci\u00f3n del mismo\u201d.<\/p>\n<p style=\"font-weight: 400\">En \u00faltima instancia, manifest\u00f3 Porras S\u00e1nchez, esta forma de gobierno muestra una sociedad m\u00e1s organizada en redes, con mayor capacidad para obtener recursos financieros y de informaci\u00f3n que incidan en pol\u00edticas p\u00fablicas.<\/p>\n<p style=\"font-weight: 400\">El especialista en ciencias pol\u00edticas y estudios internacionales mencion\u00f3 que actualmente, existen varias publicaciones acerca de este tema, sin embargo, no exist\u00eda un libro que reuniera la mayor parte de estudios en la materia, como es el caso de\u00a0<em>Gobernanza: propuestas, l\u00edmites y perspectivas<\/em>, que tiene un objetivo did\u00e1ctico.<\/p>\n<p style=\"font-weight: 400\">\u201cA veces la gobernanza se ha utilizado como un t\u00e9rmino de moda, sin embargo, es una agenda de investigaci\u00f3n, de cambio social y de pol\u00edtica p\u00fablica. Nos ayuda a mejorar y hacer m\u00e1s eficaces las administraciones p\u00fablicas\u201d, concluy\u00f3 Francisco Porras S\u00e1nchez.<\/p>\n","protected":false},"excerpt":{"rendered":"<p>El especialista Francisco Porras S\u00e1nchez sostuvo que los problemas que aquejan al pa\u00eds son dif\u00edciles<\/p>\n","protected":false},"author":1,"featured_media":1359,"comment_status":"open","ping_status":"open","sticky":false,"template":"","format":"standard","meta":{"footnotes":""},"categories":[1],"tags":[25,24],"class_list":["post-1358","post","type-post","status-publish","format-standard","has-post-thumbnail","hentry","category-municipales","tag-uaem","tag-uaemex"],"yoast_head":"<!-- This site is optimized with the Yoast SEO plugin v25.3 - https:\/\/yoast.com\/wordpress\/plugins\/seo\/ -->\n<title>Gobernanza, v\u00eda para\u00a0mejorar condiciones sociales del pa\u00eds - Volcanes<\/title>\n<meta name=\"robots\" content=\"index, follow, max-snippet:-1, max-image-preview:large, max-video-preview:-1\" \/>\n<link rel=\"canonical\" href=\"https:\/\/volcanes.net\/?p=1358\" \/>\n<meta property=\"og:locale\" content=\"es_MX\" \/>\n<meta property=\"og:type\" content=\"article\" \/>\n<meta property=\"og:title\" content=\"Gobernanza, v\u00eda para\u00a0mejorar condiciones sociales del pa\u00eds - Volcanes\" \/>\n<meta property=\"og:description\" content=\"El especialista Francisco Porras S\u00e1nchez sostuvo que los problemas que aquejan al pa\u00eds son dif\u00edciles\" \/>\n<meta property=\"og:url\" content=\"https:\/\/volcanes.net\/?p=1358\" \/>\n<meta property=\"og:site_name\" content=\"Volcanes\" \/>\n<meta property=\"article:publisher\" content=\"https:\/\/www.facebook.com\/volcanes.net\/\" \/>\n<meta property=\"article:published_time\" content=\"2018-02-22T06:39:48+00:00\" \/>\n<meta property=\"og:image\" content=\"https:\/\/volcanes.net\/wp-content\/uploads\/2018\/02\/Com-148-12.jpg\" \/>\n\t<meta property=\"og:image:width\" content=\"336\" \/>\n\t<meta property=\"og:image:height\" content=\"400\" \/>\n\t<meta property=\"og:image:type\" content=\"image\/jpeg\" \/>\n<meta name=\"author\" content=\"admin\" \/>\n<meta name=\"twitter:card\" content=\"summary_large_image\" \/>\n<meta name=\"twitter:label1\" content=\"Escrito por\" \/>\n\t<meta name=\"twitter:data1\" content=\"admin\" \/>\n\t<meta name=\"twitter:label2\" content=\"Tiempo de lectura\" \/>\n\t<meta name=\"twitter:data2\" content=\"2 minutos\" \/>\n<script type=\"application\/ld+json\" class=\"yoast-schema-graph\">{\"@context\":\"https:\/\/schema.org\",\"@graph\":[{\"@type\":\"Article\",\"@id\":\"https:\/\/volcanes.net\/?p=1358#article\",\"isPartOf\":{\"@id\":\"https:\/\/volcanes.net\/?p=1358\"},\"author\":{\"name\":\"admin\",\"@id\":\"https:\/\/volcanes.net\/#\/schema\/person\/4bf0f383940966a4abd53f5048c0e6b9\"},\"headline\":\"Gobernanza, v\u00eda para\u00a0mejorar condiciones sociales del pa\u00eds\",\"datePublished\":\"2018-02-22T06:39:48+00:00\",\"mainEntityOfPage\":{\"@id\":\"https:\/\/volcanes.net\/?p=1358\"},\"wordCount\":415,\"commentCount\":0,\"publisher\":{\"@id\":\"https:\/\/volcanes.net\/#organization\"},\"image\":{\"@id\":\"https:\/\/volcanes.net\/?p=1358#primaryimage\"},\"thumbnailUrl\":\"https:\/\/volcanes.net\/wp-content\/uploads\/2018\/02\/Com-148-12.jpg\",\"keywords\":[\"UAEM\",\"UAEMEX\"],\"articleSection\":[\"Municipales\"],\"inLanguage\":\"es\",\"potentialAction\":[{\"@type\":\"CommentAction\",\"name\":\"Comment\",\"target\":[\"https:\/\/volcanes.net\/?p=1358#respond\"]}]},{\"@type\":\"WebPage\",\"@id\":\"https:\/\/volcanes.net\/?p=1358\",\"url\":\"https:\/\/volcanes.net\/?p=1358\",\"name\":\"Gobernanza, v\u00eda para\u00a0mejorar condiciones sociales del pa\u00eds - Volcanes\",\"isPartOf\":{\"@id\":\"https:\/\/volcanes.net\/#website\"},\"primaryImageOfPage\":{\"@id\":\"https:\/\/volcanes.net\/?p=1358#primaryimage\"},\"image\":{\"@id\":\"https:\/\/volcanes.net\/?p=1358#primaryimage\"},\"thumbnailUrl\":\"https:\/\/volcanes.net\/wp-content\/uploads\/2018\/02\/Com-148-12.jpg\",\"datePublished\":\"2018-02-22T06:39:48+00:00\",\"breadcrumb\":{\"@id\":\"https:\/\/volcanes.net\/?p=1358#breadcrumb\"},\"inLanguage\":\"es\",\"potentialAction\":[{\"@type\":\"ReadAction\",\"target\":[\"https:\/\/volcanes.net\/?p=1358\"]}]},{\"@type\":\"ImageObject\",\"inLanguage\":\"es\",\"@id\":\"https:\/\/volcanes.net\/?p=1358#primaryimage\",\"url\":\"https:\/\/volcanes.net\/wp-content\/uploads\/2018\/02\/Com-148-12.jpg\",\"contentUrl\":\"https:\/\/volcanes.net\/wp-content\/uploads\/2018\/02\/Com-148-12.jpg\",\"width\":336,\"height\":400},{\"@type\":\"BreadcrumbList\",\"@id\":\"https:\/\/volcanes.net\/?p=1358#breadcrumb\",\"itemListElement\":[{\"@type\":\"ListItem\",\"position\":1,\"name\":\"Portada\",\"item\":\"https:\/\/volcanes.net\/\"},{\"@type\":\"ListItem\",\"position\":2,\"name\":\"Gobernanza, v\u00eda para\u00a0mejorar condiciones sociales del pa\u00eds\"}]},{\"@type\":\"WebSite\",\"@id\":\"https:\/\/volcanes.net\/#website\",\"url\":\"https:\/\/volcanes.net\/\",\"name\":\"Volcanes.Net\",\"description\":\"Periodismo Profesional\",\"publisher\":{\"@id\":\"https:\/\/volcanes.net\/#organization\"},\"potentialAction\":[{\"@type\":\"SearchAction\",\"target\":{\"@type\":\"EntryPoint\",\"urlTemplate\":\"https:\/\/volcanes.net\/?s={search_term_string}\"},\"query-input\":{\"@type\":\"PropertyValueSpecification\",\"valueRequired\":true,\"valueName\":\"search_term_string\"}}],\"inLanguage\":\"es\"},{\"@type\":\"Organization\",\"@id\":\"https:\/\/volcanes.net\/#organization\",\"name\":\"Grupo Volcanes\",\"url\":\"https:\/\/volcanes.net\/\",\"logo\":{\"@type\":\"ImageObject\",\"inLanguage\":\"es\",\"@id\":\"https:\/\/volcanes.net\/#\/schema\/logo\/image\/\",\"url\":\"http:\/\/volcanes.net\/wp-content\/uploads\/2017\/12\/Avatar2.jpg\",\"contentUrl\":\"http:\/\/volcanes.net\/wp-content\/uploads\/2017\/12\/Avatar2.jpg\",\"width\":378,\"height\":378,\"caption\":\"Grupo Volcanes\"},\"image\":{\"@id\":\"https:\/\/volcanes.net\/#\/schema\/logo\/image\/\"},\"sameAs\":[\"https:\/\/www.facebook.com\/volcanes.net\/\"]},{\"@type\":\"Person\",\"@id\":\"https:\/\/volcanes.net\/#\/schema\/person\/4bf0f383940966a4abd53f5048c0e6b9\",\"name\":\"admin\",\"image\":{\"@type\":\"ImageObject\",\"inLanguage\":\"es\",\"@id\":\"https:\/\/volcanes.net\/#\/schema\/person\/image\/\",\"url\":\"https:\/\/secure.gravatar.com\/avatar\/ca004e6cba8462b8cb7abc86e382930c?s=96&d=mm&r=g\",\"contentUrl\":\"https:\/\/secure.gravatar.com\/avatar\/ca004e6cba8462b8cb7abc86e382930c?s=96&d=mm&r=g\",\"caption\":\"admin\"}}]}<\/script>\n<!-- \/ Yoast SEO plugin. -->","yoast_head_json":{"title":"Gobernanza, v\u00eda para\u00a0mejorar condiciones sociales del pa\u00eds - Volcanes","robots":{"index":"index","follow":"follow","max-snippet":"max-snippet:-1","max-image-preview":"max-image-preview:large","max-video-preview":"max-video-preview:-1"},"canonical":"https:\/\/volcanes.net\/?p=1358","og_locale":"es_MX","og_type":"article","og_title":"Gobernanza, v\u00eda para\u00a0mejorar condiciones sociales del pa\u00eds - Volcanes","og_description":"El especialista Francisco Porras S\u00e1nchez sostuvo que los problemas que aquejan al pa\u00eds son dif\u00edciles","og_url":"https:\/\/volcanes.net\/?p=1358","og_site_name":"Volcanes","article_publisher":"https:\/\/www.facebook.com\/volcanes.net\/","article_published_time":"2018-02-22T06:39:48+00:00","og_image":[{"width":336,"height":400,"url":"https:\/\/volcanes.net\/wp-content\/uploads\/2018\/02\/Com-148-12.jpg","type":"image\/jpeg"}],"author":"admin","twitter_card":"summary_large_image","twitter_misc":{"Escrito por":"admin","Tiempo de lectura":"2 minutos"},"schema":{"@context":"https:\/\/schema.org","@graph":[{"@type":"Article","@id":"https:\/\/volcanes.net\/?p=1358#article","isPartOf":{"@id":"https:\/\/volcanes.net\/?p=1358"},"author":{"name":"admin","@id":"https:\/\/volcanes.net\/#\/schema\/person\/4bf0f383940966a4abd53f5048c0e6b9"},"headline":"Gobernanza, v\u00eda para\u00a0mejorar condiciones sociales del pa\u00eds","datePublished":"2018-02-22T06:39:48+00:00","mainEntityOfPage":{"@id":"https:\/\/volcanes.net\/?p=1358"},"wordCount":415,"commentCount":0,"publisher":{"@id":"https:\/\/volcanes.net\/#organization"},"image":{"@id":"https:\/\/volcanes.net\/?p=1358#primaryimage"},"thumbnailUrl":"https:\/\/volcanes.net\/wp-content\/uploads\/2018\/02\/Com-148-12.jpg","keywords":["UAEM","UAEMEX"],"articleSection":["Municipales"],"inLanguage":"es","potentialAction":[{"@type":"CommentAction","name":"Comment","target":["https:\/\/volcanes.net\/?p=1358#respond"]}]},{"@type":"WebPage","@id":"https:\/\/volcanes.net\/?p=1358","url":"https:\/\/volcanes.net\/?p=1358","name":"Gobernanza, v\u00eda para\u00a0mejorar condiciones sociales del pa\u00eds - Volcanes","isPartOf":{"@id":"https:\/\/volcanes.net\/#website"},"primaryImageOfPage":{"@id":"https:\/\/volcanes.net\/?p=1358#primaryimage"},"image":{"@id":"https:\/\/volcanes.net\/?p=1358#primaryimage"},"thumbnailUrl":"https:\/\/volcanes.net\/wp-content\/uploads\/2018\/02\/Com-148-12.jpg","datePublished":"2018-02-22T06:39:48+00:00","breadcrumb":{"@id":"https:\/\/volcanes.net\/?p=1358#breadcrumb"},"inLanguage":"es","potentialAction":[{"@type":"ReadAction","target":["https:\/\/volcanes.net\/?p=1358"]}]},{"@type":"ImageObject","inLanguage":"es","@id":"https:\/\/volcanes.net\/?p=1358#primaryimage","url":"https:\/\/volcanes.net\/wp-content\/uploads\/2018\/02\/Com-148-12.jpg","contentUrl":"https:\/\/volcanes.net\/wp-content\/uploads\/2018\/02\/Com-148-12.jpg","width":336,"height":400},{"@type":"BreadcrumbList","@id":"https:\/\/volcanes.net\/?p=1358#breadcrumb","itemListElement":[{"@type":"ListItem","position":1,"name":"Portada","item":"https:\/\/volcanes.net\/"},{"@type":"ListItem","position":2,"name":"Gobernanza, v\u00eda para\u00a0mejorar condiciones sociales del pa\u00eds"}]},{"@type":"WebSite","@id":"https:\/\/volcanes.net\/#website","url":"https:\/\/volcanes.net\/","name":"Volcanes.Net","description":"Periodismo Profesional","publisher":{"@id":"https:\/\/volcanes.net\/#organization"},"potentialAction":[{"@type":"SearchAction","target":{"@type":"EntryPoint","urlTemplate":"https:\/\/volcanes.net\/?s={search_term_string}"},"query-input":{"@type":"PropertyValueSpecification","valueRequired":true,"valueName":"search_term_string"}}],"inLanguage":"es"},{"@type":"Organization","@id":"https:\/\/volcanes.net\/#organization","name":"Grupo Volcanes","url":"https:\/\/volcanes.net\/","logo":{"@type":"ImageObject","inLanguage":"es","@id":"https:\/\/volcanes.net\/#\/schema\/logo\/image\/","url":"http:\/\/volcanes.net\/wp-content\/uploads\/2017\/12\/Avatar2.jpg","contentUrl":"http:\/\/volcanes.net\/wp-content\/uploads\/2017\/12\/Avatar2.jpg","width":378,"height":378,"caption":"Grupo Volcanes"},"image":{"@id":"https:\/\/volcanes.net\/#\/schema\/logo\/image\/"},"sameAs":["https:\/\/www.facebook.com\/volcanes.net\/"]},{"@type":"Person","@id":"https:\/\/volcanes.net\/#\/schema\/person\/4bf0f383940966a4abd53f5048c0e6b9","name":"admin","image":{"@type":"ImageObject","inLanguage":"es","@id":"https:\/\/volcanes.net\/#\/schema\/person\/image\/","url":"https:\/\/secure.gravatar.com\/avatar\/ca004e6cba8462b8cb7abc86e382930c?s=96&d=mm&r=g","contentUrl":"https:\/\/secure.gravatar.com\/avatar\/ca004e6cba8462b8cb7abc86e382930c?s=96&d=mm&r=g","caption":"admin"}}]}},"_links":{"self":[{"href":"https:\/\/volcanes.net\/index.php?rest_route=\/wp\/v2\/posts\/1358"}],"collection":[{"href":"https:\/\/volcanes.net\/index.php?rest_route=\/wp\/v2\/posts"}],"about":[{"href":"https:\/\/volcanes.net\/index.php?rest_route=\/wp\/v2\/types\/post"}],"author":[{"embeddable":true,"href":"https:\/\/volcanes.net\/index.php?rest_route=\/wp\/v2\/users\/1"}],"replies":[{"embeddable":true,"href":"https:\/\/volcanes.net\/index.php?rest_route=%2Fwp%2Fv2%2Fcomments&post=1358"}],"version-history":[{"count":1,"href":"https:\/\/volcanes.net\/index.php?rest_route=\/wp\/v2\/posts\/1358\/revisions"}],"predecessor-version":[{"id":1360,"href":"https:\/\/volcanes.net\/index.php?rest_route=\/wp\/v2\/posts\/1358\/revisions\/1360"}],"wp:featuredmedia":[{"embeddable":true,"href":"https:\/\/volcanes.net\/index.php?rest_route=\/wp\/v2\/media\/1359"}],"wp:attachment":[{"href":"https:\/\/volcanes.net\/index.php?rest_route=%2Fwp%2Fv2%2Fmedia&parent=1358"}],"wp:term":[{"taxonomy":"category","embeddable":true,"href":"https:\/\/volcanes.net\/index.php?rest_route=%2Fwp%2Fv2%2Fcategories&post=1358"},{"taxonomy":"post_tag","embeddable":true,"href":"https:\/\/volcanes.net\/index.php?rest_route=%2Fwp%2Fv2%2Ftags&post=1358"}],"curies":[{"name":"wp","href":"https:\/\/api.w.org\/{rel}","templated":true}]}}