{"id":13739,"date":"2023-07-28T17:26:04","date_gmt":"2023-07-28T23:26:04","guid":{"rendered":"http:\/\/volcanes.net\/?p=13739"},"modified":"2023-07-28T17:26:04","modified_gmt":"2023-07-28T23:26:04","slug":"realizan-la-primera-reunion-interregional-de-construccion-de-paz-entre-los-municipios-limitrofes-del-estado-de-mexico-y-morelos","status":"publish","type":"post","link":"https:\/\/volcanes.net\/?p=13739","title":{"rendered":"Realizan la primera Reuni\u00f3n Interregional de Construcci\u00f3n de Paz, entre los municipios lim\u00edtrofes del Estado de M\u00e9xico y Morelos"},"content":{"rendered":"<div style=\"margin-top: 0px; margin-bottom: 0px;\" class=\"sharethis-inline-share-buttons\" ><\/div><p>Realizan la primera reuni\u00f3n Interregional de construcci\u00f3n de la Paz<br \/>\nParticiparon municipios del estado de M\u00e9xico y del estado de Morelos.<br \/>\nTepetlixpa estado de M\u00e9xico.- Este viernes 28 de Julio se realiz\u00f3 en el municipio de Tepetlixpa la primera Reuni\u00f3n Interregional de Construcci\u00f3n de Paz, entre los municipios lim\u00edtrofes del Estado de M\u00e9xico y Morelos.<br \/>\nEl presidente municipal de Tepetlixpa, Abelardo Rodr\u00edguez Garc\u00eda fue el anfitri\u00f3n de esta importante reuni\u00f3n de trabajo.<br \/>\nAbelardo Rodr\u00edguez enfatiz\u00f3 que con esta primer reunion el objetivo es que los municipios mantengan una coordinaci\u00f3n estrecha para generar acciones preventivas a la incidencia delictiva y salvaguardar los intereses de la comunidad.<br \/>\nAgradeci\u00f3 la presencia de los Presidentes de los municipios de Ecatzingo, Atlautla y Ozumba, en el Estado de M\u00e9xico y por el Estado de Morelos autoridades de los municipios de Atlatlaucan y Tlalnepantla.<br \/>\nA esta reuni\u00f3n asisti\u00f3 tambi\u00e9n la Fiscal\u00eda especializada en robo de veh\u00edculos, el Centro Nacional de Inteligencia, la Fiscal\u00eda Regional, la Guardia Nacional, la Polic\u00eda Estatal, SEDENA, la Secretar\u00eda del Medio Ambiente, as\u00ed como Comisarios de los municipios colindantes con el Estado de Morelos.<br \/>\nPor su parte el alcalde de Ozumba, Valent\u00edn Mart\u00ednez Castillo, reconoci\u00f3 que la herramienta en la lucha por la Seguridad comienza por la comunicaci\u00f3n y coordinaci\u00f3n efectiva pese a los l\u00edmites territoriales.<br \/>\nDurante la reuni\u00f3n el alcalde de Ozumba, destac\u00f3 la labor de estar al frente de la operatividad que se realiza.<br \/>\nAbund\u00f3 que con las acciones emprendidas tienen como \u00fanico fin, que los resultados sean favorables en la reducci\u00f3n de los \u00edndices delictivos.<\/p>\n","protected":false},"excerpt":{"rendered":"<p>Realizan la primera reuni\u00f3n Interregional de construcci\u00f3n de la Paz Participaron municipios del estado de<\/p>\n","protected":false},"author":1,"featured_media":13738,"comment_status":"open","ping_status":"open","sticky":false,"template":"","format":"standard","meta":{"footnotes":""},"categories":[3],"tags":[174,198,14,16],"class_list":["post-13739","post","type-post","status-publish","format-standard","has-post-thumbnail","hentry","category-estatales","tag-estado-de-mexico","tag-morelos","tag-ozumba","tag-tepetlixpa"],"yoast_head":"<!-- This site is optimized with the Yoast SEO plugin v25.3 - https:\/\/yoast.com\/wordpress\/plugins\/seo\/ -->\n<title>Realizan la primera Reuni\u00f3n Interregional de Construcci\u00f3n de Paz, entre los municipios lim\u00edtrofes del Estado de M\u00e9xico y Morelos - Volcanes<\/title>\n<meta name=\"robots\" content=\"index, follow, max-snippet:-1, max-image-preview:large, max-video-preview:-1\" \/>\n<link rel=\"canonical\" href=\"https:\/\/volcanes.net\/?p=13739\" \/>\n<meta property=\"og:locale\" content=\"es_MX\" \/>\n<meta property=\"og:type\" content=\"article\" \/>\n<meta property=\"og:title\" content=\"Realizan la primera Reuni\u00f3n Interregional de Construcci\u00f3n de Paz, entre los municipios lim\u00edtrofes del Estado de M\u00e9xico y Morelos - Volcanes\" \/>\n<meta property=\"og:description\" content=\"Realizan la primera reuni\u00f3n Interregional de construcci\u00f3n de la Paz Participaron municipios del estado de\" \/>\n<meta property=\"og:url\" content=\"https:\/\/volcanes.net\/?p=13739\" \/>\n<meta property=\"og:site_name\" content=\"Volcanes\" \/>\n<meta property=\"article:publisher\" content=\"https:\/\/www.facebook.com\/volcanes.net\/\" \/>\n<meta property=\"article:published_time\" content=\"2023-07-28T23:26:04+00:00\" \/>\n<meta property=\"og:image\" content=\"https:\/\/volcanes.net\/wp-content\/uploads\/2023\/07\/FB_IMG_1690586625909.jpg\" \/>\n\t<meta property=\"og:image:width\" content=\"1080\" \/>\n\t<meta property=\"og:image:height\" content=\"631\" \/>\n\t<meta property=\"og:image:type\" content=\"image\/jpeg\" \/>\n<meta name=\"author\" content=\"admin\" \/>\n<meta name=\"twitter:card\" content=\"summary_large_image\" \/>\n<meta name=\"twitter:label1\" content=\"Escrito por\" \/>\n\t<meta name=\"twitter:data1\" content=\"admin\" \/>\n\t<meta name=\"twitter:label2\" content=\"Tiempo de lectura\" \/>\n\t<meta name=\"twitter:data2\" content=\"1 minuto\" \/>\n<script type=\"application\/ld+json\" class=\"yoast-schema-graph\">{\"@context\":\"https:\/\/schema.org\",\"@graph\":[{\"@type\":\"Article\",\"@id\":\"https:\/\/volcanes.net\/?p=13739#article\",\"isPartOf\":{\"@id\":\"https:\/\/volcanes.net\/?p=13739\"},\"author\":{\"name\":\"admin\",\"@id\":\"https:\/\/volcanes.net\/#\/schema\/person\/4bf0f383940966a4abd53f5048c0e6b9\"},\"headline\":\"Realizan la primera Reuni\u00f3n Interregional de Construcci\u00f3n de Paz, entre los municipios lim\u00edtrofes del Estado de M\u00e9xico y Morelos\",\"datePublished\":\"2023-07-28T23:26:04+00:00\",\"mainEntityOfPage\":{\"@id\":\"https:\/\/volcanes.net\/?p=13739\"},\"wordCount\":308,\"commentCount\":0,\"publisher\":{\"@id\":\"https:\/\/volcanes.net\/#organization\"},\"image\":{\"@id\":\"https:\/\/volcanes.net\/?p=13739#primaryimage\"},\"thumbnailUrl\":\"https:\/\/volcanes.net\/wp-content\/uploads\/2023\/07\/FB_IMG_1690586625909.jpg\",\"keywords\":[\"Estado de M\u00e9xico\",\"Morelos\",\"Ozumba\",\"Tepetlixpa\"],\"articleSection\":[\"Estatales\"],\"inLanguage\":\"es\",\"potentialAction\":[{\"@type\":\"CommentAction\",\"name\":\"Comment\",\"target\":[\"https:\/\/volcanes.net\/?p=13739#respond\"]}]},{\"@type\":\"WebPage\",\"@id\":\"https:\/\/volcanes.net\/?p=13739\",\"url\":\"https:\/\/volcanes.net\/?p=13739\",\"name\":\"Realizan la primera Reuni\u00f3n Interregional de Construcci\u00f3n de Paz, entre los municipios lim\u00edtrofes del Estado de M\u00e9xico y Morelos - Volcanes\",\"isPartOf\":{\"@id\":\"https:\/\/volcanes.net\/#website\"},\"primaryImageOfPage\":{\"@id\":\"https:\/\/volcanes.net\/?p=13739#primaryimage\"},\"image\":{\"@id\":\"https:\/\/volcanes.net\/?p=13739#primaryimage\"},\"thumbnailUrl\":\"https:\/\/volcanes.net\/wp-content\/uploads\/2023\/07\/FB_IMG_1690586625909.jpg\",\"datePublished\":\"2023-07-28T23:26:04+00:00\",\"breadcrumb\":{\"@id\":\"https:\/\/volcanes.net\/?p=13739#breadcrumb\"},\"inLanguage\":\"es\",\"potentialAction\":[{\"@type\":\"ReadAction\",\"target\":[\"https:\/\/volcanes.net\/?p=13739\"]}]},{\"@type\":\"ImageObject\",\"inLanguage\":\"es\",\"@id\":\"https:\/\/volcanes.net\/?p=13739#primaryimage\",\"url\":\"https:\/\/volcanes.net\/wp-content\/uploads\/2023\/07\/FB_IMG_1690586625909.jpg\",\"contentUrl\":\"https:\/\/volcanes.net\/wp-content\/uploads\/2023\/07\/FB_IMG_1690586625909.jpg\",\"width\":1080,\"height\":631},{\"@type\":\"BreadcrumbList\",\"@id\":\"https:\/\/volcanes.net\/?p=13739#breadcrumb\",\"itemListElement\":[{\"@type\":\"ListItem\",\"position\":1,\"name\":\"Portada\",\"item\":\"https:\/\/volcanes.net\/\"},{\"@type\":\"ListItem\",\"position\":2,\"name\":\"Realizan la primera Reuni\u00f3n Interregional de Construcci\u00f3n de Paz, entre los municipios lim\u00edtrofes del Estado de M\u00e9xico y Morelos\"}]},{\"@type\":\"WebSite\",\"@id\":\"https:\/\/volcanes.net\/#website\",\"url\":\"https:\/\/volcanes.net\/\",\"name\":\"Volcanes.Net\",\"description\":\"Periodismo Profesional\",\"publisher\":{\"@id\":\"https:\/\/volcanes.net\/#organization\"},\"potentialAction\":[{\"@type\":\"SearchAction\",\"target\":{\"@type\":\"EntryPoint\",\"urlTemplate\":\"https:\/\/volcanes.net\/?s={search_term_string}\"},\"query-input\":{\"@type\":\"PropertyValueSpecification\",\"valueRequired\":true,\"valueName\":\"search_term_string\"}}],\"inLanguage\":\"es\"},{\"@type\":\"Organization\",\"@id\":\"https:\/\/volcanes.net\/#organization\",\"name\":\"Grupo Volcanes\",\"url\":\"https:\/\/volcanes.net\/\",\"logo\":{\"@type\":\"ImageObject\",\"inLanguage\":\"es\",\"@id\":\"https:\/\/volcanes.net\/#\/schema\/logo\/image\/\",\"url\":\"http:\/\/volcanes.net\/wp-content\/uploads\/2017\/12\/Avatar2.jpg\",\"contentUrl\":\"http:\/\/volcanes.net\/wp-content\/uploads\/2017\/12\/Avatar2.jpg\",\"width\":378,\"height\":378,\"caption\":\"Grupo Volcanes\"},\"image\":{\"@id\":\"https:\/\/volcanes.net\/#\/schema\/logo\/image\/\"},\"sameAs\":[\"https:\/\/www.facebook.com\/volcanes.net\/\"]},{\"@type\":\"Person\",\"@id\":\"https:\/\/volcanes.net\/#\/schema\/person\/4bf0f383940966a4abd53f5048c0e6b9\",\"name\":\"admin\",\"image\":{\"@type\":\"ImageObject\",\"inLanguage\":\"es\",\"@id\":\"https:\/\/volcanes.net\/#\/schema\/person\/image\/\",\"url\":\"https:\/\/secure.gravatar.com\/avatar\/ca004e6cba8462b8cb7abc86e382930c?s=96&d=mm&r=g\",\"contentUrl\":\"https:\/\/secure.gravatar.com\/avatar\/ca004e6cba8462b8cb7abc86e382930c?s=96&d=mm&r=g\",\"caption\":\"admin\"}}]}<\/script>\n<!-- \/ Yoast SEO plugin. -->","yoast_head_json":{"title":"Realizan la primera Reuni\u00f3n Interregional de Construcci\u00f3n de Paz, entre los municipios lim\u00edtrofes del Estado de M\u00e9xico y Morelos - Volcanes","robots":{"index":"index","follow":"follow","max-snippet":"max-snippet:-1","max-image-preview":"max-image-preview:large","max-video-preview":"max-video-preview:-1"},"canonical":"https:\/\/volcanes.net\/?p=13739","og_locale":"es_MX","og_type":"article","og_title":"Realizan la primera Reuni\u00f3n Interregional de Construcci\u00f3n de Paz, entre los municipios lim\u00edtrofes del Estado de M\u00e9xico y Morelos - Volcanes","og_description":"Realizan la primera reuni\u00f3n Interregional de construcci\u00f3n de la Paz Participaron municipios del estado de","og_url":"https:\/\/volcanes.net\/?p=13739","og_site_name":"Volcanes","article_publisher":"https:\/\/www.facebook.com\/volcanes.net\/","article_published_time":"2023-07-28T23:26:04+00:00","og_image":[{"width":1080,"height":631,"url":"https:\/\/volcanes.net\/wp-content\/uploads\/2023\/07\/FB_IMG_1690586625909.jpg","type":"image\/jpeg"}],"author":"admin","twitter_card":"summary_large_image","twitter_misc":{"Escrito por":"admin","Tiempo de lectura":"1 minuto"},"schema":{"@context":"https:\/\/schema.org","@graph":[{"@type":"Article","@id":"https:\/\/volcanes.net\/?p=13739#article","isPartOf":{"@id":"https:\/\/volcanes.net\/?p=13739"},"author":{"name":"admin","@id":"https:\/\/volcanes.net\/#\/schema\/person\/4bf0f383940966a4abd53f5048c0e6b9"},"headline":"Realizan la primera Reuni\u00f3n Interregional de Construcci\u00f3n de Paz, entre los municipios lim\u00edtrofes del Estado de M\u00e9xico y Morelos","datePublished":"2023-07-28T23:26:04+00:00","mainEntityOfPage":{"@id":"https:\/\/volcanes.net\/?p=13739"},"wordCount":308,"commentCount":0,"publisher":{"@id":"https:\/\/volcanes.net\/#organization"},"image":{"@id":"https:\/\/volcanes.net\/?p=13739#primaryimage"},"thumbnailUrl":"https:\/\/volcanes.net\/wp-content\/uploads\/2023\/07\/FB_IMG_1690586625909.jpg","keywords":["Estado de M\u00e9xico","Morelos","Ozumba","Tepetlixpa"],"articleSection":["Estatales"],"inLanguage":"es","potentialAction":[{"@type":"CommentAction","name":"Comment","target":["https:\/\/volcanes.net\/?p=13739#respond"]}]},{"@type":"WebPage","@id":"https:\/\/volcanes.net\/?p=13739","url":"https:\/\/volcanes.net\/?p=13739","name":"Realizan la primera Reuni\u00f3n Interregional de Construcci\u00f3n de Paz, entre los municipios lim\u00edtrofes del Estado de M\u00e9xico y Morelos - Volcanes","isPartOf":{"@id":"https:\/\/volcanes.net\/#website"},"primaryImageOfPage":{"@id":"https:\/\/volcanes.net\/?p=13739#primaryimage"},"image":{"@id":"https:\/\/volcanes.net\/?p=13739#primaryimage"},"thumbnailUrl":"https:\/\/volcanes.net\/wp-content\/uploads\/2023\/07\/FB_IMG_1690586625909.jpg","datePublished":"2023-07-28T23:26:04+00:00","breadcrumb":{"@id":"https:\/\/volcanes.net\/?p=13739#breadcrumb"},"inLanguage":"es","potentialAction":[{"@type":"ReadAction","target":["https:\/\/volcanes.net\/?p=13739"]}]},{"@type":"ImageObject","inLanguage":"es","@id":"https:\/\/volcanes.net\/?p=13739#primaryimage","url":"https:\/\/volcanes.net\/wp-content\/uploads\/2023\/07\/FB_IMG_1690586625909.jpg","contentUrl":"https:\/\/volcanes.net\/wp-content\/uploads\/2023\/07\/FB_IMG_1690586625909.jpg","width":1080,"height":631},{"@type":"BreadcrumbList","@id":"https:\/\/volcanes.net\/?p=13739#breadcrumb","itemListElement":[{"@type":"ListItem","position":1,"name":"Portada","item":"https:\/\/volcanes.net\/"},{"@type":"ListItem","position":2,"name":"Realizan la primera Reuni\u00f3n Interregional de Construcci\u00f3n de Paz, entre los municipios lim\u00edtrofes del Estado de M\u00e9xico y Morelos"}]},{"@type":"WebSite","@id":"https:\/\/volcanes.net\/#website","url":"https:\/\/volcanes.net\/","name":"Volcanes.Net","description":"Periodismo Profesional","publisher":{"@id":"https:\/\/volcanes.net\/#organization"},"potentialAction":[{"@type":"SearchAction","target":{"@type":"EntryPoint","urlTemplate":"https:\/\/volcanes.net\/?s={search_term_string}"},"query-input":{"@type":"PropertyValueSpecification","valueRequired":true,"valueName":"search_term_string"}}],"inLanguage":"es"},{"@type":"Organization","@id":"https:\/\/volcanes.net\/#organization","name":"Grupo Volcanes","url":"https:\/\/volcanes.net\/","logo":{"@type":"ImageObject","inLanguage":"es","@id":"https:\/\/volcanes.net\/#\/schema\/logo\/image\/","url":"http:\/\/volcanes.net\/wp-content\/uploads\/2017\/12\/Avatar2.jpg","contentUrl":"http:\/\/volcanes.net\/wp-content\/uploads\/2017\/12\/Avatar2.jpg","width":378,"height":378,"caption":"Grupo Volcanes"},"image":{"@id":"https:\/\/volcanes.net\/#\/schema\/logo\/image\/"},"sameAs":["https:\/\/www.facebook.com\/volcanes.net\/"]},{"@type":"Person","@id":"https:\/\/volcanes.net\/#\/schema\/person\/4bf0f383940966a4abd53f5048c0e6b9","name":"admin","image":{"@type":"ImageObject","inLanguage":"es","@id":"https:\/\/volcanes.net\/#\/schema\/person\/image\/","url":"https:\/\/secure.gravatar.com\/avatar\/ca004e6cba8462b8cb7abc86e382930c?s=96&d=mm&r=g","contentUrl":"https:\/\/secure.gravatar.com\/avatar\/ca004e6cba8462b8cb7abc86e382930c?s=96&d=mm&r=g","caption":"admin"}}]}},"_links":{"self":[{"href":"https:\/\/volcanes.net\/index.php?rest_route=\/wp\/v2\/posts\/13739"}],"collection":[{"href":"https:\/\/volcanes.net\/index.php?rest_route=\/wp\/v2\/posts"}],"about":[{"href":"https:\/\/volcanes.net\/index.php?rest_route=\/wp\/v2\/types\/post"}],"author":[{"embeddable":true,"href":"https:\/\/volcanes.net\/index.php?rest_route=\/wp\/v2\/users\/1"}],"replies":[{"embeddable":true,"href":"https:\/\/volcanes.net\/index.php?rest_route=%2Fwp%2Fv2%2Fcomments&post=13739"}],"version-history":[{"count":1,"href":"https:\/\/volcanes.net\/index.php?rest_route=\/wp\/v2\/posts\/13739\/revisions"}],"predecessor-version":[{"id":13740,"href":"https:\/\/volcanes.net\/index.php?rest_route=\/wp\/v2\/posts\/13739\/revisions\/13740"}],"wp:featuredmedia":[{"embeddable":true,"href":"https:\/\/volcanes.net\/index.php?rest_route=\/wp\/v2\/media\/13738"}],"wp:attachment":[{"href":"https:\/\/volcanes.net\/index.php?rest_route=%2Fwp%2Fv2%2Fmedia&parent=13739"}],"wp:term":[{"taxonomy":"category","embeddable":true,"href":"https:\/\/volcanes.net\/index.php?rest_route=%2Fwp%2Fv2%2Fcategories&post=13739"},{"taxonomy":"post_tag","embeddable":true,"href":"https:\/\/volcanes.net\/index.php?rest_route=%2Fwp%2Fv2%2Ftags&post=13739"}],"curies":[{"name":"wp","href":"https:\/\/api.w.org\/{rel}","templated":true}]}}