{"id":13762,"date":"2023-08-03T12:16:14","date_gmt":"2023-08-03T18:16:14","guid":{"rendered":"http:\/\/volcanes.net\/?p=13762"},"modified":"2023-08-03T12:16:14","modified_gmt":"2023-08-03T18:16:14","slug":"avanza-la-obra-del-colector-solidaridad-en-chalco","status":"publish","type":"post","link":"https:\/\/volcanes.net\/?p=13762","title":{"rendered":"Avanza la obra del Colector Solidaridad en Chalco"},"content":{"rendered":"<div style=\"margin-top: 0px; margin-bottom: 0px;\" class=\"sharethis-inline-share-buttons\" ><\/div><p>Chalco, Estado de M\u00e9xico, 2 de agosto de 2023.- El Gobierno de Chalco, a trav\u00e9s de sus redes sociales, comparti\u00f3 un video resumen de los trabajos en el Colector Solidaridad, obra gestionada por el Presidente Municipal, Miguel Guti\u00e9rrez ante el Gobierno del Estado de M\u00e9xico desde el 2019 y de la que se dio el banderazo de salida en septiembre de 2022, con la que se espera beneficiar a m\u00e1s de 150 mil personas de 22 comunidades de Chalco, que por m\u00e1s de 40 a\u00f1os han padecido inundaciones en temporada de lluvias.<\/p>\n<p>Dos semanas previas a la inundaci\u00f3n del 25 de julio, que afect\u00f3 6 calles en la colonia Culturas de M\u00e9xico, el Presidente Municipal, Miguel Guti\u00e9rrez asegur\u00f3 ante medios de comunicaci\u00f3n que la construcci\u00f3n del Colector Solidaridad, obra ejecutada por el Gobierno Estatal, a trav\u00e9s de la Secretar\u00eda de Obra y la Comisi\u00f3n de Agua del Estado de M\u00e9xico, presentaba un considerable avance en los trabajos.<\/p>\n<p>Miguel Guti\u00e9rrez recalc\u00f3 que, en estos 40 a\u00f1os que las colonias y barrios de la Cabecera Municipal han sufrido estragos por la acumulaci\u00f3n de agua, solo su administraci\u00f3n ha buscado una soluci\u00f3n de fondo, que es este Colector con un kil\u00f3metro de longitud y a 10 metros de profundidad, que llevar\u00e1 tuber\u00eda de 2.44 metros de di\u00e1metro, para aliviar en gran medida los drenajes y evitar encharcamientos e inundaciones.<\/p>\n<p>En su video respectivo, el Gobierno de Chalco informa que, en la Calle Oriente 34 de la colonia Uni\u00f3n de Guadalupe, la Lumbrera 2 lleg\u00f3 al cien por ciento de avance y est\u00e1 lista para la introducci\u00f3n de la tuber\u00eda, mientras que la Lumbrera 3 sigue en construcci\u00f3n con un avance del sesenta por ciento.<\/p>\n","protected":false},"excerpt":{"rendered":"<p>Chalco, Estado de M\u00e9xico, 2 de agosto de 2023.- El Gobierno de Chalco, a trav\u00e9s<\/p>\n","protected":false},"author":1,"featured_media":13761,"comment_status":"open","ping_status":"open","sticky":false,"template":"","format":"standard","meta":{"footnotes":""},"categories":[1],"tags":[9],"class_list":["post-13762","post","type-post","status-publish","format-standard","has-post-thumbnail","hentry","category-municipales","tag-chalco"],"yoast_head":"<!-- This site is optimized with the Yoast SEO plugin v25.3 - https:\/\/yoast.com\/wordpress\/plugins\/seo\/ -->\n<title>Avanza la obra del Colector Solidaridad en Chalco - Volcanes<\/title>\n<meta name=\"robots\" content=\"index, follow, max-snippet:-1, max-image-preview:large, max-video-preview:-1\" \/>\n<link rel=\"canonical\" href=\"https:\/\/volcanes.net\/?p=13762\" \/>\n<meta property=\"og:locale\" content=\"es_MX\" \/>\n<meta property=\"og:type\" content=\"article\" \/>\n<meta property=\"og:title\" content=\"Avanza la obra del Colector Solidaridad en Chalco - Volcanes\" \/>\n<meta property=\"og:description\" content=\"Chalco, Estado de M\u00e9xico, 2 de agosto de 2023.- El Gobierno de Chalco, a trav\u00e9s\" \/>\n<meta property=\"og:url\" content=\"https:\/\/volcanes.net\/?p=13762\" \/>\n<meta property=\"og:site_name\" content=\"Volcanes\" \/>\n<meta property=\"article:publisher\" content=\"https:\/\/www.facebook.com\/volcanes.net\/\" \/>\n<meta property=\"article:published_time\" content=\"2023-08-03T18:16:14+00:00\" \/>\n<meta property=\"og:image\" content=\"https:\/\/volcanes.net\/wp-content\/uploads\/2023\/08\/IMG-20230802-WA0068.jpg\" \/>\n\t<meta property=\"og:image:width\" content=\"1280\" \/>\n\t<meta property=\"og:image:height\" content=\"575\" \/>\n\t<meta property=\"og:image:type\" content=\"image\/jpeg\" \/>\n<meta name=\"author\" content=\"admin\" \/>\n<meta name=\"twitter:card\" content=\"summary_large_image\" \/>\n<meta name=\"twitter:label1\" content=\"Escrito por\" \/>\n\t<meta name=\"twitter:data1\" content=\"admin\" \/>\n\t<meta name=\"twitter:label2\" content=\"Tiempo de lectura\" \/>\n\t<meta name=\"twitter:data2\" content=\"1 minuto\" \/>\n<script type=\"application\/ld+json\" class=\"yoast-schema-graph\">{\"@context\":\"https:\/\/schema.org\",\"@graph\":[{\"@type\":\"Article\",\"@id\":\"https:\/\/volcanes.net\/?p=13762#article\",\"isPartOf\":{\"@id\":\"https:\/\/volcanes.net\/?p=13762\"},\"author\":{\"name\":\"admin\",\"@id\":\"https:\/\/volcanes.net\/#\/schema\/person\/4bf0f383940966a4abd53f5048c0e6b9\"},\"headline\":\"Avanza la obra del Colector Solidaridad en Chalco\",\"datePublished\":\"2023-08-03T18:16:14+00:00\",\"mainEntityOfPage\":{\"@id\":\"https:\/\/volcanes.net\/?p=13762\"},\"wordCount\":303,\"commentCount\":0,\"publisher\":{\"@id\":\"https:\/\/volcanes.net\/#organization\"},\"image\":{\"@id\":\"https:\/\/volcanes.net\/?p=13762#primaryimage\"},\"thumbnailUrl\":\"https:\/\/volcanes.net\/wp-content\/uploads\/2023\/08\/IMG-20230802-WA0068.jpg\",\"keywords\":[\"Chalco\"],\"articleSection\":[\"Municipales\"],\"inLanguage\":\"es\",\"potentialAction\":[{\"@type\":\"CommentAction\",\"name\":\"Comment\",\"target\":[\"https:\/\/volcanes.net\/?p=13762#respond\"]}]},{\"@type\":\"WebPage\",\"@id\":\"https:\/\/volcanes.net\/?p=13762\",\"url\":\"https:\/\/volcanes.net\/?p=13762\",\"name\":\"Avanza la obra del Colector Solidaridad en Chalco - Volcanes\",\"isPartOf\":{\"@id\":\"https:\/\/volcanes.net\/#website\"},\"primaryImageOfPage\":{\"@id\":\"https:\/\/volcanes.net\/?p=13762#primaryimage\"},\"image\":{\"@id\":\"https:\/\/volcanes.net\/?p=13762#primaryimage\"},\"thumbnailUrl\":\"https:\/\/volcanes.net\/wp-content\/uploads\/2023\/08\/IMG-20230802-WA0068.jpg\",\"datePublished\":\"2023-08-03T18:16:14+00:00\",\"breadcrumb\":{\"@id\":\"https:\/\/volcanes.net\/?p=13762#breadcrumb\"},\"inLanguage\":\"es\",\"potentialAction\":[{\"@type\":\"ReadAction\",\"target\":[\"https:\/\/volcanes.net\/?p=13762\"]}]},{\"@type\":\"ImageObject\",\"inLanguage\":\"es\",\"@id\":\"https:\/\/volcanes.net\/?p=13762#primaryimage\",\"url\":\"https:\/\/volcanes.net\/wp-content\/uploads\/2023\/08\/IMG-20230802-WA0068.jpg\",\"contentUrl\":\"https:\/\/volcanes.net\/wp-content\/uploads\/2023\/08\/IMG-20230802-WA0068.jpg\",\"width\":1280,\"height\":575},{\"@type\":\"BreadcrumbList\",\"@id\":\"https:\/\/volcanes.net\/?p=13762#breadcrumb\",\"itemListElement\":[{\"@type\":\"ListItem\",\"position\":1,\"name\":\"Portada\",\"item\":\"https:\/\/volcanes.net\/\"},{\"@type\":\"ListItem\",\"position\":2,\"name\":\"Avanza la obra del Colector Solidaridad en Chalco\"}]},{\"@type\":\"WebSite\",\"@id\":\"https:\/\/volcanes.net\/#website\",\"url\":\"https:\/\/volcanes.net\/\",\"name\":\"Volcanes.Net\",\"description\":\"Periodismo Profesional\",\"publisher\":{\"@id\":\"https:\/\/volcanes.net\/#organization\"},\"potentialAction\":[{\"@type\":\"SearchAction\",\"target\":{\"@type\":\"EntryPoint\",\"urlTemplate\":\"https:\/\/volcanes.net\/?s={search_term_string}\"},\"query-input\":{\"@type\":\"PropertyValueSpecification\",\"valueRequired\":true,\"valueName\":\"search_term_string\"}}],\"inLanguage\":\"es\"},{\"@type\":\"Organization\",\"@id\":\"https:\/\/volcanes.net\/#organization\",\"name\":\"Grupo Volcanes\",\"url\":\"https:\/\/volcanes.net\/\",\"logo\":{\"@type\":\"ImageObject\",\"inLanguage\":\"es\",\"@id\":\"https:\/\/volcanes.net\/#\/schema\/logo\/image\/\",\"url\":\"http:\/\/volcanes.net\/wp-content\/uploads\/2017\/12\/Avatar2.jpg\",\"contentUrl\":\"http:\/\/volcanes.net\/wp-content\/uploads\/2017\/12\/Avatar2.jpg\",\"width\":378,\"height\":378,\"caption\":\"Grupo Volcanes\"},\"image\":{\"@id\":\"https:\/\/volcanes.net\/#\/schema\/logo\/image\/\"},\"sameAs\":[\"https:\/\/www.facebook.com\/volcanes.net\/\"]},{\"@type\":\"Person\",\"@id\":\"https:\/\/volcanes.net\/#\/schema\/person\/4bf0f383940966a4abd53f5048c0e6b9\",\"name\":\"admin\",\"image\":{\"@type\":\"ImageObject\",\"inLanguage\":\"es\",\"@id\":\"https:\/\/volcanes.net\/#\/schema\/person\/image\/\",\"url\":\"https:\/\/secure.gravatar.com\/avatar\/ca004e6cba8462b8cb7abc86e382930c?s=96&d=mm&r=g\",\"contentUrl\":\"https:\/\/secure.gravatar.com\/avatar\/ca004e6cba8462b8cb7abc86e382930c?s=96&d=mm&r=g\",\"caption\":\"admin\"}}]}<\/script>\n<!-- \/ Yoast SEO plugin. -->","yoast_head_json":{"title":"Avanza la obra del Colector Solidaridad en Chalco - Volcanes","robots":{"index":"index","follow":"follow","max-snippet":"max-snippet:-1","max-image-preview":"max-image-preview:large","max-video-preview":"max-video-preview:-1"},"canonical":"https:\/\/volcanes.net\/?p=13762","og_locale":"es_MX","og_type":"article","og_title":"Avanza la obra del Colector Solidaridad en Chalco - Volcanes","og_description":"Chalco, Estado de M\u00e9xico, 2 de agosto de 2023.- El Gobierno de Chalco, a trav\u00e9s","og_url":"https:\/\/volcanes.net\/?p=13762","og_site_name":"Volcanes","article_publisher":"https:\/\/www.facebook.com\/volcanes.net\/","article_published_time":"2023-08-03T18:16:14+00:00","og_image":[{"width":1280,"height":575,"url":"https:\/\/volcanes.net\/wp-content\/uploads\/2023\/08\/IMG-20230802-WA0068.jpg","type":"image\/jpeg"}],"author":"admin","twitter_card":"summary_large_image","twitter_misc":{"Escrito por":"admin","Tiempo de lectura":"1 minuto"},"schema":{"@context":"https:\/\/schema.org","@graph":[{"@type":"Article","@id":"https:\/\/volcanes.net\/?p=13762#article","isPartOf":{"@id":"https:\/\/volcanes.net\/?p=13762"},"author":{"name":"admin","@id":"https:\/\/volcanes.net\/#\/schema\/person\/4bf0f383940966a4abd53f5048c0e6b9"},"headline":"Avanza la obra del Colector Solidaridad en Chalco","datePublished":"2023-08-03T18:16:14+00:00","mainEntityOfPage":{"@id":"https:\/\/volcanes.net\/?p=13762"},"wordCount":303,"commentCount":0,"publisher":{"@id":"https:\/\/volcanes.net\/#organization"},"image":{"@id":"https:\/\/volcanes.net\/?p=13762#primaryimage"},"thumbnailUrl":"https:\/\/volcanes.net\/wp-content\/uploads\/2023\/08\/IMG-20230802-WA0068.jpg","keywords":["Chalco"],"articleSection":["Municipales"],"inLanguage":"es","potentialAction":[{"@type":"CommentAction","name":"Comment","target":["https:\/\/volcanes.net\/?p=13762#respond"]}]},{"@type":"WebPage","@id":"https:\/\/volcanes.net\/?p=13762","url":"https:\/\/volcanes.net\/?p=13762","name":"Avanza la obra del Colector Solidaridad en Chalco - Volcanes","isPartOf":{"@id":"https:\/\/volcanes.net\/#website"},"primaryImageOfPage":{"@id":"https:\/\/volcanes.net\/?p=13762#primaryimage"},"image":{"@id":"https:\/\/volcanes.net\/?p=13762#primaryimage"},"thumbnailUrl":"https:\/\/volcanes.net\/wp-content\/uploads\/2023\/08\/IMG-20230802-WA0068.jpg","datePublished":"2023-08-03T18:16:14+00:00","breadcrumb":{"@id":"https:\/\/volcanes.net\/?p=13762#breadcrumb"},"inLanguage":"es","potentialAction":[{"@type":"ReadAction","target":["https:\/\/volcanes.net\/?p=13762"]}]},{"@type":"ImageObject","inLanguage":"es","@id":"https:\/\/volcanes.net\/?p=13762#primaryimage","url":"https:\/\/volcanes.net\/wp-content\/uploads\/2023\/08\/IMG-20230802-WA0068.jpg","contentUrl":"https:\/\/volcanes.net\/wp-content\/uploads\/2023\/08\/IMG-20230802-WA0068.jpg","width":1280,"height":575},{"@type":"BreadcrumbList","@id":"https:\/\/volcanes.net\/?p=13762#breadcrumb","itemListElement":[{"@type":"ListItem","position":1,"name":"Portada","item":"https:\/\/volcanes.net\/"},{"@type":"ListItem","position":2,"name":"Avanza la obra del Colector Solidaridad en Chalco"}]},{"@type":"WebSite","@id":"https:\/\/volcanes.net\/#website","url":"https:\/\/volcanes.net\/","name":"Volcanes.Net","description":"Periodismo Profesional","publisher":{"@id":"https:\/\/volcanes.net\/#organization"},"potentialAction":[{"@type":"SearchAction","target":{"@type":"EntryPoint","urlTemplate":"https:\/\/volcanes.net\/?s={search_term_string}"},"query-input":{"@type":"PropertyValueSpecification","valueRequired":true,"valueName":"search_term_string"}}],"inLanguage":"es"},{"@type":"Organization","@id":"https:\/\/volcanes.net\/#organization","name":"Grupo Volcanes","url":"https:\/\/volcanes.net\/","logo":{"@type":"ImageObject","inLanguage":"es","@id":"https:\/\/volcanes.net\/#\/schema\/logo\/image\/","url":"http:\/\/volcanes.net\/wp-content\/uploads\/2017\/12\/Avatar2.jpg","contentUrl":"http:\/\/volcanes.net\/wp-content\/uploads\/2017\/12\/Avatar2.jpg","width":378,"height":378,"caption":"Grupo Volcanes"},"image":{"@id":"https:\/\/volcanes.net\/#\/schema\/logo\/image\/"},"sameAs":["https:\/\/www.facebook.com\/volcanes.net\/"]},{"@type":"Person","@id":"https:\/\/volcanes.net\/#\/schema\/person\/4bf0f383940966a4abd53f5048c0e6b9","name":"admin","image":{"@type":"ImageObject","inLanguage":"es","@id":"https:\/\/volcanes.net\/#\/schema\/person\/image\/","url":"https:\/\/secure.gravatar.com\/avatar\/ca004e6cba8462b8cb7abc86e382930c?s=96&d=mm&r=g","contentUrl":"https:\/\/secure.gravatar.com\/avatar\/ca004e6cba8462b8cb7abc86e382930c?s=96&d=mm&r=g","caption":"admin"}}]}},"_links":{"self":[{"href":"https:\/\/volcanes.net\/index.php?rest_route=\/wp\/v2\/posts\/13762"}],"collection":[{"href":"https:\/\/volcanes.net\/index.php?rest_route=\/wp\/v2\/posts"}],"about":[{"href":"https:\/\/volcanes.net\/index.php?rest_route=\/wp\/v2\/types\/post"}],"author":[{"embeddable":true,"href":"https:\/\/volcanes.net\/index.php?rest_route=\/wp\/v2\/users\/1"}],"replies":[{"embeddable":true,"href":"https:\/\/volcanes.net\/index.php?rest_route=%2Fwp%2Fv2%2Fcomments&post=13762"}],"version-history":[{"count":2,"href":"https:\/\/volcanes.net\/index.php?rest_route=\/wp\/v2\/posts\/13762\/revisions"}],"predecessor-version":[{"id":13764,"href":"https:\/\/volcanes.net\/index.php?rest_route=\/wp\/v2\/posts\/13762\/revisions\/13764"}],"wp:featuredmedia":[{"embeddable":true,"href":"https:\/\/volcanes.net\/index.php?rest_route=\/wp\/v2\/media\/13761"}],"wp:attachment":[{"href":"https:\/\/volcanes.net\/index.php?rest_route=%2Fwp%2Fv2%2Fmedia&parent=13762"}],"wp:term":[{"taxonomy":"category","embeddable":true,"href":"https:\/\/volcanes.net\/index.php?rest_route=%2Fwp%2Fv2%2Fcategories&post=13762"},{"taxonomy":"post_tag","embeddable":true,"href":"https:\/\/volcanes.net\/index.php?rest_route=%2Fwp%2Fv2%2Ftags&post=13762"}],"curies":[{"name":"wp","href":"https:\/\/api.w.org\/{rel}","templated":true}]}}