{"id":13766,"date":"2023-08-03T21:46:58","date_gmt":"2023-08-04T03:46:58","guid":{"rendered":"http:\/\/volcanes.net\/?p=13766"},"modified":"2023-08-03T21:46:58","modified_gmt":"2023-08-04T03:46:58","slug":"aseguraron-a-29-migrantes-en-heroes-tecamac","status":"publish","type":"post","link":"https:\/\/volcanes.net\/?p=13766","title":{"rendered":"Aseguraron a 29 migrantes en H\u00e9roes Tec\u00e1mac"},"content":{"rendered":"<div style=\"margin-top: 0px; margin-bottom: 0px;\" class=\"sharethis-inline-share-buttons\" ><\/div><p>Tec\u00e1mac estado de M\u00e9xico.- Fueron asegurados 29 migrantes centroamericanos, entre ellos cinco menores de edad, luego de que se encontraban hacinados en un domicilio de la colonia H\u00e9roes de Tec\u00e1mac, secci\u00f3n Jardines.<\/p>\n<p>Los centroamericanos buscaban dirigirse hacia la frontera norte del pa\u00eds.<br \/>\nEste jueves por la tarde un reporte alert\u00f3 a la polic\u00eda estatal sobre la presencia de un grupo de personas en torno a una vivienda, ubicada en la calle Jardines de Azucenas en este fraccionamiento, frente a la Universidad Mexiquense del Bicentenario.<br \/>\nAnte el alertamiemto los uniformados acudieron al lugar donde se percataron que se trataba de un grupo de migrantes de origen colombiano y venezolano que se encontraban hacinados y con poco alimento en el interior de la vivienda.<br \/>\nEnseres doemsticos Trastes, cobertores y colchonetas era el panorama del interior de la casa habitaci\u00f3n de dos niveles, parte del domicilio a\u00fan en construcci\u00f3n.<br \/>\nEl peque\u00f1o patio de la casa estaba habilitado para que ah\u00ed durmieran los extranjeros.<br \/>\nEn total fueron asegurados 29 centroamericanos, cinco de ellos menores.<br \/>\nAlgunos afirmaron que su destino final era Canad\u00e1 y llevaban ya 32 d\u00edas en su trayecto del pa\u00eds de origen hasta Tec\u00e1mac.<br \/>\nSe\u00f1alaron que acababan de llegar al fraccionamiento de H\u00e9roes Tec\u00e1mac, secci\u00f3n Bosques y fueron alojados en la vivienda, en espera de ser trasladados hacia el norte del pa\u00eds. Pidieron ayuda al gobierno de M\u00e9xico.<\/p>\n","protected":false},"excerpt":{"rendered":"<p>Tec\u00e1mac estado de M\u00e9xico.- Fueron asegurados 29 migrantes centroamericanos, entre ellos cinco menores de edad,<\/p>\n","protected":false},"author":1,"featured_media":13765,"comment_status":"open","ping_status":"open","sticky":false,"template":"","format":"standard","meta":{"footnotes":""},"categories":[1],"tags":[71],"class_list":["post-13766","post","type-post","status-publish","format-standard","has-post-thumbnail","hentry","category-municipales","tag-tecamac"],"yoast_head":"<!-- This site is optimized with the Yoast SEO plugin v25.3 - https:\/\/yoast.com\/wordpress\/plugins\/seo\/ -->\n<title>Aseguraron a 29 migrantes en H\u00e9roes Tec\u00e1mac - Volcanes<\/title>\n<meta name=\"robots\" content=\"index, follow, max-snippet:-1, max-image-preview:large, max-video-preview:-1\" \/>\n<link rel=\"canonical\" href=\"https:\/\/volcanes.net\/?p=13766\" \/>\n<meta property=\"og:locale\" content=\"es_MX\" \/>\n<meta property=\"og:type\" content=\"article\" \/>\n<meta property=\"og:title\" content=\"Aseguraron a 29 migrantes en H\u00e9roes Tec\u00e1mac - Volcanes\" \/>\n<meta property=\"og:description\" content=\"Tec\u00e1mac estado de M\u00e9xico.- Fueron asegurados 29 migrantes centroamericanos, entre ellos cinco menores de edad,\" \/>\n<meta property=\"og:url\" content=\"https:\/\/volcanes.net\/?p=13766\" \/>\n<meta property=\"og:site_name\" content=\"Volcanes\" \/>\n<meta property=\"article:publisher\" content=\"https:\/\/www.facebook.com\/volcanes.net\/\" \/>\n<meta property=\"article:published_time\" content=\"2023-08-04T03:46:58+00:00\" \/>\n<meta property=\"og:image\" content=\"https:\/\/volcanes.net\/wp-content\/uploads\/2023\/08\/IMG-20230803-WA0165_copy_800x599.jpg\" \/>\n\t<meta property=\"og:image:width\" content=\"800\" \/>\n\t<meta property=\"og:image:height\" content=\"599\" \/>\n\t<meta property=\"og:image:type\" content=\"image\/jpeg\" \/>\n<meta name=\"author\" content=\"admin\" \/>\n<meta name=\"twitter:card\" content=\"summary_large_image\" \/>\n<meta name=\"twitter:label1\" content=\"Escrito por\" \/>\n\t<meta name=\"twitter:data1\" content=\"admin\" \/>\n\t<meta name=\"twitter:label2\" content=\"Tiempo de lectura\" \/>\n\t<meta name=\"twitter:data2\" content=\"1 minuto\" \/>\n<script type=\"application\/ld+json\" class=\"yoast-schema-graph\">{\"@context\":\"https:\/\/schema.org\",\"@graph\":[{\"@type\":\"Article\",\"@id\":\"https:\/\/volcanes.net\/?p=13766#article\",\"isPartOf\":{\"@id\":\"https:\/\/volcanes.net\/?p=13766\"},\"author\":{\"name\":\"admin\",\"@id\":\"https:\/\/volcanes.net\/#\/schema\/person\/4bf0f383940966a4abd53f5048c0e6b9\"},\"headline\":\"Aseguraron a 29 migrantes en H\u00e9roes Tec\u00e1mac\",\"datePublished\":\"2023-08-04T03:46:58+00:00\",\"mainEntityOfPage\":{\"@id\":\"https:\/\/volcanes.net\/?p=13766\"},\"wordCount\":252,\"commentCount\":0,\"publisher\":{\"@id\":\"https:\/\/volcanes.net\/#organization\"},\"image\":{\"@id\":\"https:\/\/volcanes.net\/?p=13766#primaryimage\"},\"thumbnailUrl\":\"https:\/\/volcanes.net\/wp-content\/uploads\/2023\/08\/IMG-20230803-WA0165_copy_800x599.jpg\",\"keywords\":[\"Tec\u00e1mac\"],\"articleSection\":[\"Municipales\"],\"inLanguage\":\"es\",\"potentialAction\":[{\"@type\":\"CommentAction\",\"name\":\"Comment\",\"target\":[\"https:\/\/volcanes.net\/?p=13766#respond\"]}]},{\"@type\":\"WebPage\",\"@id\":\"https:\/\/volcanes.net\/?p=13766\",\"url\":\"https:\/\/volcanes.net\/?p=13766\",\"name\":\"Aseguraron a 29 migrantes en H\u00e9roes Tec\u00e1mac - Volcanes\",\"isPartOf\":{\"@id\":\"https:\/\/volcanes.net\/#website\"},\"primaryImageOfPage\":{\"@id\":\"https:\/\/volcanes.net\/?p=13766#primaryimage\"},\"image\":{\"@id\":\"https:\/\/volcanes.net\/?p=13766#primaryimage\"},\"thumbnailUrl\":\"https:\/\/volcanes.net\/wp-content\/uploads\/2023\/08\/IMG-20230803-WA0165_copy_800x599.jpg\",\"datePublished\":\"2023-08-04T03:46:58+00:00\",\"breadcrumb\":{\"@id\":\"https:\/\/volcanes.net\/?p=13766#breadcrumb\"},\"inLanguage\":\"es\",\"potentialAction\":[{\"@type\":\"ReadAction\",\"target\":[\"https:\/\/volcanes.net\/?p=13766\"]}]},{\"@type\":\"ImageObject\",\"inLanguage\":\"es\",\"@id\":\"https:\/\/volcanes.net\/?p=13766#primaryimage\",\"url\":\"https:\/\/volcanes.net\/wp-content\/uploads\/2023\/08\/IMG-20230803-WA0165_copy_800x599.jpg\",\"contentUrl\":\"https:\/\/volcanes.net\/wp-content\/uploads\/2023\/08\/IMG-20230803-WA0165_copy_800x599.jpg\",\"width\":800,\"height\":599},{\"@type\":\"BreadcrumbList\",\"@id\":\"https:\/\/volcanes.net\/?p=13766#breadcrumb\",\"itemListElement\":[{\"@type\":\"ListItem\",\"position\":1,\"name\":\"Portada\",\"item\":\"https:\/\/volcanes.net\/\"},{\"@type\":\"ListItem\",\"position\":2,\"name\":\"Aseguraron a 29 migrantes en H\u00e9roes Tec\u00e1mac\"}]},{\"@type\":\"WebSite\",\"@id\":\"https:\/\/volcanes.net\/#website\",\"url\":\"https:\/\/volcanes.net\/\",\"name\":\"Volcanes.Net\",\"description\":\"Periodismo Profesional\",\"publisher\":{\"@id\":\"https:\/\/volcanes.net\/#organization\"},\"potentialAction\":[{\"@type\":\"SearchAction\",\"target\":{\"@type\":\"EntryPoint\",\"urlTemplate\":\"https:\/\/volcanes.net\/?s={search_term_string}\"},\"query-input\":{\"@type\":\"PropertyValueSpecification\",\"valueRequired\":true,\"valueName\":\"search_term_string\"}}],\"inLanguage\":\"es\"},{\"@type\":\"Organization\",\"@id\":\"https:\/\/volcanes.net\/#organization\",\"name\":\"Grupo Volcanes\",\"url\":\"https:\/\/volcanes.net\/\",\"logo\":{\"@type\":\"ImageObject\",\"inLanguage\":\"es\",\"@id\":\"https:\/\/volcanes.net\/#\/schema\/logo\/image\/\",\"url\":\"http:\/\/volcanes.net\/wp-content\/uploads\/2017\/12\/Avatar2.jpg\",\"contentUrl\":\"http:\/\/volcanes.net\/wp-content\/uploads\/2017\/12\/Avatar2.jpg\",\"width\":378,\"height\":378,\"caption\":\"Grupo Volcanes\"},\"image\":{\"@id\":\"https:\/\/volcanes.net\/#\/schema\/logo\/image\/\"},\"sameAs\":[\"https:\/\/www.facebook.com\/volcanes.net\/\"]},{\"@type\":\"Person\",\"@id\":\"https:\/\/volcanes.net\/#\/schema\/person\/4bf0f383940966a4abd53f5048c0e6b9\",\"name\":\"admin\",\"image\":{\"@type\":\"ImageObject\",\"inLanguage\":\"es\",\"@id\":\"https:\/\/volcanes.net\/#\/schema\/person\/image\/\",\"url\":\"https:\/\/secure.gravatar.com\/avatar\/ca004e6cba8462b8cb7abc86e382930c?s=96&d=mm&r=g\",\"contentUrl\":\"https:\/\/secure.gravatar.com\/avatar\/ca004e6cba8462b8cb7abc86e382930c?s=96&d=mm&r=g\",\"caption\":\"admin\"}}]}<\/script>\n<!-- \/ Yoast SEO plugin. -->","yoast_head_json":{"title":"Aseguraron a 29 migrantes en H\u00e9roes Tec\u00e1mac - Volcanes","robots":{"index":"index","follow":"follow","max-snippet":"max-snippet:-1","max-image-preview":"max-image-preview:large","max-video-preview":"max-video-preview:-1"},"canonical":"https:\/\/volcanes.net\/?p=13766","og_locale":"es_MX","og_type":"article","og_title":"Aseguraron a 29 migrantes en H\u00e9roes Tec\u00e1mac - Volcanes","og_description":"Tec\u00e1mac estado de M\u00e9xico.- Fueron asegurados 29 migrantes centroamericanos, entre ellos cinco menores de edad,","og_url":"https:\/\/volcanes.net\/?p=13766","og_site_name":"Volcanes","article_publisher":"https:\/\/www.facebook.com\/volcanes.net\/","article_published_time":"2023-08-04T03:46:58+00:00","og_image":[{"width":800,"height":599,"url":"https:\/\/volcanes.net\/wp-content\/uploads\/2023\/08\/IMG-20230803-WA0165_copy_800x599.jpg","type":"image\/jpeg"}],"author":"admin","twitter_card":"summary_large_image","twitter_misc":{"Escrito por":"admin","Tiempo de lectura":"1 minuto"},"schema":{"@context":"https:\/\/schema.org","@graph":[{"@type":"Article","@id":"https:\/\/volcanes.net\/?p=13766#article","isPartOf":{"@id":"https:\/\/volcanes.net\/?p=13766"},"author":{"name":"admin","@id":"https:\/\/volcanes.net\/#\/schema\/person\/4bf0f383940966a4abd53f5048c0e6b9"},"headline":"Aseguraron a 29 migrantes en H\u00e9roes Tec\u00e1mac","datePublished":"2023-08-04T03:46:58+00:00","mainEntityOfPage":{"@id":"https:\/\/volcanes.net\/?p=13766"},"wordCount":252,"commentCount":0,"publisher":{"@id":"https:\/\/volcanes.net\/#organization"},"image":{"@id":"https:\/\/volcanes.net\/?p=13766#primaryimage"},"thumbnailUrl":"https:\/\/volcanes.net\/wp-content\/uploads\/2023\/08\/IMG-20230803-WA0165_copy_800x599.jpg","keywords":["Tec\u00e1mac"],"articleSection":["Municipales"],"inLanguage":"es","potentialAction":[{"@type":"CommentAction","name":"Comment","target":["https:\/\/volcanes.net\/?p=13766#respond"]}]},{"@type":"WebPage","@id":"https:\/\/volcanes.net\/?p=13766","url":"https:\/\/volcanes.net\/?p=13766","name":"Aseguraron a 29 migrantes en H\u00e9roes Tec\u00e1mac - Volcanes","isPartOf":{"@id":"https:\/\/volcanes.net\/#website"},"primaryImageOfPage":{"@id":"https:\/\/volcanes.net\/?p=13766#primaryimage"},"image":{"@id":"https:\/\/volcanes.net\/?p=13766#primaryimage"},"thumbnailUrl":"https:\/\/volcanes.net\/wp-content\/uploads\/2023\/08\/IMG-20230803-WA0165_copy_800x599.jpg","datePublished":"2023-08-04T03:46:58+00:00","breadcrumb":{"@id":"https:\/\/volcanes.net\/?p=13766#breadcrumb"},"inLanguage":"es","potentialAction":[{"@type":"ReadAction","target":["https:\/\/volcanes.net\/?p=13766"]}]},{"@type":"ImageObject","inLanguage":"es","@id":"https:\/\/volcanes.net\/?p=13766#primaryimage","url":"https:\/\/volcanes.net\/wp-content\/uploads\/2023\/08\/IMG-20230803-WA0165_copy_800x599.jpg","contentUrl":"https:\/\/volcanes.net\/wp-content\/uploads\/2023\/08\/IMG-20230803-WA0165_copy_800x599.jpg","width":800,"height":599},{"@type":"BreadcrumbList","@id":"https:\/\/volcanes.net\/?p=13766#breadcrumb","itemListElement":[{"@type":"ListItem","position":1,"name":"Portada","item":"https:\/\/volcanes.net\/"},{"@type":"ListItem","position":2,"name":"Aseguraron a 29 migrantes en H\u00e9roes Tec\u00e1mac"}]},{"@type":"WebSite","@id":"https:\/\/volcanes.net\/#website","url":"https:\/\/volcanes.net\/","name":"Volcanes.Net","description":"Periodismo Profesional","publisher":{"@id":"https:\/\/volcanes.net\/#organization"},"potentialAction":[{"@type":"SearchAction","target":{"@type":"EntryPoint","urlTemplate":"https:\/\/volcanes.net\/?s={search_term_string}"},"query-input":{"@type":"PropertyValueSpecification","valueRequired":true,"valueName":"search_term_string"}}],"inLanguage":"es"},{"@type":"Organization","@id":"https:\/\/volcanes.net\/#organization","name":"Grupo Volcanes","url":"https:\/\/volcanes.net\/","logo":{"@type":"ImageObject","inLanguage":"es","@id":"https:\/\/volcanes.net\/#\/schema\/logo\/image\/","url":"http:\/\/volcanes.net\/wp-content\/uploads\/2017\/12\/Avatar2.jpg","contentUrl":"http:\/\/volcanes.net\/wp-content\/uploads\/2017\/12\/Avatar2.jpg","width":378,"height":378,"caption":"Grupo Volcanes"},"image":{"@id":"https:\/\/volcanes.net\/#\/schema\/logo\/image\/"},"sameAs":["https:\/\/www.facebook.com\/volcanes.net\/"]},{"@type":"Person","@id":"https:\/\/volcanes.net\/#\/schema\/person\/4bf0f383940966a4abd53f5048c0e6b9","name":"admin","image":{"@type":"ImageObject","inLanguage":"es","@id":"https:\/\/volcanes.net\/#\/schema\/person\/image\/","url":"https:\/\/secure.gravatar.com\/avatar\/ca004e6cba8462b8cb7abc86e382930c?s=96&d=mm&r=g","contentUrl":"https:\/\/secure.gravatar.com\/avatar\/ca004e6cba8462b8cb7abc86e382930c?s=96&d=mm&r=g","caption":"admin"}}]}},"_links":{"self":[{"href":"https:\/\/volcanes.net\/index.php?rest_route=\/wp\/v2\/posts\/13766"}],"collection":[{"href":"https:\/\/volcanes.net\/index.php?rest_route=\/wp\/v2\/posts"}],"about":[{"href":"https:\/\/volcanes.net\/index.php?rest_route=\/wp\/v2\/types\/post"}],"author":[{"embeddable":true,"href":"https:\/\/volcanes.net\/index.php?rest_route=\/wp\/v2\/users\/1"}],"replies":[{"embeddable":true,"href":"https:\/\/volcanes.net\/index.php?rest_route=%2Fwp%2Fv2%2Fcomments&post=13766"}],"version-history":[{"count":1,"href":"https:\/\/volcanes.net\/index.php?rest_route=\/wp\/v2\/posts\/13766\/revisions"}],"predecessor-version":[{"id":13767,"href":"https:\/\/volcanes.net\/index.php?rest_route=\/wp\/v2\/posts\/13766\/revisions\/13767"}],"wp:featuredmedia":[{"embeddable":true,"href":"https:\/\/volcanes.net\/index.php?rest_route=\/wp\/v2\/media\/13765"}],"wp:attachment":[{"href":"https:\/\/volcanes.net\/index.php?rest_route=%2Fwp%2Fv2%2Fmedia&parent=13766"}],"wp:term":[{"taxonomy":"category","embeddable":true,"href":"https:\/\/volcanes.net\/index.php?rest_route=%2Fwp%2Fv2%2Fcategories&post=13766"},{"taxonomy":"post_tag","embeddable":true,"href":"https:\/\/volcanes.net\/index.php?rest_route=%2Fwp%2Fv2%2Ftags&post=13766"}],"curies":[{"name":"wp","href":"https:\/\/api.w.org\/{rel}","templated":true}]}}