{"id":13794,"date":"2023-10-25T07:26:34","date_gmt":"2023-10-25T13:26:34","guid":{"rendered":"https:\/\/volcanes.net\/?p=13794"},"modified":"2023-10-25T07:27:35","modified_gmt":"2023-10-25T13:27:35","slug":"potencialmente-catastrofico-huracan-otis-toca-tierra-en-costas-de-guerrero","status":"publish","type":"post","link":"https:\/\/volcanes.net\/?p=13794","title":{"rendered":"Potencialmente catastr\u00f3fico hurac\u00e1n Otis toca tierra en costas de Guerrero"},"content":{"rendered":"<div style=\"margin-top: 0px; margin-bottom: 0px;\" class=\"sharethis-inline-share-buttons\" ><\/div><p>Las costas del oeste de M\u00e9xico\u00a0<strong>s<\/strong><strong>e han visto golpeadas consecutivamente por huracanes mayores, durante esta temporada de ciclones tropicales 2023 en el Pac\u00edfico mexicano.<\/strong>\u00a0A\u00fan cuando es muy pronto para sacar las primeras deducciones, tanto el fen\u00f3meno del\u00a0<a href=\"https:\/\/www.meteored.mx\/noticias\/actualidad\/el-nino-omm-anuncia-que-se-espera-un-aumento-de-las-temperaturas-globales-con-mas-recrds-por-calor-climatologia-oceanografia-caletamiento-global-tierra-noticia.html\" data-mrf-recirculation=\"cuerpo_intext\" data-mrf-link=\"https:\/\/www.meteored.mx\/noticias\/actualidad\/el-nino-omm-anuncia-que-se-espera-un-aumento-de-las-temperaturas-globales-con-mas-recrds-por-calor-climatologia-oceanografia-caletamiento-global-tierra-noticia.html\">El Ni\u00f1o<\/a>, como\u00a0<strong>la presencia de aguas c\u00e1lidas por encima de los normal en la regi\u00f3n,<\/strong>\u00a0podr\u00edan ser las principales causas en la formaci\u00f3n recurrente y la intensificaci\u00f3n de estos\u00a0<strong>mort\u00edferos huracanes<\/strong>.<\/p>\n","protected":false},"excerpt":{"rendered":"<p>Las costas del oeste de M\u00e9xico\u00a0se han visto golpeadas consecutivamente por huracanes mayores, durante esta<\/p>\n","protected":false},"author":1,"featured_media":0,"comment_status":"open","ping_status":"open","sticky":false,"template":"","format":"standard","meta":{"footnotes":""},"categories":[3,1],"tags":[],"class_list":["post-13794","post","type-post","status-publish","format-standard","hentry","category-estatales","category-municipales"],"yoast_head":"<!-- This site is optimized with the Yoast SEO plugin v25.3 - https:\/\/yoast.com\/wordpress\/plugins\/seo\/ -->\n<title>Potencialmente catastr\u00f3fico hurac\u00e1n Otis toca tierra en costas de Guerrero - Volcanes<\/title>\n<meta name=\"robots\" content=\"index, follow, max-snippet:-1, max-image-preview:large, max-video-preview:-1\" \/>\n<link rel=\"canonical\" href=\"https:\/\/volcanes.net\/?p=13794\" \/>\n<meta property=\"og:locale\" content=\"es_MX\" \/>\n<meta property=\"og:type\" content=\"article\" \/>\n<meta property=\"og:title\" content=\"Potencialmente catastr\u00f3fico hurac\u00e1n Otis toca tierra en costas de Guerrero - Volcanes\" \/>\n<meta property=\"og:description\" content=\"Las costas del oeste de M\u00e9xico\u00a0se han visto golpeadas consecutivamente por huracanes mayores, durante esta\" \/>\n<meta property=\"og:url\" content=\"https:\/\/volcanes.net\/?p=13794\" \/>\n<meta property=\"og:site_name\" content=\"Volcanes\" \/>\n<meta property=\"article:publisher\" content=\"https:\/\/www.facebook.com\/volcanes.net\/\" \/>\n<meta property=\"article:published_time\" content=\"2023-10-25T13:26:34+00:00\" \/>\n<meta property=\"article:modified_time\" content=\"2023-10-25T13:27:35+00:00\" \/>\n<meta name=\"author\" content=\"admin\" \/>\n<meta name=\"twitter:card\" content=\"summary_large_image\" \/>\n<meta name=\"twitter:label1\" content=\"Escrito por\" \/>\n\t<meta name=\"twitter:data1\" content=\"admin\" \/>\n<script type=\"application\/ld+json\" class=\"yoast-schema-graph\">{\"@context\":\"https:\/\/schema.org\",\"@graph\":[{\"@type\":\"Article\",\"@id\":\"https:\/\/volcanes.net\/?p=13794#article\",\"isPartOf\":{\"@id\":\"https:\/\/volcanes.net\/?p=13794\"},\"author\":{\"name\":\"admin\",\"@id\":\"https:\/\/volcanes.net\/#\/schema\/person\/4bf0f383940966a4abd53f5048c0e6b9\"},\"headline\":\"Potencialmente catastr\u00f3fico hurac\u00e1n Otis toca tierra en costas de Guerrero\",\"datePublished\":\"2023-10-25T13:26:34+00:00\",\"dateModified\":\"2023-10-25T13:27:35+00:00\",\"mainEntityOfPage\":{\"@id\":\"https:\/\/volcanes.net\/?p=13794\"},\"wordCount\":94,\"commentCount\":0,\"publisher\":{\"@id\":\"https:\/\/volcanes.net\/#organization\"},\"articleSection\":[\"Estatales\",\"Municipales\"],\"inLanguage\":\"es\",\"potentialAction\":[{\"@type\":\"CommentAction\",\"name\":\"Comment\",\"target\":[\"https:\/\/volcanes.net\/?p=13794#respond\"]}]},{\"@type\":\"WebPage\",\"@id\":\"https:\/\/volcanes.net\/?p=13794\",\"url\":\"https:\/\/volcanes.net\/?p=13794\",\"name\":\"Potencialmente catastr\u00f3fico hurac\u00e1n Otis toca tierra en costas de Guerrero - Volcanes\",\"isPartOf\":{\"@id\":\"https:\/\/volcanes.net\/#website\"},\"datePublished\":\"2023-10-25T13:26:34+00:00\",\"dateModified\":\"2023-10-25T13:27:35+00:00\",\"breadcrumb\":{\"@id\":\"https:\/\/volcanes.net\/?p=13794#breadcrumb\"},\"inLanguage\":\"es\",\"potentialAction\":[{\"@type\":\"ReadAction\",\"target\":[\"https:\/\/volcanes.net\/?p=13794\"]}]},{\"@type\":\"BreadcrumbList\",\"@id\":\"https:\/\/volcanes.net\/?p=13794#breadcrumb\",\"itemListElement\":[{\"@type\":\"ListItem\",\"position\":1,\"name\":\"Portada\",\"item\":\"https:\/\/volcanes.net\/\"},{\"@type\":\"ListItem\",\"position\":2,\"name\":\"Potencialmente catastr\u00f3fico hurac\u00e1n Otis toca tierra en costas de Guerrero\"}]},{\"@type\":\"WebSite\",\"@id\":\"https:\/\/volcanes.net\/#website\",\"url\":\"https:\/\/volcanes.net\/\",\"name\":\"Volcanes.Net\",\"description\":\"Periodismo Profesional\",\"publisher\":{\"@id\":\"https:\/\/volcanes.net\/#organization\"},\"potentialAction\":[{\"@type\":\"SearchAction\",\"target\":{\"@type\":\"EntryPoint\",\"urlTemplate\":\"https:\/\/volcanes.net\/?s={search_term_string}\"},\"query-input\":{\"@type\":\"PropertyValueSpecification\",\"valueRequired\":true,\"valueName\":\"search_term_string\"}}],\"inLanguage\":\"es\"},{\"@type\":\"Organization\",\"@id\":\"https:\/\/volcanes.net\/#organization\",\"name\":\"Grupo Volcanes\",\"url\":\"https:\/\/volcanes.net\/\",\"logo\":{\"@type\":\"ImageObject\",\"inLanguage\":\"es\",\"@id\":\"https:\/\/volcanes.net\/#\/schema\/logo\/image\/\",\"url\":\"http:\/\/volcanes.net\/wp-content\/uploads\/2017\/12\/Avatar2.jpg\",\"contentUrl\":\"http:\/\/volcanes.net\/wp-content\/uploads\/2017\/12\/Avatar2.jpg\",\"width\":378,\"height\":378,\"caption\":\"Grupo Volcanes\"},\"image\":{\"@id\":\"https:\/\/volcanes.net\/#\/schema\/logo\/image\/\"},\"sameAs\":[\"https:\/\/www.facebook.com\/volcanes.net\/\"]},{\"@type\":\"Person\",\"@id\":\"https:\/\/volcanes.net\/#\/schema\/person\/4bf0f383940966a4abd53f5048c0e6b9\",\"name\":\"admin\",\"image\":{\"@type\":\"ImageObject\",\"inLanguage\":\"es\",\"@id\":\"https:\/\/volcanes.net\/#\/schema\/person\/image\/\",\"url\":\"https:\/\/secure.gravatar.com\/avatar\/ca004e6cba8462b8cb7abc86e382930c?s=96&d=mm&r=g\",\"contentUrl\":\"https:\/\/secure.gravatar.com\/avatar\/ca004e6cba8462b8cb7abc86e382930c?s=96&d=mm&r=g\",\"caption\":\"admin\"}}]}<\/script>\n<!-- \/ Yoast SEO plugin. -->","yoast_head_json":{"title":"Potencialmente catastr\u00f3fico hurac\u00e1n Otis toca tierra en costas de Guerrero - Volcanes","robots":{"index":"index","follow":"follow","max-snippet":"max-snippet:-1","max-image-preview":"max-image-preview:large","max-video-preview":"max-video-preview:-1"},"canonical":"https:\/\/volcanes.net\/?p=13794","og_locale":"es_MX","og_type":"article","og_title":"Potencialmente catastr\u00f3fico hurac\u00e1n Otis toca tierra en costas de Guerrero - Volcanes","og_description":"Las costas del oeste de M\u00e9xico\u00a0se han visto golpeadas consecutivamente por huracanes mayores, durante esta","og_url":"https:\/\/volcanes.net\/?p=13794","og_site_name":"Volcanes","article_publisher":"https:\/\/www.facebook.com\/volcanes.net\/","article_published_time":"2023-10-25T13:26:34+00:00","article_modified_time":"2023-10-25T13:27:35+00:00","author":"admin","twitter_card":"summary_large_image","twitter_misc":{"Escrito por":"admin"},"schema":{"@context":"https:\/\/schema.org","@graph":[{"@type":"Article","@id":"https:\/\/volcanes.net\/?p=13794#article","isPartOf":{"@id":"https:\/\/volcanes.net\/?p=13794"},"author":{"name":"admin","@id":"https:\/\/volcanes.net\/#\/schema\/person\/4bf0f383940966a4abd53f5048c0e6b9"},"headline":"Potencialmente catastr\u00f3fico hurac\u00e1n Otis toca tierra en costas de Guerrero","datePublished":"2023-10-25T13:26:34+00:00","dateModified":"2023-10-25T13:27:35+00:00","mainEntityOfPage":{"@id":"https:\/\/volcanes.net\/?p=13794"},"wordCount":94,"commentCount":0,"publisher":{"@id":"https:\/\/volcanes.net\/#organization"},"articleSection":["Estatales","Municipales"],"inLanguage":"es","potentialAction":[{"@type":"CommentAction","name":"Comment","target":["https:\/\/volcanes.net\/?p=13794#respond"]}]},{"@type":"WebPage","@id":"https:\/\/volcanes.net\/?p=13794","url":"https:\/\/volcanes.net\/?p=13794","name":"Potencialmente catastr\u00f3fico hurac\u00e1n Otis toca tierra en costas de Guerrero - Volcanes","isPartOf":{"@id":"https:\/\/volcanes.net\/#website"},"datePublished":"2023-10-25T13:26:34+00:00","dateModified":"2023-10-25T13:27:35+00:00","breadcrumb":{"@id":"https:\/\/volcanes.net\/?p=13794#breadcrumb"},"inLanguage":"es","potentialAction":[{"@type":"ReadAction","target":["https:\/\/volcanes.net\/?p=13794"]}]},{"@type":"BreadcrumbList","@id":"https:\/\/volcanes.net\/?p=13794#breadcrumb","itemListElement":[{"@type":"ListItem","position":1,"name":"Portada","item":"https:\/\/volcanes.net\/"},{"@type":"ListItem","position":2,"name":"Potencialmente catastr\u00f3fico hurac\u00e1n Otis toca tierra en costas de Guerrero"}]},{"@type":"WebSite","@id":"https:\/\/volcanes.net\/#website","url":"https:\/\/volcanes.net\/","name":"Volcanes.Net","description":"Periodismo Profesional","publisher":{"@id":"https:\/\/volcanes.net\/#organization"},"potentialAction":[{"@type":"SearchAction","target":{"@type":"EntryPoint","urlTemplate":"https:\/\/volcanes.net\/?s={search_term_string}"},"query-input":{"@type":"PropertyValueSpecification","valueRequired":true,"valueName":"search_term_string"}}],"inLanguage":"es"},{"@type":"Organization","@id":"https:\/\/volcanes.net\/#organization","name":"Grupo Volcanes","url":"https:\/\/volcanes.net\/","logo":{"@type":"ImageObject","inLanguage":"es","@id":"https:\/\/volcanes.net\/#\/schema\/logo\/image\/","url":"http:\/\/volcanes.net\/wp-content\/uploads\/2017\/12\/Avatar2.jpg","contentUrl":"http:\/\/volcanes.net\/wp-content\/uploads\/2017\/12\/Avatar2.jpg","width":378,"height":378,"caption":"Grupo Volcanes"},"image":{"@id":"https:\/\/volcanes.net\/#\/schema\/logo\/image\/"},"sameAs":["https:\/\/www.facebook.com\/volcanes.net\/"]},{"@type":"Person","@id":"https:\/\/volcanes.net\/#\/schema\/person\/4bf0f383940966a4abd53f5048c0e6b9","name":"admin","image":{"@type":"ImageObject","inLanguage":"es","@id":"https:\/\/volcanes.net\/#\/schema\/person\/image\/","url":"https:\/\/secure.gravatar.com\/avatar\/ca004e6cba8462b8cb7abc86e382930c?s=96&d=mm&r=g","contentUrl":"https:\/\/secure.gravatar.com\/avatar\/ca004e6cba8462b8cb7abc86e382930c?s=96&d=mm&r=g","caption":"admin"}}]}},"_links":{"self":[{"href":"https:\/\/volcanes.net\/index.php?rest_route=\/wp\/v2\/posts\/13794"}],"collection":[{"href":"https:\/\/volcanes.net\/index.php?rest_route=\/wp\/v2\/posts"}],"about":[{"href":"https:\/\/volcanes.net\/index.php?rest_route=\/wp\/v2\/types\/post"}],"author":[{"embeddable":true,"href":"https:\/\/volcanes.net\/index.php?rest_route=\/wp\/v2\/users\/1"}],"replies":[{"embeddable":true,"href":"https:\/\/volcanes.net\/index.php?rest_route=%2Fwp%2Fv2%2Fcomments&post=13794"}],"version-history":[{"count":1,"href":"https:\/\/volcanes.net\/index.php?rest_route=\/wp\/v2\/posts\/13794\/revisions"}],"predecessor-version":[{"id":13795,"href":"https:\/\/volcanes.net\/index.php?rest_route=\/wp\/v2\/posts\/13794\/revisions\/13795"}],"wp:attachment":[{"href":"https:\/\/volcanes.net\/index.php?rest_route=%2Fwp%2Fv2%2Fmedia&parent=13794"}],"wp:term":[{"taxonomy":"category","embeddable":true,"href":"https:\/\/volcanes.net\/index.php?rest_route=%2Fwp%2Fv2%2Fcategories&post=13794"},{"taxonomy":"post_tag","embeddable":true,"href":"https:\/\/volcanes.net\/index.php?rest_route=%2Fwp%2Fv2%2Ftags&post=13794"}],"curies":[{"name":"wp","href":"https:\/\/api.w.org\/{rel}","templated":true}]}}