{"id":13797,"date":"2023-10-23T16:38:26","date_gmt":"2023-10-23T22:38:26","guid":{"rendered":"https:\/\/volcanes.net\/?p=13797"},"modified":"2023-10-31T16:41:52","modified_gmt":"2023-10-31T22:41:52","slug":"%f0%9d%97%a3%f0%9d%97%bf%f0%9d%97%b2%f0%9d%98%80%f0%9d%97%b6%f0%9d%97%b1%f0%9d%97%b2%f0%9d%97%bb%f0%9d%98%81%f0%9d%97%b2-%f0%9d%97%a0%f0%9d%98%82%f0%9d%97%bb%f0%9d%97%b6%f0%9d%97%b0%f0%9d%97%b6","status":"publish","type":"post","link":"https:\/\/volcanes.net\/?p=13797","title":{"rendered":"\ud835\udde3\ud835\uddff\ud835\uddf2\ud835\ude00\ud835\uddf6\ud835\uddf1\ud835\uddf2\ud835\uddfb\ud835\ude01\ud835\uddf2 \ud835\udde0\ud835\ude02\ud835\uddfb\ud835\uddf6\ud835\uddf0\ud835\uddf6\ud835\uddfd\ud835\uddee\ud835\uddf9 \ud835\uddf1\ud835\uddf2 \ud835\udde2\ud835\ude07\ud835\ude02\ud835\uddfa\ud835\uddef\ud835\uddee \ud835\udde5\ud835\uddf2\ud835\uddf0\ud835\uddfc\ud835\uddfb\ud835\uddfc\ud835\uddf0\ud835\uddf2 \ud835\uddf9\ud835\uddee \ud835\udddf\ud835\uddee\ud835\uddef\ud835\uddfc\ud835\uddff \ud835\uddf1\ud835\uddf2 \ud835\uddf9\ud835\uddee \ud835\uddd6\ud835\uddfc\ud835\uddfa\ud835\uddee\ud835\uddfb\ud835\uddf1\ud835\uddee\ud835\uddfb\ud835\ude01\ud835\uddf2 \ud835\udddf\ud835\uddf2\ud835\uddf1\ud835\uddf2\ud835\ude07\ud835\uddfa\ud835\uddee"},"content":{"rendered":"<div style=\"margin-top: 0px; margin-bottom: 0px;\" class=\"sharethis-inline-share-buttons\" ><\/div><p><span class=\"x193iq5w xeuugli x13faqbe x1vvkbs x1xmvt09 x1lliihq x1s928wv xhkezso x1gmr53x x1cpjm7i x1fgarty x1943h6x xudqn12 x3x7a5m x6prxxf xvq8zen xo1l8bm xzsf02u\" dir=\"auto\">Ozumba estado de M\u00e9xico.- En un emotivo acto, el presidente municipal de Ozumba, <a class=\"x1i10hfl xjbqb8w x6umtig x1b1mbwd xaqea5y xav7gou x9f619 x1ypdohk xt0psk2 xe8uvvx xdj266r x11i5rnm xat24cr x1mh8g0r xexx8yu x4uap5 x18d9i69 xkhd6sd x16tdsg8 x1hl2dhg xggy1nq x1a2a7pz xt0b8zv xzsf02u x1s688f\" tabindex=\"0\" role=\"link\" href=\"https:\/\/www.facebook.com\/valentinmtzcas?__tn__=-]K*F\"><span class=\"xt0psk2\">Valent\u00edn Mart\u00ednez Castillo<\/span><\/a>, rindi\u00f3 homenaje a la Comandante Ledezma por su compromiso y entrega en la b\u00fasqueda y rescate de una joven desaparecida del municipio.<\/p>\n<p>Hace tan solo unos d\u00edas, el municipio se vio conmocionado por el reporte de la desaparici\u00f3n de una joven. En respuesta, la <a class=\"x1i10hfl xjbqb8w x6umtig x1b1mbwd xaqea5y xav7gou x9f619 x1ypdohk xt0psk2 xe8uvvx xdj266r x11i5rnm xat24cr x1mh8g0r xexx8yu x4uap5 x18d9i69 xkhd6sd x16tdsg8 x1hl2dhg xggy1nq x1a2a7pz xt0b8zv xzsf02u x1s688f\" tabindex=\"0\" role=\"link\" href=\"https:\/\/www.facebook.com\/hashtag\/c%C3%A9luladeb%C3%BAsqueda?__eep__=6&amp;__tn__=*NK*F\">#C\u00e9lulaDeB\u00fasqueda<\/a>, en estrecha colaboraci\u00f3n con los familiares, emprendi\u00f3 una intensa labor que finalmente culmin\u00f3 con el regreso seguro de la joven a su hogar, tras largas horas de b\u00fasqueda.<\/p>\n<p>En su discurso, el presidente Mart\u00ednez destac\u00f3 que los resultados obtenidos no son m\u00e9rito exclusivo de un Presidente, un Comisario o un Elemento, sino el producto del compromiso y dedicaci\u00f3n de todos los que integran los Cuerpos de Seguridad y Rescate de Ozumba.<\/p>\n<p>En particular, el presidente Mart\u00ednez expres\u00f3 su reconocimiento a la Comandante Ledezma, quien lider\u00f3 las operaciones de b\u00fasqueda, incluso continuando su labor m\u00e1s all\u00e1 de su horario de trabajo, hasta que la ni\u00f1a fue segura en su hogar. El esfuerzo de la Comandante Ledezma fue crucial para el \u00e9xito de la misi\u00f3n.<\/p>\n<p>El presidente enfatiz\u00f3 la importancia de la cercan\u00eda y el sentido humano en la labor policial, <\/span><\/p>\n","protected":false},"excerpt":{"rendered":"<p>Ozumba estado de M\u00e9xico.- En un emotivo acto, el presidente municipal de Ozumba, Valent\u00edn Mart\u00ednez<\/p>\n","protected":false},"author":1,"featured_media":13798,"comment_status":"open","ping_status":"open","sticky":false,"template":"","format":"standard","meta":{"footnotes":""},"categories":[1],"tags":[14],"class_list":["post-13797","post","type-post","status-publish","format-standard","has-post-thumbnail","hentry","category-municipales","tag-ozumba"],"yoast_head":"<!-- This site is optimized with the Yoast SEO plugin v25.3 - https:\/\/yoast.com\/wordpress\/plugins\/seo\/ -->\n<title>\ud835\udde3\ud835\uddff\ud835\uddf2\ud835\ude00\ud835\uddf6\ud835\uddf1\ud835\uddf2\ud835\uddfb\ud835\ude01\ud835\uddf2 \ud835\udde0\ud835\ude02\ud835\uddfb\ud835\uddf6\ud835\uddf0\ud835\uddf6\ud835\uddfd\ud835\uddee\ud835\uddf9 \ud835\uddf1\ud835\uddf2 \ud835\udde2\ud835\ude07\ud835\ude02\ud835\uddfa\ud835\uddef\ud835\uddee \ud835\udde5\ud835\uddf2\ud835\uddf0\ud835\uddfc\ud835\uddfb\ud835\uddfc\ud835\uddf0\ud835\uddf2 \ud835\uddf9\ud835\uddee \ud835\udddf\ud835\uddee\ud835\uddef\ud835\uddfc\ud835\uddff \ud835\uddf1\ud835\uddf2 \ud835\uddf9\ud835\uddee \ud835\uddd6\ud835\uddfc\ud835\uddfa\ud835\uddee\ud835\uddfb\ud835\uddf1\ud835\uddee\ud835\uddfb\ud835\ude01\ud835\uddf2 \ud835\udddf\ud835\uddf2\ud835\uddf1\ud835\uddf2\ud835\ude07\ud835\uddfa\ud835\uddee - Volcanes<\/title>\n<meta name=\"description\" content=\"Ozumba estado de M\u00e9xico.- En un emotivo acto, el presidente municipal de Ozumba, Valent\u00edn Mart\u00ednez Castillo, rindi\u00f3 homenaje a la Comandante Ledezma por su compromiso y entrega en la b\u00fasqueda y rescate de una joven desaparecida del municipio.\" \/>\n<meta name=\"robots\" content=\"index, follow, max-snippet:-1, max-image-preview:large, max-video-preview:-1\" \/>\n<link rel=\"canonical\" href=\"https:\/\/volcanes.net\/?p=13797\" \/>\n<meta property=\"og:locale\" content=\"es_MX\" \/>\n<meta property=\"og:type\" content=\"article\" \/>\n<meta property=\"og:title\" content=\"\ud835\udde3\ud835\uddff\ud835\uddf2\ud835\ude00\ud835\uddf6\ud835\uddf1\ud835\uddf2\ud835\uddfb\ud835\ude01\ud835\uddf2 \ud835\udde0\ud835\ude02\ud835\uddfb\ud835\uddf6\ud835\uddf0\ud835\uddf6\ud835\uddfd\ud835\uddee\ud835\uddf9 \ud835\uddf1\ud835\uddf2 \ud835\udde2\ud835\ude07\ud835\ude02\ud835\uddfa\ud835\uddef\ud835\uddee \ud835\udde5\ud835\uddf2\ud835\uddf0\ud835\uddfc\ud835\uddfb\ud835\uddfc\ud835\uddf0\ud835\uddf2 \ud835\uddf9\ud835\uddee \ud835\udddf\ud835\uddee\ud835\uddef\ud835\uddfc\ud835\uddff \ud835\uddf1\ud835\uddf2 \ud835\uddf9\ud835\uddee \ud835\uddd6\ud835\uddfc\ud835\uddfa\ud835\uddee\ud835\uddfb\ud835\uddf1\ud835\uddee\ud835\uddfb\ud835\ude01\ud835\uddf2 \ud835\udddf\ud835\uddf2\ud835\uddf1\ud835\uddf2\ud835\ude07\ud835\uddfa\ud835\uddee - Volcanes\" \/>\n<meta property=\"og:description\" content=\"Ozumba estado de M\u00e9xico.- En un emotivo acto, el presidente municipal de Ozumba, Valent\u00edn Mart\u00ednez Castillo, rindi\u00f3 homenaje a la Comandante Ledezma por su compromiso y entrega en la b\u00fasqueda y rescate de una joven desaparecida del municipio.\" \/>\n<meta property=\"og:url\" content=\"https:\/\/volcanes.net\/?p=13797\" \/>\n<meta property=\"og:site_name\" content=\"Volcanes\" \/>\n<meta property=\"article:publisher\" content=\"https:\/\/www.facebook.com\/volcanes.net\/\" \/>\n<meta property=\"article:published_time\" content=\"2023-10-23T22:38:26+00:00\" \/>\n<meta property=\"article:modified_time\" content=\"2023-10-31T22:41:52+00:00\" \/>\n<meta property=\"og:image\" content=\"https:\/\/volcanes.net\/wp-content\/uploads\/2023\/10\/394553469_1372507726674680_1852240883777046983_n.jpg\" \/>\n\t<meta property=\"og:image:width\" content=\"1024\" \/>\n\t<meta property=\"og:image:height\" content=\"768\" \/>\n\t<meta property=\"og:image:type\" content=\"image\/jpeg\" \/>\n<meta name=\"author\" content=\"admin\" \/>\n<meta name=\"twitter:card\" content=\"summary_large_image\" \/>\n<meta name=\"twitter:label1\" content=\"Escrito por\" \/>\n\t<meta name=\"twitter:data1\" content=\"admin\" \/>\n\t<meta name=\"twitter:label2\" content=\"Tiempo de lectura\" \/>\n\t<meta name=\"twitter:data2\" content=\"1 minuto\" \/>\n<script type=\"application\/ld+json\" class=\"yoast-schema-graph\">{\"@context\":\"https:\/\/schema.org\",\"@graph\":[{\"@type\":\"Article\",\"@id\":\"https:\/\/volcanes.net\/?p=13797#article\",\"isPartOf\":{\"@id\":\"https:\/\/volcanes.net\/?p=13797\"},\"author\":{\"name\":\"admin\",\"@id\":\"https:\/\/volcanes.net\/#\/schema\/person\/4bf0f383940966a4abd53f5048c0e6b9\"},\"headline\":\"\ud835\udde3\ud835\uddff\ud835\uddf2\ud835\ude00\ud835\uddf6\ud835\uddf1\ud835\uddf2\ud835\uddfb\ud835\ude01\ud835\uddf2 \ud835\udde0\ud835\ude02\ud835\uddfb\ud835\uddf6\ud835\uddf0\ud835\uddf6\ud835\uddfd\ud835\uddee\ud835\uddf9 \ud835\uddf1\ud835\uddf2 \ud835\udde2\ud835\ude07\ud835\ude02\ud835\uddfa\ud835\uddef\ud835\uddee \ud835\udde5\ud835\uddf2\ud835\uddf0\ud835\uddfc\ud835\uddfb\ud835\uddfc\ud835\uddf0\ud835\uddf2 \ud835\uddf9\ud835\uddee \ud835\udddf\ud835\uddee\ud835\uddef\ud835\uddfc\ud835\uddff \ud835\uddf1\ud835\uddf2 \ud835\uddf9\ud835\uddee \ud835\uddd6\ud835\uddfc\ud835\uddfa\ud835\uddee\ud835\uddfb\ud835\uddf1\ud835\uddee\ud835\uddfb\ud835\ude01\ud835\uddf2 \ud835\udddf\ud835\uddf2\ud835\uddf1\ud835\uddf2\ud835\ude07\ud835\uddfa\ud835\uddee\",\"datePublished\":\"2023-10-23T22:38:26+00:00\",\"dateModified\":\"2023-10-31T22:41:52+00:00\",\"mainEntityOfPage\":{\"@id\":\"https:\/\/volcanes.net\/?p=13797\"},\"wordCount\":220,\"commentCount\":0,\"publisher\":{\"@id\":\"https:\/\/volcanes.net\/#organization\"},\"image\":{\"@id\":\"https:\/\/volcanes.net\/?p=13797#primaryimage\"},\"thumbnailUrl\":\"https:\/\/volcanes.net\/wp-content\/uploads\/2023\/10\/394553469_1372507726674680_1852240883777046983_n.jpg\",\"keywords\":[\"Ozumba\"],\"articleSection\":[\"Municipales\"],\"inLanguage\":\"es\",\"potentialAction\":[{\"@type\":\"CommentAction\",\"name\":\"Comment\",\"target\":[\"https:\/\/volcanes.net\/?p=13797#respond\"]}]},{\"@type\":\"WebPage\",\"@id\":\"https:\/\/volcanes.net\/?p=13797\",\"url\":\"https:\/\/volcanes.net\/?p=13797\",\"name\":\"\ud835\udde3\ud835\uddff\ud835\uddf2\ud835\ude00\ud835\uddf6\ud835\uddf1\ud835\uddf2\ud835\uddfb\ud835\ude01\ud835\uddf2 \ud835\udde0\ud835\ude02\ud835\uddfb\ud835\uddf6\ud835\uddf0\ud835\uddf6\ud835\uddfd\ud835\uddee\ud835\uddf9 \ud835\uddf1\ud835\uddf2 \ud835\udde2\ud835\ude07\ud835\ude02\ud835\uddfa\ud835\uddef\ud835\uddee \ud835\udde5\ud835\uddf2\ud835\uddf0\ud835\uddfc\ud835\uddfb\ud835\uddfc\ud835\uddf0\ud835\uddf2 \ud835\uddf9\ud835\uddee \ud835\udddf\ud835\uddee\ud835\uddef\ud835\uddfc\ud835\uddff \ud835\uddf1\ud835\uddf2 \ud835\uddf9\ud835\uddee \ud835\uddd6\ud835\uddfc\ud835\uddfa\ud835\uddee\ud835\uddfb\ud835\uddf1\ud835\uddee\ud835\uddfb\ud835\ude01\ud835\uddf2 \ud835\udddf\ud835\uddf2\ud835\uddf1\ud835\uddf2\ud835\ude07\ud835\uddfa\ud835\uddee - Volcanes\",\"isPartOf\":{\"@id\":\"https:\/\/volcanes.net\/#website\"},\"primaryImageOfPage\":{\"@id\":\"https:\/\/volcanes.net\/?p=13797#primaryimage\"},\"image\":{\"@id\":\"https:\/\/volcanes.net\/?p=13797#primaryimage\"},\"thumbnailUrl\":\"https:\/\/volcanes.net\/wp-content\/uploads\/2023\/10\/394553469_1372507726674680_1852240883777046983_n.jpg\",\"datePublished\":\"2023-10-23T22:38:26+00:00\",\"dateModified\":\"2023-10-31T22:41:52+00:00\",\"description\":\"Ozumba estado de M\u00e9xico.- En un emotivo acto, el presidente municipal de Ozumba, Valent\u00edn Mart\u00ednez Castillo, rindi\u00f3 homenaje a la Comandante Ledezma por su compromiso y entrega en la b\u00fasqueda y rescate de una joven desaparecida del municipio.\",\"breadcrumb\":{\"@id\":\"https:\/\/volcanes.net\/?p=13797#breadcrumb\"},\"inLanguage\":\"es\",\"potentialAction\":[{\"@type\":\"ReadAction\",\"target\":[\"https:\/\/volcanes.net\/?p=13797\"]}]},{\"@type\":\"ImageObject\",\"inLanguage\":\"es\",\"@id\":\"https:\/\/volcanes.net\/?p=13797#primaryimage\",\"url\":\"https:\/\/volcanes.net\/wp-content\/uploads\/2023\/10\/394553469_1372507726674680_1852240883777046983_n.jpg\",\"contentUrl\":\"https:\/\/volcanes.net\/wp-content\/uploads\/2023\/10\/394553469_1372507726674680_1852240883777046983_n.jpg\",\"width\":1024,\"height\":768,\"caption\":\"\ud835\udde3\ud835\uddff\ud835\uddf2\ud835\ude00\ud835\uddf6\ud835\uddf1\ud835\uddf2\ud835\uddfb\ud835\ude01\ud835\uddf2 \ud835\udde0\ud835\ude02\ud835\uddfb\ud835\uddf6\ud835\uddf0\ud835\uddf6\ud835\uddfd\ud835\uddee\ud835\uddf9 \ud835\uddf1\ud835\uddf2 \ud835\udde2\ud835\ude07\ud835\ude02\ud835\uddfa\ud835\uddef\ud835\uddee \ud835\udde5\ud835\uddf2\ud835\uddf0\ud835\uddfc\ud835\uddfb\ud835\uddfc\ud835\uddf0\ud835\uddf2 \ud835\uddf9\ud835\uddee \ud835\udddf\ud835\uddee\ud835\uddef\ud835\uddfc\ud835\uddff \ud835\uddf1\ud835\uddf2 \ud835\uddf9\ud835\uddee \ud835\uddd6\ud835\uddfc\ud835\uddfa\ud835\uddee\ud835\uddfb\ud835\uddf1\ud835\uddee\ud835\uddfb\ud835\ude01\ud835\uddf2 \ud835\udddf\ud835\uddf2\ud835\uddf1\ud835\uddf2\ud835\ude07\ud835\uddfa\ud835\uddee\"},{\"@type\":\"BreadcrumbList\",\"@id\":\"https:\/\/volcanes.net\/?p=13797#breadcrumb\",\"itemListElement\":[{\"@type\":\"ListItem\",\"position\":1,\"name\":\"Portada\",\"item\":\"https:\/\/volcanes.net\/\"},{\"@type\":\"ListItem\",\"position\":2,\"name\":\"\ud835\udde3\ud835\uddff\ud835\uddf2\ud835\ude00\ud835\uddf6\ud835\uddf1\ud835\uddf2\ud835\uddfb\ud835\ude01\ud835\uddf2 \ud835\udde0\ud835\ude02\ud835\uddfb\ud835\uddf6\ud835\uddf0\ud835\uddf6\ud835\uddfd\ud835\uddee\ud835\uddf9 \ud835\uddf1\ud835\uddf2 \ud835\udde2\ud835\ude07\ud835\ude02\ud835\uddfa\ud835\uddef\ud835\uddee \ud835\udde5\ud835\uddf2\ud835\uddf0\ud835\uddfc\ud835\uddfb\ud835\uddfc\ud835\uddf0\ud835\uddf2 \ud835\uddf9\ud835\uddee \ud835\udddf\ud835\uddee\ud835\uddef\ud835\uddfc\ud835\uddff \ud835\uddf1\ud835\uddf2 \ud835\uddf9\ud835\uddee \ud835\uddd6\ud835\uddfc\ud835\uddfa\ud835\uddee\ud835\uddfb\ud835\uddf1\ud835\uddee\ud835\uddfb\ud835\ude01\ud835\uddf2 \ud835\udddf\ud835\uddf2\ud835\uddf1\ud835\uddf2\ud835\ude07\ud835\uddfa\ud835\uddee\"}]},{\"@type\":\"WebSite\",\"@id\":\"https:\/\/volcanes.net\/#website\",\"url\":\"https:\/\/volcanes.net\/\",\"name\":\"Volcanes.Net\",\"description\":\"Periodismo Profesional\",\"publisher\":{\"@id\":\"https:\/\/volcanes.net\/#organization\"},\"potentialAction\":[{\"@type\":\"SearchAction\",\"target\":{\"@type\":\"EntryPoint\",\"urlTemplate\":\"https:\/\/volcanes.net\/?s={search_term_string}\"},\"query-input\":{\"@type\":\"PropertyValueSpecification\",\"valueRequired\":true,\"valueName\":\"search_term_string\"}}],\"inLanguage\":\"es\"},{\"@type\":\"Organization\",\"@id\":\"https:\/\/volcanes.net\/#organization\",\"name\":\"Grupo Volcanes\",\"url\":\"https:\/\/volcanes.net\/\",\"logo\":{\"@type\":\"ImageObject\",\"inLanguage\":\"es\",\"@id\":\"https:\/\/volcanes.net\/#\/schema\/logo\/image\/\",\"url\":\"http:\/\/volcanes.net\/wp-content\/uploads\/2017\/12\/Avatar2.jpg\",\"contentUrl\":\"http:\/\/volcanes.net\/wp-content\/uploads\/2017\/12\/Avatar2.jpg\",\"width\":378,\"height\":378,\"caption\":\"Grupo Volcanes\"},\"image\":{\"@id\":\"https:\/\/volcanes.net\/#\/schema\/logo\/image\/\"},\"sameAs\":[\"https:\/\/www.facebook.com\/volcanes.net\/\"]},{\"@type\":\"Person\",\"@id\":\"https:\/\/volcanes.net\/#\/schema\/person\/4bf0f383940966a4abd53f5048c0e6b9\",\"name\":\"admin\",\"image\":{\"@type\":\"ImageObject\",\"inLanguage\":\"es\",\"@id\":\"https:\/\/volcanes.net\/#\/schema\/person\/image\/\",\"url\":\"https:\/\/secure.gravatar.com\/avatar\/ca004e6cba8462b8cb7abc86e382930c?s=96&d=mm&r=g\",\"contentUrl\":\"https:\/\/secure.gravatar.com\/avatar\/ca004e6cba8462b8cb7abc86e382930c?s=96&d=mm&r=g\",\"caption\":\"admin\"}}]}<\/script>\n<!-- \/ Yoast SEO plugin. -->","yoast_head_json":{"title":"\ud835\udde3\ud835\uddff\ud835\uddf2\ud835\ude00\ud835\uddf6\ud835\uddf1\ud835\uddf2\ud835\uddfb\ud835\ude01\ud835\uddf2 \ud835\udde0\ud835\ude02\ud835\uddfb\ud835\uddf6\ud835\uddf0\ud835\uddf6\ud835\uddfd\ud835\uddee\ud835\uddf9 \ud835\uddf1\ud835\uddf2 \ud835\udde2\ud835\ude07\ud835\ude02\ud835\uddfa\ud835\uddef\ud835\uddee \ud835\udde5\ud835\uddf2\ud835\uddf0\ud835\uddfc\ud835\uddfb\ud835\uddfc\ud835\uddf0\ud835\uddf2 \ud835\uddf9\ud835\uddee \ud835\udddf\ud835\uddee\ud835\uddef\ud835\uddfc\ud835\uddff \ud835\uddf1\ud835\uddf2 \ud835\uddf9\ud835\uddee \ud835\uddd6\ud835\uddfc\ud835\uddfa\ud835\uddee\ud835\uddfb\ud835\uddf1\ud835\uddee\ud835\uddfb\ud835\ude01\ud835\uddf2 \ud835\udddf\ud835\uddf2\ud835\uddf1\ud835\uddf2\ud835\ude07\ud835\uddfa\ud835\uddee - Volcanes","description":"Ozumba estado de M\u00e9xico.- En un emotivo acto, el presidente municipal de Ozumba, Valent\u00edn Mart\u00ednez Castillo, rindi\u00f3 homenaje a la Comandante Ledezma por su compromiso y entrega en la b\u00fasqueda y rescate de una joven desaparecida del municipio.","robots":{"index":"index","follow":"follow","max-snippet":"max-snippet:-1","max-image-preview":"max-image-preview:large","max-video-preview":"max-video-preview:-1"},"canonical":"https:\/\/volcanes.net\/?p=13797","og_locale":"es_MX","og_type":"article","og_title":"\ud835\udde3\ud835\uddff\ud835\uddf2\ud835\ude00\ud835\uddf6\ud835\uddf1\ud835\uddf2\ud835\uddfb\ud835\ude01\ud835\uddf2 \ud835\udde0\ud835\ude02\ud835\uddfb\ud835\uddf6\ud835\uddf0\ud835\uddf6\ud835\uddfd\ud835\uddee\ud835\uddf9 \ud835\uddf1\ud835\uddf2 \ud835\udde2\ud835\ude07\ud835\ude02\ud835\uddfa\ud835\uddef\ud835\uddee \ud835\udde5\ud835\uddf2\ud835\uddf0\ud835\uddfc\ud835\uddfb\ud835\uddfc\ud835\uddf0\ud835\uddf2 \ud835\uddf9\ud835\uddee \ud835\udddf\ud835\uddee\ud835\uddef\ud835\uddfc\ud835\uddff \ud835\uddf1\ud835\uddf2 \ud835\uddf9\ud835\uddee \ud835\uddd6\ud835\uddfc\ud835\uddfa\ud835\uddee\ud835\uddfb\ud835\uddf1\ud835\uddee\ud835\uddfb\ud835\ude01\ud835\uddf2 \ud835\udddf\ud835\uddf2\ud835\uddf1\ud835\uddf2\ud835\ude07\ud835\uddfa\ud835\uddee - Volcanes","og_description":"Ozumba estado de M\u00e9xico.- En un emotivo acto, el presidente municipal de Ozumba, Valent\u00edn Mart\u00ednez Castillo, rindi\u00f3 homenaje a la Comandante Ledezma por su compromiso y entrega en la b\u00fasqueda y rescate de una joven desaparecida del municipio.","og_url":"https:\/\/volcanes.net\/?p=13797","og_site_name":"Volcanes","article_publisher":"https:\/\/www.facebook.com\/volcanes.net\/","article_published_time":"2023-10-23T22:38:26+00:00","article_modified_time":"2023-10-31T22:41:52+00:00","og_image":[{"width":1024,"height":768,"url":"https:\/\/volcanes.net\/wp-content\/uploads\/2023\/10\/394553469_1372507726674680_1852240883777046983_n.jpg","type":"image\/jpeg"}],"author":"admin","twitter_card":"summary_large_image","twitter_misc":{"Escrito por":"admin","Tiempo de lectura":"1 minuto"},"schema":{"@context":"https:\/\/schema.org","@graph":[{"@type":"Article","@id":"https:\/\/volcanes.net\/?p=13797#article","isPartOf":{"@id":"https:\/\/volcanes.net\/?p=13797"},"author":{"name":"admin","@id":"https:\/\/volcanes.net\/#\/schema\/person\/4bf0f383940966a4abd53f5048c0e6b9"},"headline":"\ud835\udde3\ud835\uddff\ud835\uddf2\ud835\ude00\ud835\uddf6\ud835\uddf1\ud835\uddf2\ud835\uddfb\ud835\ude01\ud835\uddf2 \ud835\udde0\ud835\ude02\ud835\uddfb\ud835\uddf6\ud835\uddf0\ud835\uddf6\ud835\uddfd\ud835\uddee\ud835\uddf9 \ud835\uddf1\ud835\uddf2 \ud835\udde2\ud835\ude07\ud835\ude02\ud835\uddfa\ud835\uddef\ud835\uddee \ud835\udde5\ud835\uddf2\ud835\uddf0\ud835\uddfc\ud835\uddfb\ud835\uddfc\ud835\uddf0\ud835\uddf2 \ud835\uddf9\ud835\uddee \ud835\udddf\ud835\uddee\ud835\uddef\ud835\uddfc\ud835\uddff \ud835\uddf1\ud835\uddf2 \ud835\uddf9\ud835\uddee \ud835\uddd6\ud835\uddfc\ud835\uddfa\ud835\uddee\ud835\uddfb\ud835\uddf1\ud835\uddee\ud835\uddfb\ud835\ude01\ud835\uddf2 \ud835\udddf\ud835\uddf2\ud835\uddf1\ud835\uddf2\ud835\ude07\ud835\uddfa\ud835\uddee","datePublished":"2023-10-23T22:38:26+00:00","dateModified":"2023-10-31T22:41:52+00:00","mainEntityOfPage":{"@id":"https:\/\/volcanes.net\/?p=13797"},"wordCount":220,"commentCount":0,"publisher":{"@id":"https:\/\/volcanes.net\/#organization"},"image":{"@id":"https:\/\/volcanes.net\/?p=13797#primaryimage"},"thumbnailUrl":"https:\/\/volcanes.net\/wp-content\/uploads\/2023\/10\/394553469_1372507726674680_1852240883777046983_n.jpg","keywords":["Ozumba"],"articleSection":["Municipales"],"inLanguage":"es","potentialAction":[{"@type":"CommentAction","name":"Comment","target":["https:\/\/volcanes.net\/?p=13797#respond"]}]},{"@type":"WebPage","@id":"https:\/\/volcanes.net\/?p=13797","url":"https:\/\/volcanes.net\/?p=13797","name":"\ud835\udde3\ud835\uddff\ud835\uddf2\ud835\ude00\ud835\uddf6\ud835\uddf1\ud835\uddf2\ud835\uddfb\ud835\ude01\ud835\uddf2 \ud835\udde0\ud835\ude02\ud835\uddfb\ud835\uddf6\ud835\uddf0\ud835\uddf6\ud835\uddfd\ud835\uddee\ud835\uddf9 \ud835\uddf1\ud835\uddf2 \ud835\udde2\ud835\ude07\ud835\ude02\ud835\uddfa\ud835\uddef\ud835\uddee \ud835\udde5\ud835\uddf2\ud835\uddf0\ud835\uddfc\ud835\uddfb\ud835\uddfc\ud835\uddf0\ud835\uddf2 \ud835\uddf9\ud835\uddee \ud835\udddf\ud835\uddee\ud835\uddef\ud835\uddfc\ud835\uddff \ud835\uddf1\ud835\uddf2 \ud835\uddf9\ud835\uddee \ud835\uddd6\ud835\uddfc\ud835\uddfa\ud835\uddee\ud835\uddfb\ud835\uddf1\ud835\uddee\ud835\uddfb\ud835\ude01\ud835\uddf2 \ud835\udddf\ud835\uddf2\ud835\uddf1\ud835\uddf2\ud835\ude07\ud835\uddfa\ud835\uddee - Volcanes","isPartOf":{"@id":"https:\/\/volcanes.net\/#website"},"primaryImageOfPage":{"@id":"https:\/\/volcanes.net\/?p=13797#primaryimage"},"image":{"@id":"https:\/\/volcanes.net\/?p=13797#primaryimage"},"thumbnailUrl":"https:\/\/volcanes.net\/wp-content\/uploads\/2023\/10\/394553469_1372507726674680_1852240883777046983_n.jpg","datePublished":"2023-10-23T22:38:26+00:00","dateModified":"2023-10-31T22:41:52+00:00","description":"Ozumba estado de M\u00e9xico.- En un emotivo acto, el presidente municipal de Ozumba, Valent\u00edn Mart\u00ednez Castillo, rindi\u00f3 homenaje a la Comandante Ledezma por su compromiso y entrega en la b\u00fasqueda y rescate de una joven desaparecida del municipio.","breadcrumb":{"@id":"https:\/\/volcanes.net\/?p=13797#breadcrumb"},"inLanguage":"es","potentialAction":[{"@type":"ReadAction","target":["https:\/\/volcanes.net\/?p=13797"]}]},{"@type":"ImageObject","inLanguage":"es","@id":"https:\/\/volcanes.net\/?p=13797#primaryimage","url":"https:\/\/volcanes.net\/wp-content\/uploads\/2023\/10\/394553469_1372507726674680_1852240883777046983_n.jpg","contentUrl":"https:\/\/volcanes.net\/wp-content\/uploads\/2023\/10\/394553469_1372507726674680_1852240883777046983_n.jpg","width":1024,"height":768,"caption":"\ud835\udde3\ud835\uddff\ud835\uddf2\ud835\ude00\ud835\uddf6\ud835\uddf1\ud835\uddf2\ud835\uddfb\ud835\ude01\ud835\uddf2 \ud835\udde0\ud835\ude02\ud835\uddfb\ud835\uddf6\ud835\uddf0\ud835\uddf6\ud835\uddfd\ud835\uddee\ud835\uddf9 \ud835\uddf1\ud835\uddf2 \ud835\udde2\ud835\ude07\ud835\ude02\ud835\uddfa\ud835\uddef\ud835\uddee \ud835\udde5\ud835\uddf2\ud835\uddf0\ud835\uddfc\ud835\uddfb\ud835\uddfc\ud835\uddf0\ud835\uddf2 \ud835\uddf9\ud835\uddee \ud835\udddf\ud835\uddee\ud835\uddef\ud835\uddfc\ud835\uddff \ud835\uddf1\ud835\uddf2 \ud835\uddf9\ud835\uddee \ud835\uddd6\ud835\uddfc\ud835\uddfa\ud835\uddee\ud835\uddfb\ud835\uddf1\ud835\uddee\ud835\uddfb\ud835\ude01\ud835\uddf2 \ud835\udddf\ud835\uddf2\ud835\uddf1\ud835\uddf2\ud835\ude07\ud835\uddfa\ud835\uddee"},{"@type":"BreadcrumbList","@id":"https:\/\/volcanes.net\/?p=13797#breadcrumb","itemListElement":[{"@type":"ListItem","position":1,"name":"Portada","item":"https:\/\/volcanes.net\/"},{"@type":"ListItem","position":2,"name":"\ud835\udde3\ud835\uddff\ud835\uddf2\ud835\ude00\ud835\uddf6\ud835\uddf1\ud835\uddf2\ud835\uddfb\ud835\ude01\ud835\uddf2 \ud835\udde0\ud835\ude02\ud835\uddfb\ud835\uddf6\ud835\uddf0\ud835\uddf6\ud835\uddfd\ud835\uddee\ud835\uddf9 \ud835\uddf1\ud835\uddf2 \ud835\udde2\ud835\ude07\ud835\ude02\ud835\uddfa\ud835\uddef\ud835\uddee \ud835\udde5\ud835\uddf2\ud835\uddf0\ud835\uddfc\ud835\uddfb\ud835\uddfc\ud835\uddf0\ud835\uddf2 \ud835\uddf9\ud835\uddee \ud835\udddf\ud835\uddee\ud835\uddef\ud835\uddfc\ud835\uddff \ud835\uddf1\ud835\uddf2 \ud835\uddf9\ud835\uddee \ud835\uddd6\ud835\uddfc\ud835\uddfa\ud835\uddee\ud835\uddfb\ud835\uddf1\ud835\uddee\ud835\uddfb\ud835\ude01\ud835\uddf2 \ud835\udddf\ud835\uddf2\ud835\uddf1\ud835\uddf2\ud835\ude07\ud835\uddfa\ud835\uddee"}]},{"@type":"WebSite","@id":"https:\/\/volcanes.net\/#website","url":"https:\/\/volcanes.net\/","name":"Volcanes.Net","description":"Periodismo Profesional","publisher":{"@id":"https:\/\/volcanes.net\/#organization"},"potentialAction":[{"@type":"SearchAction","target":{"@type":"EntryPoint","urlTemplate":"https:\/\/volcanes.net\/?s={search_term_string}"},"query-input":{"@type":"PropertyValueSpecification","valueRequired":true,"valueName":"search_term_string"}}],"inLanguage":"es"},{"@type":"Organization","@id":"https:\/\/volcanes.net\/#organization","name":"Grupo Volcanes","url":"https:\/\/volcanes.net\/","logo":{"@type":"ImageObject","inLanguage":"es","@id":"https:\/\/volcanes.net\/#\/schema\/logo\/image\/","url":"http:\/\/volcanes.net\/wp-content\/uploads\/2017\/12\/Avatar2.jpg","contentUrl":"http:\/\/volcanes.net\/wp-content\/uploads\/2017\/12\/Avatar2.jpg","width":378,"height":378,"caption":"Grupo Volcanes"},"image":{"@id":"https:\/\/volcanes.net\/#\/schema\/logo\/image\/"},"sameAs":["https:\/\/www.facebook.com\/volcanes.net\/"]},{"@type":"Person","@id":"https:\/\/volcanes.net\/#\/schema\/person\/4bf0f383940966a4abd53f5048c0e6b9","name":"admin","image":{"@type":"ImageObject","inLanguage":"es","@id":"https:\/\/volcanes.net\/#\/schema\/person\/image\/","url":"https:\/\/secure.gravatar.com\/avatar\/ca004e6cba8462b8cb7abc86e382930c?s=96&d=mm&r=g","contentUrl":"https:\/\/secure.gravatar.com\/avatar\/ca004e6cba8462b8cb7abc86e382930c?s=96&d=mm&r=g","caption":"admin"}}]}},"_links":{"self":[{"href":"https:\/\/volcanes.net\/index.php?rest_route=\/wp\/v2\/posts\/13797"}],"collection":[{"href":"https:\/\/volcanes.net\/index.php?rest_route=\/wp\/v2\/posts"}],"about":[{"href":"https:\/\/volcanes.net\/index.php?rest_route=\/wp\/v2\/types\/post"}],"author":[{"embeddable":true,"href":"https:\/\/volcanes.net\/index.php?rest_route=\/wp\/v2\/users\/1"}],"replies":[{"embeddable":true,"href":"https:\/\/volcanes.net\/index.php?rest_route=%2Fwp%2Fv2%2Fcomments&post=13797"}],"version-history":[{"count":1,"href":"https:\/\/volcanes.net\/index.php?rest_route=\/wp\/v2\/posts\/13797\/revisions"}],"predecessor-version":[{"id":13799,"href":"https:\/\/volcanes.net\/index.php?rest_route=\/wp\/v2\/posts\/13797\/revisions\/13799"}],"wp:featuredmedia":[{"embeddable":true,"href":"https:\/\/volcanes.net\/index.php?rest_route=\/wp\/v2\/media\/13798"}],"wp:attachment":[{"href":"https:\/\/volcanes.net\/index.php?rest_route=%2Fwp%2Fv2%2Fmedia&parent=13797"}],"wp:term":[{"taxonomy":"category","embeddable":true,"href":"https:\/\/volcanes.net\/index.php?rest_route=%2Fwp%2Fv2%2Fcategories&post=13797"},{"taxonomy":"post_tag","embeddable":true,"href":"https:\/\/volcanes.net\/index.php?rest_route=%2Fwp%2Fv2%2Ftags&post=13797"}],"curies":[{"name":"wp","href":"https:\/\/api.w.org\/{rel}","templated":true}]}}