{"id":13807,"date":"2023-10-31T19:07:25","date_gmt":"2023-11-01T01:07:25","guid":{"rendered":"https:\/\/volcanes.net\/?p=13807"},"modified":"2023-10-31T19:22:07","modified_gmt":"2023-11-01T01:22:07","slug":"gran-exito-en-el-segundo-festival-micailhuitl-en-tenango-del-aire-%f0%9f%8c%bc","status":"publish","type":"post","link":"https:\/\/volcanes.net\/?p=13807","title":{"rendered":"\u00a1Gran \u00e9xito en el Segundo Festival Micailhuitl en Tenango del Aire! \ud83c\udf3c"},"content":{"rendered":"<div style=\"margin-top: 0px; margin-bottom: 0px;\" class=\"sharethis-inline-share-buttons\" ><\/div>\r\n<p>En Tenango del Aire, el &#8220;Gran Desfile de D\u00eda de Muertos&#8221; culmin\u00f3 con gran entusiasmo como parte de las celebraciones del Segundo Festival Micailhuitl. El 31 de octubre, los asistentes se sumergieron en un emocionante desfile de &#8220;D\u00eda de Muertos&#8221;, demostrando la profunda conexi\u00f3n de la comunidad con sus tradiciones. \ud83d\udc80\ud83c\udf3a<\/p>\r\n<p>El presidente municipal, Roberto \u00c1vila Ventura, expres\u00f3 su gratitud a todos los participantes en este impresionante desfile, que recorri\u00f3 todos los pueblos del municipio. Por su parte, la presidenta del sistema municipal DIF, Johanna Fern\u00e1ndez S\u00e1nchez, se mostr\u00f3 satisfecha por la organizaci\u00f3n impecable de este festival.<\/p>\r\n<p>Durante el recorrido, cientos de familias tenangenses se unieron al &#8220;Gran Desfile de D\u00eda de Muertos&#8221;, participando activamente en las festividades del &#8220;D\u00eda de Muertos&#8221;. En un esp\u00edritu de unidad, el concurso de disfraces infantiles celebrado como parte del Segundo Festival tuvo un resultado especial, ya que el jurado calificador decidi\u00f3 otorgar el primer lugar a todos los finalistas, reconociendo el esfuerzo y la creatividad de los participantes.<\/p>\r\n<p>Tenango del Aire se destaca como un municipio que valora y preserva sus ra\u00edces culturales y tradiciones, enriqueciendo el tejido de la comunidad con eventos como el Segundo Festival Micailhuitl. \ud83c\udf89\ud83c\udf1f<\/p>\r\n","protected":false},"excerpt":{"rendered":"<p>En Tenango del Aire, el &#8220;Gran Desfile de D\u00eda de Muertos&#8221; culmin\u00f3 con gran entusiasmo<\/p>\n","protected":false},"author":1,"featured_media":13806,"comment_status":"open","ping_status":"open","sticky":false,"template":"","format":"standard","meta":{"footnotes":""},"categories":[1],"tags":[17],"class_list":["post-13807","post","type-post","status-publish","format-standard","has-post-thumbnail","hentry","category-municipales","tag-tenango-del-aire"],"yoast_head":"<!-- This site is optimized with the Yoast SEO plugin v25.3 - https:\/\/yoast.com\/wordpress\/plugins\/seo\/ -->\n<title>\u00a1Gran \u00e9xito en el Segundo Festival Micailhuitl en Tenango del Aire! \ud83c\udf3c - Volcanes<\/title>\n<meta name=\"robots\" content=\"index, follow, max-snippet:-1, max-image-preview:large, max-video-preview:-1\" \/>\n<link rel=\"canonical\" href=\"https:\/\/volcanes.net\/?p=13807\" \/>\n<meta property=\"og:locale\" content=\"es_MX\" \/>\n<meta property=\"og:type\" content=\"article\" \/>\n<meta property=\"og:title\" content=\"\u00a1Gran \u00e9xito en el Segundo Festival Micailhuitl en Tenango del Aire! \ud83c\udf3c - Volcanes\" \/>\n<meta property=\"og:description\" content=\"En Tenango del Aire, el &#8220;Gran Desfile de D\u00eda de Muertos&#8221; culmin\u00f3 con gran entusiasmo\" \/>\n<meta property=\"og:url\" content=\"https:\/\/volcanes.net\/?p=13807\" \/>\n<meta property=\"og:site_name\" content=\"Volcanes\" \/>\n<meta property=\"article:publisher\" content=\"https:\/\/www.facebook.com\/volcanes.net\/\" \/>\n<meta property=\"article:published_time\" content=\"2023-11-01T01:07:25+00:00\" \/>\n<meta property=\"article:modified_time\" content=\"2023-11-01T01:22:07+00:00\" \/>\n<meta property=\"og:image\" content=\"https:\/\/volcanes.net\/wp-content\/uploads\/2023\/10\/FB_IMG_1698800832826.jpg\" \/>\n\t<meta property=\"og:image:width\" content=\"1080\" \/>\n\t<meta property=\"og:image:height\" content=\"810\" \/>\n\t<meta property=\"og:image:type\" content=\"image\/jpeg\" \/>\n<meta name=\"author\" content=\"admin\" \/>\n<meta name=\"twitter:card\" content=\"summary_large_image\" \/>\n<meta name=\"twitter:label1\" content=\"Escrito por\" \/>\n\t<meta name=\"twitter:data1\" content=\"admin\" \/>\n\t<meta name=\"twitter:label2\" content=\"Tiempo de lectura\" \/>\n\t<meta name=\"twitter:data2\" content=\"1 minuto\" \/>\n<script type=\"application\/ld+json\" class=\"yoast-schema-graph\">{\"@context\":\"https:\/\/schema.org\",\"@graph\":[{\"@type\":\"Article\",\"@id\":\"https:\/\/volcanes.net\/?p=13807#article\",\"isPartOf\":{\"@id\":\"https:\/\/volcanes.net\/?p=13807\"},\"author\":{\"name\":\"admin\",\"@id\":\"https:\/\/volcanes.net\/#\/schema\/person\/4bf0f383940966a4abd53f5048c0e6b9\"},\"headline\":\"\u00a1Gran \u00e9xito en el Segundo Festival Micailhuitl en Tenango del Aire! \ud83c\udf3c\",\"datePublished\":\"2023-11-01T01:07:25+00:00\",\"dateModified\":\"2023-11-01T01:22:07+00:00\",\"mainEntityOfPage\":{\"@id\":\"https:\/\/volcanes.net\/?p=13807\"},\"wordCount\":214,\"commentCount\":0,\"publisher\":{\"@id\":\"https:\/\/volcanes.net\/#organization\"},\"image\":{\"@id\":\"https:\/\/volcanes.net\/?p=13807#primaryimage\"},\"thumbnailUrl\":\"https:\/\/volcanes.net\/wp-content\/uploads\/2023\/10\/FB_IMG_1698800832826.jpg\",\"keywords\":[\"Tenango del Aire\"],\"articleSection\":[\"Municipales\"],\"inLanguage\":\"es\",\"potentialAction\":[{\"@type\":\"CommentAction\",\"name\":\"Comment\",\"target\":[\"https:\/\/volcanes.net\/?p=13807#respond\"]}]},{\"@type\":\"WebPage\",\"@id\":\"https:\/\/volcanes.net\/?p=13807\",\"url\":\"https:\/\/volcanes.net\/?p=13807\",\"name\":\"\u00a1Gran \u00e9xito en el Segundo Festival Micailhuitl en Tenango del Aire! \ud83c\udf3c - Volcanes\",\"isPartOf\":{\"@id\":\"https:\/\/volcanes.net\/#website\"},\"primaryImageOfPage\":{\"@id\":\"https:\/\/volcanes.net\/?p=13807#primaryimage\"},\"image\":{\"@id\":\"https:\/\/volcanes.net\/?p=13807#primaryimage\"},\"thumbnailUrl\":\"https:\/\/volcanes.net\/wp-content\/uploads\/2023\/10\/FB_IMG_1698800832826.jpg\",\"datePublished\":\"2023-11-01T01:07:25+00:00\",\"dateModified\":\"2023-11-01T01:22:07+00:00\",\"breadcrumb\":{\"@id\":\"https:\/\/volcanes.net\/?p=13807#breadcrumb\"},\"inLanguage\":\"es\",\"potentialAction\":[{\"@type\":\"ReadAction\",\"target\":[\"https:\/\/volcanes.net\/?p=13807\"]}]},{\"@type\":\"ImageObject\",\"inLanguage\":\"es\",\"@id\":\"https:\/\/volcanes.net\/?p=13807#primaryimage\",\"url\":\"https:\/\/volcanes.net\/wp-content\/uploads\/2023\/10\/FB_IMG_1698800832826.jpg\",\"contentUrl\":\"https:\/\/volcanes.net\/wp-content\/uploads\/2023\/10\/FB_IMG_1698800832826.jpg\",\"width\":1080,\"height\":810},{\"@type\":\"BreadcrumbList\",\"@id\":\"https:\/\/volcanes.net\/?p=13807#breadcrumb\",\"itemListElement\":[{\"@type\":\"ListItem\",\"position\":1,\"name\":\"Portada\",\"item\":\"https:\/\/volcanes.net\/\"},{\"@type\":\"ListItem\",\"position\":2,\"name\":\"\u00a1Gran \u00e9xito en el Segundo Festival Micailhuitl en Tenango del Aire! \ud83c\udf3c\"}]},{\"@type\":\"WebSite\",\"@id\":\"https:\/\/volcanes.net\/#website\",\"url\":\"https:\/\/volcanes.net\/\",\"name\":\"Volcanes.Net\",\"description\":\"Periodismo Profesional\",\"publisher\":{\"@id\":\"https:\/\/volcanes.net\/#organization\"},\"potentialAction\":[{\"@type\":\"SearchAction\",\"target\":{\"@type\":\"EntryPoint\",\"urlTemplate\":\"https:\/\/volcanes.net\/?s={search_term_string}\"},\"query-input\":{\"@type\":\"PropertyValueSpecification\",\"valueRequired\":true,\"valueName\":\"search_term_string\"}}],\"inLanguage\":\"es\"},{\"@type\":\"Organization\",\"@id\":\"https:\/\/volcanes.net\/#organization\",\"name\":\"Grupo Volcanes\",\"url\":\"https:\/\/volcanes.net\/\",\"logo\":{\"@type\":\"ImageObject\",\"inLanguage\":\"es\",\"@id\":\"https:\/\/volcanes.net\/#\/schema\/logo\/image\/\",\"url\":\"http:\/\/volcanes.net\/wp-content\/uploads\/2017\/12\/Avatar2.jpg\",\"contentUrl\":\"http:\/\/volcanes.net\/wp-content\/uploads\/2017\/12\/Avatar2.jpg\",\"width\":378,\"height\":378,\"caption\":\"Grupo Volcanes\"},\"image\":{\"@id\":\"https:\/\/volcanes.net\/#\/schema\/logo\/image\/\"},\"sameAs\":[\"https:\/\/www.facebook.com\/volcanes.net\/\"]},{\"@type\":\"Person\",\"@id\":\"https:\/\/volcanes.net\/#\/schema\/person\/4bf0f383940966a4abd53f5048c0e6b9\",\"name\":\"admin\",\"image\":{\"@type\":\"ImageObject\",\"inLanguage\":\"es\",\"@id\":\"https:\/\/volcanes.net\/#\/schema\/person\/image\/\",\"url\":\"https:\/\/secure.gravatar.com\/avatar\/ca004e6cba8462b8cb7abc86e382930c?s=96&d=mm&r=g\",\"contentUrl\":\"https:\/\/secure.gravatar.com\/avatar\/ca004e6cba8462b8cb7abc86e382930c?s=96&d=mm&r=g\",\"caption\":\"admin\"}}]}<\/script>\n<!-- \/ Yoast SEO plugin. -->","yoast_head_json":{"title":"\u00a1Gran \u00e9xito en el Segundo Festival Micailhuitl en Tenango del Aire! \ud83c\udf3c - Volcanes","robots":{"index":"index","follow":"follow","max-snippet":"max-snippet:-1","max-image-preview":"max-image-preview:large","max-video-preview":"max-video-preview:-1"},"canonical":"https:\/\/volcanes.net\/?p=13807","og_locale":"es_MX","og_type":"article","og_title":"\u00a1Gran \u00e9xito en el Segundo Festival Micailhuitl en Tenango del Aire! \ud83c\udf3c - Volcanes","og_description":"En Tenango del Aire, el &#8220;Gran Desfile de D\u00eda de Muertos&#8221; culmin\u00f3 con gran entusiasmo","og_url":"https:\/\/volcanes.net\/?p=13807","og_site_name":"Volcanes","article_publisher":"https:\/\/www.facebook.com\/volcanes.net\/","article_published_time":"2023-11-01T01:07:25+00:00","article_modified_time":"2023-11-01T01:22:07+00:00","og_image":[{"width":1080,"height":810,"url":"https:\/\/volcanes.net\/wp-content\/uploads\/2023\/10\/FB_IMG_1698800832826.jpg","type":"image\/jpeg"}],"author":"admin","twitter_card":"summary_large_image","twitter_misc":{"Escrito por":"admin","Tiempo de lectura":"1 minuto"},"schema":{"@context":"https:\/\/schema.org","@graph":[{"@type":"Article","@id":"https:\/\/volcanes.net\/?p=13807#article","isPartOf":{"@id":"https:\/\/volcanes.net\/?p=13807"},"author":{"name":"admin","@id":"https:\/\/volcanes.net\/#\/schema\/person\/4bf0f383940966a4abd53f5048c0e6b9"},"headline":"\u00a1Gran \u00e9xito en el Segundo Festival Micailhuitl en Tenango del Aire! \ud83c\udf3c","datePublished":"2023-11-01T01:07:25+00:00","dateModified":"2023-11-01T01:22:07+00:00","mainEntityOfPage":{"@id":"https:\/\/volcanes.net\/?p=13807"},"wordCount":214,"commentCount":0,"publisher":{"@id":"https:\/\/volcanes.net\/#organization"},"image":{"@id":"https:\/\/volcanes.net\/?p=13807#primaryimage"},"thumbnailUrl":"https:\/\/volcanes.net\/wp-content\/uploads\/2023\/10\/FB_IMG_1698800832826.jpg","keywords":["Tenango del Aire"],"articleSection":["Municipales"],"inLanguage":"es","potentialAction":[{"@type":"CommentAction","name":"Comment","target":["https:\/\/volcanes.net\/?p=13807#respond"]}]},{"@type":"WebPage","@id":"https:\/\/volcanes.net\/?p=13807","url":"https:\/\/volcanes.net\/?p=13807","name":"\u00a1Gran \u00e9xito en el Segundo Festival Micailhuitl en Tenango del Aire! \ud83c\udf3c - Volcanes","isPartOf":{"@id":"https:\/\/volcanes.net\/#website"},"primaryImageOfPage":{"@id":"https:\/\/volcanes.net\/?p=13807#primaryimage"},"image":{"@id":"https:\/\/volcanes.net\/?p=13807#primaryimage"},"thumbnailUrl":"https:\/\/volcanes.net\/wp-content\/uploads\/2023\/10\/FB_IMG_1698800832826.jpg","datePublished":"2023-11-01T01:07:25+00:00","dateModified":"2023-11-01T01:22:07+00:00","breadcrumb":{"@id":"https:\/\/volcanes.net\/?p=13807#breadcrumb"},"inLanguage":"es","potentialAction":[{"@type":"ReadAction","target":["https:\/\/volcanes.net\/?p=13807"]}]},{"@type":"ImageObject","inLanguage":"es","@id":"https:\/\/volcanes.net\/?p=13807#primaryimage","url":"https:\/\/volcanes.net\/wp-content\/uploads\/2023\/10\/FB_IMG_1698800832826.jpg","contentUrl":"https:\/\/volcanes.net\/wp-content\/uploads\/2023\/10\/FB_IMG_1698800832826.jpg","width":1080,"height":810},{"@type":"BreadcrumbList","@id":"https:\/\/volcanes.net\/?p=13807#breadcrumb","itemListElement":[{"@type":"ListItem","position":1,"name":"Portada","item":"https:\/\/volcanes.net\/"},{"@type":"ListItem","position":2,"name":"\u00a1Gran \u00e9xito en el Segundo Festival Micailhuitl en Tenango del Aire! \ud83c\udf3c"}]},{"@type":"WebSite","@id":"https:\/\/volcanes.net\/#website","url":"https:\/\/volcanes.net\/","name":"Volcanes.Net","description":"Periodismo Profesional","publisher":{"@id":"https:\/\/volcanes.net\/#organization"},"potentialAction":[{"@type":"SearchAction","target":{"@type":"EntryPoint","urlTemplate":"https:\/\/volcanes.net\/?s={search_term_string}"},"query-input":{"@type":"PropertyValueSpecification","valueRequired":true,"valueName":"search_term_string"}}],"inLanguage":"es"},{"@type":"Organization","@id":"https:\/\/volcanes.net\/#organization","name":"Grupo Volcanes","url":"https:\/\/volcanes.net\/","logo":{"@type":"ImageObject","inLanguage":"es","@id":"https:\/\/volcanes.net\/#\/schema\/logo\/image\/","url":"http:\/\/volcanes.net\/wp-content\/uploads\/2017\/12\/Avatar2.jpg","contentUrl":"http:\/\/volcanes.net\/wp-content\/uploads\/2017\/12\/Avatar2.jpg","width":378,"height":378,"caption":"Grupo Volcanes"},"image":{"@id":"https:\/\/volcanes.net\/#\/schema\/logo\/image\/"},"sameAs":["https:\/\/www.facebook.com\/volcanes.net\/"]},{"@type":"Person","@id":"https:\/\/volcanes.net\/#\/schema\/person\/4bf0f383940966a4abd53f5048c0e6b9","name":"admin","image":{"@type":"ImageObject","inLanguage":"es","@id":"https:\/\/volcanes.net\/#\/schema\/person\/image\/","url":"https:\/\/secure.gravatar.com\/avatar\/ca004e6cba8462b8cb7abc86e382930c?s=96&d=mm&r=g","contentUrl":"https:\/\/secure.gravatar.com\/avatar\/ca004e6cba8462b8cb7abc86e382930c?s=96&d=mm&r=g","caption":"admin"}}]}},"_links":{"self":[{"href":"https:\/\/volcanes.net\/index.php?rest_route=\/wp\/v2\/posts\/13807"}],"collection":[{"href":"https:\/\/volcanes.net\/index.php?rest_route=\/wp\/v2\/posts"}],"about":[{"href":"https:\/\/volcanes.net\/index.php?rest_route=\/wp\/v2\/types\/post"}],"author":[{"embeddable":true,"href":"https:\/\/volcanes.net\/index.php?rest_route=\/wp\/v2\/users\/1"}],"replies":[{"embeddable":true,"href":"https:\/\/volcanes.net\/index.php?rest_route=%2Fwp%2Fv2%2Fcomments&post=13807"}],"version-history":[{"count":4,"href":"https:\/\/volcanes.net\/index.php?rest_route=\/wp\/v2\/posts\/13807\/revisions"}],"predecessor-version":[{"id":13811,"href":"https:\/\/volcanes.net\/index.php?rest_route=\/wp\/v2\/posts\/13807\/revisions\/13811"}],"wp:featuredmedia":[{"embeddable":true,"href":"https:\/\/volcanes.net\/index.php?rest_route=\/wp\/v2\/media\/13806"}],"wp:attachment":[{"href":"https:\/\/volcanes.net\/index.php?rest_route=%2Fwp%2Fv2%2Fmedia&parent=13807"}],"wp:term":[{"taxonomy":"category","embeddable":true,"href":"https:\/\/volcanes.net\/index.php?rest_route=%2Fwp%2Fv2%2Fcategories&post=13807"},{"taxonomy":"post_tag","embeddable":true,"href":"https:\/\/volcanes.net\/index.php?rest_route=%2Fwp%2Fv2%2Ftags&post=13807"}],"curies":[{"name":"wp","href":"https:\/\/api.w.org\/{rel}","templated":true}]}}