{"id":13819,"date":"2023-11-01T17:44:37","date_gmt":"2023-11-01T23:44:37","guid":{"rendered":"https:\/\/volcanes.net\/?p=13819"},"modified":"2023-11-01T17:45:25","modified_gmt":"2023-11-01T23:45:25","slug":"la-alcaldesa-de-amecameca-ivette-topete-inaugura-obras-de-rehabilitacion-en-el-panteon-del-castillo","status":"publish","type":"post","link":"https:\/\/volcanes.net\/?p=13819","title":{"rendered":"La Alcaldesa de Amecameca, Ivette Topete, Inaugura Obras de Rehabilitaci\u00f3n en el Pante\u00f3n Del Castillo"},"content":{"rendered":"<div style=\"margin-top: 0px; margin-bottom: 0px;\" class=\"sharethis-inline-share-buttons\" ><\/div><p>Amecameca, Estado de M\u00e9xico &#8211; 01 de noviembre de 2023.- La alcaldesa de Amecameca, la Dra. Ivette Topete, ha cumplido nuevamente con su compromiso de mejorar la calidad de vida de los habitantes de la localidad. En esta ocasi\u00f3n, se llev\u00f3 a cabo la inauguraci\u00f3n de la obra de rehabilitaci\u00f3n del velatorio, la construcci\u00f3n de m\u00f3dulos de sanitarios y la remodelaci\u00f3n de la fachada principal del Pante\u00f3n Del Castillo, en beneficio de todos los residentes de la comunidad.<\/p>\n<p>En un emotivo acto de entrega, la alcaldesa cort\u00f3 el list\u00f3n inaugural y devel\u00f3 una placa conmemorativa en el lugar. Durante su discurso, la Dra. Topete destac\u00f3 la importancia de contar con instalaciones dignas y adecuadas para las familias que requieren de un espacio de velatorio. El recinto ha sido completamente renovado y ahora brinda un servicio de calidad para aquellos que visitan el pante\u00f3n.<\/p>\n<p>La inversi\u00f3n en esta importante obra ascendi\u00f3 a Un Mill\u00f3n 598 mil pesos, y la alcaldesa expres\u00f3 su gratitud hacia los miembros del Ayuntamiento por la aprobaci\u00f3n del presupuesto necesario para llevar a cabo esta mejora tan necesaria. Entre las labores realizadas se incluyen demolici\u00f3n, trabajos de alba\u00f1iler\u00eda, instalaci\u00f3n el\u00e9ctrica, remodelaci\u00f3n de la fachada principal, pavimentaci\u00f3n estampada en el acceso principal, aplanados con estuco, pintura en muros y techos, rehabilitaci\u00f3n de la caseta de vigilancia, construcci\u00f3n de jardineras, instalaci\u00f3n de luminarias y limpieza final de la obra.<\/p>\n<p>Adem\u00e1s de la renovaci\u00f3n del velatorio, se construy\u00f3 un m\u00f3dulo de ba\u00f1os que incluye instalaciones separadas para hombres y mujeres, as\u00ed como uno adaptado para personas con discapacidad, junto con dos mingitorios.<\/p>\n<p>La alcaldesa subray\u00f3 que esta obra permitir\u00e1 al Gobierno Municipal ofrecer a las familias un espacio digno y apropiado para velar y despedirse de sus seres queridos en un ambiente adecuado, accesible, c\u00f3modo y respetuoso. Este proyecto se ha convertido en una realidad que atiende una necesidad fundamental de la comunidad.<\/p>\n<p>Tania Jim\u00e9nez Garc\u00eda, presidenta del Consejo Ciudadano de Control y Vigilancia (Cocicovi), expres\u00f3 su agradecimiento a la alcaldesa Ivette Topete por su<\/p>\n","protected":false},"excerpt":{"rendered":"<p>Amecameca, Estado de M\u00e9xico &#8211; 01 de noviembre de 2023.- La alcaldesa de Amecameca, la<\/p>\n","protected":false},"author":1,"featured_media":13818,"comment_status":"open","ping_status":"open","sticky":false,"template":"","format":"standard","meta":{"footnotes":""},"categories":[3],"tags":[7],"class_list":["post-13819","post","type-post","status-publish","format-standard","has-post-thumbnail","hentry","category-estatales","tag-amecameca"],"yoast_head":"<!-- This site is optimized with the Yoast SEO plugin v25.3 - https:\/\/yoast.com\/wordpress\/plugins\/seo\/ -->\n<title>La Alcaldesa de Amecameca, Ivette Topete, Inaugura Obras de Rehabilitaci\u00f3n en el Pante\u00f3n Del Castillo - Volcanes<\/title>\n<meta name=\"robots\" content=\"index, follow, max-snippet:-1, max-image-preview:large, max-video-preview:-1\" \/>\n<link rel=\"canonical\" href=\"https:\/\/volcanes.net\/?p=13819\" \/>\n<meta property=\"og:locale\" content=\"es_MX\" \/>\n<meta property=\"og:type\" content=\"article\" \/>\n<meta property=\"og:title\" content=\"La Alcaldesa de Amecameca, Ivette Topete, Inaugura Obras de Rehabilitaci\u00f3n en el Pante\u00f3n Del Castillo - Volcanes\" \/>\n<meta property=\"og:description\" content=\"Amecameca, Estado de M\u00e9xico &#8211; 01 de noviembre de 2023.- La alcaldesa de Amecameca, la\" \/>\n<meta property=\"og:url\" content=\"https:\/\/volcanes.net\/?p=13819\" \/>\n<meta property=\"og:site_name\" content=\"Volcanes\" \/>\n<meta property=\"article:publisher\" content=\"https:\/\/www.facebook.com\/volcanes.net\/\" \/>\n<meta property=\"article:published_time\" content=\"2023-11-01T23:44:37+00:00\" \/>\n<meta property=\"article:modified_time\" content=\"2023-11-01T23:45:25+00:00\" \/>\n<meta property=\"og:image\" content=\"https:\/\/volcanes.net\/wp-content\/uploads\/2023\/11\/IMG-20231101-WA0141-1.jpg\" \/>\n\t<meta property=\"og:image:width\" content=\"960\" \/>\n\t<meta property=\"og:image:height\" content=\"542\" \/>\n\t<meta property=\"og:image:type\" content=\"image\/jpeg\" \/>\n<meta name=\"author\" content=\"admin\" \/>\n<meta name=\"twitter:card\" content=\"summary_large_image\" \/>\n<meta name=\"twitter:label1\" content=\"Escrito por\" \/>\n\t<meta name=\"twitter:data1\" content=\"admin\" \/>\n\t<meta name=\"twitter:label2\" content=\"Tiempo de lectura\" \/>\n\t<meta name=\"twitter:data2\" content=\"2 minutos\" \/>\n<script type=\"application\/ld+json\" class=\"yoast-schema-graph\">{\"@context\":\"https:\/\/schema.org\",\"@graph\":[{\"@type\":\"Article\",\"@id\":\"https:\/\/volcanes.net\/?p=13819#article\",\"isPartOf\":{\"@id\":\"https:\/\/volcanes.net\/?p=13819\"},\"author\":{\"name\":\"admin\",\"@id\":\"https:\/\/volcanes.net\/#\/schema\/person\/4bf0f383940966a4abd53f5048c0e6b9\"},\"headline\":\"La Alcaldesa de Amecameca, Ivette Topete, Inaugura Obras de Rehabilitaci\u00f3n en el Pante\u00f3n Del Castillo\",\"datePublished\":\"2023-11-01T23:44:37+00:00\",\"dateModified\":\"2023-11-01T23:45:25+00:00\",\"mainEntityOfPage\":{\"@id\":\"https:\/\/volcanes.net\/?p=13819\"},\"wordCount\":380,\"commentCount\":0,\"publisher\":{\"@id\":\"https:\/\/volcanes.net\/#organization\"},\"image\":{\"@id\":\"https:\/\/volcanes.net\/?p=13819#primaryimage\"},\"thumbnailUrl\":\"https:\/\/volcanes.net\/wp-content\/uploads\/2023\/11\/IMG-20231101-WA0141-1.jpg\",\"keywords\":[\"Amecameca\"],\"articleSection\":[\"Estatales\"],\"inLanguage\":\"es\",\"potentialAction\":[{\"@type\":\"CommentAction\",\"name\":\"Comment\",\"target\":[\"https:\/\/volcanes.net\/?p=13819#respond\"]}]},{\"@type\":\"WebPage\",\"@id\":\"https:\/\/volcanes.net\/?p=13819\",\"url\":\"https:\/\/volcanes.net\/?p=13819\",\"name\":\"La Alcaldesa de Amecameca, Ivette Topete, Inaugura Obras de Rehabilitaci\u00f3n en el Pante\u00f3n Del Castillo - Volcanes\",\"isPartOf\":{\"@id\":\"https:\/\/volcanes.net\/#website\"},\"primaryImageOfPage\":{\"@id\":\"https:\/\/volcanes.net\/?p=13819#primaryimage\"},\"image\":{\"@id\":\"https:\/\/volcanes.net\/?p=13819#primaryimage\"},\"thumbnailUrl\":\"https:\/\/volcanes.net\/wp-content\/uploads\/2023\/11\/IMG-20231101-WA0141-1.jpg\",\"datePublished\":\"2023-11-01T23:44:37+00:00\",\"dateModified\":\"2023-11-01T23:45:25+00:00\",\"breadcrumb\":{\"@id\":\"https:\/\/volcanes.net\/?p=13819#breadcrumb\"},\"inLanguage\":\"es\",\"potentialAction\":[{\"@type\":\"ReadAction\",\"target\":[\"https:\/\/volcanes.net\/?p=13819\"]}]},{\"@type\":\"ImageObject\",\"inLanguage\":\"es\",\"@id\":\"https:\/\/volcanes.net\/?p=13819#primaryimage\",\"url\":\"https:\/\/volcanes.net\/wp-content\/uploads\/2023\/11\/IMG-20231101-WA0141-1.jpg\",\"contentUrl\":\"https:\/\/volcanes.net\/wp-content\/uploads\/2023\/11\/IMG-20231101-WA0141-1.jpg\",\"width\":960,\"height\":542},{\"@type\":\"BreadcrumbList\",\"@id\":\"https:\/\/volcanes.net\/?p=13819#breadcrumb\",\"itemListElement\":[{\"@type\":\"ListItem\",\"position\":1,\"name\":\"Portada\",\"item\":\"https:\/\/volcanes.net\/\"},{\"@type\":\"ListItem\",\"position\":2,\"name\":\"La Alcaldesa de Amecameca, Ivette Topete, Inaugura Obras de Rehabilitaci\u00f3n en el Pante\u00f3n Del Castillo\"}]},{\"@type\":\"WebSite\",\"@id\":\"https:\/\/volcanes.net\/#website\",\"url\":\"https:\/\/volcanes.net\/\",\"name\":\"Volcanes.Net\",\"description\":\"Periodismo Profesional\",\"publisher\":{\"@id\":\"https:\/\/volcanes.net\/#organization\"},\"potentialAction\":[{\"@type\":\"SearchAction\",\"target\":{\"@type\":\"EntryPoint\",\"urlTemplate\":\"https:\/\/volcanes.net\/?s={search_term_string}\"},\"query-input\":{\"@type\":\"PropertyValueSpecification\",\"valueRequired\":true,\"valueName\":\"search_term_string\"}}],\"inLanguage\":\"es\"},{\"@type\":\"Organization\",\"@id\":\"https:\/\/volcanes.net\/#organization\",\"name\":\"Grupo Volcanes\",\"url\":\"https:\/\/volcanes.net\/\",\"logo\":{\"@type\":\"ImageObject\",\"inLanguage\":\"es\",\"@id\":\"https:\/\/volcanes.net\/#\/schema\/logo\/image\/\",\"url\":\"http:\/\/volcanes.net\/wp-content\/uploads\/2017\/12\/Avatar2.jpg\",\"contentUrl\":\"http:\/\/volcanes.net\/wp-content\/uploads\/2017\/12\/Avatar2.jpg\",\"width\":378,\"height\":378,\"caption\":\"Grupo Volcanes\"},\"image\":{\"@id\":\"https:\/\/volcanes.net\/#\/schema\/logo\/image\/\"},\"sameAs\":[\"https:\/\/www.facebook.com\/volcanes.net\/\"]},{\"@type\":\"Person\",\"@id\":\"https:\/\/volcanes.net\/#\/schema\/person\/4bf0f383940966a4abd53f5048c0e6b9\",\"name\":\"admin\",\"image\":{\"@type\":\"ImageObject\",\"inLanguage\":\"es\",\"@id\":\"https:\/\/volcanes.net\/#\/schema\/person\/image\/\",\"url\":\"https:\/\/secure.gravatar.com\/avatar\/ca004e6cba8462b8cb7abc86e382930c?s=96&d=mm&r=g\",\"contentUrl\":\"https:\/\/secure.gravatar.com\/avatar\/ca004e6cba8462b8cb7abc86e382930c?s=96&d=mm&r=g\",\"caption\":\"admin\"}}]}<\/script>\n<!-- \/ Yoast SEO plugin. -->","yoast_head_json":{"title":"La Alcaldesa de Amecameca, Ivette Topete, Inaugura Obras de Rehabilitaci\u00f3n en el Pante\u00f3n Del Castillo - Volcanes","robots":{"index":"index","follow":"follow","max-snippet":"max-snippet:-1","max-image-preview":"max-image-preview:large","max-video-preview":"max-video-preview:-1"},"canonical":"https:\/\/volcanes.net\/?p=13819","og_locale":"es_MX","og_type":"article","og_title":"La Alcaldesa de Amecameca, Ivette Topete, Inaugura Obras de Rehabilitaci\u00f3n en el Pante\u00f3n Del Castillo - Volcanes","og_description":"Amecameca, Estado de M\u00e9xico &#8211; 01 de noviembre de 2023.- La alcaldesa de Amecameca, la","og_url":"https:\/\/volcanes.net\/?p=13819","og_site_name":"Volcanes","article_publisher":"https:\/\/www.facebook.com\/volcanes.net\/","article_published_time":"2023-11-01T23:44:37+00:00","article_modified_time":"2023-11-01T23:45:25+00:00","og_image":[{"width":960,"height":542,"url":"https:\/\/volcanes.net\/wp-content\/uploads\/2023\/11\/IMG-20231101-WA0141-1.jpg","type":"image\/jpeg"}],"author":"admin","twitter_card":"summary_large_image","twitter_misc":{"Escrito por":"admin","Tiempo de lectura":"2 minutos"},"schema":{"@context":"https:\/\/schema.org","@graph":[{"@type":"Article","@id":"https:\/\/volcanes.net\/?p=13819#article","isPartOf":{"@id":"https:\/\/volcanes.net\/?p=13819"},"author":{"name":"admin","@id":"https:\/\/volcanes.net\/#\/schema\/person\/4bf0f383940966a4abd53f5048c0e6b9"},"headline":"La Alcaldesa de Amecameca, Ivette Topete, Inaugura Obras de Rehabilitaci\u00f3n en el Pante\u00f3n Del Castillo","datePublished":"2023-11-01T23:44:37+00:00","dateModified":"2023-11-01T23:45:25+00:00","mainEntityOfPage":{"@id":"https:\/\/volcanes.net\/?p=13819"},"wordCount":380,"commentCount":0,"publisher":{"@id":"https:\/\/volcanes.net\/#organization"},"image":{"@id":"https:\/\/volcanes.net\/?p=13819#primaryimage"},"thumbnailUrl":"https:\/\/volcanes.net\/wp-content\/uploads\/2023\/11\/IMG-20231101-WA0141-1.jpg","keywords":["Amecameca"],"articleSection":["Estatales"],"inLanguage":"es","potentialAction":[{"@type":"CommentAction","name":"Comment","target":["https:\/\/volcanes.net\/?p=13819#respond"]}]},{"@type":"WebPage","@id":"https:\/\/volcanes.net\/?p=13819","url":"https:\/\/volcanes.net\/?p=13819","name":"La Alcaldesa de Amecameca, Ivette Topete, Inaugura Obras de Rehabilitaci\u00f3n en el Pante\u00f3n Del Castillo - Volcanes","isPartOf":{"@id":"https:\/\/volcanes.net\/#website"},"primaryImageOfPage":{"@id":"https:\/\/volcanes.net\/?p=13819#primaryimage"},"image":{"@id":"https:\/\/volcanes.net\/?p=13819#primaryimage"},"thumbnailUrl":"https:\/\/volcanes.net\/wp-content\/uploads\/2023\/11\/IMG-20231101-WA0141-1.jpg","datePublished":"2023-11-01T23:44:37+00:00","dateModified":"2023-11-01T23:45:25+00:00","breadcrumb":{"@id":"https:\/\/volcanes.net\/?p=13819#breadcrumb"},"inLanguage":"es","potentialAction":[{"@type":"ReadAction","target":["https:\/\/volcanes.net\/?p=13819"]}]},{"@type":"ImageObject","inLanguage":"es","@id":"https:\/\/volcanes.net\/?p=13819#primaryimage","url":"https:\/\/volcanes.net\/wp-content\/uploads\/2023\/11\/IMG-20231101-WA0141-1.jpg","contentUrl":"https:\/\/volcanes.net\/wp-content\/uploads\/2023\/11\/IMG-20231101-WA0141-1.jpg","width":960,"height":542},{"@type":"BreadcrumbList","@id":"https:\/\/volcanes.net\/?p=13819#breadcrumb","itemListElement":[{"@type":"ListItem","position":1,"name":"Portada","item":"https:\/\/volcanes.net\/"},{"@type":"ListItem","position":2,"name":"La Alcaldesa de Amecameca, Ivette Topete, Inaugura Obras de Rehabilitaci\u00f3n en el Pante\u00f3n Del Castillo"}]},{"@type":"WebSite","@id":"https:\/\/volcanes.net\/#website","url":"https:\/\/volcanes.net\/","name":"Volcanes.Net","description":"Periodismo Profesional","publisher":{"@id":"https:\/\/volcanes.net\/#organization"},"potentialAction":[{"@type":"SearchAction","target":{"@type":"EntryPoint","urlTemplate":"https:\/\/volcanes.net\/?s={search_term_string}"},"query-input":{"@type":"PropertyValueSpecification","valueRequired":true,"valueName":"search_term_string"}}],"inLanguage":"es"},{"@type":"Organization","@id":"https:\/\/volcanes.net\/#organization","name":"Grupo Volcanes","url":"https:\/\/volcanes.net\/","logo":{"@type":"ImageObject","inLanguage":"es","@id":"https:\/\/volcanes.net\/#\/schema\/logo\/image\/","url":"http:\/\/volcanes.net\/wp-content\/uploads\/2017\/12\/Avatar2.jpg","contentUrl":"http:\/\/volcanes.net\/wp-content\/uploads\/2017\/12\/Avatar2.jpg","width":378,"height":378,"caption":"Grupo Volcanes"},"image":{"@id":"https:\/\/volcanes.net\/#\/schema\/logo\/image\/"},"sameAs":["https:\/\/www.facebook.com\/volcanes.net\/"]},{"@type":"Person","@id":"https:\/\/volcanes.net\/#\/schema\/person\/4bf0f383940966a4abd53f5048c0e6b9","name":"admin","image":{"@type":"ImageObject","inLanguage":"es","@id":"https:\/\/volcanes.net\/#\/schema\/person\/image\/","url":"https:\/\/secure.gravatar.com\/avatar\/ca004e6cba8462b8cb7abc86e382930c?s=96&d=mm&r=g","contentUrl":"https:\/\/secure.gravatar.com\/avatar\/ca004e6cba8462b8cb7abc86e382930c?s=96&d=mm&r=g","caption":"admin"}}]}},"_links":{"self":[{"href":"https:\/\/volcanes.net\/index.php?rest_route=\/wp\/v2\/posts\/13819"}],"collection":[{"href":"https:\/\/volcanes.net\/index.php?rest_route=\/wp\/v2\/posts"}],"about":[{"href":"https:\/\/volcanes.net\/index.php?rest_route=\/wp\/v2\/types\/post"}],"author":[{"embeddable":true,"href":"https:\/\/volcanes.net\/index.php?rest_route=\/wp\/v2\/users\/1"}],"replies":[{"embeddable":true,"href":"https:\/\/volcanes.net\/index.php?rest_route=%2Fwp%2Fv2%2Fcomments&post=13819"}],"version-history":[{"count":1,"href":"https:\/\/volcanes.net\/index.php?rest_route=\/wp\/v2\/posts\/13819\/revisions"}],"predecessor-version":[{"id":13820,"href":"https:\/\/volcanes.net\/index.php?rest_route=\/wp\/v2\/posts\/13819\/revisions\/13820"}],"wp:featuredmedia":[{"embeddable":true,"href":"https:\/\/volcanes.net\/index.php?rest_route=\/wp\/v2\/media\/13818"}],"wp:attachment":[{"href":"https:\/\/volcanes.net\/index.php?rest_route=%2Fwp%2Fv2%2Fmedia&parent=13819"}],"wp:term":[{"taxonomy":"category","embeddable":true,"href":"https:\/\/volcanes.net\/index.php?rest_route=%2Fwp%2Fv2%2Fcategories&post=13819"},{"taxonomy":"post_tag","embeddable":true,"href":"https:\/\/volcanes.net\/index.php?rest_route=%2Fwp%2Fv2%2Ftags&post=13819"}],"curies":[{"name":"wp","href":"https:\/\/api.w.org\/{rel}","templated":true}]}}