{"id":13822,"date":"2023-11-02T10:42:57","date_gmt":"2023-11-02T16:42:57","guid":{"rendered":"https:\/\/volcanes.net\/?p=13822"},"modified":"2023-11-02T10:43:40","modified_gmt":"2023-11-02T16:43:40","slug":"amecameca-celebra-con-entusiasmo-su-segundo-desfile-de-la-catrina-traiciones-y-cultura-para-todos-en-2023","status":"publish","type":"post","link":"https:\/\/volcanes.net\/?p=13822","title":{"rendered":"Amecameca celebra con entusiasmo su segundo desfile de La Catrina: Traiciones y Cultura para Todos en 2023"},"content":{"rendered":"<div style=\"margin-top: 0px; margin-bottom: 0px;\" class=\"sharethis-inline-share-buttons\" ><\/div><p>Amecameca, M\u00e9x.- Con una gran participaci\u00f3n se realiz\u00f3 el tradicional paseo con La Catrina 2023, denominado &#8220;Traiciones y Cultura para Todos&#8221;, en su segunda edici\u00f3n de la actual administraci\u00f3n municipal.<\/p>\n<p>Este magno desfile fue organizado por el Ayuntamiento Constitucional que preside la Dra. Ivette Topete Garc\u00eda, y se convoc\u00f3 a toda la poblaci\u00f3n a participar, caracterizando diversos disfraces y actuaciones.<\/p>\n<p>Con este festival se busca contribuir y mantener vivas las tradiciones, disfrutarlas con orgullo, alegr\u00eda y una gran participaci\u00f3n ciudadana, que motiva las costumbres como parte de la gran riqueza cultural e hist\u00f3rica de Amecameca.<\/p>\n<p>La alcaldesa Dra. Ivette Topete Garc\u00eda, encabez\u00f3 el paseo con La Catrina y este festival fue de la mano con una gran muestra de altares que se instalaron en el jard\u00edn municipal, as\u00ed como m\u00faltiples eventos culturales que se realizaron en d\u00edas previos.<\/p>\n<p>A pesar del fr\u00edo, desde las ocho de la noche, por las avenidas principales de este municipio se pod\u00edan observar cientos de catrines, calaveritas, calabacitas, Catrinas, mariposas monarcas, vampiros, momias, monstruos caminando y maquillados, sumandose con mucho \u00e1nimo al evento.<\/p>\n<p>El magno desfile se organiz\u00f3 y desarroll\u00f3 en honor a las festividades del D\u00eda de Muertos y participaron m\u00e1s de 50 grupos diferentes que se caracterizaron por sus diferentes tem\u00e1ticas, representando los diversos aspectos de la cultura de la regi\u00f3n.<\/p>\n<p>Por m\u00e1s de dos horas se cont\u00f3 con miles de participantes que recorrieron las calles c\u00e9ntricas de este municipio, siendo el deleite de chicos y grandes, quienes disfrutaron y se divirtieron con todo el colorido y m\u00fasica que en esta ocasi\u00f3n les regal\u00f3 el desfile en su edici\u00f3n 2023.<\/p>\n<p>A este acto se unieron cientos de alumnos de diversas instituciones escolares con sus tradicionales bandas de marcha, tambores y los zanqueros. Las familias asistentes disfrutaron de un gran evento en recuerdo de los seres queridos.<\/p>\n","protected":false},"excerpt":{"rendered":"<p>Amecameca, M\u00e9x.- Con una gran participaci\u00f3n se realiz\u00f3 el tradicional paseo con La Catrina 2023,<\/p>\n","protected":false},"author":1,"featured_media":13821,"comment_status":"open","ping_status":"open","sticky":false,"template":"","format":"standard","meta":{"footnotes":""},"categories":[3],"tags":[7],"class_list":["post-13822","post","type-post","status-publish","format-standard","has-post-thumbnail","hentry","category-estatales","tag-amecameca"],"yoast_head":"<!-- This site is optimized with the Yoast SEO plugin v25.3 - https:\/\/yoast.com\/wordpress\/plugins\/seo\/ -->\n<title>Amecameca celebra con entusiasmo su segundo desfile de La Catrina: Traiciones y Cultura para Todos en 2023 - Volcanes<\/title>\n<meta name=\"robots\" content=\"index, follow, max-snippet:-1, max-image-preview:large, max-video-preview:-1\" \/>\n<link rel=\"canonical\" href=\"https:\/\/volcanes.net\/?p=13822\" \/>\n<meta property=\"og:locale\" content=\"es_MX\" \/>\n<meta property=\"og:type\" content=\"article\" \/>\n<meta property=\"og:title\" content=\"Amecameca celebra con entusiasmo su segundo desfile de La Catrina: Traiciones y Cultura para Todos en 2023 - Volcanes\" \/>\n<meta property=\"og:description\" content=\"Amecameca, M\u00e9x.- Con una gran participaci\u00f3n se realiz\u00f3 el tradicional paseo con La Catrina 2023,\" \/>\n<meta property=\"og:url\" content=\"https:\/\/volcanes.net\/?p=13822\" \/>\n<meta property=\"og:site_name\" content=\"Volcanes\" \/>\n<meta property=\"article:publisher\" content=\"https:\/\/www.facebook.com\/volcanes.net\/\" \/>\n<meta property=\"article:published_time\" content=\"2023-11-02T16:42:57+00:00\" \/>\n<meta property=\"article:modified_time\" content=\"2023-11-02T16:43:40+00:00\" \/>\n<meta property=\"og:image\" content=\"https:\/\/volcanes.net\/wp-content\/uploads\/2023\/11\/Screenshot_2023-11-02-10-39-04-776_com.whatsapp.w4b-edit.jpg\" \/>\n\t<meta property=\"og:image:width\" content=\"348\" \/>\n\t<meta property=\"og:image:height\" content=\"275\" \/>\n\t<meta property=\"og:image:type\" content=\"image\/jpeg\" \/>\n<meta name=\"author\" content=\"admin\" \/>\n<meta name=\"twitter:card\" content=\"summary_large_image\" \/>\n<meta name=\"twitter:label1\" content=\"Escrito por\" \/>\n\t<meta name=\"twitter:data1\" content=\"admin\" \/>\n\t<meta name=\"twitter:label2\" content=\"Tiempo de lectura\" \/>\n\t<meta name=\"twitter:data2\" content=\"2 minutos\" \/>\n<script type=\"application\/ld+json\" class=\"yoast-schema-graph\">{\"@context\":\"https:\/\/schema.org\",\"@graph\":[{\"@type\":\"Article\",\"@id\":\"https:\/\/volcanes.net\/?p=13822#article\",\"isPartOf\":{\"@id\":\"https:\/\/volcanes.net\/?p=13822\"},\"author\":{\"name\":\"admin\",\"@id\":\"https:\/\/volcanes.net\/#\/schema\/person\/4bf0f383940966a4abd53f5048c0e6b9\"},\"headline\":\"Amecameca celebra con entusiasmo su segundo desfile de La Catrina: Traiciones y Cultura para Todos en 2023\",\"datePublished\":\"2023-11-02T16:42:57+00:00\",\"dateModified\":\"2023-11-02T16:43:40+00:00\",\"mainEntityOfPage\":{\"@id\":\"https:\/\/volcanes.net\/?p=13822\"},\"wordCount\":341,\"commentCount\":0,\"publisher\":{\"@id\":\"https:\/\/volcanes.net\/#organization\"},\"image\":{\"@id\":\"https:\/\/volcanes.net\/?p=13822#primaryimage\"},\"thumbnailUrl\":\"https:\/\/volcanes.net\/wp-content\/uploads\/2023\/11\/Screenshot_2023-11-02-10-39-04-776_com.whatsapp.w4b-edit.jpg\",\"keywords\":[\"Amecameca\"],\"articleSection\":[\"Estatales\"],\"inLanguage\":\"es\",\"potentialAction\":[{\"@type\":\"CommentAction\",\"name\":\"Comment\",\"target\":[\"https:\/\/volcanes.net\/?p=13822#respond\"]}]},{\"@type\":\"WebPage\",\"@id\":\"https:\/\/volcanes.net\/?p=13822\",\"url\":\"https:\/\/volcanes.net\/?p=13822\",\"name\":\"Amecameca celebra con entusiasmo su segundo desfile de La Catrina: Traiciones y Cultura para Todos en 2023 - Volcanes\",\"isPartOf\":{\"@id\":\"https:\/\/volcanes.net\/#website\"},\"primaryImageOfPage\":{\"@id\":\"https:\/\/volcanes.net\/?p=13822#primaryimage\"},\"image\":{\"@id\":\"https:\/\/volcanes.net\/?p=13822#primaryimage\"},\"thumbnailUrl\":\"https:\/\/volcanes.net\/wp-content\/uploads\/2023\/11\/Screenshot_2023-11-02-10-39-04-776_com.whatsapp.w4b-edit.jpg\",\"datePublished\":\"2023-11-02T16:42:57+00:00\",\"dateModified\":\"2023-11-02T16:43:40+00:00\",\"breadcrumb\":{\"@id\":\"https:\/\/volcanes.net\/?p=13822#breadcrumb\"},\"inLanguage\":\"es\",\"potentialAction\":[{\"@type\":\"ReadAction\",\"target\":[\"https:\/\/volcanes.net\/?p=13822\"]}]},{\"@type\":\"ImageObject\",\"inLanguage\":\"es\",\"@id\":\"https:\/\/volcanes.net\/?p=13822#primaryimage\",\"url\":\"https:\/\/volcanes.net\/wp-content\/uploads\/2023\/11\/Screenshot_2023-11-02-10-39-04-776_com.whatsapp.w4b-edit.jpg\",\"contentUrl\":\"https:\/\/volcanes.net\/wp-content\/uploads\/2023\/11\/Screenshot_2023-11-02-10-39-04-776_com.whatsapp.w4b-edit.jpg\",\"width\":348,\"height\":275},{\"@type\":\"BreadcrumbList\",\"@id\":\"https:\/\/volcanes.net\/?p=13822#breadcrumb\",\"itemListElement\":[{\"@type\":\"ListItem\",\"position\":1,\"name\":\"Portada\",\"item\":\"https:\/\/volcanes.net\/\"},{\"@type\":\"ListItem\",\"position\":2,\"name\":\"Amecameca celebra con entusiasmo su segundo desfile de La Catrina: Traiciones y Cultura para Todos en 2023\"}]},{\"@type\":\"WebSite\",\"@id\":\"https:\/\/volcanes.net\/#website\",\"url\":\"https:\/\/volcanes.net\/\",\"name\":\"Volcanes.Net\",\"description\":\"Periodismo Profesional\",\"publisher\":{\"@id\":\"https:\/\/volcanes.net\/#organization\"},\"potentialAction\":[{\"@type\":\"SearchAction\",\"target\":{\"@type\":\"EntryPoint\",\"urlTemplate\":\"https:\/\/volcanes.net\/?s={search_term_string}\"},\"query-input\":{\"@type\":\"PropertyValueSpecification\",\"valueRequired\":true,\"valueName\":\"search_term_string\"}}],\"inLanguage\":\"es\"},{\"@type\":\"Organization\",\"@id\":\"https:\/\/volcanes.net\/#organization\",\"name\":\"Grupo Volcanes\",\"url\":\"https:\/\/volcanes.net\/\",\"logo\":{\"@type\":\"ImageObject\",\"inLanguage\":\"es\",\"@id\":\"https:\/\/volcanes.net\/#\/schema\/logo\/image\/\",\"url\":\"http:\/\/volcanes.net\/wp-content\/uploads\/2017\/12\/Avatar2.jpg\",\"contentUrl\":\"http:\/\/volcanes.net\/wp-content\/uploads\/2017\/12\/Avatar2.jpg\",\"width\":378,\"height\":378,\"caption\":\"Grupo Volcanes\"},\"image\":{\"@id\":\"https:\/\/volcanes.net\/#\/schema\/logo\/image\/\"},\"sameAs\":[\"https:\/\/www.facebook.com\/volcanes.net\/\"]},{\"@type\":\"Person\",\"@id\":\"https:\/\/volcanes.net\/#\/schema\/person\/4bf0f383940966a4abd53f5048c0e6b9\",\"name\":\"admin\",\"image\":{\"@type\":\"ImageObject\",\"inLanguage\":\"es\",\"@id\":\"https:\/\/volcanes.net\/#\/schema\/person\/image\/\",\"url\":\"https:\/\/secure.gravatar.com\/avatar\/ca004e6cba8462b8cb7abc86e382930c?s=96&d=mm&r=g\",\"contentUrl\":\"https:\/\/secure.gravatar.com\/avatar\/ca004e6cba8462b8cb7abc86e382930c?s=96&d=mm&r=g\",\"caption\":\"admin\"}}]}<\/script>\n<!-- \/ Yoast SEO plugin. -->","yoast_head_json":{"title":"Amecameca celebra con entusiasmo su segundo desfile de La Catrina: Traiciones y Cultura para Todos en 2023 - Volcanes","robots":{"index":"index","follow":"follow","max-snippet":"max-snippet:-1","max-image-preview":"max-image-preview:large","max-video-preview":"max-video-preview:-1"},"canonical":"https:\/\/volcanes.net\/?p=13822","og_locale":"es_MX","og_type":"article","og_title":"Amecameca celebra con entusiasmo su segundo desfile de La Catrina: Traiciones y Cultura para Todos en 2023 - Volcanes","og_description":"Amecameca, M\u00e9x.- Con una gran participaci\u00f3n se realiz\u00f3 el tradicional paseo con La Catrina 2023,","og_url":"https:\/\/volcanes.net\/?p=13822","og_site_name":"Volcanes","article_publisher":"https:\/\/www.facebook.com\/volcanes.net\/","article_published_time":"2023-11-02T16:42:57+00:00","article_modified_time":"2023-11-02T16:43:40+00:00","og_image":[{"width":348,"height":275,"url":"https:\/\/volcanes.net\/wp-content\/uploads\/2023\/11\/Screenshot_2023-11-02-10-39-04-776_com.whatsapp.w4b-edit.jpg","type":"image\/jpeg"}],"author":"admin","twitter_card":"summary_large_image","twitter_misc":{"Escrito por":"admin","Tiempo de lectura":"2 minutos"},"schema":{"@context":"https:\/\/schema.org","@graph":[{"@type":"Article","@id":"https:\/\/volcanes.net\/?p=13822#article","isPartOf":{"@id":"https:\/\/volcanes.net\/?p=13822"},"author":{"name":"admin","@id":"https:\/\/volcanes.net\/#\/schema\/person\/4bf0f383940966a4abd53f5048c0e6b9"},"headline":"Amecameca celebra con entusiasmo su segundo desfile de La Catrina: Traiciones y Cultura para Todos en 2023","datePublished":"2023-11-02T16:42:57+00:00","dateModified":"2023-11-02T16:43:40+00:00","mainEntityOfPage":{"@id":"https:\/\/volcanes.net\/?p=13822"},"wordCount":341,"commentCount":0,"publisher":{"@id":"https:\/\/volcanes.net\/#organization"},"image":{"@id":"https:\/\/volcanes.net\/?p=13822#primaryimage"},"thumbnailUrl":"https:\/\/volcanes.net\/wp-content\/uploads\/2023\/11\/Screenshot_2023-11-02-10-39-04-776_com.whatsapp.w4b-edit.jpg","keywords":["Amecameca"],"articleSection":["Estatales"],"inLanguage":"es","potentialAction":[{"@type":"CommentAction","name":"Comment","target":["https:\/\/volcanes.net\/?p=13822#respond"]}]},{"@type":"WebPage","@id":"https:\/\/volcanes.net\/?p=13822","url":"https:\/\/volcanes.net\/?p=13822","name":"Amecameca celebra con entusiasmo su segundo desfile de La Catrina: Traiciones y Cultura para Todos en 2023 - Volcanes","isPartOf":{"@id":"https:\/\/volcanes.net\/#website"},"primaryImageOfPage":{"@id":"https:\/\/volcanes.net\/?p=13822#primaryimage"},"image":{"@id":"https:\/\/volcanes.net\/?p=13822#primaryimage"},"thumbnailUrl":"https:\/\/volcanes.net\/wp-content\/uploads\/2023\/11\/Screenshot_2023-11-02-10-39-04-776_com.whatsapp.w4b-edit.jpg","datePublished":"2023-11-02T16:42:57+00:00","dateModified":"2023-11-02T16:43:40+00:00","breadcrumb":{"@id":"https:\/\/volcanes.net\/?p=13822#breadcrumb"},"inLanguage":"es","potentialAction":[{"@type":"ReadAction","target":["https:\/\/volcanes.net\/?p=13822"]}]},{"@type":"ImageObject","inLanguage":"es","@id":"https:\/\/volcanes.net\/?p=13822#primaryimage","url":"https:\/\/volcanes.net\/wp-content\/uploads\/2023\/11\/Screenshot_2023-11-02-10-39-04-776_com.whatsapp.w4b-edit.jpg","contentUrl":"https:\/\/volcanes.net\/wp-content\/uploads\/2023\/11\/Screenshot_2023-11-02-10-39-04-776_com.whatsapp.w4b-edit.jpg","width":348,"height":275},{"@type":"BreadcrumbList","@id":"https:\/\/volcanes.net\/?p=13822#breadcrumb","itemListElement":[{"@type":"ListItem","position":1,"name":"Portada","item":"https:\/\/volcanes.net\/"},{"@type":"ListItem","position":2,"name":"Amecameca celebra con entusiasmo su segundo desfile de La Catrina: Traiciones y Cultura para Todos en 2023"}]},{"@type":"WebSite","@id":"https:\/\/volcanes.net\/#website","url":"https:\/\/volcanes.net\/","name":"Volcanes.Net","description":"Periodismo Profesional","publisher":{"@id":"https:\/\/volcanes.net\/#organization"},"potentialAction":[{"@type":"SearchAction","target":{"@type":"EntryPoint","urlTemplate":"https:\/\/volcanes.net\/?s={search_term_string}"},"query-input":{"@type":"PropertyValueSpecification","valueRequired":true,"valueName":"search_term_string"}}],"inLanguage":"es"},{"@type":"Organization","@id":"https:\/\/volcanes.net\/#organization","name":"Grupo Volcanes","url":"https:\/\/volcanes.net\/","logo":{"@type":"ImageObject","inLanguage":"es","@id":"https:\/\/volcanes.net\/#\/schema\/logo\/image\/","url":"http:\/\/volcanes.net\/wp-content\/uploads\/2017\/12\/Avatar2.jpg","contentUrl":"http:\/\/volcanes.net\/wp-content\/uploads\/2017\/12\/Avatar2.jpg","width":378,"height":378,"caption":"Grupo Volcanes"},"image":{"@id":"https:\/\/volcanes.net\/#\/schema\/logo\/image\/"},"sameAs":["https:\/\/www.facebook.com\/volcanes.net\/"]},{"@type":"Person","@id":"https:\/\/volcanes.net\/#\/schema\/person\/4bf0f383940966a4abd53f5048c0e6b9","name":"admin","image":{"@type":"ImageObject","inLanguage":"es","@id":"https:\/\/volcanes.net\/#\/schema\/person\/image\/","url":"https:\/\/secure.gravatar.com\/avatar\/ca004e6cba8462b8cb7abc86e382930c?s=96&d=mm&r=g","contentUrl":"https:\/\/secure.gravatar.com\/avatar\/ca004e6cba8462b8cb7abc86e382930c?s=96&d=mm&r=g","caption":"admin"}}]}},"_links":{"self":[{"href":"https:\/\/volcanes.net\/index.php?rest_route=\/wp\/v2\/posts\/13822"}],"collection":[{"href":"https:\/\/volcanes.net\/index.php?rest_route=\/wp\/v2\/posts"}],"about":[{"href":"https:\/\/volcanes.net\/index.php?rest_route=\/wp\/v2\/types\/post"}],"author":[{"embeddable":true,"href":"https:\/\/volcanes.net\/index.php?rest_route=\/wp\/v2\/users\/1"}],"replies":[{"embeddable":true,"href":"https:\/\/volcanes.net\/index.php?rest_route=%2Fwp%2Fv2%2Fcomments&post=13822"}],"version-history":[{"count":1,"href":"https:\/\/volcanes.net\/index.php?rest_route=\/wp\/v2\/posts\/13822\/revisions"}],"predecessor-version":[{"id":13823,"href":"https:\/\/volcanes.net\/index.php?rest_route=\/wp\/v2\/posts\/13822\/revisions\/13823"}],"wp:featuredmedia":[{"embeddable":true,"href":"https:\/\/volcanes.net\/index.php?rest_route=\/wp\/v2\/media\/13821"}],"wp:attachment":[{"href":"https:\/\/volcanes.net\/index.php?rest_route=%2Fwp%2Fv2%2Fmedia&parent=13822"}],"wp:term":[{"taxonomy":"category","embeddable":true,"href":"https:\/\/volcanes.net\/index.php?rest_route=%2Fwp%2Fv2%2Fcategories&post=13822"},{"taxonomy":"post_tag","embeddable":true,"href":"https:\/\/volcanes.net\/index.php?rest_route=%2Fwp%2Fv2%2Ftags&post=13822"}],"curies":[{"name":"wp","href":"https:\/\/api.w.org\/{rel}","templated":true}]}}