{"id":13825,"date":"2023-10-30T18:00:52","date_gmt":"2023-10-31T00:00:52","guid":{"rendered":"https:\/\/volcanes.net\/?p=13825"},"modified":"2023-11-02T10:48:03","modified_gmt":"2023-11-02T16:48:03","slug":"amecameca-refuerza-la-proteccion-civil-municipal-ivette-topete-garcia-destaca-la-preparacion-y-seguridad-de-los-ciudadanos","status":"publish","type":"post","link":"https:\/\/volcanes.net\/?p=13825","title":{"rendered":"Amecameca refuerza la Protecci\u00f3n Civil Municipal: Ivette Topete Garc\u00eda destaca la preparaci\u00f3n y seguridad de los ciudadanos"},"content":{"rendered":"<div style=\"margin-top: 0px; margin-bottom: 0px;\" class=\"sharethis-inline-share-buttons\" ><\/div><p>\u2022\u2022\u2022 _La Presidenta Municipal se\u00f1al\u00f3 que se brinda capacitaci\u00f3n al personal y se adquiri\u00f3 equipo para estar listos para cualquier emergencia._<\/p>\n<p>*Amecameca, M\u00e9x. \u2014* La seguridad y protecci\u00f3n de los ciudadanos es una prioridad para esta administraci\u00f3n municipal, por lo que siguiendo las indicaciones de la presidenta municipal, Dra. Ivette Topete Garc\u00eda, se han implementado diversas acciones precisas para fortalecer el trabajo de los elementos de Protecci\u00f3n Civil y Bomberos.<\/p>\n<p>Para entregar buenos resultados el Gobierno Municipal promueve la constante capacitaci\u00f3n de los elementos, as\u00ed mismo se invirtieron recursos para la adquisici\u00f3n de equipo, herramientas t\u00e1cticas, as\u00ed como la mejora de sus instalaciones.<\/p>\n<p>Adem\u00e1s, se han realizado simulacros y ejercicios de respuesta ante diferentes situaciones de emergencia, todo ello con el objetivo de que la poblaci\u00f3n este preparada y lista para enfrentar cualquier eventualidad o alg\u00fan desastre natural.<\/p>\n<p>La alcaldesa Dra. Ivette Topete, hizo un llamado a la ciudadan\u00eda para estar siempre informada y seguir las recomendaciones de los elementos de Protecci\u00f3n Civil, ante alguna contingencia, as\u00ed como reportar cualquier situaci\u00f3n de riesgo que puedan observar en sus calles, barrios o delegaciones.<\/p>\n<p>En este sentido, se ha fortalecido la comunicaci\u00f3n con la comunidad a trav\u00e9s de campa\u00f1as de difusi\u00f3n y canales directos, como son las l\u00edneas telef\u00f3nicas de emergencia, redes sociales y grupos de WhatsApp en cada delegaci\u00f3n, donde se les informa oportunamente de la situaci\u00f3n del volc\u00e1n Popocat\u00e9petl y cualquier otro tema de seguridad e inter\u00e9s.<\/p>\n<p>Topete Garcia, reiter\u00f3 su firme compromiso de continuar trabajando en beneficio de los Amecamequenses, garantizando su seguridad y bienestar en todo momento &#8220;por ello no hemos escatimado recursos para tener buen equipo y personal calificado y capacitado en esta importante \u00e1rea de protecci\u00f3n civil y bomberos, que est\u00e1n siempre listos para ayudar a la comunidad.<\/p>\n<p>Finalmente invit\u00f3 a la poblaci\u00f3n a participar activamente en la prevenci\u00f3n y atenci\u00f3n de situaciones de emergencia, ya que la colaboraci\u00f3n ciudadana es fundamental para lograr una protecci\u00f3n civil efectiva.<\/p>\n","protected":false},"excerpt":{"rendered":"<p>\u2022\u2022\u2022 _La Presidenta Municipal se\u00f1al\u00f3 que se brinda capacitaci\u00f3n al personal y se adquiri\u00f3 equipo<\/p>\n","protected":false},"author":1,"featured_media":13824,"comment_status":"open","ping_status":"open","sticky":false,"template":"","format":"standard","meta":{"footnotes":""},"categories":[3],"tags":[7],"class_list":["post-13825","post","type-post","status-publish","format-standard","has-post-thumbnail","hentry","category-estatales","tag-amecameca"],"yoast_head":"<!-- This site is optimized with the Yoast SEO plugin v25.3 - https:\/\/yoast.com\/wordpress\/plugins\/seo\/ -->\n<title>Amecameca refuerza la Protecci\u00f3n Civil Municipal: Ivette Topete Garc\u00eda destaca la preparaci\u00f3n y seguridad de los ciudadanos - Volcanes<\/title>\n<meta name=\"robots\" content=\"index, follow, max-snippet:-1, max-image-preview:large, max-video-preview:-1\" \/>\n<link rel=\"canonical\" href=\"https:\/\/volcanes.net\/?p=13825\" \/>\n<meta property=\"og:locale\" content=\"es_MX\" \/>\n<meta property=\"og:type\" content=\"article\" \/>\n<meta property=\"og:title\" content=\"Amecameca refuerza la Protecci\u00f3n Civil Municipal: Ivette Topete Garc\u00eda destaca la preparaci\u00f3n y seguridad de los ciudadanos - Volcanes\" \/>\n<meta property=\"og:description\" content=\"\u2022\u2022\u2022 _La Presidenta Municipal se\u00f1al\u00f3 que se brinda capacitaci\u00f3n al personal y se adquiri\u00f3 equipo\" \/>\n<meta property=\"og:url\" content=\"https:\/\/volcanes.net\/?p=13825\" \/>\n<meta property=\"og:site_name\" content=\"Volcanes\" \/>\n<meta property=\"article:publisher\" content=\"https:\/\/www.facebook.com\/volcanes.net\/\" \/>\n<meta property=\"article:published_time\" content=\"2023-10-31T00:00:52+00:00\" \/>\n<meta property=\"article:modified_time\" content=\"2023-11-02T16:48:03+00:00\" \/>\n<meta property=\"og:image\" content=\"https:\/\/volcanes.net\/wp-content\/uploads\/2023\/11\/IMG-20231031-WA0186.jpg\" \/>\n\t<meta property=\"og:image:width\" content=\"375\" \/>\n\t<meta property=\"og:image:height\" content=\"281\" \/>\n\t<meta property=\"og:image:type\" content=\"image\/jpeg\" \/>\n<meta name=\"author\" content=\"admin\" \/>\n<meta name=\"twitter:card\" content=\"summary_large_image\" \/>\n<meta name=\"twitter:label1\" content=\"Escrito por\" \/>\n\t<meta name=\"twitter:data1\" content=\"admin\" \/>\n\t<meta name=\"twitter:label2\" content=\"Tiempo de lectura\" \/>\n\t<meta name=\"twitter:data2\" content=\"2 minutos\" \/>\n<script type=\"application\/ld+json\" class=\"yoast-schema-graph\">{\"@context\":\"https:\/\/schema.org\",\"@graph\":[{\"@type\":\"Article\",\"@id\":\"https:\/\/volcanes.net\/?p=13825#article\",\"isPartOf\":{\"@id\":\"https:\/\/volcanes.net\/?p=13825\"},\"author\":{\"name\":\"admin\",\"@id\":\"https:\/\/volcanes.net\/#\/schema\/person\/4bf0f383940966a4abd53f5048c0e6b9\"},\"headline\":\"Amecameca refuerza la Protecci\u00f3n Civil Municipal: Ivette Topete Garc\u00eda destaca la preparaci\u00f3n y seguridad de los ciudadanos\",\"datePublished\":\"2023-10-31T00:00:52+00:00\",\"dateModified\":\"2023-11-02T16:48:03+00:00\",\"mainEntityOfPage\":{\"@id\":\"https:\/\/volcanes.net\/?p=13825\"},\"wordCount\":374,\"commentCount\":0,\"publisher\":{\"@id\":\"https:\/\/volcanes.net\/#organization\"},\"image\":{\"@id\":\"https:\/\/volcanes.net\/?p=13825#primaryimage\"},\"thumbnailUrl\":\"https:\/\/volcanes.net\/wp-content\/uploads\/2023\/11\/IMG-20231031-WA0186.jpg\",\"keywords\":[\"Amecameca\"],\"articleSection\":[\"Estatales\"],\"inLanguage\":\"es\",\"potentialAction\":[{\"@type\":\"CommentAction\",\"name\":\"Comment\",\"target\":[\"https:\/\/volcanes.net\/?p=13825#respond\"]}]},{\"@type\":\"WebPage\",\"@id\":\"https:\/\/volcanes.net\/?p=13825\",\"url\":\"https:\/\/volcanes.net\/?p=13825\",\"name\":\"Amecameca refuerza la Protecci\u00f3n Civil Municipal: Ivette Topete Garc\u00eda destaca la preparaci\u00f3n y seguridad de los ciudadanos - Volcanes\",\"isPartOf\":{\"@id\":\"https:\/\/volcanes.net\/#website\"},\"primaryImageOfPage\":{\"@id\":\"https:\/\/volcanes.net\/?p=13825#primaryimage\"},\"image\":{\"@id\":\"https:\/\/volcanes.net\/?p=13825#primaryimage\"},\"thumbnailUrl\":\"https:\/\/volcanes.net\/wp-content\/uploads\/2023\/11\/IMG-20231031-WA0186.jpg\",\"datePublished\":\"2023-10-31T00:00:52+00:00\",\"dateModified\":\"2023-11-02T16:48:03+00:00\",\"breadcrumb\":{\"@id\":\"https:\/\/volcanes.net\/?p=13825#breadcrumb\"},\"inLanguage\":\"es\",\"potentialAction\":[{\"@type\":\"ReadAction\",\"target\":[\"https:\/\/volcanes.net\/?p=13825\"]}]},{\"@type\":\"ImageObject\",\"inLanguage\":\"es\",\"@id\":\"https:\/\/volcanes.net\/?p=13825#primaryimage\",\"url\":\"https:\/\/volcanes.net\/wp-content\/uploads\/2023\/11\/IMG-20231031-WA0186.jpg\",\"contentUrl\":\"https:\/\/volcanes.net\/wp-content\/uploads\/2023\/11\/IMG-20231031-WA0186.jpg\",\"width\":375,\"height\":281},{\"@type\":\"BreadcrumbList\",\"@id\":\"https:\/\/volcanes.net\/?p=13825#breadcrumb\",\"itemListElement\":[{\"@type\":\"ListItem\",\"position\":1,\"name\":\"Portada\",\"item\":\"https:\/\/volcanes.net\/\"},{\"@type\":\"ListItem\",\"position\":2,\"name\":\"Amecameca refuerza la Protecci\u00f3n Civil Municipal: Ivette Topete Garc\u00eda destaca la preparaci\u00f3n y seguridad de los ciudadanos\"}]},{\"@type\":\"WebSite\",\"@id\":\"https:\/\/volcanes.net\/#website\",\"url\":\"https:\/\/volcanes.net\/\",\"name\":\"Volcanes.Net\",\"description\":\"Periodismo Profesional\",\"publisher\":{\"@id\":\"https:\/\/volcanes.net\/#organization\"},\"potentialAction\":[{\"@type\":\"SearchAction\",\"target\":{\"@type\":\"EntryPoint\",\"urlTemplate\":\"https:\/\/volcanes.net\/?s={search_term_string}\"},\"query-input\":{\"@type\":\"PropertyValueSpecification\",\"valueRequired\":true,\"valueName\":\"search_term_string\"}}],\"inLanguage\":\"es\"},{\"@type\":\"Organization\",\"@id\":\"https:\/\/volcanes.net\/#organization\",\"name\":\"Grupo Volcanes\",\"url\":\"https:\/\/volcanes.net\/\",\"logo\":{\"@type\":\"ImageObject\",\"inLanguage\":\"es\",\"@id\":\"https:\/\/volcanes.net\/#\/schema\/logo\/image\/\",\"url\":\"http:\/\/volcanes.net\/wp-content\/uploads\/2017\/12\/Avatar2.jpg\",\"contentUrl\":\"http:\/\/volcanes.net\/wp-content\/uploads\/2017\/12\/Avatar2.jpg\",\"width\":378,\"height\":378,\"caption\":\"Grupo Volcanes\"},\"image\":{\"@id\":\"https:\/\/volcanes.net\/#\/schema\/logo\/image\/\"},\"sameAs\":[\"https:\/\/www.facebook.com\/volcanes.net\/\"]},{\"@type\":\"Person\",\"@id\":\"https:\/\/volcanes.net\/#\/schema\/person\/4bf0f383940966a4abd53f5048c0e6b9\",\"name\":\"admin\",\"image\":{\"@type\":\"ImageObject\",\"inLanguage\":\"es\",\"@id\":\"https:\/\/volcanes.net\/#\/schema\/person\/image\/\",\"url\":\"https:\/\/secure.gravatar.com\/avatar\/ca004e6cba8462b8cb7abc86e382930c?s=96&d=mm&r=g\",\"contentUrl\":\"https:\/\/secure.gravatar.com\/avatar\/ca004e6cba8462b8cb7abc86e382930c?s=96&d=mm&r=g\",\"caption\":\"admin\"}}]}<\/script>\n<!-- \/ Yoast SEO plugin. -->","yoast_head_json":{"title":"Amecameca refuerza la Protecci\u00f3n Civil Municipal: Ivette Topete Garc\u00eda destaca la preparaci\u00f3n y seguridad de los ciudadanos - Volcanes","robots":{"index":"index","follow":"follow","max-snippet":"max-snippet:-1","max-image-preview":"max-image-preview:large","max-video-preview":"max-video-preview:-1"},"canonical":"https:\/\/volcanes.net\/?p=13825","og_locale":"es_MX","og_type":"article","og_title":"Amecameca refuerza la Protecci\u00f3n Civil Municipal: Ivette Topete Garc\u00eda destaca la preparaci\u00f3n y seguridad de los ciudadanos - Volcanes","og_description":"\u2022\u2022\u2022 _La Presidenta Municipal se\u00f1al\u00f3 que se brinda capacitaci\u00f3n al personal y se adquiri\u00f3 equipo","og_url":"https:\/\/volcanes.net\/?p=13825","og_site_name":"Volcanes","article_publisher":"https:\/\/www.facebook.com\/volcanes.net\/","article_published_time":"2023-10-31T00:00:52+00:00","article_modified_time":"2023-11-02T16:48:03+00:00","og_image":[{"width":375,"height":281,"url":"https:\/\/volcanes.net\/wp-content\/uploads\/2023\/11\/IMG-20231031-WA0186.jpg","type":"image\/jpeg"}],"author":"admin","twitter_card":"summary_large_image","twitter_misc":{"Escrito por":"admin","Tiempo de lectura":"2 minutos"},"schema":{"@context":"https:\/\/schema.org","@graph":[{"@type":"Article","@id":"https:\/\/volcanes.net\/?p=13825#article","isPartOf":{"@id":"https:\/\/volcanes.net\/?p=13825"},"author":{"name":"admin","@id":"https:\/\/volcanes.net\/#\/schema\/person\/4bf0f383940966a4abd53f5048c0e6b9"},"headline":"Amecameca refuerza la Protecci\u00f3n Civil Municipal: Ivette Topete Garc\u00eda destaca la preparaci\u00f3n y seguridad de los ciudadanos","datePublished":"2023-10-31T00:00:52+00:00","dateModified":"2023-11-02T16:48:03+00:00","mainEntityOfPage":{"@id":"https:\/\/volcanes.net\/?p=13825"},"wordCount":374,"commentCount":0,"publisher":{"@id":"https:\/\/volcanes.net\/#organization"},"image":{"@id":"https:\/\/volcanes.net\/?p=13825#primaryimage"},"thumbnailUrl":"https:\/\/volcanes.net\/wp-content\/uploads\/2023\/11\/IMG-20231031-WA0186.jpg","keywords":["Amecameca"],"articleSection":["Estatales"],"inLanguage":"es","potentialAction":[{"@type":"CommentAction","name":"Comment","target":["https:\/\/volcanes.net\/?p=13825#respond"]}]},{"@type":"WebPage","@id":"https:\/\/volcanes.net\/?p=13825","url":"https:\/\/volcanes.net\/?p=13825","name":"Amecameca refuerza la Protecci\u00f3n Civil Municipal: Ivette Topete Garc\u00eda destaca la preparaci\u00f3n y seguridad de los ciudadanos - Volcanes","isPartOf":{"@id":"https:\/\/volcanes.net\/#website"},"primaryImageOfPage":{"@id":"https:\/\/volcanes.net\/?p=13825#primaryimage"},"image":{"@id":"https:\/\/volcanes.net\/?p=13825#primaryimage"},"thumbnailUrl":"https:\/\/volcanes.net\/wp-content\/uploads\/2023\/11\/IMG-20231031-WA0186.jpg","datePublished":"2023-10-31T00:00:52+00:00","dateModified":"2023-11-02T16:48:03+00:00","breadcrumb":{"@id":"https:\/\/volcanes.net\/?p=13825#breadcrumb"},"inLanguage":"es","potentialAction":[{"@type":"ReadAction","target":["https:\/\/volcanes.net\/?p=13825"]}]},{"@type":"ImageObject","inLanguage":"es","@id":"https:\/\/volcanes.net\/?p=13825#primaryimage","url":"https:\/\/volcanes.net\/wp-content\/uploads\/2023\/11\/IMG-20231031-WA0186.jpg","contentUrl":"https:\/\/volcanes.net\/wp-content\/uploads\/2023\/11\/IMG-20231031-WA0186.jpg","width":375,"height":281},{"@type":"BreadcrumbList","@id":"https:\/\/volcanes.net\/?p=13825#breadcrumb","itemListElement":[{"@type":"ListItem","position":1,"name":"Portada","item":"https:\/\/volcanes.net\/"},{"@type":"ListItem","position":2,"name":"Amecameca refuerza la Protecci\u00f3n Civil Municipal: Ivette Topete Garc\u00eda destaca la preparaci\u00f3n y seguridad de los ciudadanos"}]},{"@type":"WebSite","@id":"https:\/\/volcanes.net\/#website","url":"https:\/\/volcanes.net\/","name":"Volcanes.Net","description":"Periodismo Profesional","publisher":{"@id":"https:\/\/volcanes.net\/#organization"},"potentialAction":[{"@type":"SearchAction","target":{"@type":"EntryPoint","urlTemplate":"https:\/\/volcanes.net\/?s={search_term_string}"},"query-input":{"@type":"PropertyValueSpecification","valueRequired":true,"valueName":"search_term_string"}}],"inLanguage":"es"},{"@type":"Organization","@id":"https:\/\/volcanes.net\/#organization","name":"Grupo Volcanes","url":"https:\/\/volcanes.net\/","logo":{"@type":"ImageObject","inLanguage":"es","@id":"https:\/\/volcanes.net\/#\/schema\/logo\/image\/","url":"http:\/\/volcanes.net\/wp-content\/uploads\/2017\/12\/Avatar2.jpg","contentUrl":"http:\/\/volcanes.net\/wp-content\/uploads\/2017\/12\/Avatar2.jpg","width":378,"height":378,"caption":"Grupo Volcanes"},"image":{"@id":"https:\/\/volcanes.net\/#\/schema\/logo\/image\/"},"sameAs":["https:\/\/www.facebook.com\/volcanes.net\/"]},{"@type":"Person","@id":"https:\/\/volcanes.net\/#\/schema\/person\/4bf0f383940966a4abd53f5048c0e6b9","name":"admin","image":{"@type":"ImageObject","inLanguage":"es","@id":"https:\/\/volcanes.net\/#\/schema\/person\/image\/","url":"https:\/\/secure.gravatar.com\/avatar\/ca004e6cba8462b8cb7abc86e382930c?s=96&d=mm&r=g","contentUrl":"https:\/\/secure.gravatar.com\/avatar\/ca004e6cba8462b8cb7abc86e382930c?s=96&d=mm&r=g","caption":"admin"}}]}},"_links":{"self":[{"href":"https:\/\/volcanes.net\/index.php?rest_route=\/wp\/v2\/posts\/13825"}],"collection":[{"href":"https:\/\/volcanes.net\/index.php?rest_route=\/wp\/v2\/posts"}],"about":[{"href":"https:\/\/volcanes.net\/index.php?rest_route=\/wp\/v2\/types\/post"}],"author":[{"embeddable":true,"href":"https:\/\/volcanes.net\/index.php?rest_route=\/wp\/v2\/users\/1"}],"replies":[{"embeddable":true,"href":"https:\/\/volcanes.net\/index.php?rest_route=%2Fwp%2Fv2%2Fcomments&post=13825"}],"version-history":[{"count":1,"href":"https:\/\/volcanes.net\/index.php?rest_route=\/wp\/v2\/posts\/13825\/revisions"}],"predecessor-version":[{"id":13826,"href":"https:\/\/volcanes.net\/index.php?rest_route=\/wp\/v2\/posts\/13825\/revisions\/13826"}],"wp:featuredmedia":[{"embeddable":true,"href":"https:\/\/volcanes.net\/index.php?rest_route=\/wp\/v2\/media\/13824"}],"wp:attachment":[{"href":"https:\/\/volcanes.net\/index.php?rest_route=%2Fwp%2Fv2%2Fmedia&parent=13825"}],"wp:term":[{"taxonomy":"category","embeddable":true,"href":"https:\/\/volcanes.net\/index.php?rest_route=%2Fwp%2Fv2%2Fcategories&post=13825"},{"taxonomy":"post_tag","embeddable":true,"href":"https:\/\/volcanes.net\/index.php?rest_route=%2Fwp%2Fv2%2Ftags&post=13825"}],"curies":[{"name":"wp","href":"https:\/\/api.w.org\/{rel}","templated":true}]}}