{"id":13828,"date":"2023-10-27T18:00:03","date_gmt":"2023-10-28T00:00:03","guid":{"rendered":"https:\/\/volcanes.net\/?p=13828"},"modified":"2023-11-02T10:51:24","modified_gmt":"2023-11-02T16:51:24","slug":"ivette-topete-garcia-fortalece-la-participacion-ciudadana-y-promueve-el-dialogo-comunitario","status":"publish","type":"post","link":"https:\/\/volcanes.net\/?p=13828","title":{"rendered":"Ivette Topete Garc\u00eda fortalece la participaci\u00f3n ciudadana y promueve el di\u00e1logo comunitario"},"content":{"rendered":"<div style=\"margin-top: 0px; margin-bottom: 0px;\" class=\"sharethis-inline-share-buttons\" ><\/div><p>La Presidenta Municipal de Amecameca presidi\u00f3 la Sesi\u00f3n de Cabildo Abierto a la comunidad._<\/p>\n<p>*Amecameca, M\u00e9x. \u2014* La escuela primaria &#8220;Laura M\u00e9ndez de Cuenca&#8221; fue la sede de la sexta sesi\u00f3n de Cabildo Abierto, donde los integrantes del Ayuntamiento encabezados por la alcaldesa Dra. Ivette Topete Garc\u00eda, escucharon a la comunidad.<\/p>\n<p>En esta sesion abierta los ciudadanos tuvieron la oportunidad de expresar sus opiniones, inquietudes y hacer propuestas sobre diversos temas de inter\u00e9s para la comunidad, como la seguridad ciudadana, transporte p\u00fablico, educaci\u00f3n, salud, deporte y el medio ambiente.<\/p>\n<p>La alcaldesa Topete Garc\u00eda, agradeci\u00f3 a los docentes y ciudadanos que asistieron al evento y destac\u00f3 su compromiso de analizar las propuestas y opiniones expresadas, asimismo a tomar las medidas necesarias para dar respuesta a las necesidades de la ciudadan\u00eda.<\/p>\n<p>Reiter\u00f3 su compromiso de trabajar de la mano con la comunidad y de seguir impulsando espacios de participaci\u00f3n ciudadana, a\u00f1adiendo que en cada obra que se construye los habitantes son los vigilantes de que se hagan bien y el material sea de buena calidad.<\/p>\n<p>Adem\u00e1s, invit\u00f3 a los ciudadanos a seguir participando activamente en la vida pol\u00edtica y social del municipio, y a hacer uso de los diferentes mecanismos de participaci\u00f3n ciudadana que existen.<\/p>\n<p>En conclusi\u00f3n, la alcaldesa Ivette Topete destac\u00f3 la importancia del Cabildo Abierto como una oportunidad para que los ciudadanos expresen sus opiniones y propuestas, y para que el gobierno municipal pueda escuchar y tomar en cuenta estas opiniones en la toma de decisiones.<\/p>\n","protected":false},"excerpt":{"rendered":"<p>La Presidenta Municipal de Amecameca presidi\u00f3 la Sesi\u00f3n de Cabildo Abierto a la comunidad._ *Amecameca,<\/p>\n","protected":false},"author":1,"featured_media":13827,"comment_status":"open","ping_status":"open","sticky":false,"template":"","format":"standard","meta":{"footnotes":""},"categories":[3],"tags":[7],"class_list":["post-13828","post","type-post","status-publish","format-standard","has-post-thumbnail","hentry","category-estatales","tag-amecameca"],"yoast_head":"<!-- This site is optimized with the Yoast SEO plugin v25.3 - https:\/\/yoast.com\/wordpress\/plugins\/seo\/ -->\n<title>Ivette Topete Garc\u00eda fortalece la participaci\u00f3n ciudadana y promueve el di\u00e1logo comunitario - Volcanes<\/title>\n<meta name=\"robots\" content=\"index, follow, max-snippet:-1, max-image-preview:large, max-video-preview:-1\" \/>\n<link rel=\"canonical\" href=\"https:\/\/volcanes.net\/?p=13828\" \/>\n<meta property=\"og:locale\" content=\"es_MX\" \/>\n<meta property=\"og:type\" content=\"article\" \/>\n<meta property=\"og:title\" content=\"Ivette Topete Garc\u00eda fortalece la participaci\u00f3n ciudadana y promueve el di\u00e1logo comunitario - Volcanes\" \/>\n<meta property=\"og:description\" content=\"La Presidenta Municipal de Amecameca presidi\u00f3 la Sesi\u00f3n de Cabildo Abierto a la comunidad._ *Amecameca,\" \/>\n<meta property=\"og:url\" content=\"https:\/\/volcanes.net\/?p=13828\" \/>\n<meta property=\"og:site_name\" content=\"Volcanes\" \/>\n<meta property=\"article:publisher\" content=\"https:\/\/www.facebook.com\/volcanes.net\/\" \/>\n<meta property=\"article:published_time\" content=\"2023-10-28T00:00:03+00:00\" \/>\n<meta property=\"article:modified_time\" content=\"2023-11-02T16:51:24+00:00\" \/>\n<meta property=\"og:image\" content=\"https:\/\/volcanes.net\/wp-content\/uploads\/2023\/11\/IMG-20231027-WA0076.jpg\" \/>\n\t<meta property=\"og:image:width\" content=\"960\" \/>\n\t<meta property=\"og:image:height\" content=\"776\" \/>\n\t<meta property=\"og:image:type\" content=\"image\/jpeg\" \/>\n<meta name=\"author\" content=\"admin\" \/>\n<meta name=\"twitter:card\" content=\"summary_large_image\" \/>\n<meta name=\"twitter:label1\" content=\"Escrito por\" \/>\n\t<meta name=\"twitter:data1\" content=\"admin\" \/>\n\t<meta name=\"twitter:label2\" content=\"Tiempo de lectura\" \/>\n\t<meta name=\"twitter:data2\" content=\"1 minuto\" \/>\n<script type=\"application\/ld+json\" class=\"yoast-schema-graph\">{\"@context\":\"https:\/\/schema.org\",\"@graph\":[{\"@type\":\"Article\",\"@id\":\"https:\/\/volcanes.net\/?p=13828#article\",\"isPartOf\":{\"@id\":\"https:\/\/volcanes.net\/?p=13828\"},\"author\":{\"name\":\"admin\",\"@id\":\"https:\/\/volcanes.net\/#\/schema\/person\/4bf0f383940966a4abd53f5048c0e6b9\"},\"headline\":\"Ivette Topete Garc\u00eda fortalece la participaci\u00f3n ciudadana y promueve el di\u00e1logo comunitario\",\"datePublished\":\"2023-10-28T00:00:03+00:00\",\"dateModified\":\"2023-11-02T16:51:24+00:00\",\"mainEntityOfPage\":{\"@id\":\"https:\/\/volcanes.net\/?p=13828\"},\"wordCount\":276,\"commentCount\":0,\"publisher\":{\"@id\":\"https:\/\/volcanes.net\/#organization\"},\"image\":{\"@id\":\"https:\/\/volcanes.net\/?p=13828#primaryimage\"},\"thumbnailUrl\":\"https:\/\/volcanes.net\/wp-content\/uploads\/2023\/11\/IMG-20231027-WA0076.jpg\",\"keywords\":[\"Amecameca\"],\"articleSection\":[\"Estatales\"],\"inLanguage\":\"es\",\"potentialAction\":[{\"@type\":\"CommentAction\",\"name\":\"Comment\",\"target\":[\"https:\/\/volcanes.net\/?p=13828#respond\"]}]},{\"@type\":\"WebPage\",\"@id\":\"https:\/\/volcanes.net\/?p=13828\",\"url\":\"https:\/\/volcanes.net\/?p=13828\",\"name\":\"Ivette Topete Garc\u00eda fortalece la participaci\u00f3n ciudadana y promueve el di\u00e1logo comunitario - Volcanes\",\"isPartOf\":{\"@id\":\"https:\/\/volcanes.net\/#website\"},\"primaryImageOfPage\":{\"@id\":\"https:\/\/volcanes.net\/?p=13828#primaryimage\"},\"image\":{\"@id\":\"https:\/\/volcanes.net\/?p=13828#primaryimage\"},\"thumbnailUrl\":\"https:\/\/volcanes.net\/wp-content\/uploads\/2023\/11\/IMG-20231027-WA0076.jpg\",\"datePublished\":\"2023-10-28T00:00:03+00:00\",\"dateModified\":\"2023-11-02T16:51:24+00:00\",\"breadcrumb\":{\"@id\":\"https:\/\/volcanes.net\/?p=13828#breadcrumb\"},\"inLanguage\":\"es\",\"potentialAction\":[{\"@type\":\"ReadAction\",\"target\":[\"https:\/\/volcanes.net\/?p=13828\"]}]},{\"@type\":\"ImageObject\",\"inLanguage\":\"es\",\"@id\":\"https:\/\/volcanes.net\/?p=13828#primaryimage\",\"url\":\"https:\/\/volcanes.net\/wp-content\/uploads\/2023\/11\/IMG-20231027-WA0076.jpg\",\"contentUrl\":\"https:\/\/volcanes.net\/wp-content\/uploads\/2023\/11\/IMG-20231027-WA0076.jpg\",\"width\":960,\"height\":776},{\"@type\":\"BreadcrumbList\",\"@id\":\"https:\/\/volcanes.net\/?p=13828#breadcrumb\",\"itemListElement\":[{\"@type\":\"ListItem\",\"position\":1,\"name\":\"Portada\",\"item\":\"https:\/\/volcanes.net\/\"},{\"@type\":\"ListItem\",\"position\":2,\"name\":\"Ivette Topete Garc\u00eda fortalece la participaci\u00f3n ciudadana y promueve el di\u00e1logo comunitario\"}]},{\"@type\":\"WebSite\",\"@id\":\"https:\/\/volcanes.net\/#website\",\"url\":\"https:\/\/volcanes.net\/\",\"name\":\"Volcanes.Net\",\"description\":\"Periodismo Profesional\",\"publisher\":{\"@id\":\"https:\/\/volcanes.net\/#organization\"},\"potentialAction\":[{\"@type\":\"SearchAction\",\"target\":{\"@type\":\"EntryPoint\",\"urlTemplate\":\"https:\/\/volcanes.net\/?s={search_term_string}\"},\"query-input\":{\"@type\":\"PropertyValueSpecification\",\"valueRequired\":true,\"valueName\":\"search_term_string\"}}],\"inLanguage\":\"es\"},{\"@type\":\"Organization\",\"@id\":\"https:\/\/volcanes.net\/#organization\",\"name\":\"Grupo Volcanes\",\"url\":\"https:\/\/volcanes.net\/\",\"logo\":{\"@type\":\"ImageObject\",\"inLanguage\":\"es\",\"@id\":\"https:\/\/volcanes.net\/#\/schema\/logo\/image\/\",\"url\":\"http:\/\/volcanes.net\/wp-content\/uploads\/2017\/12\/Avatar2.jpg\",\"contentUrl\":\"http:\/\/volcanes.net\/wp-content\/uploads\/2017\/12\/Avatar2.jpg\",\"width\":378,\"height\":378,\"caption\":\"Grupo Volcanes\"},\"image\":{\"@id\":\"https:\/\/volcanes.net\/#\/schema\/logo\/image\/\"},\"sameAs\":[\"https:\/\/www.facebook.com\/volcanes.net\/\"]},{\"@type\":\"Person\",\"@id\":\"https:\/\/volcanes.net\/#\/schema\/person\/4bf0f383940966a4abd53f5048c0e6b9\",\"name\":\"admin\",\"image\":{\"@type\":\"ImageObject\",\"inLanguage\":\"es\",\"@id\":\"https:\/\/volcanes.net\/#\/schema\/person\/image\/\",\"url\":\"https:\/\/secure.gravatar.com\/avatar\/ca004e6cba8462b8cb7abc86e382930c?s=96&d=mm&r=g\",\"contentUrl\":\"https:\/\/secure.gravatar.com\/avatar\/ca004e6cba8462b8cb7abc86e382930c?s=96&d=mm&r=g\",\"caption\":\"admin\"}}]}<\/script>\n<!-- \/ Yoast SEO plugin. -->","yoast_head_json":{"title":"Ivette Topete Garc\u00eda fortalece la participaci\u00f3n ciudadana y promueve el di\u00e1logo comunitario - Volcanes","robots":{"index":"index","follow":"follow","max-snippet":"max-snippet:-1","max-image-preview":"max-image-preview:large","max-video-preview":"max-video-preview:-1"},"canonical":"https:\/\/volcanes.net\/?p=13828","og_locale":"es_MX","og_type":"article","og_title":"Ivette Topete Garc\u00eda fortalece la participaci\u00f3n ciudadana y promueve el di\u00e1logo comunitario - Volcanes","og_description":"La Presidenta Municipal de Amecameca presidi\u00f3 la Sesi\u00f3n de Cabildo Abierto a la comunidad._ *Amecameca,","og_url":"https:\/\/volcanes.net\/?p=13828","og_site_name":"Volcanes","article_publisher":"https:\/\/www.facebook.com\/volcanes.net\/","article_published_time":"2023-10-28T00:00:03+00:00","article_modified_time":"2023-11-02T16:51:24+00:00","og_image":[{"width":960,"height":776,"url":"https:\/\/volcanes.net\/wp-content\/uploads\/2023\/11\/IMG-20231027-WA0076.jpg","type":"image\/jpeg"}],"author":"admin","twitter_card":"summary_large_image","twitter_misc":{"Escrito por":"admin","Tiempo de lectura":"1 minuto"},"schema":{"@context":"https:\/\/schema.org","@graph":[{"@type":"Article","@id":"https:\/\/volcanes.net\/?p=13828#article","isPartOf":{"@id":"https:\/\/volcanes.net\/?p=13828"},"author":{"name":"admin","@id":"https:\/\/volcanes.net\/#\/schema\/person\/4bf0f383940966a4abd53f5048c0e6b9"},"headline":"Ivette Topete Garc\u00eda fortalece la participaci\u00f3n ciudadana y promueve el di\u00e1logo comunitario","datePublished":"2023-10-28T00:00:03+00:00","dateModified":"2023-11-02T16:51:24+00:00","mainEntityOfPage":{"@id":"https:\/\/volcanes.net\/?p=13828"},"wordCount":276,"commentCount":0,"publisher":{"@id":"https:\/\/volcanes.net\/#organization"},"image":{"@id":"https:\/\/volcanes.net\/?p=13828#primaryimage"},"thumbnailUrl":"https:\/\/volcanes.net\/wp-content\/uploads\/2023\/11\/IMG-20231027-WA0076.jpg","keywords":["Amecameca"],"articleSection":["Estatales"],"inLanguage":"es","potentialAction":[{"@type":"CommentAction","name":"Comment","target":["https:\/\/volcanes.net\/?p=13828#respond"]}]},{"@type":"WebPage","@id":"https:\/\/volcanes.net\/?p=13828","url":"https:\/\/volcanes.net\/?p=13828","name":"Ivette Topete Garc\u00eda fortalece la participaci\u00f3n ciudadana y promueve el di\u00e1logo comunitario - Volcanes","isPartOf":{"@id":"https:\/\/volcanes.net\/#website"},"primaryImageOfPage":{"@id":"https:\/\/volcanes.net\/?p=13828#primaryimage"},"image":{"@id":"https:\/\/volcanes.net\/?p=13828#primaryimage"},"thumbnailUrl":"https:\/\/volcanes.net\/wp-content\/uploads\/2023\/11\/IMG-20231027-WA0076.jpg","datePublished":"2023-10-28T00:00:03+00:00","dateModified":"2023-11-02T16:51:24+00:00","breadcrumb":{"@id":"https:\/\/volcanes.net\/?p=13828#breadcrumb"},"inLanguage":"es","potentialAction":[{"@type":"ReadAction","target":["https:\/\/volcanes.net\/?p=13828"]}]},{"@type":"ImageObject","inLanguage":"es","@id":"https:\/\/volcanes.net\/?p=13828#primaryimage","url":"https:\/\/volcanes.net\/wp-content\/uploads\/2023\/11\/IMG-20231027-WA0076.jpg","contentUrl":"https:\/\/volcanes.net\/wp-content\/uploads\/2023\/11\/IMG-20231027-WA0076.jpg","width":960,"height":776},{"@type":"BreadcrumbList","@id":"https:\/\/volcanes.net\/?p=13828#breadcrumb","itemListElement":[{"@type":"ListItem","position":1,"name":"Portada","item":"https:\/\/volcanes.net\/"},{"@type":"ListItem","position":2,"name":"Ivette Topete Garc\u00eda fortalece la participaci\u00f3n ciudadana y promueve el di\u00e1logo comunitario"}]},{"@type":"WebSite","@id":"https:\/\/volcanes.net\/#website","url":"https:\/\/volcanes.net\/","name":"Volcanes.Net","description":"Periodismo Profesional","publisher":{"@id":"https:\/\/volcanes.net\/#organization"},"potentialAction":[{"@type":"SearchAction","target":{"@type":"EntryPoint","urlTemplate":"https:\/\/volcanes.net\/?s={search_term_string}"},"query-input":{"@type":"PropertyValueSpecification","valueRequired":true,"valueName":"search_term_string"}}],"inLanguage":"es"},{"@type":"Organization","@id":"https:\/\/volcanes.net\/#organization","name":"Grupo Volcanes","url":"https:\/\/volcanes.net\/","logo":{"@type":"ImageObject","inLanguage":"es","@id":"https:\/\/volcanes.net\/#\/schema\/logo\/image\/","url":"http:\/\/volcanes.net\/wp-content\/uploads\/2017\/12\/Avatar2.jpg","contentUrl":"http:\/\/volcanes.net\/wp-content\/uploads\/2017\/12\/Avatar2.jpg","width":378,"height":378,"caption":"Grupo Volcanes"},"image":{"@id":"https:\/\/volcanes.net\/#\/schema\/logo\/image\/"},"sameAs":["https:\/\/www.facebook.com\/volcanes.net\/"]},{"@type":"Person","@id":"https:\/\/volcanes.net\/#\/schema\/person\/4bf0f383940966a4abd53f5048c0e6b9","name":"admin","image":{"@type":"ImageObject","inLanguage":"es","@id":"https:\/\/volcanes.net\/#\/schema\/person\/image\/","url":"https:\/\/secure.gravatar.com\/avatar\/ca004e6cba8462b8cb7abc86e382930c?s=96&d=mm&r=g","contentUrl":"https:\/\/secure.gravatar.com\/avatar\/ca004e6cba8462b8cb7abc86e382930c?s=96&d=mm&r=g","caption":"admin"}}]}},"_links":{"self":[{"href":"https:\/\/volcanes.net\/index.php?rest_route=\/wp\/v2\/posts\/13828"}],"collection":[{"href":"https:\/\/volcanes.net\/index.php?rest_route=\/wp\/v2\/posts"}],"about":[{"href":"https:\/\/volcanes.net\/index.php?rest_route=\/wp\/v2\/types\/post"}],"author":[{"embeddable":true,"href":"https:\/\/volcanes.net\/index.php?rest_route=\/wp\/v2\/users\/1"}],"replies":[{"embeddable":true,"href":"https:\/\/volcanes.net\/index.php?rest_route=%2Fwp%2Fv2%2Fcomments&post=13828"}],"version-history":[{"count":1,"href":"https:\/\/volcanes.net\/index.php?rest_route=\/wp\/v2\/posts\/13828\/revisions"}],"predecessor-version":[{"id":13829,"href":"https:\/\/volcanes.net\/index.php?rest_route=\/wp\/v2\/posts\/13828\/revisions\/13829"}],"wp:featuredmedia":[{"embeddable":true,"href":"https:\/\/volcanes.net\/index.php?rest_route=\/wp\/v2\/media\/13827"}],"wp:attachment":[{"href":"https:\/\/volcanes.net\/index.php?rest_route=%2Fwp%2Fv2%2Fmedia&parent=13828"}],"wp:term":[{"taxonomy":"category","embeddable":true,"href":"https:\/\/volcanes.net\/index.php?rest_route=%2Fwp%2Fv2%2Fcategories&post=13828"},{"taxonomy":"post_tag","embeddable":true,"href":"https:\/\/volcanes.net\/index.php?rest_route=%2Fwp%2Fv2%2Ftags&post=13828"}],"curies":[{"name":"wp","href":"https:\/\/api.w.org\/{rel}","templated":true}]}}