{"id":13831,"date":"2023-10-25T18:00:43","date_gmt":"2023-10-26T00:00:43","guid":{"rendered":"https:\/\/volcanes.net\/?p=13831"},"modified":"2023-11-02T10:55:37","modified_gmt":"2023-11-02T16:55:37","slug":"amecameca-lucha-contra-el-cancer-de-mama-ivette-topete-garcia-anuncia-mastografias-gratuitas-para-todas-las-mujeres","status":"publish","type":"post","link":"https:\/\/volcanes.net\/?p=13831","title":{"rendered":"Amecameca lucha contra el c\u00e1ncer de mama: Ivette Topete Garc\u00eda anuncia mastograf\u00edas gratuitas para todas las mujeres"},"content":{"rendered":"<div style=\"margin-top: 0px; margin-bottom: 0px;\" class=\"sharethis-inline-share-buttons\" ><\/div><p>*** _La presidenta municipal pondera y destaca la importancia de la detecci\u00f3n temprana del c\u00e1ncer de mama y anuncia la realizaci\u00f3n de mastograf\u00edas gratuitas para las mujeres durante el Mes Rosa._<\/p>\n<p>*Amecameca, M\u00e9x. \u2014* En el marco del mes Rosa la presidenta municipal Dra. Ivette Topete Garc\u00eda, anunci\u00f3 el inicio del programa de mastograf\u00edas gratuitas para todas las mujeres, una acci\u00f3n del #GobiernoParaTodos que se llevar\u00e1 a cabo en colaboraci\u00f3n con la Coordinaci\u00f3n de Salud y tiene el objetivo de promover la detecci\u00f3n temprana del c\u00e1ncer de mama.<\/p>\n<p>En un evento especial, la alcaldesa entreg\u00f3 los resultados de las mastograf\u00edas realizadas a un grupo de mujeres que se sometieron a ellas en d\u00edas anteriores. En su mensaje Topete Garc\u00eda, destac\u00f3 la importancia de realizarse chequeos rutinarios y estar atentas a cualquier se\u00f1al de alerta en relaci\u00f3n a este padecimiento que es una de las principales causas de muerte entre las mujeres.<\/p>\n<p>&#8220;La detecci\u00f3n temprana es fundamental para aumentar las posibilidades de \u00e9xito en el tratamiento&#8221;, afirm\u00f3 la alcaldesa e hizo un llamado a todas las mujeres de Amecameca a que acudan a la Cl\u00ednica de la Mujer para realizarse su chequeo rutinario y sin costo alguno.<br \/>\n&#8220;Nuestro Gobierno Para Todos se preocupa por la salud y el bienestar de todas las mujeres de nuestro municipio y queremos asegurarnos de que tengan acceso a servicios de salud de calidad y de prevenci\u00f3n para que puedan detectar cualquier problema a tiempo&#8221;, expres\u00f3.<\/p>\n<p>Para obtener m\u00e1s informaci\u00f3n sobre los servicios de salud disponibles en la Cl\u00ednica de la Mujer, las invit\u00f3 a que acudan a las oficinas de la Coordinaci\u00f3n Municipal de Salud y abund\u00f3 que el Gobierno de Amecameca reafirma su compromiso de seguir trabajando sin distinciones para toda la comunidad y promover la conciencia sobre la importancia de la detecci\u00f3n temprana del c\u00e1ncer de mama.<\/p>\n","protected":false},"excerpt":{"rendered":"<p>*** _La presidenta municipal pondera y destaca la importancia de la detecci\u00f3n temprana del c\u00e1ncer<\/p>\n","protected":false},"author":1,"featured_media":13830,"comment_status":"open","ping_status":"open","sticky":false,"template":"","format":"standard","meta":{"footnotes":""},"categories":[3],"tags":[7],"class_list":["post-13831","post","type-post","status-publish","format-standard","has-post-thumbnail","hentry","category-estatales","tag-amecameca"],"yoast_head":"<!-- This site is optimized with the Yoast SEO plugin v25.3 - https:\/\/yoast.com\/wordpress\/plugins\/seo\/ -->\n<title>Amecameca lucha contra el c\u00e1ncer de mama: Ivette Topete Garc\u00eda anuncia mastograf\u00edas gratuitas para todas las mujeres - Volcanes<\/title>\n<meta name=\"robots\" content=\"index, follow, max-snippet:-1, max-image-preview:large, max-video-preview:-1\" \/>\n<link rel=\"canonical\" href=\"https:\/\/volcanes.net\/?p=13831\" \/>\n<meta property=\"og:locale\" content=\"es_MX\" \/>\n<meta property=\"og:type\" content=\"article\" \/>\n<meta property=\"og:title\" content=\"Amecameca lucha contra el c\u00e1ncer de mama: Ivette Topete Garc\u00eda anuncia mastograf\u00edas gratuitas para todas las mujeres - Volcanes\" \/>\n<meta property=\"og:description\" content=\"*** _La presidenta municipal pondera y destaca la importancia de la detecci\u00f3n temprana del c\u00e1ncer\" \/>\n<meta property=\"og:url\" content=\"https:\/\/volcanes.net\/?p=13831\" \/>\n<meta property=\"og:site_name\" content=\"Volcanes\" \/>\n<meta property=\"article:publisher\" content=\"https:\/\/www.facebook.com\/volcanes.net\/\" \/>\n<meta property=\"article:published_time\" content=\"2023-10-26T00:00:43+00:00\" \/>\n<meta property=\"article:modified_time\" content=\"2023-11-02T16:55:37+00:00\" \/>\n<meta property=\"og:image\" content=\"https:\/\/volcanes.net\/wp-content\/uploads\/2023\/11\/IMG-20231025-WA0169.jpg\" \/>\n\t<meta property=\"og:image:width\" content=\"423\" \/>\n\t<meta property=\"og:image:height\" content=\"238\" \/>\n\t<meta property=\"og:image:type\" content=\"image\/jpeg\" \/>\n<meta name=\"author\" content=\"admin\" \/>\n<meta name=\"twitter:card\" content=\"summary_large_image\" \/>\n<meta name=\"twitter:label1\" content=\"Escrito por\" \/>\n\t<meta name=\"twitter:data1\" content=\"admin\" \/>\n\t<meta name=\"twitter:label2\" content=\"Tiempo de lectura\" \/>\n\t<meta name=\"twitter:data2\" content=\"2 minutos\" \/>\n<script type=\"application\/ld+json\" class=\"yoast-schema-graph\">{\"@context\":\"https:\/\/schema.org\",\"@graph\":[{\"@type\":\"Article\",\"@id\":\"https:\/\/volcanes.net\/?p=13831#article\",\"isPartOf\":{\"@id\":\"https:\/\/volcanes.net\/?p=13831\"},\"author\":{\"name\":\"admin\",\"@id\":\"https:\/\/volcanes.net\/#\/schema\/person\/4bf0f383940966a4abd53f5048c0e6b9\"},\"headline\":\"Amecameca lucha contra el c\u00e1ncer de mama: Ivette Topete Garc\u00eda anuncia mastograf\u00edas gratuitas para todas las mujeres\",\"datePublished\":\"2023-10-26T00:00:43+00:00\",\"dateModified\":\"2023-11-02T16:55:37+00:00\",\"mainEntityOfPage\":{\"@id\":\"https:\/\/volcanes.net\/?p=13831\"},\"wordCount\":348,\"commentCount\":0,\"publisher\":{\"@id\":\"https:\/\/volcanes.net\/#organization\"},\"image\":{\"@id\":\"https:\/\/volcanes.net\/?p=13831#primaryimage\"},\"thumbnailUrl\":\"https:\/\/volcanes.net\/wp-content\/uploads\/2023\/11\/IMG-20231025-WA0169.jpg\",\"keywords\":[\"Amecameca\"],\"articleSection\":[\"Estatales\"],\"inLanguage\":\"es\",\"potentialAction\":[{\"@type\":\"CommentAction\",\"name\":\"Comment\",\"target\":[\"https:\/\/volcanes.net\/?p=13831#respond\"]}]},{\"@type\":\"WebPage\",\"@id\":\"https:\/\/volcanes.net\/?p=13831\",\"url\":\"https:\/\/volcanes.net\/?p=13831\",\"name\":\"Amecameca lucha contra el c\u00e1ncer de mama: Ivette Topete Garc\u00eda anuncia mastograf\u00edas gratuitas para todas las mujeres - Volcanes\",\"isPartOf\":{\"@id\":\"https:\/\/volcanes.net\/#website\"},\"primaryImageOfPage\":{\"@id\":\"https:\/\/volcanes.net\/?p=13831#primaryimage\"},\"image\":{\"@id\":\"https:\/\/volcanes.net\/?p=13831#primaryimage\"},\"thumbnailUrl\":\"https:\/\/volcanes.net\/wp-content\/uploads\/2023\/11\/IMG-20231025-WA0169.jpg\",\"datePublished\":\"2023-10-26T00:00:43+00:00\",\"dateModified\":\"2023-11-02T16:55:37+00:00\",\"breadcrumb\":{\"@id\":\"https:\/\/volcanes.net\/?p=13831#breadcrumb\"},\"inLanguage\":\"es\",\"potentialAction\":[{\"@type\":\"ReadAction\",\"target\":[\"https:\/\/volcanes.net\/?p=13831\"]}]},{\"@type\":\"ImageObject\",\"inLanguage\":\"es\",\"@id\":\"https:\/\/volcanes.net\/?p=13831#primaryimage\",\"url\":\"https:\/\/volcanes.net\/wp-content\/uploads\/2023\/11\/IMG-20231025-WA0169.jpg\",\"contentUrl\":\"https:\/\/volcanes.net\/wp-content\/uploads\/2023\/11\/IMG-20231025-WA0169.jpg\",\"width\":423,\"height\":238},{\"@type\":\"BreadcrumbList\",\"@id\":\"https:\/\/volcanes.net\/?p=13831#breadcrumb\",\"itemListElement\":[{\"@type\":\"ListItem\",\"position\":1,\"name\":\"Portada\",\"item\":\"https:\/\/volcanes.net\/\"},{\"@type\":\"ListItem\",\"position\":2,\"name\":\"Amecameca lucha contra el c\u00e1ncer de mama: Ivette Topete Garc\u00eda anuncia mastograf\u00edas gratuitas para todas las mujeres\"}]},{\"@type\":\"WebSite\",\"@id\":\"https:\/\/volcanes.net\/#website\",\"url\":\"https:\/\/volcanes.net\/\",\"name\":\"Volcanes.Net\",\"description\":\"Periodismo Profesional\",\"publisher\":{\"@id\":\"https:\/\/volcanes.net\/#organization\"},\"potentialAction\":[{\"@type\":\"SearchAction\",\"target\":{\"@type\":\"EntryPoint\",\"urlTemplate\":\"https:\/\/volcanes.net\/?s={search_term_string}\"},\"query-input\":{\"@type\":\"PropertyValueSpecification\",\"valueRequired\":true,\"valueName\":\"search_term_string\"}}],\"inLanguage\":\"es\"},{\"@type\":\"Organization\",\"@id\":\"https:\/\/volcanes.net\/#organization\",\"name\":\"Grupo Volcanes\",\"url\":\"https:\/\/volcanes.net\/\",\"logo\":{\"@type\":\"ImageObject\",\"inLanguage\":\"es\",\"@id\":\"https:\/\/volcanes.net\/#\/schema\/logo\/image\/\",\"url\":\"http:\/\/volcanes.net\/wp-content\/uploads\/2017\/12\/Avatar2.jpg\",\"contentUrl\":\"http:\/\/volcanes.net\/wp-content\/uploads\/2017\/12\/Avatar2.jpg\",\"width\":378,\"height\":378,\"caption\":\"Grupo Volcanes\"},\"image\":{\"@id\":\"https:\/\/volcanes.net\/#\/schema\/logo\/image\/\"},\"sameAs\":[\"https:\/\/www.facebook.com\/volcanes.net\/\"]},{\"@type\":\"Person\",\"@id\":\"https:\/\/volcanes.net\/#\/schema\/person\/4bf0f383940966a4abd53f5048c0e6b9\",\"name\":\"admin\",\"image\":{\"@type\":\"ImageObject\",\"inLanguage\":\"es\",\"@id\":\"https:\/\/volcanes.net\/#\/schema\/person\/image\/\",\"url\":\"https:\/\/secure.gravatar.com\/avatar\/ca004e6cba8462b8cb7abc86e382930c?s=96&d=mm&r=g\",\"contentUrl\":\"https:\/\/secure.gravatar.com\/avatar\/ca004e6cba8462b8cb7abc86e382930c?s=96&d=mm&r=g\",\"caption\":\"admin\"}}]}<\/script>\n<!-- \/ Yoast SEO plugin. -->","yoast_head_json":{"title":"Amecameca lucha contra el c\u00e1ncer de mama: Ivette Topete Garc\u00eda anuncia mastograf\u00edas gratuitas para todas las mujeres - Volcanes","robots":{"index":"index","follow":"follow","max-snippet":"max-snippet:-1","max-image-preview":"max-image-preview:large","max-video-preview":"max-video-preview:-1"},"canonical":"https:\/\/volcanes.net\/?p=13831","og_locale":"es_MX","og_type":"article","og_title":"Amecameca lucha contra el c\u00e1ncer de mama: Ivette Topete Garc\u00eda anuncia mastograf\u00edas gratuitas para todas las mujeres - Volcanes","og_description":"*** _La presidenta municipal pondera y destaca la importancia de la detecci\u00f3n temprana del c\u00e1ncer","og_url":"https:\/\/volcanes.net\/?p=13831","og_site_name":"Volcanes","article_publisher":"https:\/\/www.facebook.com\/volcanes.net\/","article_published_time":"2023-10-26T00:00:43+00:00","article_modified_time":"2023-11-02T16:55:37+00:00","og_image":[{"width":423,"height":238,"url":"https:\/\/volcanes.net\/wp-content\/uploads\/2023\/11\/IMG-20231025-WA0169.jpg","type":"image\/jpeg"}],"author":"admin","twitter_card":"summary_large_image","twitter_misc":{"Escrito por":"admin","Tiempo de lectura":"2 minutos"},"schema":{"@context":"https:\/\/schema.org","@graph":[{"@type":"Article","@id":"https:\/\/volcanes.net\/?p=13831#article","isPartOf":{"@id":"https:\/\/volcanes.net\/?p=13831"},"author":{"name":"admin","@id":"https:\/\/volcanes.net\/#\/schema\/person\/4bf0f383940966a4abd53f5048c0e6b9"},"headline":"Amecameca lucha contra el c\u00e1ncer de mama: Ivette Topete Garc\u00eda anuncia mastograf\u00edas gratuitas para todas las mujeres","datePublished":"2023-10-26T00:00:43+00:00","dateModified":"2023-11-02T16:55:37+00:00","mainEntityOfPage":{"@id":"https:\/\/volcanes.net\/?p=13831"},"wordCount":348,"commentCount":0,"publisher":{"@id":"https:\/\/volcanes.net\/#organization"},"image":{"@id":"https:\/\/volcanes.net\/?p=13831#primaryimage"},"thumbnailUrl":"https:\/\/volcanes.net\/wp-content\/uploads\/2023\/11\/IMG-20231025-WA0169.jpg","keywords":["Amecameca"],"articleSection":["Estatales"],"inLanguage":"es","potentialAction":[{"@type":"CommentAction","name":"Comment","target":["https:\/\/volcanes.net\/?p=13831#respond"]}]},{"@type":"WebPage","@id":"https:\/\/volcanes.net\/?p=13831","url":"https:\/\/volcanes.net\/?p=13831","name":"Amecameca lucha contra el c\u00e1ncer de mama: Ivette Topete Garc\u00eda anuncia mastograf\u00edas gratuitas para todas las mujeres - Volcanes","isPartOf":{"@id":"https:\/\/volcanes.net\/#website"},"primaryImageOfPage":{"@id":"https:\/\/volcanes.net\/?p=13831#primaryimage"},"image":{"@id":"https:\/\/volcanes.net\/?p=13831#primaryimage"},"thumbnailUrl":"https:\/\/volcanes.net\/wp-content\/uploads\/2023\/11\/IMG-20231025-WA0169.jpg","datePublished":"2023-10-26T00:00:43+00:00","dateModified":"2023-11-02T16:55:37+00:00","breadcrumb":{"@id":"https:\/\/volcanes.net\/?p=13831#breadcrumb"},"inLanguage":"es","potentialAction":[{"@type":"ReadAction","target":["https:\/\/volcanes.net\/?p=13831"]}]},{"@type":"ImageObject","inLanguage":"es","@id":"https:\/\/volcanes.net\/?p=13831#primaryimage","url":"https:\/\/volcanes.net\/wp-content\/uploads\/2023\/11\/IMG-20231025-WA0169.jpg","contentUrl":"https:\/\/volcanes.net\/wp-content\/uploads\/2023\/11\/IMG-20231025-WA0169.jpg","width":423,"height":238},{"@type":"BreadcrumbList","@id":"https:\/\/volcanes.net\/?p=13831#breadcrumb","itemListElement":[{"@type":"ListItem","position":1,"name":"Portada","item":"https:\/\/volcanes.net\/"},{"@type":"ListItem","position":2,"name":"Amecameca lucha contra el c\u00e1ncer de mama: Ivette Topete Garc\u00eda anuncia mastograf\u00edas gratuitas para todas las mujeres"}]},{"@type":"WebSite","@id":"https:\/\/volcanes.net\/#website","url":"https:\/\/volcanes.net\/","name":"Volcanes.Net","description":"Periodismo Profesional","publisher":{"@id":"https:\/\/volcanes.net\/#organization"},"potentialAction":[{"@type":"SearchAction","target":{"@type":"EntryPoint","urlTemplate":"https:\/\/volcanes.net\/?s={search_term_string}"},"query-input":{"@type":"PropertyValueSpecification","valueRequired":true,"valueName":"search_term_string"}}],"inLanguage":"es"},{"@type":"Organization","@id":"https:\/\/volcanes.net\/#organization","name":"Grupo Volcanes","url":"https:\/\/volcanes.net\/","logo":{"@type":"ImageObject","inLanguage":"es","@id":"https:\/\/volcanes.net\/#\/schema\/logo\/image\/","url":"http:\/\/volcanes.net\/wp-content\/uploads\/2017\/12\/Avatar2.jpg","contentUrl":"http:\/\/volcanes.net\/wp-content\/uploads\/2017\/12\/Avatar2.jpg","width":378,"height":378,"caption":"Grupo Volcanes"},"image":{"@id":"https:\/\/volcanes.net\/#\/schema\/logo\/image\/"},"sameAs":["https:\/\/www.facebook.com\/volcanes.net\/"]},{"@type":"Person","@id":"https:\/\/volcanes.net\/#\/schema\/person\/4bf0f383940966a4abd53f5048c0e6b9","name":"admin","image":{"@type":"ImageObject","inLanguage":"es","@id":"https:\/\/volcanes.net\/#\/schema\/person\/image\/","url":"https:\/\/secure.gravatar.com\/avatar\/ca004e6cba8462b8cb7abc86e382930c?s=96&d=mm&r=g","contentUrl":"https:\/\/secure.gravatar.com\/avatar\/ca004e6cba8462b8cb7abc86e382930c?s=96&d=mm&r=g","caption":"admin"}}]}},"_links":{"self":[{"href":"https:\/\/volcanes.net\/index.php?rest_route=\/wp\/v2\/posts\/13831"}],"collection":[{"href":"https:\/\/volcanes.net\/index.php?rest_route=\/wp\/v2\/posts"}],"about":[{"href":"https:\/\/volcanes.net\/index.php?rest_route=\/wp\/v2\/types\/post"}],"author":[{"embeddable":true,"href":"https:\/\/volcanes.net\/index.php?rest_route=\/wp\/v2\/users\/1"}],"replies":[{"embeddable":true,"href":"https:\/\/volcanes.net\/index.php?rest_route=%2Fwp%2Fv2%2Fcomments&post=13831"}],"version-history":[{"count":1,"href":"https:\/\/volcanes.net\/index.php?rest_route=\/wp\/v2\/posts\/13831\/revisions"}],"predecessor-version":[{"id":13832,"href":"https:\/\/volcanes.net\/index.php?rest_route=\/wp\/v2\/posts\/13831\/revisions\/13832"}],"wp:featuredmedia":[{"embeddable":true,"href":"https:\/\/volcanes.net\/index.php?rest_route=\/wp\/v2\/media\/13830"}],"wp:attachment":[{"href":"https:\/\/volcanes.net\/index.php?rest_route=%2Fwp%2Fv2%2Fmedia&parent=13831"}],"wp:term":[{"taxonomy":"category","embeddable":true,"href":"https:\/\/volcanes.net\/index.php?rest_route=%2Fwp%2Fv2%2Fcategories&post=13831"},{"taxonomy":"post_tag","embeddable":true,"href":"https:\/\/volcanes.net\/index.php?rest_route=%2Fwp%2Fv2%2Ftags&post=13831"}],"curies":[{"name":"wp","href":"https:\/\/api.w.org\/{rel}","templated":true}]}}