{"id":13842,"date":"2023-10-21T18:00:14","date_gmt":"2023-10-22T00:00:14","guid":{"rendered":"https:\/\/volcanes.net\/?p=13842"},"modified":"2023-11-02T11:17:18","modified_gmt":"2023-11-02T17:17:18","slug":"ivette-topete-garcia-encabeza-rodada-ciclista-para-promover-la-prevencion-y-el-cuidado-de-la-salud-de-las-mujeres-de-amecameca","status":"publish","type":"post","link":"https:\/\/volcanes.net\/?p=13842","title":{"rendered":"Ivette Topete Garc\u00eda Encabeza Rodada Ciclista para Promover la Prevenci\u00f3n y el Cuidado de la Salud de las Mujeres de Amecameca"},"content":{"rendered":"<div style=\"margin-top: 0px; margin-bottom: 0px;\" class=\"sharethis-inline-share-buttons\" ><\/div><p>En este mes rosa invitan a realizarse un chequeo m\u00e9dico de manera gratuita en el DIF municipal.<\/p>\n<p>*** _El Gobierno Para Todos contin\u00faa promoviendo acciones de concientizaci\u00f3n y prevenci\u00f3n de enfermedades._<\/p>\n<p>*Amecameca, M\u00e9x. &#8211;* La alcaldesa Dra. Ivette Topete Garc\u00eda, encabez\u00f3 esta ma\u00f1ana una nutrida rodada ciclista femenil, acciones dentro del marco de la lucha contra el c\u00e1ncer de mama.<\/p>\n<p>El objetivo de esta actividad fue para promover la concientizaci\u00f3n y sensibilizar a las mujeres, sobre la importancia de la detecci\u00f3n oportuna de alg\u00fan padecimiento y atenderse inmediatamente.<\/p>\n<p>Por ello la Dra. Topete Garc\u00eda, invit\u00f3 a todas las mujeres a que acudan a las instalaciones del sistema municipal DIF, para realizarse un chequeo con m\u00e9dicos especialistas de manera gratuita.<\/p>\n<p>Esta iniciativa busca fomentar la prevenci\u00f3n y el cuidado de la salud de las mujeres, as\u00ed mismo el Gobierno Municipal les brinda el apoyo necesario en caso de ser diagnosticadas con c\u00e1ncer de mama.<\/p>\n<p>Durante la rodada ciclista, la alcaldesa agradeci\u00f3 a todas las participantes y destac\u00f3 la importancia de unirse a esta causa.<\/p>\n<p>Hizo un llamado a la comunidad para apoyar a las mujeres que luchan contra esta enfermedad, y promover la detecci\u00f3n temprana ya que con el tratamiento adecuado aumentan las posibilidades de curaci\u00f3n.<\/p>\n<p>El c\u00e1ncer de mama es una de las principales causas de muerte en mujeres a nivel mundial. Por ello es fundamental que est\u00e9n informadas sobre los factores de riesgo, los s\u00edntomas y las medidas preventivas para poder detectar cualquier anomal\u00eda a tiempo.<\/p>\n<p>La administraci\u00f3n municipal de Amecameca se compromete a seguir promoviendo acciones de concientizaci\u00f3n y prevenci\u00f3n del c\u00e1ncer de mama, as\u00ed como a brindar el apoyo necesario a las mujeres que lo necesiten.<\/p>\n","protected":false},"excerpt":{"rendered":"<p>En este mes rosa invitan a realizarse un chequeo m\u00e9dico de manera gratuita en el<\/p>\n","protected":false},"author":1,"featured_media":13841,"comment_status":"open","ping_status":"open","sticky":false,"template":"","format":"standard","meta":{"footnotes":""},"categories":[3],"tags":[7],"class_list":["post-13842","post","type-post","status-publish","format-standard","has-post-thumbnail","hentry","category-estatales","tag-amecameca"],"yoast_head":"<!-- This site is optimized with the Yoast SEO plugin v25.3 - https:\/\/yoast.com\/wordpress\/plugins\/seo\/ -->\n<title>Ivette Topete Garc\u00eda Encabeza Rodada Ciclista para Promover la Prevenci\u00f3n y el Cuidado de la Salud de las Mujeres de Amecameca - Volcanes<\/title>\n<meta name=\"robots\" content=\"index, follow, max-snippet:-1, max-image-preview:large, max-video-preview:-1\" \/>\n<link rel=\"canonical\" href=\"https:\/\/volcanes.net\/?p=13842\" \/>\n<meta property=\"og:locale\" content=\"es_MX\" \/>\n<meta property=\"og:type\" content=\"article\" \/>\n<meta property=\"og:title\" content=\"Ivette Topete Garc\u00eda Encabeza Rodada Ciclista para Promover la Prevenci\u00f3n y el Cuidado de la Salud de las Mujeres de Amecameca - Volcanes\" \/>\n<meta property=\"og:description\" content=\"En este mes rosa invitan a realizarse un chequeo m\u00e9dico de manera gratuita en el\" \/>\n<meta property=\"og:url\" content=\"https:\/\/volcanes.net\/?p=13842\" \/>\n<meta property=\"og:site_name\" content=\"Volcanes\" \/>\n<meta property=\"article:publisher\" content=\"https:\/\/www.facebook.com\/volcanes.net\/\" \/>\n<meta property=\"article:published_time\" content=\"2023-10-22T00:00:14+00:00\" \/>\n<meta property=\"article:modified_time\" content=\"2023-11-02T17:17:18+00:00\" \/>\n<meta property=\"og:image\" content=\"https:\/\/volcanes.net\/wp-content\/uploads\/2023\/11\/IMG-20231021-WA0055.jpg\" \/>\n\t<meta property=\"og:image:width\" content=\"353\" \/>\n\t<meta property=\"og:image:height\" content=\"265\" \/>\n\t<meta property=\"og:image:type\" content=\"image\/jpeg\" \/>\n<meta name=\"author\" content=\"admin\" \/>\n<meta name=\"twitter:card\" content=\"summary_large_image\" \/>\n<meta name=\"twitter:label1\" content=\"Escrito por\" \/>\n\t<meta name=\"twitter:data1\" content=\"admin\" \/>\n\t<meta name=\"twitter:label2\" content=\"Tiempo de lectura\" \/>\n\t<meta name=\"twitter:data2\" content=\"2 minutos\" \/>\n<script type=\"application\/ld+json\" class=\"yoast-schema-graph\">{\"@context\":\"https:\/\/schema.org\",\"@graph\":[{\"@type\":\"Article\",\"@id\":\"https:\/\/volcanes.net\/?p=13842#article\",\"isPartOf\":{\"@id\":\"https:\/\/volcanes.net\/?p=13842\"},\"author\":{\"name\":\"admin\",\"@id\":\"https:\/\/volcanes.net\/#\/schema\/person\/4bf0f383940966a4abd53f5048c0e6b9\"},\"headline\":\"Ivette Topete Garc\u00eda Encabeza Rodada Ciclista para Promover la Prevenci\u00f3n y el Cuidado de la Salud de las Mujeres de Amecameca\",\"datePublished\":\"2023-10-22T00:00:14+00:00\",\"dateModified\":\"2023-11-02T17:17:18+00:00\",\"mainEntityOfPage\":{\"@id\":\"https:\/\/volcanes.net\/?p=13842\"},\"wordCount\":326,\"commentCount\":0,\"publisher\":{\"@id\":\"https:\/\/volcanes.net\/#organization\"},\"image\":{\"@id\":\"https:\/\/volcanes.net\/?p=13842#primaryimage\"},\"thumbnailUrl\":\"https:\/\/volcanes.net\/wp-content\/uploads\/2023\/11\/IMG-20231021-WA0055.jpg\",\"keywords\":[\"Amecameca\"],\"articleSection\":[\"Estatales\"],\"inLanguage\":\"es\",\"potentialAction\":[{\"@type\":\"CommentAction\",\"name\":\"Comment\",\"target\":[\"https:\/\/volcanes.net\/?p=13842#respond\"]}]},{\"@type\":\"WebPage\",\"@id\":\"https:\/\/volcanes.net\/?p=13842\",\"url\":\"https:\/\/volcanes.net\/?p=13842\",\"name\":\"Ivette Topete Garc\u00eda Encabeza Rodada Ciclista para Promover la Prevenci\u00f3n y el Cuidado de la Salud de las Mujeres de Amecameca - Volcanes\",\"isPartOf\":{\"@id\":\"https:\/\/volcanes.net\/#website\"},\"primaryImageOfPage\":{\"@id\":\"https:\/\/volcanes.net\/?p=13842#primaryimage\"},\"image\":{\"@id\":\"https:\/\/volcanes.net\/?p=13842#primaryimage\"},\"thumbnailUrl\":\"https:\/\/volcanes.net\/wp-content\/uploads\/2023\/11\/IMG-20231021-WA0055.jpg\",\"datePublished\":\"2023-10-22T00:00:14+00:00\",\"dateModified\":\"2023-11-02T17:17:18+00:00\",\"breadcrumb\":{\"@id\":\"https:\/\/volcanes.net\/?p=13842#breadcrumb\"},\"inLanguage\":\"es\",\"potentialAction\":[{\"@type\":\"ReadAction\",\"target\":[\"https:\/\/volcanes.net\/?p=13842\"]}]},{\"@type\":\"ImageObject\",\"inLanguage\":\"es\",\"@id\":\"https:\/\/volcanes.net\/?p=13842#primaryimage\",\"url\":\"https:\/\/volcanes.net\/wp-content\/uploads\/2023\/11\/IMG-20231021-WA0055.jpg\",\"contentUrl\":\"https:\/\/volcanes.net\/wp-content\/uploads\/2023\/11\/IMG-20231021-WA0055.jpg\",\"width\":353,\"height\":265},{\"@type\":\"BreadcrumbList\",\"@id\":\"https:\/\/volcanes.net\/?p=13842#breadcrumb\",\"itemListElement\":[{\"@type\":\"ListItem\",\"position\":1,\"name\":\"Portada\",\"item\":\"https:\/\/volcanes.net\/\"},{\"@type\":\"ListItem\",\"position\":2,\"name\":\"Ivette Topete Garc\u00eda Encabeza Rodada Ciclista para Promover la Prevenci\u00f3n y el Cuidado de la Salud de las Mujeres de Amecameca\"}]},{\"@type\":\"WebSite\",\"@id\":\"https:\/\/volcanes.net\/#website\",\"url\":\"https:\/\/volcanes.net\/\",\"name\":\"Volcanes.Net\",\"description\":\"Periodismo Profesional\",\"publisher\":{\"@id\":\"https:\/\/volcanes.net\/#organization\"},\"potentialAction\":[{\"@type\":\"SearchAction\",\"target\":{\"@type\":\"EntryPoint\",\"urlTemplate\":\"https:\/\/volcanes.net\/?s={search_term_string}\"},\"query-input\":{\"@type\":\"PropertyValueSpecification\",\"valueRequired\":true,\"valueName\":\"search_term_string\"}}],\"inLanguage\":\"es\"},{\"@type\":\"Organization\",\"@id\":\"https:\/\/volcanes.net\/#organization\",\"name\":\"Grupo Volcanes\",\"url\":\"https:\/\/volcanes.net\/\",\"logo\":{\"@type\":\"ImageObject\",\"inLanguage\":\"es\",\"@id\":\"https:\/\/volcanes.net\/#\/schema\/logo\/image\/\",\"url\":\"http:\/\/volcanes.net\/wp-content\/uploads\/2017\/12\/Avatar2.jpg\",\"contentUrl\":\"http:\/\/volcanes.net\/wp-content\/uploads\/2017\/12\/Avatar2.jpg\",\"width\":378,\"height\":378,\"caption\":\"Grupo Volcanes\"},\"image\":{\"@id\":\"https:\/\/volcanes.net\/#\/schema\/logo\/image\/\"},\"sameAs\":[\"https:\/\/www.facebook.com\/volcanes.net\/\"]},{\"@type\":\"Person\",\"@id\":\"https:\/\/volcanes.net\/#\/schema\/person\/4bf0f383940966a4abd53f5048c0e6b9\",\"name\":\"admin\",\"image\":{\"@type\":\"ImageObject\",\"inLanguage\":\"es\",\"@id\":\"https:\/\/volcanes.net\/#\/schema\/person\/image\/\",\"url\":\"https:\/\/secure.gravatar.com\/avatar\/ca004e6cba8462b8cb7abc86e382930c?s=96&d=mm&r=g\",\"contentUrl\":\"https:\/\/secure.gravatar.com\/avatar\/ca004e6cba8462b8cb7abc86e382930c?s=96&d=mm&r=g\",\"caption\":\"admin\"}}]}<\/script>\n<!-- \/ Yoast SEO plugin. -->","yoast_head_json":{"title":"Ivette Topete Garc\u00eda Encabeza Rodada Ciclista para Promover la Prevenci\u00f3n y el Cuidado de la Salud de las Mujeres de Amecameca - Volcanes","robots":{"index":"index","follow":"follow","max-snippet":"max-snippet:-1","max-image-preview":"max-image-preview:large","max-video-preview":"max-video-preview:-1"},"canonical":"https:\/\/volcanes.net\/?p=13842","og_locale":"es_MX","og_type":"article","og_title":"Ivette Topete Garc\u00eda Encabeza Rodada Ciclista para Promover la Prevenci\u00f3n y el Cuidado de la Salud de las Mujeres de Amecameca - Volcanes","og_description":"En este mes rosa invitan a realizarse un chequeo m\u00e9dico de manera gratuita en el","og_url":"https:\/\/volcanes.net\/?p=13842","og_site_name":"Volcanes","article_publisher":"https:\/\/www.facebook.com\/volcanes.net\/","article_published_time":"2023-10-22T00:00:14+00:00","article_modified_time":"2023-11-02T17:17:18+00:00","og_image":[{"width":353,"height":265,"url":"https:\/\/volcanes.net\/wp-content\/uploads\/2023\/11\/IMG-20231021-WA0055.jpg","type":"image\/jpeg"}],"author":"admin","twitter_card":"summary_large_image","twitter_misc":{"Escrito por":"admin","Tiempo de lectura":"2 minutos"},"schema":{"@context":"https:\/\/schema.org","@graph":[{"@type":"Article","@id":"https:\/\/volcanes.net\/?p=13842#article","isPartOf":{"@id":"https:\/\/volcanes.net\/?p=13842"},"author":{"name":"admin","@id":"https:\/\/volcanes.net\/#\/schema\/person\/4bf0f383940966a4abd53f5048c0e6b9"},"headline":"Ivette Topete Garc\u00eda Encabeza Rodada Ciclista para Promover la Prevenci\u00f3n y el Cuidado de la Salud de las Mujeres de Amecameca","datePublished":"2023-10-22T00:00:14+00:00","dateModified":"2023-11-02T17:17:18+00:00","mainEntityOfPage":{"@id":"https:\/\/volcanes.net\/?p=13842"},"wordCount":326,"commentCount":0,"publisher":{"@id":"https:\/\/volcanes.net\/#organization"},"image":{"@id":"https:\/\/volcanes.net\/?p=13842#primaryimage"},"thumbnailUrl":"https:\/\/volcanes.net\/wp-content\/uploads\/2023\/11\/IMG-20231021-WA0055.jpg","keywords":["Amecameca"],"articleSection":["Estatales"],"inLanguage":"es","potentialAction":[{"@type":"CommentAction","name":"Comment","target":["https:\/\/volcanes.net\/?p=13842#respond"]}]},{"@type":"WebPage","@id":"https:\/\/volcanes.net\/?p=13842","url":"https:\/\/volcanes.net\/?p=13842","name":"Ivette Topete Garc\u00eda Encabeza Rodada Ciclista para Promover la Prevenci\u00f3n y el Cuidado de la Salud de las Mujeres de Amecameca - Volcanes","isPartOf":{"@id":"https:\/\/volcanes.net\/#website"},"primaryImageOfPage":{"@id":"https:\/\/volcanes.net\/?p=13842#primaryimage"},"image":{"@id":"https:\/\/volcanes.net\/?p=13842#primaryimage"},"thumbnailUrl":"https:\/\/volcanes.net\/wp-content\/uploads\/2023\/11\/IMG-20231021-WA0055.jpg","datePublished":"2023-10-22T00:00:14+00:00","dateModified":"2023-11-02T17:17:18+00:00","breadcrumb":{"@id":"https:\/\/volcanes.net\/?p=13842#breadcrumb"},"inLanguage":"es","potentialAction":[{"@type":"ReadAction","target":["https:\/\/volcanes.net\/?p=13842"]}]},{"@type":"ImageObject","inLanguage":"es","@id":"https:\/\/volcanes.net\/?p=13842#primaryimage","url":"https:\/\/volcanes.net\/wp-content\/uploads\/2023\/11\/IMG-20231021-WA0055.jpg","contentUrl":"https:\/\/volcanes.net\/wp-content\/uploads\/2023\/11\/IMG-20231021-WA0055.jpg","width":353,"height":265},{"@type":"BreadcrumbList","@id":"https:\/\/volcanes.net\/?p=13842#breadcrumb","itemListElement":[{"@type":"ListItem","position":1,"name":"Portada","item":"https:\/\/volcanes.net\/"},{"@type":"ListItem","position":2,"name":"Ivette Topete Garc\u00eda Encabeza Rodada Ciclista para Promover la Prevenci\u00f3n y el Cuidado de la Salud de las Mujeres de Amecameca"}]},{"@type":"WebSite","@id":"https:\/\/volcanes.net\/#website","url":"https:\/\/volcanes.net\/","name":"Volcanes.Net","description":"Periodismo Profesional","publisher":{"@id":"https:\/\/volcanes.net\/#organization"},"potentialAction":[{"@type":"SearchAction","target":{"@type":"EntryPoint","urlTemplate":"https:\/\/volcanes.net\/?s={search_term_string}"},"query-input":{"@type":"PropertyValueSpecification","valueRequired":true,"valueName":"search_term_string"}}],"inLanguage":"es"},{"@type":"Organization","@id":"https:\/\/volcanes.net\/#organization","name":"Grupo Volcanes","url":"https:\/\/volcanes.net\/","logo":{"@type":"ImageObject","inLanguage":"es","@id":"https:\/\/volcanes.net\/#\/schema\/logo\/image\/","url":"http:\/\/volcanes.net\/wp-content\/uploads\/2017\/12\/Avatar2.jpg","contentUrl":"http:\/\/volcanes.net\/wp-content\/uploads\/2017\/12\/Avatar2.jpg","width":378,"height":378,"caption":"Grupo Volcanes"},"image":{"@id":"https:\/\/volcanes.net\/#\/schema\/logo\/image\/"},"sameAs":["https:\/\/www.facebook.com\/volcanes.net\/"]},{"@type":"Person","@id":"https:\/\/volcanes.net\/#\/schema\/person\/4bf0f383940966a4abd53f5048c0e6b9","name":"admin","image":{"@type":"ImageObject","inLanguage":"es","@id":"https:\/\/volcanes.net\/#\/schema\/person\/image\/","url":"https:\/\/secure.gravatar.com\/avatar\/ca004e6cba8462b8cb7abc86e382930c?s=96&d=mm&r=g","contentUrl":"https:\/\/secure.gravatar.com\/avatar\/ca004e6cba8462b8cb7abc86e382930c?s=96&d=mm&r=g","caption":"admin"}}]}},"_links":{"self":[{"href":"https:\/\/volcanes.net\/index.php?rest_route=\/wp\/v2\/posts\/13842"}],"collection":[{"href":"https:\/\/volcanes.net\/index.php?rest_route=\/wp\/v2\/posts"}],"about":[{"href":"https:\/\/volcanes.net\/index.php?rest_route=\/wp\/v2\/types\/post"}],"author":[{"embeddable":true,"href":"https:\/\/volcanes.net\/index.php?rest_route=\/wp\/v2\/users\/1"}],"replies":[{"embeddable":true,"href":"https:\/\/volcanes.net\/index.php?rest_route=%2Fwp%2Fv2%2Fcomments&post=13842"}],"version-history":[{"count":1,"href":"https:\/\/volcanes.net\/index.php?rest_route=\/wp\/v2\/posts\/13842\/revisions"}],"predecessor-version":[{"id":13843,"href":"https:\/\/volcanes.net\/index.php?rest_route=\/wp\/v2\/posts\/13842\/revisions\/13843"}],"wp:featuredmedia":[{"embeddable":true,"href":"https:\/\/volcanes.net\/index.php?rest_route=\/wp\/v2\/media\/13841"}],"wp:attachment":[{"href":"https:\/\/volcanes.net\/index.php?rest_route=%2Fwp%2Fv2%2Fmedia&parent=13842"}],"wp:term":[{"taxonomy":"category","embeddable":true,"href":"https:\/\/volcanes.net\/index.php?rest_route=%2Fwp%2Fv2%2Fcategories&post=13842"},{"taxonomy":"post_tag","embeddable":true,"href":"https:\/\/volcanes.net\/index.php?rest_route=%2Fwp%2Fv2%2Ftags&post=13842"}],"curies":[{"name":"wp","href":"https:\/\/api.w.org\/{rel}","templated":true}]}}