{"id":13845,"date":"2023-10-20T18:00:12","date_gmt":"2023-10-21T00:00:12","guid":{"rendered":"https:\/\/volcanes.net\/?p=13845"},"modified":"2023-11-02T11:09:17","modified_gmt":"2023-11-02T17:09:17","slug":"ivette-topete-garcia-impulsa-acciones-de-prevencion-contra-el-cancer-de-mama-en-amecameca","status":"publish","type":"post","link":"https:\/\/volcanes.net\/?p=13845","title":{"rendered":"Ivette Topete Garc\u00eda Impulsa Acciones de Prevenci\u00f3n Contra el C\u00e1ncer de Mama en Amecameca"},"content":{"rendered":"<div style=\"margin-top: 0px; margin-bottom: 0px;\" class=\"sharethis-inline-share-buttons\" ><\/div><p>*** _En evento reciben donaci\u00f3n de cabello para pelucas oncol\u00f3gicas._<\/p>\n<p>** _Concientizaci\u00f3n, el primer paso hacia la prevenci\u00f3n, se\u00f1ala la mun\u00edcipe._<\/p>\n<p>*Amecameca, M\u00e9x. &#8212;* La alcaldesa Dra. Ivette Topete Garc\u00eda, encabez\u00f3 el evento del D\u00eda Internacional contra el C\u00e1ncer de Mama, con el objetivo de concientizar a toda la ciudadan\u00eda sobre esta enfermedad y promover la importancia de la detecci\u00f3n temprana.<\/p>\n<p>Las actividades incluyeron una clase de Taichi, un taller de autoexploraci\u00f3n de mama y el evento Trenzat\u00f3n2023.<\/p>\n<p>Estas acciones fueron dise\u00f1adas para fomentar la participaci\u00f3n de la comunidad y brindar informaci\u00f3n valiosa sobre la prevenci\u00f3n y el cuidado de la salud.<\/p>\n<p>Durante el evento, la alcaldesa expres\u00f3 su agradecimiento a todas las mujeres valientes que decidieron donar su cabello y trenzas para la creaci\u00f3n de pelucas oncol\u00f3gicas.<\/p>\n<p>&#8220;Esta muestra de solidaridad y apoyo es fundamental para las mujeres que est\u00e1n luchando contra el c\u00e1ncer de mama y demuestran la fuerza y la uni\u00f3n de nuestra comunidad&#8221;, a\u00f1adi\u00f3.<\/p>\n<p>Topete Garc\u00eda, destac\u00f3 la importancia de trabajar y gestionar acciones en beneficio de la salud y la integridad de las mujeres de su municipio.<\/p>\n<p>&#8220;Nuestro gobierno tiene como prioridad garantizar el bienestar de todas las mujeres y promover la detecci\u00f3n temprana del c\u00e1ncer de mama y es fundamental que todas las mujeres se cuiden y se autoexploren regularmente&#8221;, abund\u00f3.<\/p>\n<p>El #GobiernoParaTodos reafirma su compromiso de trabajar en beneficio de la salud y el bienestar de todas las mujeres. Con acciones concretas y programas de prevenci\u00f3n, se busca reducir la incidencia del c\u00e1ncer de mama y mejorar la calidad de vida.<\/p>\n","protected":false},"excerpt":{"rendered":"<p>*** _En evento reciben donaci\u00f3n de cabello para pelucas oncol\u00f3gicas._ ** _Concientizaci\u00f3n, el primer paso<\/p>\n","protected":false},"author":1,"featured_media":13844,"comment_status":"open","ping_status":"open","sticky":false,"template":"","format":"standard","meta":{"footnotes":""},"categories":[3],"tags":[7],"class_list":["post-13845","post","type-post","status-publish","format-standard","has-post-thumbnail","hentry","category-estatales","tag-amecameca"],"yoast_head":"<!-- This site is optimized with the Yoast SEO plugin v25.3 - https:\/\/yoast.com\/wordpress\/plugins\/seo\/ -->\n<title>Ivette Topete Garc\u00eda Impulsa Acciones de Prevenci\u00f3n Contra el C\u00e1ncer de Mama en Amecameca - Volcanes<\/title>\n<meta name=\"robots\" content=\"index, follow, max-snippet:-1, max-image-preview:large, max-video-preview:-1\" \/>\n<link rel=\"canonical\" href=\"https:\/\/volcanes.net\/?p=13845\" \/>\n<meta property=\"og:locale\" content=\"es_MX\" \/>\n<meta property=\"og:type\" content=\"article\" \/>\n<meta property=\"og:title\" content=\"Ivette Topete Garc\u00eda Impulsa Acciones de Prevenci\u00f3n Contra el C\u00e1ncer de Mama en Amecameca - Volcanes\" \/>\n<meta property=\"og:description\" content=\"*** _En evento reciben donaci\u00f3n de cabello para pelucas oncol\u00f3gicas._ ** _Concientizaci\u00f3n, el primer paso\" \/>\n<meta property=\"og:url\" content=\"https:\/\/volcanes.net\/?p=13845\" \/>\n<meta property=\"og:site_name\" content=\"Volcanes\" \/>\n<meta property=\"article:publisher\" content=\"https:\/\/www.facebook.com\/volcanes.net\/\" \/>\n<meta property=\"article:published_time\" content=\"2023-10-21T00:00:12+00:00\" \/>\n<meta property=\"article:modified_time\" content=\"2023-11-02T17:09:17+00:00\" \/>\n<meta property=\"og:image\" content=\"https:\/\/volcanes.net\/wp-content\/uploads\/2023\/11\/IMG-20231020-WA0135_copy_432x243.jpg\" \/>\n\t<meta property=\"og:image:width\" content=\"432\" \/>\n\t<meta property=\"og:image:height\" content=\"243\" \/>\n\t<meta property=\"og:image:type\" content=\"image\/jpeg\" \/>\n<meta name=\"author\" content=\"admin\" \/>\n<meta name=\"twitter:card\" content=\"summary_large_image\" \/>\n<meta name=\"twitter:label1\" content=\"Escrito por\" \/>\n\t<meta name=\"twitter:data1\" content=\"admin\" \/>\n\t<meta name=\"twitter:label2\" content=\"Tiempo de lectura\" \/>\n\t<meta name=\"twitter:data2\" content=\"1 minuto\" \/>\n<script type=\"application\/ld+json\" class=\"yoast-schema-graph\">{\"@context\":\"https:\/\/schema.org\",\"@graph\":[{\"@type\":\"Article\",\"@id\":\"https:\/\/volcanes.net\/?p=13845#article\",\"isPartOf\":{\"@id\":\"https:\/\/volcanes.net\/?p=13845\"},\"author\":{\"name\":\"admin\",\"@id\":\"https:\/\/volcanes.net\/#\/schema\/person\/4bf0f383940966a4abd53f5048c0e6b9\"},\"headline\":\"Ivette Topete Garc\u00eda Impulsa Acciones de Prevenci\u00f3n Contra el C\u00e1ncer de Mama en Amecameca\",\"datePublished\":\"2023-10-21T00:00:12+00:00\",\"dateModified\":\"2023-11-02T17:09:17+00:00\",\"mainEntityOfPage\":{\"@id\":\"https:\/\/volcanes.net\/?p=13845\"},\"wordCount\":302,\"commentCount\":0,\"publisher\":{\"@id\":\"https:\/\/volcanes.net\/#organization\"},\"image\":{\"@id\":\"https:\/\/volcanes.net\/?p=13845#primaryimage\"},\"thumbnailUrl\":\"https:\/\/volcanes.net\/wp-content\/uploads\/2023\/11\/IMG-20231020-WA0135_copy_432x243.jpg\",\"keywords\":[\"Amecameca\"],\"articleSection\":[\"Estatales\"],\"inLanguage\":\"es\",\"potentialAction\":[{\"@type\":\"CommentAction\",\"name\":\"Comment\",\"target\":[\"https:\/\/volcanes.net\/?p=13845#respond\"]}]},{\"@type\":\"WebPage\",\"@id\":\"https:\/\/volcanes.net\/?p=13845\",\"url\":\"https:\/\/volcanes.net\/?p=13845\",\"name\":\"Ivette Topete Garc\u00eda Impulsa Acciones de Prevenci\u00f3n Contra el C\u00e1ncer de Mama en Amecameca - Volcanes\",\"isPartOf\":{\"@id\":\"https:\/\/volcanes.net\/#website\"},\"primaryImageOfPage\":{\"@id\":\"https:\/\/volcanes.net\/?p=13845#primaryimage\"},\"image\":{\"@id\":\"https:\/\/volcanes.net\/?p=13845#primaryimage\"},\"thumbnailUrl\":\"https:\/\/volcanes.net\/wp-content\/uploads\/2023\/11\/IMG-20231020-WA0135_copy_432x243.jpg\",\"datePublished\":\"2023-10-21T00:00:12+00:00\",\"dateModified\":\"2023-11-02T17:09:17+00:00\",\"breadcrumb\":{\"@id\":\"https:\/\/volcanes.net\/?p=13845#breadcrumb\"},\"inLanguage\":\"es\",\"potentialAction\":[{\"@type\":\"ReadAction\",\"target\":[\"https:\/\/volcanes.net\/?p=13845\"]}]},{\"@type\":\"ImageObject\",\"inLanguage\":\"es\",\"@id\":\"https:\/\/volcanes.net\/?p=13845#primaryimage\",\"url\":\"https:\/\/volcanes.net\/wp-content\/uploads\/2023\/11\/IMG-20231020-WA0135_copy_432x243.jpg\",\"contentUrl\":\"https:\/\/volcanes.net\/wp-content\/uploads\/2023\/11\/IMG-20231020-WA0135_copy_432x243.jpg\",\"width\":432,\"height\":243},{\"@type\":\"BreadcrumbList\",\"@id\":\"https:\/\/volcanes.net\/?p=13845#breadcrumb\",\"itemListElement\":[{\"@type\":\"ListItem\",\"position\":1,\"name\":\"Portada\",\"item\":\"https:\/\/volcanes.net\/\"},{\"@type\":\"ListItem\",\"position\":2,\"name\":\"Ivette Topete Garc\u00eda Impulsa Acciones de Prevenci\u00f3n Contra el C\u00e1ncer de Mama en Amecameca\"}]},{\"@type\":\"WebSite\",\"@id\":\"https:\/\/volcanes.net\/#website\",\"url\":\"https:\/\/volcanes.net\/\",\"name\":\"Volcanes.Net\",\"description\":\"Periodismo Profesional\",\"publisher\":{\"@id\":\"https:\/\/volcanes.net\/#organization\"},\"potentialAction\":[{\"@type\":\"SearchAction\",\"target\":{\"@type\":\"EntryPoint\",\"urlTemplate\":\"https:\/\/volcanes.net\/?s={search_term_string}\"},\"query-input\":{\"@type\":\"PropertyValueSpecification\",\"valueRequired\":true,\"valueName\":\"search_term_string\"}}],\"inLanguage\":\"es\"},{\"@type\":\"Organization\",\"@id\":\"https:\/\/volcanes.net\/#organization\",\"name\":\"Grupo Volcanes\",\"url\":\"https:\/\/volcanes.net\/\",\"logo\":{\"@type\":\"ImageObject\",\"inLanguage\":\"es\",\"@id\":\"https:\/\/volcanes.net\/#\/schema\/logo\/image\/\",\"url\":\"http:\/\/volcanes.net\/wp-content\/uploads\/2017\/12\/Avatar2.jpg\",\"contentUrl\":\"http:\/\/volcanes.net\/wp-content\/uploads\/2017\/12\/Avatar2.jpg\",\"width\":378,\"height\":378,\"caption\":\"Grupo Volcanes\"},\"image\":{\"@id\":\"https:\/\/volcanes.net\/#\/schema\/logo\/image\/\"},\"sameAs\":[\"https:\/\/www.facebook.com\/volcanes.net\/\"]},{\"@type\":\"Person\",\"@id\":\"https:\/\/volcanes.net\/#\/schema\/person\/4bf0f383940966a4abd53f5048c0e6b9\",\"name\":\"admin\",\"image\":{\"@type\":\"ImageObject\",\"inLanguage\":\"es\",\"@id\":\"https:\/\/volcanes.net\/#\/schema\/person\/image\/\",\"url\":\"https:\/\/secure.gravatar.com\/avatar\/ca004e6cba8462b8cb7abc86e382930c?s=96&d=mm&r=g\",\"contentUrl\":\"https:\/\/secure.gravatar.com\/avatar\/ca004e6cba8462b8cb7abc86e382930c?s=96&d=mm&r=g\",\"caption\":\"admin\"}}]}<\/script>\n<!-- \/ Yoast SEO plugin. -->","yoast_head_json":{"title":"Ivette Topete Garc\u00eda Impulsa Acciones de Prevenci\u00f3n Contra el C\u00e1ncer de Mama en Amecameca - Volcanes","robots":{"index":"index","follow":"follow","max-snippet":"max-snippet:-1","max-image-preview":"max-image-preview:large","max-video-preview":"max-video-preview:-1"},"canonical":"https:\/\/volcanes.net\/?p=13845","og_locale":"es_MX","og_type":"article","og_title":"Ivette Topete Garc\u00eda Impulsa Acciones de Prevenci\u00f3n Contra el C\u00e1ncer de Mama en Amecameca - Volcanes","og_description":"*** _En evento reciben donaci\u00f3n de cabello para pelucas oncol\u00f3gicas._ ** _Concientizaci\u00f3n, el primer paso","og_url":"https:\/\/volcanes.net\/?p=13845","og_site_name":"Volcanes","article_publisher":"https:\/\/www.facebook.com\/volcanes.net\/","article_published_time":"2023-10-21T00:00:12+00:00","article_modified_time":"2023-11-02T17:09:17+00:00","og_image":[{"width":432,"height":243,"url":"https:\/\/volcanes.net\/wp-content\/uploads\/2023\/11\/IMG-20231020-WA0135_copy_432x243.jpg","type":"image\/jpeg"}],"author":"admin","twitter_card":"summary_large_image","twitter_misc":{"Escrito por":"admin","Tiempo de lectura":"1 minuto"},"schema":{"@context":"https:\/\/schema.org","@graph":[{"@type":"Article","@id":"https:\/\/volcanes.net\/?p=13845#article","isPartOf":{"@id":"https:\/\/volcanes.net\/?p=13845"},"author":{"name":"admin","@id":"https:\/\/volcanes.net\/#\/schema\/person\/4bf0f383940966a4abd53f5048c0e6b9"},"headline":"Ivette Topete Garc\u00eda Impulsa Acciones de Prevenci\u00f3n Contra el C\u00e1ncer de Mama en Amecameca","datePublished":"2023-10-21T00:00:12+00:00","dateModified":"2023-11-02T17:09:17+00:00","mainEntityOfPage":{"@id":"https:\/\/volcanes.net\/?p=13845"},"wordCount":302,"commentCount":0,"publisher":{"@id":"https:\/\/volcanes.net\/#organization"},"image":{"@id":"https:\/\/volcanes.net\/?p=13845#primaryimage"},"thumbnailUrl":"https:\/\/volcanes.net\/wp-content\/uploads\/2023\/11\/IMG-20231020-WA0135_copy_432x243.jpg","keywords":["Amecameca"],"articleSection":["Estatales"],"inLanguage":"es","potentialAction":[{"@type":"CommentAction","name":"Comment","target":["https:\/\/volcanes.net\/?p=13845#respond"]}]},{"@type":"WebPage","@id":"https:\/\/volcanes.net\/?p=13845","url":"https:\/\/volcanes.net\/?p=13845","name":"Ivette Topete Garc\u00eda Impulsa Acciones de Prevenci\u00f3n Contra el C\u00e1ncer de Mama en Amecameca - Volcanes","isPartOf":{"@id":"https:\/\/volcanes.net\/#website"},"primaryImageOfPage":{"@id":"https:\/\/volcanes.net\/?p=13845#primaryimage"},"image":{"@id":"https:\/\/volcanes.net\/?p=13845#primaryimage"},"thumbnailUrl":"https:\/\/volcanes.net\/wp-content\/uploads\/2023\/11\/IMG-20231020-WA0135_copy_432x243.jpg","datePublished":"2023-10-21T00:00:12+00:00","dateModified":"2023-11-02T17:09:17+00:00","breadcrumb":{"@id":"https:\/\/volcanes.net\/?p=13845#breadcrumb"},"inLanguage":"es","potentialAction":[{"@type":"ReadAction","target":["https:\/\/volcanes.net\/?p=13845"]}]},{"@type":"ImageObject","inLanguage":"es","@id":"https:\/\/volcanes.net\/?p=13845#primaryimage","url":"https:\/\/volcanes.net\/wp-content\/uploads\/2023\/11\/IMG-20231020-WA0135_copy_432x243.jpg","contentUrl":"https:\/\/volcanes.net\/wp-content\/uploads\/2023\/11\/IMG-20231020-WA0135_copy_432x243.jpg","width":432,"height":243},{"@type":"BreadcrumbList","@id":"https:\/\/volcanes.net\/?p=13845#breadcrumb","itemListElement":[{"@type":"ListItem","position":1,"name":"Portada","item":"https:\/\/volcanes.net\/"},{"@type":"ListItem","position":2,"name":"Ivette Topete Garc\u00eda Impulsa Acciones de Prevenci\u00f3n Contra el C\u00e1ncer de Mama en Amecameca"}]},{"@type":"WebSite","@id":"https:\/\/volcanes.net\/#website","url":"https:\/\/volcanes.net\/","name":"Volcanes.Net","description":"Periodismo Profesional","publisher":{"@id":"https:\/\/volcanes.net\/#organization"},"potentialAction":[{"@type":"SearchAction","target":{"@type":"EntryPoint","urlTemplate":"https:\/\/volcanes.net\/?s={search_term_string}"},"query-input":{"@type":"PropertyValueSpecification","valueRequired":true,"valueName":"search_term_string"}}],"inLanguage":"es"},{"@type":"Organization","@id":"https:\/\/volcanes.net\/#organization","name":"Grupo Volcanes","url":"https:\/\/volcanes.net\/","logo":{"@type":"ImageObject","inLanguage":"es","@id":"https:\/\/volcanes.net\/#\/schema\/logo\/image\/","url":"http:\/\/volcanes.net\/wp-content\/uploads\/2017\/12\/Avatar2.jpg","contentUrl":"http:\/\/volcanes.net\/wp-content\/uploads\/2017\/12\/Avatar2.jpg","width":378,"height":378,"caption":"Grupo Volcanes"},"image":{"@id":"https:\/\/volcanes.net\/#\/schema\/logo\/image\/"},"sameAs":["https:\/\/www.facebook.com\/volcanes.net\/"]},{"@type":"Person","@id":"https:\/\/volcanes.net\/#\/schema\/person\/4bf0f383940966a4abd53f5048c0e6b9","name":"admin","image":{"@type":"ImageObject","inLanguage":"es","@id":"https:\/\/volcanes.net\/#\/schema\/person\/image\/","url":"https:\/\/secure.gravatar.com\/avatar\/ca004e6cba8462b8cb7abc86e382930c?s=96&d=mm&r=g","contentUrl":"https:\/\/secure.gravatar.com\/avatar\/ca004e6cba8462b8cb7abc86e382930c?s=96&d=mm&r=g","caption":"admin"}}]}},"_links":{"self":[{"href":"https:\/\/volcanes.net\/index.php?rest_route=\/wp\/v2\/posts\/13845"}],"collection":[{"href":"https:\/\/volcanes.net\/index.php?rest_route=\/wp\/v2\/posts"}],"about":[{"href":"https:\/\/volcanes.net\/index.php?rest_route=\/wp\/v2\/types\/post"}],"author":[{"embeddable":true,"href":"https:\/\/volcanes.net\/index.php?rest_route=\/wp\/v2\/users\/1"}],"replies":[{"embeddable":true,"href":"https:\/\/volcanes.net\/index.php?rest_route=%2Fwp%2Fv2%2Fcomments&post=13845"}],"version-history":[{"count":1,"href":"https:\/\/volcanes.net\/index.php?rest_route=\/wp\/v2\/posts\/13845\/revisions"}],"predecessor-version":[{"id":13846,"href":"https:\/\/volcanes.net\/index.php?rest_route=\/wp\/v2\/posts\/13845\/revisions\/13846"}],"wp:featuredmedia":[{"embeddable":true,"href":"https:\/\/volcanes.net\/index.php?rest_route=\/wp\/v2\/media\/13844"}],"wp:attachment":[{"href":"https:\/\/volcanes.net\/index.php?rest_route=%2Fwp%2Fv2%2Fmedia&parent=13845"}],"wp:term":[{"taxonomy":"category","embeddable":true,"href":"https:\/\/volcanes.net\/index.php?rest_route=%2Fwp%2Fv2%2Fcategories&post=13845"},{"taxonomy":"post_tag","embeddable":true,"href":"https:\/\/volcanes.net\/index.php?rest_route=%2Fwp%2Fv2%2Ftags&post=13845"}],"curies":[{"name":"wp","href":"https:\/\/api.w.org\/{rel}","templated":true}]}}