{"id":1386,"date":"2018-02-22T21:35:12","date_gmt":"2018-02-22T21:35:12","guid":{"rendered":"http:\/\/volcanes.net\/?p=1386"},"modified":"2018-02-22T21:35:12","modified_gmt":"2018-02-22T21:35:12","slug":"del-28-de-febrero-al-4-de-marzo-se-realizara-la-vi-feria-internacional-del-libro-texcoco-2018","status":"publish","type":"post","link":"https:\/\/volcanes.net\/?p=1386","title":{"rendered":"Del 28 de febrero al 4 de marzo se realizar\u00e1 la VI feria internacional del libro Texcoco 2018"},"content":{"rendered":"<div style=\"margin-top: 0px; margin-bottom: 0px;\" class=\"sharethis-inline-share-buttons\" ><\/div><p>Del 28 de febrero al 4 de marzo de este a\u00f1o, se realizar\u00e1 la Feria Internacional l del Libro en el jard\u00edn municipal de Texcoco, que este a\u00f1o estar\u00e1 dedicada al escritor jaliciense Mariano Azuela.<\/p>\n<p>&nbsp;<\/p>\n<p>Desde las donde del d\u00eda comenzar\u00e1 la actividad de esta feria, con la inauguraci\u00f3n de una muestra fotogr\u00e1fica por Oscar Gonz\u00e1lez Azuela, nieto del escritor Mariano Azuela, que en letras fotografi\u00f3 sus vivencias de la Revoluci\u00f3n Mexicana.<\/p>\n<p>&nbsp;<\/p>\n<p>El Presidente Municipal de Texcoco, Jes\u00fas Ad\u00e1n Gordo Ram\u00edrez, reconoci\u00f3 la disposicion del descendiente del escritor, as\u00ed como el apoyo de\u00a0 la Brigada para Leer en Libertad, quien llega con las\u00a0 editoriales para impulsar la buena lectura en Texcoco.<\/p>\n<p>&nbsp;<\/p>\n<p>\u201cNo tenemos que perder hoy por el internet, por las nuevas tecnolog\u00edas y las redes sociales el fomento a la lectura y la cultura\u201d, se\u00f1al\u00f3 el funcionario, se\u00f1alando que en esta ocaci\u00f3n por acuerdo de cabildo se autorizaron 430 mil pesos como inversi\u00f3n en La Feria Internacional del Libro Texcoco 2018.<\/p>\n<p>&nbsp;<\/p>\n<p>Agreg\u00f3 que como gobierno municipal siempre es importante el fomento a la lectura, de ah\u00ed la importancia de esta inversi\u00f3n para\u00a0 acercar los libros y la lectura a los ciudadanos de Texcoco.<\/p>\n","protected":false},"excerpt":{"rendered":"<p>Del 28 de febrero al 4 de marzo de este a\u00f1o, se realizar\u00e1 la Feria<\/p>\n","protected":false},"author":1,"featured_media":1387,"comment_status":"open","ping_status":"open","sticky":false,"template":"","format":"standard","meta":{"footnotes":""},"categories":[1],"tags":[22],"class_list":["post-1386","post","type-post","status-publish","format-standard","has-post-thumbnail","hentry","category-municipales","tag-texcoco"],"yoast_head":"<!-- This site is optimized with the Yoast SEO plugin v25.3 - https:\/\/yoast.com\/wordpress\/plugins\/seo\/ -->\n<title>Del 28 de febrero al 4 de marzo se realizar\u00e1 la VI feria internacional del libro Texcoco 2018 - Volcanes<\/title>\n<meta name=\"robots\" content=\"index, follow, max-snippet:-1, max-image-preview:large, max-video-preview:-1\" \/>\n<link rel=\"canonical\" href=\"https:\/\/volcanes.net\/?p=1386\" \/>\n<meta property=\"og:locale\" content=\"es_MX\" \/>\n<meta property=\"og:type\" content=\"article\" \/>\n<meta property=\"og:title\" content=\"Del 28 de febrero al 4 de marzo se realizar\u00e1 la VI feria internacional del libro Texcoco 2018 - Volcanes\" \/>\n<meta property=\"og:description\" content=\"Del 28 de febrero al 4 de marzo de este a\u00f1o, se realizar\u00e1 la Feria\" \/>\n<meta property=\"og:url\" content=\"https:\/\/volcanes.net\/?p=1386\" \/>\n<meta property=\"og:site_name\" content=\"Volcanes\" \/>\n<meta property=\"article:publisher\" content=\"https:\/\/www.facebook.com\/volcanes.net\/\" \/>\n<meta property=\"article:published_time\" content=\"2018-02-22T21:35:12+00:00\" \/>\n<meta property=\"og:image\" content=\"https:\/\/volcanes.net\/wp-content\/uploads\/2018\/02\/IMG_4505.jpg\" \/>\n\t<meta property=\"og:image:width\" content=\"448\" \/>\n\t<meta property=\"og:image:height\" content=\"299\" \/>\n\t<meta property=\"og:image:type\" content=\"image\/jpeg\" \/>\n<meta name=\"author\" content=\"admin\" \/>\n<meta name=\"twitter:card\" content=\"summary_large_image\" \/>\n<meta name=\"twitter:label1\" content=\"Escrito por\" \/>\n\t<meta name=\"twitter:data1\" content=\"admin\" \/>\n\t<meta name=\"twitter:label2\" content=\"Tiempo de lectura\" \/>\n\t<meta name=\"twitter:data2\" content=\"1 minuto\" \/>\n<script type=\"application\/ld+json\" class=\"yoast-schema-graph\">{\"@context\":\"https:\/\/schema.org\",\"@graph\":[{\"@type\":\"Article\",\"@id\":\"https:\/\/volcanes.net\/?p=1386#article\",\"isPartOf\":{\"@id\":\"https:\/\/volcanes.net\/?p=1386\"},\"author\":{\"name\":\"admin\",\"@id\":\"https:\/\/volcanes.net\/#\/schema\/person\/4bf0f383940966a4abd53f5048c0e6b9\"},\"headline\":\"Del 28 de febrero al 4 de marzo se realizar\u00e1 la VI feria internacional del libro Texcoco 2018\",\"datePublished\":\"2018-02-22T21:35:12+00:00\",\"mainEntityOfPage\":{\"@id\":\"https:\/\/volcanes.net\/?p=1386\"},\"wordCount\":226,\"commentCount\":0,\"publisher\":{\"@id\":\"https:\/\/volcanes.net\/#organization\"},\"image\":{\"@id\":\"https:\/\/volcanes.net\/?p=1386#primaryimage\"},\"thumbnailUrl\":\"https:\/\/volcanes.net\/wp-content\/uploads\/2018\/02\/IMG_4505.jpg\",\"keywords\":[\"Texcoco\"],\"articleSection\":[\"Municipales\"],\"inLanguage\":\"es\",\"potentialAction\":[{\"@type\":\"CommentAction\",\"name\":\"Comment\",\"target\":[\"https:\/\/volcanes.net\/?p=1386#respond\"]}]},{\"@type\":\"WebPage\",\"@id\":\"https:\/\/volcanes.net\/?p=1386\",\"url\":\"https:\/\/volcanes.net\/?p=1386\",\"name\":\"Del 28 de febrero al 4 de marzo se realizar\u00e1 la VI feria internacional del libro Texcoco 2018 - Volcanes\",\"isPartOf\":{\"@id\":\"https:\/\/volcanes.net\/#website\"},\"primaryImageOfPage\":{\"@id\":\"https:\/\/volcanes.net\/?p=1386#primaryimage\"},\"image\":{\"@id\":\"https:\/\/volcanes.net\/?p=1386#primaryimage\"},\"thumbnailUrl\":\"https:\/\/volcanes.net\/wp-content\/uploads\/2018\/02\/IMG_4505.jpg\",\"datePublished\":\"2018-02-22T21:35:12+00:00\",\"breadcrumb\":{\"@id\":\"https:\/\/volcanes.net\/?p=1386#breadcrumb\"},\"inLanguage\":\"es\",\"potentialAction\":[{\"@type\":\"ReadAction\",\"target\":[\"https:\/\/volcanes.net\/?p=1386\"]}]},{\"@type\":\"ImageObject\",\"inLanguage\":\"es\",\"@id\":\"https:\/\/volcanes.net\/?p=1386#primaryimage\",\"url\":\"https:\/\/volcanes.net\/wp-content\/uploads\/2018\/02\/IMG_4505.jpg\",\"contentUrl\":\"https:\/\/volcanes.net\/wp-content\/uploads\/2018\/02\/IMG_4505.jpg\",\"width\":448,\"height\":299},{\"@type\":\"BreadcrumbList\",\"@id\":\"https:\/\/volcanes.net\/?p=1386#breadcrumb\",\"itemListElement\":[{\"@type\":\"ListItem\",\"position\":1,\"name\":\"Portada\",\"item\":\"https:\/\/volcanes.net\/\"},{\"@type\":\"ListItem\",\"position\":2,\"name\":\"Del 28 de febrero al 4 de marzo se realizar\u00e1 la VI feria internacional del libro Texcoco 2018\"}]},{\"@type\":\"WebSite\",\"@id\":\"https:\/\/volcanes.net\/#website\",\"url\":\"https:\/\/volcanes.net\/\",\"name\":\"Volcanes.Net\",\"description\":\"Periodismo Profesional\",\"publisher\":{\"@id\":\"https:\/\/volcanes.net\/#organization\"},\"potentialAction\":[{\"@type\":\"SearchAction\",\"target\":{\"@type\":\"EntryPoint\",\"urlTemplate\":\"https:\/\/volcanes.net\/?s={search_term_string}\"},\"query-input\":{\"@type\":\"PropertyValueSpecification\",\"valueRequired\":true,\"valueName\":\"search_term_string\"}}],\"inLanguage\":\"es\"},{\"@type\":\"Organization\",\"@id\":\"https:\/\/volcanes.net\/#organization\",\"name\":\"Grupo Volcanes\",\"url\":\"https:\/\/volcanes.net\/\",\"logo\":{\"@type\":\"ImageObject\",\"inLanguage\":\"es\",\"@id\":\"https:\/\/volcanes.net\/#\/schema\/logo\/image\/\",\"url\":\"http:\/\/volcanes.net\/wp-content\/uploads\/2017\/12\/Avatar2.jpg\",\"contentUrl\":\"http:\/\/volcanes.net\/wp-content\/uploads\/2017\/12\/Avatar2.jpg\",\"width\":378,\"height\":378,\"caption\":\"Grupo Volcanes\"},\"image\":{\"@id\":\"https:\/\/volcanes.net\/#\/schema\/logo\/image\/\"},\"sameAs\":[\"https:\/\/www.facebook.com\/volcanes.net\/\"]},{\"@type\":\"Person\",\"@id\":\"https:\/\/volcanes.net\/#\/schema\/person\/4bf0f383940966a4abd53f5048c0e6b9\",\"name\":\"admin\",\"image\":{\"@type\":\"ImageObject\",\"inLanguage\":\"es\",\"@id\":\"https:\/\/volcanes.net\/#\/schema\/person\/image\/\",\"url\":\"https:\/\/secure.gravatar.com\/avatar\/ca004e6cba8462b8cb7abc86e382930c?s=96&d=mm&r=g\",\"contentUrl\":\"https:\/\/secure.gravatar.com\/avatar\/ca004e6cba8462b8cb7abc86e382930c?s=96&d=mm&r=g\",\"caption\":\"admin\"}}]}<\/script>\n<!-- \/ Yoast SEO plugin. -->","yoast_head_json":{"title":"Del 28 de febrero al 4 de marzo se realizar\u00e1 la VI feria internacional del libro Texcoco 2018 - Volcanes","robots":{"index":"index","follow":"follow","max-snippet":"max-snippet:-1","max-image-preview":"max-image-preview:large","max-video-preview":"max-video-preview:-1"},"canonical":"https:\/\/volcanes.net\/?p=1386","og_locale":"es_MX","og_type":"article","og_title":"Del 28 de febrero al 4 de marzo se realizar\u00e1 la VI feria internacional del libro Texcoco 2018 - Volcanes","og_description":"Del 28 de febrero al 4 de marzo de este a\u00f1o, se realizar\u00e1 la Feria","og_url":"https:\/\/volcanes.net\/?p=1386","og_site_name":"Volcanes","article_publisher":"https:\/\/www.facebook.com\/volcanes.net\/","article_published_time":"2018-02-22T21:35:12+00:00","og_image":[{"width":448,"height":299,"url":"https:\/\/volcanes.net\/wp-content\/uploads\/2018\/02\/IMG_4505.jpg","type":"image\/jpeg"}],"author":"admin","twitter_card":"summary_large_image","twitter_misc":{"Escrito por":"admin","Tiempo de lectura":"1 minuto"},"schema":{"@context":"https:\/\/schema.org","@graph":[{"@type":"Article","@id":"https:\/\/volcanes.net\/?p=1386#article","isPartOf":{"@id":"https:\/\/volcanes.net\/?p=1386"},"author":{"name":"admin","@id":"https:\/\/volcanes.net\/#\/schema\/person\/4bf0f383940966a4abd53f5048c0e6b9"},"headline":"Del 28 de febrero al 4 de marzo se realizar\u00e1 la VI feria internacional del libro Texcoco 2018","datePublished":"2018-02-22T21:35:12+00:00","mainEntityOfPage":{"@id":"https:\/\/volcanes.net\/?p=1386"},"wordCount":226,"commentCount":0,"publisher":{"@id":"https:\/\/volcanes.net\/#organization"},"image":{"@id":"https:\/\/volcanes.net\/?p=1386#primaryimage"},"thumbnailUrl":"https:\/\/volcanes.net\/wp-content\/uploads\/2018\/02\/IMG_4505.jpg","keywords":["Texcoco"],"articleSection":["Municipales"],"inLanguage":"es","potentialAction":[{"@type":"CommentAction","name":"Comment","target":["https:\/\/volcanes.net\/?p=1386#respond"]}]},{"@type":"WebPage","@id":"https:\/\/volcanes.net\/?p=1386","url":"https:\/\/volcanes.net\/?p=1386","name":"Del 28 de febrero al 4 de marzo se realizar\u00e1 la VI feria internacional del libro Texcoco 2018 - Volcanes","isPartOf":{"@id":"https:\/\/volcanes.net\/#website"},"primaryImageOfPage":{"@id":"https:\/\/volcanes.net\/?p=1386#primaryimage"},"image":{"@id":"https:\/\/volcanes.net\/?p=1386#primaryimage"},"thumbnailUrl":"https:\/\/volcanes.net\/wp-content\/uploads\/2018\/02\/IMG_4505.jpg","datePublished":"2018-02-22T21:35:12+00:00","breadcrumb":{"@id":"https:\/\/volcanes.net\/?p=1386#breadcrumb"},"inLanguage":"es","potentialAction":[{"@type":"ReadAction","target":["https:\/\/volcanes.net\/?p=1386"]}]},{"@type":"ImageObject","inLanguage":"es","@id":"https:\/\/volcanes.net\/?p=1386#primaryimage","url":"https:\/\/volcanes.net\/wp-content\/uploads\/2018\/02\/IMG_4505.jpg","contentUrl":"https:\/\/volcanes.net\/wp-content\/uploads\/2018\/02\/IMG_4505.jpg","width":448,"height":299},{"@type":"BreadcrumbList","@id":"https:\/\/volcanes.net\/?p=1386#breadcrumb","itemListElement":[{"@type":"ListItem","position":1,"name":"Portada","item":"https:\/\/volcanes.net\/"},{"@type":"ListItem","position":2,"name":"Del 28 de febrero al 4 de marzo se realizar\u00e1 la VI feria internacional del libro Texcoco 2018"}]},{"@type":"WebSite","@id":"https:\/\/volcanes.net\/#website","url":"https:\/\/volcanes.net\/","name":"Volcanes.Net","description":"Periodismo Profesional","publisher":{"@id":"https:\/\/volcanes.net\/#organization"},"potentialAction":[{"@type":"SearchAction","target":{"@type":"EntryPoint","urlTemplate":"https:\/\/volcanes.net\/?s={search_term_string}"},"query-input":{"@type":"PropertyValueSpecification","valueRequired":true,"valueName":"search_term_string"}}],"inLanguage":"es"},{"@type":"Organization","@id":"https:\/\/volcanes.net\/#organization","name":"Grupo Volcanes","url":"https:\/\/volcanes.net\/","logo":{"@type":"ImageObject","inLanguage":"es","@id":"https:\/\/volcanes.net\/#\/schema\/logo\/image\/","url":"http:\/\/volcanes.net\/wp-content\/uploads\/2017\/12\/Avatar2.jpg","contentUrl":"http:\/\/volcanes.net\/wp-content\/uploads\/2017\/12\/Avatar2.jpg","width":378,"height":378,"caption":"Grupo Volcanes"},"image":{"@id":"https:\/\/volcanes.net\/#\/schema\/logo\/image\/"},"sameAs":["https:\/\/www.facebook.com\/volcanes.net\/"]},{"@type":"Person","@id":"https:\/\/volcanes.net\/#\/schema\/person\/4bf0f383940966a4abd53f5048c0e6b9","name":"admin","image":{"@type":"ImageObject","inLanguage":"es","@id":"https:\/\/volcanes.net\/#\/schema\/person\/image\/","url":"https:\/\/secure.gravatar.com\/avatar\/ca004e6cba8462b8cb7abc86e382930c?s=96&d=mm&r=g","contentUrl":"https:\/\/secure.gravatar.com\/avatar\/ca004e6cba8462b8cb7abc86e382930c?s=96&d=mm&r=g","caption":"admin"}}]}},"_links":{"self":[{"href":"https:\/\/volcanes.net\/index.php?rest_route=\/wp\/v2\/posts\/1386"}],"collection":[{"href":"https:\/\/volcanes.net\/index.php?rest_route=\/wp\/v2\/posts"}],"about":[{"href":"https:\/\/volcanes.net\/index.php?rest_route=\/wp\/v2\/types\/post"}],"author":[{"embeddable":true,"href":"https:\/\/volcanes.net\/index.php?rest_route=\/wp\/v2\/users\/1"}],"replies":[{"embeddable":true,"href":"https:\/\/volcanes.net\/index.php?rest_route=%2Fwp%2Fv2%2Fcomments&post=1386"}],"version-history":[{"count":1,"href":"https:\/\/volcanes.net\/index.php?rest_route=\/wp\/v2\/posts\/1386\/revisions"}],"predecessor-version":[{"id":1388,"href":"https:\/\/volcanes.net\/index.php?rest_route=\/wp\/v2\/posts\/1386\/revisions\/1388"}],"wp:featuredmedia":[{"embeddable":true,"href":"https:\/\/volcanes.net\/index.php?rest_route=\/wp\/v2\/media\/1387"}],"wp:attachment":[{"href":"https:\/\/volcanes.net\/index.php?rest_route=%2Fwp%2Fv2%2Fmedia&parent=1386"}],"wp:term":[{"taxonomy":"category","embeddable":true,"href":"https:\/\/volcanes.net\/index.php?rest_route=%2Fwp%2Fv2%2Fcategories&post=1386"},{"taxonomy":"post_tag","embeddable":true,"href":"https:\/\/volcanes.net\/index.php?rest_route=%2Fwp%2Fv2%2Ftags&post=1386"}],"curies":[{"name":"wp","href":"https:\/\/api.w.org\/{rel}","templated":true}]}}