{"id":13874,"date":"2023-11-13T20:51:31","date_gmt":"2023-11-14T02:51:31","guid":{"rendered":"https:\/\/volcanes.net\/?p=13874"},"modified":"2023-12-12T20:53:08","modified_gmt":"2023-12-13T02:53:08","slug":"mejoras-en-infraestructura-vial-rehabilitacion-de-la-calle-plan-de-ayutla-en-tepelixpa","status":"publish","type":"post","link":"https:\/\/volcanes.net\/?p=13874","title":{"rendered":"Mejoras en Infraestructura Vial: Rehabilitaci\u00f3n de la Calle Plan de Ayutla en Tepelixpa"},"content":{"rendered":"<div style=\"margin-top: 0px; margin-bottom: 0px;\" class=\"sharethis-inline-share-buttons\" ><\/div><p><span class=\"x193iq5w xeuugli x13faqbe x1vvkbs x1xmvt09 x1lliihq x1s928wv xhkezso x1gmr53x x1cpjm7i x1fgarty x1943h6x xudqn12 x3x7a5m x6prxxf xvq8zen xo1l8bm xzsf02u\" dir=\"auto\">Tepelixpa, estado de M\u00e9xico.- El gobierno municipal de Tepelixpa anuncia el inicio de la tan esperada rehabilitaci\u00f3n de la calle Plan de Ayutla, una v\u00eda crucial para el acceso al municipio. La intervenci\u00f3n incluir\u00e1 la construcci\u00f3n de guarniciones y banquetas, mejorando significativamente la infraestructura vial en esta importante arteria.<\/p>\n<p>Esta iniciativa, liderada por el presidente municipal, Abelardo Rodr\u00edguez Garc\u00eda, demuestra el compromiso de la administraci\u00f3n con el desarrollo y bienestar de la comunidad. La reparaci\u00f3n de la calle Plan de Ayutla se une a los esfuerzos en curso para revitalizar la calle Ferrocarril, consolidando as\u00ed un plan integral de mejora en las v\u00edas de acceso al municipio.<\/p>\n<p>Estas obras no solo transforman la est\u00e9tica urbana, sino que tambi\u00e9n contribuyen a la seguridad vial y facilitan la movilidad de los residentes. El presidente municipal destaca su compromiso con el progreso, subrayando la importancia de estas mejoras para el crecimiento y la calidad de vida en Tepelixpa.<\/span><\/p>\n","protected":false},"excerpt":{"rendered":"<p>Tepelixpa, estado de M\u00e9xico.- El gobierno municipal de Tepelixpa anuncia el inicio de la tan<\/p>\n","protected":false},"author":1,"featured_media":13875,"comment_status":"open","ping_status":"open","sticky":false,"template":"","format":"standard","meta":{"footnotes":""},"categories":[1],"tags":[16],"class_list":["post-13874","post","type-post","status-publish","format-standard","has-post-thumbnail","hentry","category-municipales","tag-tepetlixpa"],"yoast_head":"<!-- This site is optimized with the Yoast SEO plugin v25.3 - https:\/\/yoast.com\/wordpress\/plugins\/seo\/ -->\n<title>Mejoras en Infraestructura Vial: Rehabilitaci\u00f3n de la Calle Plan de Ayutla en Tepelixpa - Volcanes<\/title>\n<meta name=\"robots\" content=\"index, follow, max-snippet:-1, max-image-preview:large, max-video-preview:-1\" \/>\n<link rel=\"canonical\" href=\"https:\/\/volcanes.net\/?p=13874\" \/>\n<meta property=\"og:locale\" content=\"es_MX\" \/>\n<meta property=\"og:type\" content=\"article\" \/>\n<meta property=\"og:title\" content=\"Mejoras en Infraestructura Vial: Rehabilitaci\u00f3n de la Calle Plan de Ayutla en Tepelixpa - Volcanes\" \/>\n<meta property=\"og:description\" content=\"Tepelixpa, estado de M\u00e9xico.- El gobierno municipal de Tepelixpa anuncia el inicio de la tan\" \/>\n<meta property=\"og:url\" content=\"https:\/\/volcanes.net\/?p=13874\" \/>\n<meta property=\"og:site_name\" content=\"Volcanes\" \/>\n<meta property=\"article:publisher\" content=\"https:\/\/www.facebook.com\/volcanes.net\/\" \/>\n<meta property=\"article:published_time\" content=\"2023-11-14T02:51:31+00:00\" \/>\n<meta property=\"article:modified_time\" content=\"2023-12-13T02:53:08+00:00\" \/>\n<meta property=\"og:image\" content=\"https:\/\/volcanes.net\/wp-content\/uploads\/2023\/12\/Ayutla.jpg\" \/>\n\t<meta property=\"og:image:width\" content=\"1600\" \/>\n\t<meta property=\"og:image:height\" content=\"1200\" \/>\n\t<meta property=\"og:image:type\" content=\"image\/jpeg\" \/>\n<meta name=\"author\" content=\"admin\" \/>\n<meta name=\"twitter:card\" content=\"summary_large_image\" \/>\n<meta name=\"twitter:label1\" content=\"Escrito por\" \/>\n\t<meta name=\"twitter:data1\" content=\"admin\" \/>\n\t<meta name=\"twitter:label2\" content=\"Tiempo de lectura\" \/>\n\t<meta name=\"twitter:data2\" content=\"1 minuto\" \/>\n<script type=\"application\/ld+json\" class=\"yoast-schema-graph\">{\"@context\":\"https:\/\/schema.org\",\"@graph\":[{\"@type\":\"Article\",\"@id\":\"https:\/\/volcanes.net\/?p=13874#article\",\"isPartOf\":{\"@id\":\"https:\/\/volcanes.net\/?p=13874\"},\"author\":{\"name\":\"admin\",\"@id\":\"https:\/\/volcanes.net\/#\/schema\/person\/4bf0f383940966a4abd53f5048c0e6b9\"},\"headline\":\"Mejoras en Infraestructura Vial: Rehabilitaci\u00f3n de la Calle Plan de Ayutla en Tepelixpa\",\"datePublished\":\"2023-11-14T02:51:31+00:00\",\"dateModified\":\"2023-12-13T02:53:08+00:00\",\"mainEntityOfPage\":{\"@id\":\"https:\/\/volcanes.net\/?p=13874\"},\"wordCount\":182,\"commentCount\":0,\"publisher\":{\"@id\":\"https:\/\/volcanes.net\/#organization\"},\"image\":{\"@id\":\"https:\/\/volcanes.net\/?p=13874#primaryimage\"},\"thumbnailUrl\":\"https:\/\/volcanes.net\/wp-content\/uploads\/2023\/12\/Ayutla.jpg\",\"keywords\":[\"Tepetlixpa\"],\"articleSection\":[\"Municipales\"],\"inLanguage\":\"es\",\"potentialAction\":[{\"@type\":\"CommentAction\",\"name\":\"Comment\",\"target\":[\"https:\/\/volcanes.net\/?p=13874#respond\"]}]},{\"@type\":\"WebPage\",\"@id\":\"https:\/\/volcanes.net\/?p=13874\",\"url\":\"https:\/\/volcanes.net\/?p=13874\",\"name\":\"Mejoras en Infraestructura Vial: Rehabilitaci\u00f3n de la Calle Plan de Ayutla en Tepelixpa - Volcanes\",\"isPartOf\":{\"@id\":\"https:\/\/volcanes.net\/#website\"},\"primaryImageOfPage\":{\"@id\":\"https:\/\/volcanes.net\/?p=13874#primaryimage\"},\"image\":{\"@id\":\"https:\/\/volcanes.net\/?p=13874#primaryimage\"},\"thumbnailUrl\":\"https:\/\/volcanes.net\/wp-content\/uploads\/2023\/12\/Ayutla.jpg\",\"datePublished\":\"2023-11-14T02:51:31+00:00\",\"dateModified\":\"2023-12-13T02:53:08+00:00\",\"breadcrumb\":{\"@id\":\"https:\/\/volcanes.net\/?p=13874#breadcrumb\"},\"inLanguage\":\"es\",\"potentialAction\":[{\"@type\":\"ReadAction\",\"target\":[\"https:\/\/volcanes.net\/?p=13874\"]}]},{\"@type\":\"ImageObject\",\"inLanguage\":\"es\",\"@id\":\"https:\/\/volcanes.net\/?p=13874#primaryimage\",\"url\":\"https:\/\/volcanes.net\/wp-content\/uploads\/2023\/12\/Ayutla.jpg\",\"contentUrl\":\"https:\/\/volcanes.net\/wp-content\/uploads\/2023\/12\/Ayutla.jpg\",\"width\":1600,\"height\":1200},{\"@type\":\"BreadcrumbList\",\"@id\":\"https:\/\/volcanes.net\/?p=13874#breadcrumb\",\"itemListElement\":[{\"@type\":\"ListItem\",\"position\":1,\"name\":\"Portada\",\"item\":\"https:\/\/volcanes.net\/\"},{\"@type\":\"ListItem\",\"position\":2,\"name\":\"Mejoras en Infraestructura Vial: Rehabilitaci\u00f3n de la Calle Plan de Ayutla en Tepelixpa\"}]},{\"@type\":\"WebSite\",\"@id\":\"https:\/\/volcanes.net\/#website\",\"url\":\"https:\/\/volcanes.net\/\",\"name\":\"Volcanes.Net\",\"description\":\"Periodismo Profesional\",\"publisher\":{\"@id\":\"https:\/\/volcanes.net\/#organization\"},\"potentialAction\":[{\"@type\":\"SearchAction\",\"target\":{\"@type\":\"EntryPoint\",\"urlTemplate\":\"https:\/\/volcanes.net\/?s={search_term_string}\"},\"query-input\":{\"@type\":\"PropertyValueSpecification\",\"valueRequired\":true,\"valueName\":\"search_term_string\"}}],\"inLanguage\":\"es\"},{\"@type\":\"Organization\",\"@id\":\"https:\/\/volcanes.net\/#organization\",\"name\":\"Grupo Volcanes\",\"url\":\"https:\/\/volcanes.net\/\",\"logo\":{\"@type\":\"ImageObject\",\"inLanguage\":\"es\",\"@id\":\"https:\/\/volcanes.net\/#\/schema\/logo\/image\/\",\"url\":\"http:\/\/volcanes.net\/wp-content\/uploads\/2017\/12\/Avatar2.jpg\",\"contentUrl\":\"http:\/\/volcanes.net\/wp-content\/uploads\/2017\/12\/Avatar2.jpg\",\"width\":378,\"height\":378,\"caption\":\"Grupo Volcanes\"},\"image\":{\"@id\":\"https:\/\/volcanes.net\/#\/schema\/logo\/image\/\"},\"sameAs\":[\"https:\/\/www.facebook.com\/volcanes.net\/\"]},{\"@type\":\"Person\",\"@id\":\"https:\/\/volcanes.net\/#\/schema\/person\/4bf0f383940966a4abd53f5048c0e6b9\",\"name\":\"admin\",\"image\":{\"@type\":\"ImageObject\",\"inLanguage\":\"es\",\"@id\":\"https:\/\/volcanes.net\/#\/schema\/person\/image\/\",\"url\":\"https:\/\/secure.gravatar.com\/avatar\/ca004e6cba8462b8cb7abc86e382930c?s=96&d=mm&r=g\",\"contentUrl\":\"https:\/\/secure.gravatar.com\/avatar\/ca004e6cba8462b8cb7abc86e382930c?s=96&d=mm&r=g\",\"caption\":\"admin\"}}]}<\/script>\n<!-- \/ Yoast SEO plugin. -->","yoast_head_json":{"title":"Mejoras en Infraestructura Vial: Rehabilitaci\u00f3n de la Calle Plan de Ayutla en Tepelixpa - Volcanes","robots":{"index":"index","follow":"follow","max-snippet":"max-snippet:-1","max-image-preview":"max-image-preview:large","max-video-preview":"max-video-preview:-1"},"canonical":"https:\/\/volcanes.net\/?p=13874","og_locale":"es_MX","og_type":"article","og_title":"Mejoras en Infraestructura Vial: Rehabilitaci\u00f3n de la Calle Plan de Ayutla en Tepelixpa - Volcanes","og_description":"Tepelixpa, estado de M\u00e9xico.- El gobierno municipal de Tepelixpa anuncia el inicio de la tan","og_url":"https:\/\/volcanes.net\/?p=13874","og_site_name":"Volcanes","article_publisher":"https:\/\/www.facebook.com\/volcanes.net\/","article_published_time":"2023-11-14T02:51:31+00:00","article_modified_time":"2023-12-13T02:53:08+00:00","og_image":[{"width":1600,"height":1200,"url":"https:\/\/volcanes.net\/wp-content\/uploads\/2023\/12\/Ayutla.jpg","type":"image\/jpeg"}],"author":"admin","twitter_card":"summary_large_image","twitter_misc":{"Escrito por":"admin","Tiempo de lectura":"1 minuto"},"schema":{"@context":"https:\/\/schema.org","@graph":[{"@type":"Article","@id":"https:\/\/volcanes.net\/?p=13874#article","isPartOf":{"@id":"https:\/\/volcanes.net\/?p=13874"},"author":{"name":"admin","@id":"https:\/\/volcanes.net\/#\/schema\/person\/4bf0f383940966a4abd53f5048c0e6b9"},"headline":"Mejoras en Infraestructura Vial: Rehabilitaci\u00f3n de la Calle Plan de Ayutla en Tepelixpa","datePublished":"2023-11-14T02:51:31+00:00","dateModified":"2023-12-13T02:53:08+00:00","mainEntityOfPage":{"@id":"https:\/\/volcanes.net\/?p=13874"},"wordCount":182,"commentCount":0,"publisher":{"@id":"https:\/\/volcanes.net\/#organization"},"image":{"@id":"https:\/\/volcanes.net\/?p=13874#primaryimage"},"thumbnailUrl":"https:\/\/volcanes.net\/wp-content\/uploads\/2023\/12\/Ayutla.jpg","keywords":["Tepetlixpa"],"articleSection":["Municipales"],"inLanguage":"es","potentialAction":[{"@type":"CommentAction","name":"Comment","target":["https:\/\/volcanes.net\/?p=13874#respond"]}]},{"@type":"WebPage","@id":"https:\/\/volcanes.net\/?p=13874","url":"https:\/\/volcanes.net\/?p=13874","name":"Mejoras en Infraestructura Vial: Rehabilitaci\u00f3n de la Calle Plan de Ayutla en Tepelixpa - Volcanes","isPartOf":{"@id":"https:\/\/volcanes.net\/#website"},"primaryImageOfPage":{"@id":"https:\/\/volcanes.net\/?p=13874#primaryimage"},"image":{"@id":"https:\/\/volcanes.net\/?p=13874#primaryimage"},"thumbnailUrl":"https:\/\/volcanes.net\/wp-content\/uploads\/2023\/12\/Ayutla.jpg","datePublished":"2023-11-14T02:51:31+00:00","dateModified":"2023-12-13T02:53:08+00:00","breadcrumb":{"@id":"https:\/\/volcanes.net\/?p=13874#breadcrumb"},"inLanguage":"es","potentialAction":[{"@type":"ReadAction","target":["https:\/\/volcanes.net\/?p=13874"]}]},{"@type":"ImageObject","inLanguage":"es","@id":"https:\/\/volcanes.net\/?p=13874#primaryimage","url":"https:\/\/volcanes.net\/wp-content\/uploads\/2023\/12\/Ayutla.jpg","contentUrl":"https:\/\/volcanes.net\/wp-content\/uploads\/2023\/12\/Ayutla.jpg","width":1600,"height":1200},{"@type":"BreadcrumbList","@id":"https:\/\/volcanes.net\/?p=13874#breadcrumb","itemListElement":[{"@type":"ListItem","position":1,"name":"Portada","item":"https:\/\/volcanes.net\/"},{"@type":"ListItem","position":2,"name":"Mejoras en Infraestructura Vial: Rehabilitaci\u00f3n de la Calle Plan de Ayutla en Tepelixpa"}]},{"@type":"WebSite","@id":"https:\/\/volcanes.net\/#website","url":"https:\/\/volcanes.net\/","name":"Volcanes.Net","description":"Periodismo Profesional","publisher":{"@id":"https:\/\/volcanes.net\/#organization"},"potentialAction":[{"@type":"SearchAction","target":{"@type":"EntryPoint","urlTemplate":"https:\/\/volcanes.net\/?s={search_term_string}"},"query-input":{"@type":"PropertyValueSpecification","valueRequired":true,"valueName":"search_term_string"}}],"inLanguage":"es"},{"@type":"Organization","@id":"https:\/\/volcanes.net\/#organization","name":"Grupo Volcanes","url":"https:\/\/volcanes.net\/","logo":{"@type":"ImageObject","inLanguage":"es","@id":"https:\/\/volcanes.net\/#\/schema\/logo\/image\/","url":"http:\/\/volcanes.net\/wp-content\/uploads\/2017\/12\/Avatar2.jpg","contentUrl":"http:\/\/volcanes.net\/wp-content\/uploads\/2017\/12\/Avatar2.jpg","width":378,"height":378,"caption":"Grupo Volcanes"},"image":{"@id":"https:\/\/volcanes.net\/#\/schema\/logo\/image\/"},"sameAs":["https:\/\/www.facebook.com\/volcanes.net\/"]},{"@type":"Person","@id":"https:\/\/volcanes.net\/#\/schema\/person\/4bf0f383940966a4abd53f5048c0e6b9","name":"admin","image":{"@type":"ImageObject","inLanguage":"es","@id":"https:\/\/volcanes.net\/#\/schema\/person\/image\/","url":"https:\/\/secure.gravatar.com\/avatar\/ca004e6cba8462b8cb7abc86e382930c?s=96&d=mm&r=g","contentUrl":"https:\/\/secure.gravatar.com\/avatar\/ca004e6cba8462b8cb7abc86e382930c?s=96&d=mm&r=g","caption":"admin"}}]}},"_links":{"self":[{"href":"https:\/\/volcanes.net\/index.php?rest_route=\/wp\/v2\/posts\/13874"}],"collection":[{"href":"https:\/\/volcanes.net\/index.php?rest_route=\/wp\/v2\/posts"}],"about":[{"href":"https:\/\/volcanes.net\/index.php?rest_route=\/wp\/v2\/types\/post"}],"author":[{"embeddable":true,"href":"https:\/\/volcanes.net\/index.php?rest_route=\/wp\/v2\/users\/1"}],"replies":[{"embeddable":true,"href":"https:\/\/volcanes.net\/index.php?rest_route=%2Fwp%2Fv2%2Fcomments&post=13874"}],"version-history":[{"count":1,"href":"https:\/\/volcanes.net\/index.php?rest_route=\/wp\/v2\/posts\/13874\/revisions"}],"predecessor-version":[{"id":13876,"href":"https:\/\/volcanes.net\/index.php?rest_route=\/wp\/v2\/posts\/13874\/revisions\/13876"}],"wp:featuredmedia":[{"embeddable":true,"href":"https:\/\/volcanes.net\/index.php?rest_route=\/wp\/v2\/media\/13875"}],"wp:attachment":[{"href":"https:\/\/volcanes.net\/index.php?rest_route=%2Fwp%2Fv2%2Fmedia&parent=13874"}],"wp:term":[{"taxonomy":"category","embeddable":true,"href":"https:\/\/volcanes.net\/index.php?rest_route=%2Fwp%2Fv2%2Fcategories&post=13874"},{"taxonomy":"post_tag","embeddable":true,"href":"https:\/\/volcanes.net\/index.php?rest_route=%2Fwp%2Fv2%2Ftags&post=13874"}],"curies":[{"name":"wp","href":"https:\/\/api.w.org\/{rel}","templated":true}]}}