{"id":13877,"date":"2023-11-30T20:08:47","date_gmt":"2023-12-01T02:08:47","guid":{"rendered":"https:\/\/volcanes.net\/?p=13877"},"modified":"2023-12-12T21:16:58","modified_gmt":"2023-12-13T03:16:58","slug":"avances-solidos-en-la-construccion-de-la-universidad-intercultural-en-tepetlixpa","status":"publish","type":"post","link":"https:\/\/volcanes.net\/?p=13877","title":{"rendered":"Avances S\u00f3lidos en la Construcci\u00f3n de la Universidad Intercultural en Tepetlixpa"},"content":{"rendered":"<div style=\"margin-top: 0px; margin-bottom: 0px;\" class=\"sharethis-inline-share-buttons\" ><\/div><p>El presidente municipal de Tepetlixpa, Abelardo Rodr\u00edguez Garc\u00eda, comparti\u00f3 emocionantes detalles sobre el progreso en la construcci\u00f3n del edificio de la Universidad Intercultural, ubicado en el municipio.<\/p>\n<p>&#8220;\u00a1Muy buenas tardes a todas y todos, especialmente a nuestros vecinos de Tepetlixpenses! Nos encontramos aqu\u00ed, donde est\u00e1 tomando forma la Universidad Intercultural. Acompa\u00f1\u00e1ndome est\u00e1 el director de la instituci\u00f3n, autoridades de la instituci\u00f3n y tambi\u00e9n algunos de los ciudadanos que nos informan constantemente sobre el uso responsable de los recursos&#8221;, expres\u00f3 el presidente.<\/p>\n<p>Rodr\u00edguez Garc\u00eda destac\u00f3 el significativo avance logrado hasta la fecha, espec\u00edficamente en el edificio llamado &#8220;Xochipilli&#8221;. Mencion\u00f3 que la compra del terreno, donado por el municipio, fue un paso crucial para el progreso de esta instituci\u00f3n educativa.<\/p>\n<p>&#8220;Adem\u00e1s de la construcci\u00f3n del edificio, estamos llevando a cabo otras obras importantes. La introducci\u00f3n de agua potable y la habilitaci\u00f3n del transporte escolar son iniciativas que buscan mejorar la calidad de la educaci\u00f3n aqu\u00ed&#8221;, afirm\u00f3 el presidente.<\/p>\n<p>En un recorrido por el primer nivel del edificio Xochipilli, Rodr\u00edguez Garc\u00eda inform\u00f3 que ya se han completado tres aulas junto con el n\u00facleo sanitario. Adem\u00e1s, se destac\u00f3 que el proceso de cableado ha finalizado, marcando un paso significativo hacia la conclusi\u00f3n de esta fase.<\/p>\n<p>Al llegar al tercer nivel del primer tercio del edificio, el presidente resalt\u00f3 que la construcci\u00f3n abarcar\u00e1 aproximadamente 3,700 metros cuadrados en total. Mostr\u00f3 entusiasmo al se\u00f1alar que est\u00e1n alcanzando la etapa final de esta secci\u00f3n del edificio.<\/p>\n<p>&#8220;Estamos comprometidos con brindar a nuestros estudiantes instalaciones modernas y adecuadas. Este proyecto no solo es un logro arquitect\u00f3nico, sino una inversi\u00f3n en el futuro educativo de nuestra comunidad&#8221;, concluy\u00f3 Abelardo Rodr\u00edguez Garc\u00eda.<\/p>\n<p>Con estos avances notables, la Universidad Intercultural en Tepetlixpa se perfila como un centro educativo integral que contribuir\u00e1 significativamente al desarrollo acad\u00e9mico y cultural de la regi\u00f3n.<\/p>\n","protected":false},"excerpt":{"rendered":"<p>El presidente municipal de Tepetlixpa, Abelardo Rodr\u00edguez Garc\u00eda, comparti\u00f3 emocionantes detalles sobre el progreso en<\/p>\n","protected":false},"author":1,"featured_media":13878,"comment_status":"open","ping_status":"open","sticky":false,"template":"","format":"standard","meta":{"footnotes":""},"categories":[1],"tags":[16],"class_list":["post-13877","post","type-post","status-publish","format-standard","has-post-thumbnail","hentry","category-municipales","tag-tepetlixpa"],"yoast_head":"<!-- This site is optimized with the Yoast SEO plugin v25.3 - https:\/\/yoast.com\/wordpress\/plugins\/seo\/ -->\n<title>Avances S\u00f3lidos en la Construcci\u00f3n de la Universidad Intercultural en Tepetlixpa - Volcanes<\/title>\n<meta name=\"robots\" content=\"index, follow, max-snippet:-1, max-image-preview:large, max-video-preview:-1\" \/>\n<link rel=\"canonical\" href=\"https:\/\/volcanes.net\/?p=13877\" \/>\n<meta property=\"og:locale\" content=\"es_MX\" \/>\n<meta property=\"og:type\" content=\"article\" \/>\n<meta property=\"og:title\" content=\"Avances S\u00f3lidos en la Construcci\u00f3n de la Universidad Intercultural en Tepetlixpa - Volcanes\" \/>\n<meta property=\"og:description\" content=\"El presidente municipal de Tepetlixpa, Abelardo Rodr\u00edguez Garc\u00eda, comparti\u00f3 emocionantes detalles sobre el progreso en\" \/>\n<meta property=\"og:url\" content=\"https:\/\/volcanes.net\/?p=13877\" \/>\n<meta property=\"og:site_name\" content=\"Volcanes\" \/>\n<meta property=\"article:publisher\" content=\"https:\/\/www.facebook.com\/volcanes.net\/\" \/>\n<meta property=\"article:published_time\" content=\"2023-12-01T02:08:47+00:00\" \/>\n<meta property=\"article:modified_time\" content=\"2023-12-13T03:16:58+00:00\" \/>\n<meta property=\"og:image\" content=\"https:\/\/volcanes.net\/wp-content\/uploads\/2023\/12\/Univer3.jpg\" \/>\n\t<meta property=\"og:image:width\" content=\"1420\" \/>\n\t<meta property=\"og:image:height\" content=\"851\" \/>\n\t<meta property=\"og:image:type\" content=\"image\/jpeg\" \/>\n<meta name=\"author\" content=\"admin\" \/>\n<meta name=\"twitter:card\" content=\"summary_large_image\" \/>\n<meta name=\"twitter:label1\" content=\"Escrito por\" \/>\n\t<meta name=\"twitter:data1\" content=\"admin\" \/>\n\t<meta name=\"twitter:label2\" content=\"Tiempo de lectura\" \/>\n\t<meta name=\"twitter:data2\" content=\"2 minutos\" \/>\n<script type=\"application\/ld+json\" class=\"yoast-schema-graph\">{\"@context\":\"https:\/\/schema.org\",\"@graph\":[{\"@type\":\"Article\",\"@id\":\"https:\/\/volcanes.net\/?p=13877#article\",\"isPartOf\":{\"@id\":\"https:\/\/volcanes.net\/?p=13877\"},\"author\":{\"name\":\"admin\",\"@id\":\"https:\/\/volcanes.net\/#\/schema\/person\/4bf0f383940966a4abd53f5048c0e6b9\"},\"headline\":\"Avances S\u00f3lidos en la Construcci\u00f3n de la Universidad Intercultural en Tepetlixpa\",\"datePublished\":\"2023-12-01T02:08:47+00:00\",\"dateModified\":\"2023-12-13T03:16:58+00:00\",\"mainEntityOfPage\":{\"@id\":\"https:\/\/volcanes.net\/?p=13877\"},\"wordCount\":342,\"commentCount\":0,\"publisher\":{\"@id\":\"https:\/\/volcanes.net\/#organization\"},\"image\":{\"@id\":\"https:\/\/volcanes.net\/?p=13877#primaryimage\"},\"thumbnailUrl\":\"https:\/\/volcanes.net\/wp-content\/uploads\/2023\/12\/Univer3.jpg\",\"keywords\":[\"Tepetlixpa\"],\"articleSection\":[\"Municipales\"],\"inLanguage\":\"es\",\"potentialAction\":[{\"@type\":\"CommentAction\",\"name\":\"Comment\",\"target\":[\"https:\/\/volcanes.net\/?p=13877#respond\"]}]},{\"@type\":\"WebPage\",\"@id\":\"https:\/\/volcanes.net\/?p=13877\",\"url\":\"https:\/\/volcanes.net\/?p=13877\",\"name\":\"Avances S\u00f3lidos en la Construcci\u00f3n de la Universidad Intercultural en Tepetlixpa - Volcanes\",\"isPartOf\":{\"@id\":\"https:\/\/volcanes.net\/#website\"},\"primaryImageOfPage\":{\"@id\":\"https:\/\/volcanes.net\/?p=13877#primaryimage\"},\"image\":{\"@id\":\"https:\/\/volcanes.net\/?p=13877#primaryimage\"},\"thumbnailUrl\":\"https:\/\/volcanes.net\/wp-content\/uploads\/2023\/12\/Univer3.jpg\",\"datePublished\":\"2023-12-01T02:08:47+00:00\",\"dateModified\":\"2023-12-13T03:16:58+00:00\",\"breadcrumb\":{\"@id\":\"https:\/\/volcanes.net\/?p=13877#breadcrumb\"},\"inLanguage\":\"es\",\"potentialAction\":[{\"@type\":\"ReadAction\",\"target\":[\"https:\/\/volcanes.net\/?p=13877\"]}]},{\"@type\":\"ImageObject\",\"inLanguage\":\"es\",\"@id\":\"https:\/\/volcanes.net\/?p=13877#primaryimage\",\"url\":\"https:\/\/volcanes.net\/wp-content\/uploads\/2023\/12\/Univer3.jpg\",\"contentUrl\":\"https:\/\/volcanes.net\/wp-content\/uploads\/2023\/12\/Univer3.jpg\",\"width\":1420,\"height\":851,\"caption\":\"Universidad Intercultural Plantel Tepetlixpa\"},{\"@type\":\"BreadcrumbList\",\"@id\":\"https:\/\/volcanes.net\/?p=13877#breadcrumb\",\"itemListElement\":[{\"@type\":\"ListItem\",\"position\":1,\"name\":\"Portada\",\"item\":\"https:\/\/volcanes.net\/\"},{\"@type\":\"ListItem\",\"position\":2,\"name\":\"Avances S\u00f3lidos en la Construcci\u00f3n de la Universidad Intercultural en Tepetlixpa\"}]},{\"@type\":\"WebSite\",\"@id\":\"https:\/\/volcanes.net\/#website\",\"url\":\"https:\/\/volcanes.net\/\",\"name\":\"Volcanes.Net\",\"description\":\"Periodismo Profesional\",\"publisher\":{\"@id\":\"https:\/\/volcanes.net\/#organization\"},\"potentialAction\":[{\"@type\":\"SearchAction\",\"target\":{\"@type\":\"EntryPoint\",\"urlTemplate\":\"https:\/\/volcanes.net\/?s={search_term_string}\"},\"query-input\":{\"@type\":\"PropertyValueSpecification\",\"valueRequired\":true,\"valueName\":\"search_term_string\"}}],\"inLanguage\":\"es\"},{\"@type\":\"Organization\",\"@id\":\"https:\/\/volcanes.net\/#organization\",\"name\":\"Grupo Volcanes\",\"url\":\"https:\/\/volcanes.net\/\",\"logo\":{\"@type\":\"ImageObject\",\"inLanguage\":\"es\",\"@id\":\"https:\/\/volcanes.net\/#\/schema\/logo\/image\/\",\"url\":\"http:\/\/volcanes.net\/wp-content\/uploads\/2017\/12\/Avatar2.jpg\",\"contentUrl\":\"http:\/\/volcanes.net\/wp-content\/uploads\/2017\/12\/Avatar2.jpg\",\"width\":378,\"height\":378,\"caption\":\"Grupo Volcanes\"},\"image\":{\"@id\":\"https:\/\/volcanes.net\/#\/schema\/logo\/image\/\"},\"sameAs\":[\"https:\/\/www.facebook.com\/volcanes.net\/\"]},{\"@type\":\"Person\",\"@id\":\"https:\/\/volcanes.net\/#\/schema\/person\/4bf0f383940966a4abd53f5048c0e6b9\",\"name\":\"admin\",\"image\":{\"@type\":\"ImageObject\",\"inLanguage\":\"es\",\"@id\":\"https:\/\/volcanes.net\/#\/schema\/person\/image\/\",\"url\":\"https:\/\/secure.gravatar.com\/avatar\/ca004e6cba8462b8cb7abc86e382930c?s=96&d=mm&r=g\",\"contentUrl\":\"https:\/\/secure.gravatar.com\/avatar\/ca004e6cba8462b8cb7abc86e382930c?s=96&d=mm&r=g\",\"caption\":\"admin\"}}]}<\/script>\n<!-- \/ Yoast SEO plugin. -->","yoast_head_json":{"title":"Avances S\u00f3lidos en la Construcci\u00f3n de la Universidad Intercultural en Tepetlixpa - Volcanes","robots":{"index":"index","follow":"follow","max-snippet":"max-snippet:-1","max-image-preview":"max-image-preview:large","max-video-preview":"max-video-preview:-1"},"canonical":"https:\/\/volcanes.net\/?p=13877","og_locale":"es_MX","og_type":"article","og_title":"Avances S\u00f3lidos en la Construcci\u00f3n de la Universidad Intercultural en Tepetlixpa - Volcanes","og_description":"El presidente municipal de Tepetlixpa, Abelardo Rodr\u00edguez Garc\u00eda, comparti\u00f3 emocionantes detalles sobre el progreso en","og_url":"https:\/\/volcanes.net\/?p=13877","og_site_name":"Volcanes","article_publisher":"https:\/\/www.facebook.com\/volcanes.net\/","article_published_time":"2023-12-01T02:08:47+00:00","article_modified_time":"2023-12-13T03:16:58+00:00","og_image":[{"width":1420,"height":851,"url":"https:\/\/volcanes.net\/wp-content\/uploads\/2023\/12\/Univer3.jpg","type":"image\/jpeg"}],"author":"admin","twitter_card":"summary_large_image","twitter_misc":{"Escrito por":"admin","Tiempo de lectura":"2 minutos"},"schema":{"@context":"https:\/\/schema.org","@graph":[{"@type":"Article","@id":"https:\/\/volcanes.net\/?p=13877#article","isPartOf":{"@id":"https:\/\/volcanes.net\/?p=13877"},"author":{"name":"admin","@id":"https:\/\/volcanes.net\/#\/schema\/person\/4bf0f383940966a4abd53f5048c0e6b9"},"headline":"Avances S\u00f3lidos en la Construcci\u00f3n de la Universidad Intercultural en Tepetlixpa","datePublished":"2023-12-01T02:08:47+00:00","dateModified":"2023-12-13T03:16:58+00:00","mainEntityOfPage":{"@id":"https:\/\/volcanes.net\/?p=13877"},"wordCount":342,"commentCount":0,"publisher":{"@id":"https:\/\/volcanes.net\/#organization"},"image":{"@id":"https:\/\/volcanes.net\/?p=13877#primaryimage"},"thumbnailUrl":"https:\/\/volcanes.net\/wp-content\/uploads\/2023\/12\/Univer3.jpg","keywords":["Tepetlixpa"],"articleSection":["Municipales"],"inLanguage":"es","potentialAction":[{"@type":"CommentAction","name":"Comment","target":["https:\/\/volcanes.net\/?p=13877#respond"]}]},{"@type":"WebPage","@id":"https:\/\/volcanes.net\/?p=13877","url":"https:\/\/volcanes.net\/?p=13877","name":"Avances S\u00f3lidos en la Construcci\u00f3n de la Universidad Intercultural en Tepetlixpa - Volcanes","isPartOf":{"@id":"https:\/\/volcanes.net\/#website"},"primaryImageOfPage":{"@id":"https:\/\/volcanes.net\/?p=13877#primaryimage"},"image":{"@id":"https:\/\/volcanes.net\/?p=13877#primaryimage"},"thumbnailUrl":"https:\/\/volcanes.net\/wp-content\/uploads\/2023\/12\/Univer3.jpg","datePublished":"2023-12-01T02:08:47+00:00","dateModified":"2023-12-13T03:16:58+00:00","breadcrumb":{"@id":"https:\/\/volcanes.net\/?p=13877#breadcrumb"},"inLanguage":"es","potentialAction":[{"@type":"ReadAction","target":["https:\/\/volcanes.net\/?p=13877"]}]},{"@type":"ImageObject","inLanguage":"es","@id":"https:\/\/volcanes.net\/?p=13877#primaryimage","url":"https:\/\/volcanes.net\/wp-content\/uploads\/2023\/12\/Univer3.jpg","contentUrl":"https:\/\/volcanes.net\/wp-content\/uploads\/2023\/12\/Univer3.jpg","width":1420,"height":851,"caption":"Universidad Intercultural Plantel Tepetlixpa"},{"@type":"BreadcrumbList","@id":"https:\/\/volcanes.net\/?p=13877#breadcrumb","itemListElement":[{"@type":"ListItem","position":1,"name":"Portada","item":"https:\/\/volcanes.net\/"},{"@type":"ListItem","position":2,"name":"Avances S\u00f3lidos en la Construcci\u00f3n de la Universidad Intercultural en Tepetlixpa"}]},{"@type":"WebSite","@id":"https:\/\/volcanes.net\/#website","url":"https:\/\/volcanes.net\/","name":"Volcanes.Net","description":"Periodismo Profesional","publisher":{"@id":"https:\/\/volcanes.net\/#organization"},"potentialAction":[{"@type":"SearchAction","target":{"@type":"EntryPoint","urlTemplate":"https:\/\/volcanes.net\/?s={search_term_string}"},"query-input":{"@type":"PropertyValueSpecification","valueRequired":true,"valueName":"search_term_string"}}],"inLanguage":"es"},{"@type":"Organization","@id":"https:\/\/volcanes.net\/#organization","name":"Grupo Volcanes","url":"https:\/\/volcanes.net\/","logo":{"@type":"ImageObject","inLanguage":"es","@id":"https:\/\/volcanes.net\/#\/schema\/logo\/image\/","url":"http:\/\/volcanes.net\/wp-content\/uploads\/2017\/12\/Avatar2.jpg","contentUrl":"http:\/\/volcanes.net\/wp-content\/uploads\/2017\/12\/Avatar2.jpg","width":378,"height":378,"caption":"Grupo Volcanes"},"image":{"@id":"https:\/\/volcanes.net\/#\/schema\/logo\/image\/"},"sameAs":["https:\/\/www.facebook.com\/volcanes.net\/"]},{"@type":"Person","@id":"https:\/\/volcanes.net\/#\/schema\/person\/4bf0f383940966a4abd53f5048c0e6b9","name":"admin","image":{"@type":"ImageObject","inLanguage":"es","@id":"https:\/\/volcanes.net\/#\/schema\/person\/image\/","url":"https:\/\/secure.gravatar.com\/avatar\/ca004e6cba8462b8cb7abc86e382930c?s=96&d=mm&r=g","contentUrl":"https:\/\/secure.gravatar.com\/avatar\/ca004e6cba8462b8cb7abc86e382930c?s=96&d=mm&r=g","caption":"admin"}}]}},"_links":{"self":[{"href":"https:\/\/volcanes.net\/index.php?rest_route=\/wp\/v2\/posts\/13877"}],"collection":[{"href":"https:\/\/volcanes.net\/index.php?rest_route=\/wp\/v2\/posts"}],"about":[{"href":"https:\/\/volcanes.net\/index.php?rest_route=\/wp\/v2\/types\/post"}],"author":[{"embeddable":true,"href":"https:\/\/volcanes.net\/index.php?rest_route=\/wp\/v2\/users\/1"}],"replies":[{"embeddable":true,"href":"https:\/\/volcanes.net\/index.php?rest_route=%2Fwp%2Fv2%2Fcomments&post=13877"}],"version-history":[{"count":1,"href":"https:\/\/volcanes.net\/index.php?rest_route=\/wp\/v2\/posts\/13877\/revisions"}],"predecessor-version":[{"id":13879,"href":"https:\/\/volcanes.net\/index.php?rest_route=\/wp\/v2\/posts\/13877\/revisions\/13879"}],"wp:featuredmedia":[{"embeddable":true,"href":"https:\/\/volcanes.net\/index.php?rest_route=\/wp\/v2\/media\/13878"}],"wp:attachment":[{"href":"https:\/\/volcanes.net\/index.php?rest_route=%2Fwp%2Fv2%2Fmedia&parent=13877"}],"wp:term":[{"taxonomy":"category","embeddable":true,"href":"https:\/\/volcanes.net\/index.php?rest_route=%2Fwp%2Fv2%2Fcategories&post=13877"},{"taxonomy":"post_tag","embeddable":true,"href":"https:\/\/volcanes.net\/index.php?rest_route=%2Fwp%2Fv2%2Ftags&post=13877"}],"curies":[{"name":"wp","href":"https:\/\/api.w.org\/{rel}","templated":true}]}}