{"id":13893,"date":"2023-09-05T20:50:43","date_gmt":"2023-09-06T02:50:43","guid":{"rendered":"https:\/\/volcanes.net\/?p=13893"},"modified":"2023-12-21T11:53:20","modified_gmt":"2023-12-21T17:53:20","slug":"presidente-municipal-de-tenango-del-aire-roberto-avila-celebra-transformaciones-en-infraestructura-escolar-y-anuncia-proyectos-de-salud","status":"publish","type":"post","link":"https:\/\/volcanes.net\/?p=13893","title":{"rendered":"Presidente Municipal de Tenango del Aire, Roberto \u00c1vila, Celebra Transformaciones en Infraestructura Escolar y Anuncia Proyectos de Salud"},"content":{"rendered":"<div style=\"margin-top: 0px; margin-bottom: 0px;\" class=\"sharethis-inline-share-buttons\" ><\/div><p>&#8211; Roberto \u00c1vila destaca el entusiasmo de los ni\u00f1os al inaugurar canchas de usos m\u00faltiples y anuncia remodelaci\u00f3n del centro de salud.<\/p>\n<p>En una emocionante tarde, el presidente municipal de Tenango del Aire, Roberto \u00c1vila, comparti\u00f3 las buenas nuevas sobre el progreso en las escuelas rurales del municipio.<\/p>\n<p>&#8220;Buenas tardes. Bueno, pues como ustedes saben, somos pr\u00e1cticamente rurales, y estamos trabajando en las diferentes escuelas&#8221;, inici\u00f3 \u00c1vila, resaltando el esfuerzo enfocado en la mejora de la educaci\u00f3n.<\/p>\n<p>El edil expres\u00f3 su satisfacci\u00f3n al observar el entusiasmo de los ni\u00f1os al inaugurar canchas de usos m\u00faltiples, destacando la diferencia en la infraestructura actual en comparaci\u00f3n con la anterior. &#8220;Hoy las canchas son totalmente diferentes. Anteriormente se hac\u00edan las placas de concreto. Hoy son totalmente lisas, obviamente con las pendientes para sacar el agua&#8221;, detall\u00f3.<\/p>\n<p>\u00c1vila enfatiz\u00f3 que estas transformaciones son la tercera en escuelas y la quinta en el municipio, evidenciando el compromiso con la educaci\u00f3n y el bienestar de la comunidad. &#8220;Estamos transformando nuestro municipio de Tenango del Aire, y bueno, pues hoy con todas las obras que acabo de anunciar, seguimos cambiando nuestro Tenango del Aire&#8221;, afirm\u00f3 con entusiasmo.<\/p>\n<p>El presidente municipal no solo se centra en la educaci\u00f3n, sino que tambi\u00e9n anunci\u00f3 importantes proyectos en el \u00e1rea de salud. &#8220;Vamos a remodelar el centro de salud de nuestro municipio de Tenango del Aire&#8221;, anunci\u00f3 \u00c1vila, subrayando el compromiso integral con el progreso del municipio.<\/p>\n<p>\u00c1vila destac\u00f3 la importancia de cumplir con las promesas hechas a la comunidad y agradeci\u00f3 a todos por el reconocimiento recibido. &#8220;El reconocimiento m\u00e1s sano y m\u00e1s puro que puede haber en esta tierra&#8221;, expres\u00f3 emocionado.<\/p>\n<p>Finalmente, el presidente municipal reiter\u00f3 su compromiso con el progreso de Tenango del Aire y agradeci\u00f3 a la comunidad por la confianza depositada en su administraci\u00f3n.<\/p>\n<p>Con proyectos tangibles en la educaci\u00f3n y la salud, Roberto \u00c1vila demuestra su compromiso con la transformaci\u00f3n y el bienestar de Tenango del Aire.<\/p>\n","protected":false},"excerpt":{"rendered":"<p>&#8211; Roberto \u00c1vila destaca el entusiasmo de los ni\u00f1os al inaugurar canchas de usos m\u00faltiples<\/p>\n","protected":false},"author":1,"featured_media":13894,"comment_status":"open","ping_status":"open","sticky":false,"template":"","format":"standard","meta":{"footnotes":""},"categories":[1],"tags":[17],"class_list":["post-13893","post","type-post","status-publish","format-standard","has-post-thumbnail","hentry","category-municipales","tag-tenango-del-aire"],"yoast_head":"<!-- This site is optimized with the Yoast SEO plugin v25.3 - https:\/\/yoast.com\/wordpress\/plugins\/seo\/ -->\n<title>Presidente Municipal de Tenango del Aire, Roberto \u00c1vila, Celebra Transformaciones en Infraestructura Escolar y Anuncia Proyectos de Salud - Volcanes<\/title>\n<meta name=\"robots\" content=\"index, follow, max-snippet:-1, max-image-preview:large, max-video-preview:-1\" \/>\n<link rel=\"canonical\" href=\"https:\/\/volcanes.net\/?p=13893\" \/>\n<meta property=\"og:locale\" content=\"es_MX\" \/>\n<meta property=\"og:type\" content=\"article\" \/>\n<meta property=\"og:title\" content=\"Presidente Municipal de Tenango del Aire, Roberto \u00c1vila, Celebra Transformaciones en Infraestructura Escolar y Anuncia Proyectos de Salud - Volcanes\" \/>\n<meta property=\"og:description\" content=\"&#8211; Roberto \u00c1vila destaca el entusiasmo de los ni\u00f1os al inaugurar canchas de usos m\u00faltiples\" \/>\n<meta property=\"og:url\" content=\"https:\/\/volcanes.net\/?p=13893\" \/>\n<meta property=\"og:site_name\" content=\"Volcanes\" \/>\n<meta property=\"article:publisher\" content=\"https:\/\/www.facebook.com\/volcanes.net\/\" \/>\n<meta property=\"article:published_time\" content=\"2023-09-06T02:50:43+00:00\" \/>\n<meta property=\"article:modified_time\" content=\"2023-12-21T17:53:20+00:00\" \/>\n<meta property=\"og:image\" content=\"https:\/\/volcanes.net\/wp-content\/uploads\/2023\/12\/WhatsApp-Image-2023-12-21-at-11.23.28-AM.jpeg\" \/>\n\t<meta property=\"og:image:width\" content=\"640\" \/>\n\t<meta property=\"og:image:height\" content=\"360\" \/>\n\t<meta property=\"og:image:type\" content=\"image\/jpeg\" \/>\n<meta name=\"author\" content=\"admin\" \/>\n<meta name=\"twitter:card\" content=\"summary_large_image\" \/>\n<meta name=\"twitter:label1\" content=\"Escrito por\" \/>\n\t<meta name=\"twitter:data1\" content=\"admin\" \/>\n\t<meta name=\"twitter:label2\" content=\"Tiempo de lectura\" \/>\n\t<meta name=\"twitter:data2\" content=\"2 minutos\" \/>\n<script type=\"application\/ld+json\" class=\"yoast-schema-graph\">{\"@context\":\"https:\/\/schema.org\",\"@graph\":[{\"@type\":\"Article\",\"@id\":\"https:\/\/volcanes.net\/?p=13893#article\",\"isPartOf\":{\"@id\":\"https:\/\/volcanes.net\/?p=13893\"},\"author\":{\"name\":\"admin\",\"@id\":\"https:\/\/volcanes.net\/#\/schema\/person\/4bf0f383940966a4abd53f5048c0e6b9\"},\"headline\":\"Presidente Municipal de Tenango del Aire, Roberto \u00c1vila, Celebra Transformaciones en Infraestructura Escolar y Anuncia Proyectos de Salud\",\"datePublished\":\"2023-09-06T02:50:43+00:00\",\"dateModified\":\"2023-12-21T17:53:20+00:00\",\"mainEntityOfPage\":{\"@id\":\"https:\/\/volcanes.net\/?p=13893\"},\"wordCount\":358,\"commentCount\":0,\"publisher\":{\"@id\":\"https:\/\/volcanes.net\/#organization\"},\"image\":{\"@id\":\"https:\/\/volcanes.net\/?p=13893#primaryimage\"},\"thumbnailUrl\":\"https:\/\/volcanes.net\/wp-content\/uploads\/2023\/12\/WhatsApp-Image-2023-12-21-at-11.23.28-AM.jpeg\",\"keywords\":[\"Tenango del Aire\"],\"articleSection\":[\"Municipales\"],\"inLanguage\":\"es\",\"potentialAction\":[{\"@type\":\"CommentAction\",\"name\":\"Comment\",\"target\":[\"https:\/\/volcanes.net\/?p=13893#respond\"]}]},{\"@type\":\"WebPage\",\"@id\":\"https:\/\/volcanes.net\/?p=13893\",\"url\":\"https:\/\/volcanes.net\/?p=13893\",\"name\":\"Presidente Municipal de Tenango del Aire, Roberto \u00c1vila, Celebra Transformaciones en Infraestructura Escolar y Anuncia Proyectos de Salud - Volcanes\",\"isPartOf\":{\"@id\":\"https:\/\/volcanes.net\/#website\"},\"primaryImageOfPage\":{\"@id\":\"https:\/\/volcanes.net\/?p=13893#primaryimage\"},\"image\":{\"@id\":\"https:\/\/volcanes.net\/?p=13893#primaryimage\"},\"thumbnailUrl\":\"https:\/\/volcanes.net\/wp-content\/uploads\/2023\/12\/WhatsApp-Image-2023-12-21-at-11.23.28-AM.jpeg\",\"datePublished\":\"2023-09-06T02:50:43+00:00\",\"dateModified\":\"2023-12-21T17:53:20+00:00\",\"breadcrumb\":{\"@id\":\"https:\/\/volcanes.net\/?p=13893#breadcrumb\"},\"inLanguage\":\"es\",\"potentialAction\":[{\"@type\":\"ReadAction\",\"target\":[\"https:\/\/volcanes.net\/?p=13893\"]}]},{\"@type\":\"ImageObject\",\"inLanguage\":\"es\",\"@id\":\"https:\/\/volcanes.net\/?p=13893#primaryimage\",\"url\":\"https:\/\/volcanes.net\/wp-content\/uploads\/2023\/12\/WhatsApp-Image-2023-12-21-at-11.23.28-AM.jpeg\",\"contentUrl\":\"https:\/\/volcanes.net\/wp-content\/uploads\/2023\/12\/WhatsApp-Image-2023-12-21-at-11.23.28-AM.jpeg\",\"width\":640,\"height\":360,\"caption\":\"Infraestructura educativa Tenango del Aire\"},{\"@type\":\"BreadcrumbList\",\"@id\":\"https:\/\/volcanes.net\/?p=13893#breadcrumb\",\"itemListElement\":[{\"@type\":\"ListItem\",\"position\":1,\"name\":\"Portada\",\"item\":\"https:\/\/volcanes.net\/\"},{\"@type\":\"ListItem\",\"position\":2,\"name\":\"Presidente Municipal de Tenango del Aire, Roberto \u00c1vila, Celebra Transformaciones en Infraestructura Escolar y Anuncia Proyectos de Salud\"}]},{\"@type\":\"WebSite\",\"@id\":\"https:\/\/volcanes.net\/#website\",\"url\":\"https:\/\/volcanes.net\/\",\"name\":\"Volcanes.Net\",\"description\":\"Periodismo Profesional\",\"publisher\":{\"@id\":\"https:\/\/volcanes.net\/#organization\"},\"potentialAction\":[{\"@type\":\"SearchAction\",\"target\":{\"@type\":\"EntryPoint\",\"urlTemplate\":\"https:\/\/volcanes.net\/?s={search_term_string}\"},\"query-input\":{\"@type\":\"PropertyValueSpecification\",\"valueRequired\":true,\"valueName\":\"search_term_string\"}}],\"inLanguage\":\"es\"},{\"@type\":\"Organization\",\"@id\":\"https:\/\/volcanes.net\/#organization\",\"name\":\"Grupo Volcanes\",\"url\":\"https:\/\/volcanes.net\/\",\"logo\":{\"@type\":\"ImageObject\",\"inLanguage\":\"es\",\"@id\":\"https:\/\/volcanes.net\/#\/schema\/logo\/image\/\",\"url\":\"http:\/\/volcanes.net\/wp-content\/uploads\/2017\/12\/Avatar2.jpg\",\"contentUrl\":\"http:\/\/volcanes.net\/wp-content\/uploads\/2017\/12\/Avatar2.jpg\",\"width\":378,\"height\":378,\"caption\":\"Grupo Volcanes\"},\"image\":{\"@id\":\"https:\/\/volcanes.net\/#\/schema\/logo\/image\/\"},\"sameAs\":[\"https:\/\/www.facebook.com\/volcanes.net\/\"]},{\"@type\":\"Person\",\"@id\":\"https:\/\/volcanes.net\/#\/schema\/person\/4bf0f383940966a4abd53f5048c0e6b9\",\"name\":\"admin\",\"image\":{\"@type\":\"ImageObject\",\"inLanguage\":\"es\",\"@id\":\"https:\/\/volcanes.net\/#\/schema\/person\/image\/\",\"url\":\"https:\/\/secure.gravatar.com\/avatar\/ca004e6cba8462b8cb7abc86e382930c?s=96&d=mm&r=g\",\"contentUrl\":\"https:\/\/secure.gravatar.com\/avatar\/ca004e6cba8462b8cb7abc86e382930c?s=96&d=mm&r=g\",\"caption\":\"admin\"}}]}<\/script>\n<!-- \/ Yoast SEO plugin. -->","yoast_head_json":{"title":"Presidente Municipal de Tenango del Aire, Roberto \u00c1vila, Celebra Transformaciones en Infraestructura Escolar y Anuncia Proyectos de Salud - Volcanes","robots":{"index":"index","follow":"follow","max-snippet":"max-snippet:-1","max-image-preview":"max-image-preview:large","max-video-preview":"max-video-preview:-1"},"canonical":"https:\/\/volcanes.net\/?p=13893","og_locale":"es_MX","og_type":"article","og_title":"Presidente Municipal de Tenango del Aire, Roberto \u00c1vila, Celebra Transformaciones en Infraestructura Escolar y Anuncia Proyectos de Salud - Volcanes","og_description":"&#8211; Roberto \u00c1vila destaca el entusiasmo de los ni\u00f1os al inaugurar canchas de usos m\u00faltiples","og_url":"https:\/\/volcanes.net\/?p=13893","og_site_name":"Volcanes","article_publisher":"https:\/\/www.facebook.com\/volcanes.net\/","article_published_time":"2023-09-06T02:50:43+00:00","article_modified_time":"2023-12-21T17:53:20+00:00","og_image":[{"width":640,"height":360,"url":"https:\/\/volcanes.net\/wp-content\/uploads\/2023\/12\/WhatsApp-Image-2023-12-21-at-11.23.28-AM.jpeg","type":"image\/jpeg"}],"author":"admin","twitter_card":"summary_large_image","twitter_misc":{"Escrito por":"admin","Tiempo de lectura":"2 minutos"},"schema":{"@context":"https:\/\/schema.org","@graph":[{"@type":"Article","@id":"https:\/\/volcanes.net\/?p=13893#article","isPartOf":{"@id":"https:\/\/volcanes.net\/?p=13893"},"author":{"name":"admin","@id":"https:\/\/volcanes.net\/#\/schema\/person\/4bf0f383940966a4abd53f5048c0e6b9"},"headline":"Presidente Municipal de Tenango del Aire, Roberto \u00c1vila, Celebra Transformaciones en Infraestructura Escolar y Anuncia Proyectos de Salud","datePublished":"2023-09-06T02:50:43+00:00","dateModified":"2023-12-21T17:53:20+00:00","mainEntityOfPage":{"@id":"https:\/\/volcanes.net\/?p=13893"},"wordCount":358,"commentCount":0,"publisher":{"@id":"https:\/\/volcanes.net\/#organization"},"image":{"@id":"https:\/\/volcanes.net\/?p=13893#primaryimage"},"thumbnailUrl":"https:\/\/volcanes.net\/wp-content\/uploads\/2023\/12\/WhatsApp-Image-2023-12-21-at-11.23.28-AM.jpeg","keywords":["Tenango del Aire"],"articleSection":["Municipales"],"inLanguage":"es","potentialAction":[{"@type":"CommentAction","name":"Comment","target":["https:\/\/volcanes.net\/?p=13893#respond"]}]},{"@type":"WebPage","@id":"https:\/\/volcanes.net\/?p=13893","url":"https:\/\/volcanes.net\/?p=13893","name":"Presidente Municipal de Tenango del Aire, Roberto \u00c1vila, Celebra Transformaciones en Infraestructura Escolar y Anuncia Proyectos de Salud - Volcanes","isPartOf":{"@id":"https:\/\/volcanes.net\/#website"},"primaryImageOfPage":{"@id":"https:\/\/volcanes.net\/?p=13893#primaryimage"},"image":{"@id":"https:\/\/volcanes.net\/?p=13893#primaryimage"},"thumbnailUrl":"https:\/\/volcanes.net\/wp-content\/uploads\/2023\/12\/WhatsApp-Image-2023-12-21-at-11.23.28-AM.jpeg","datePublished":"2023-09-06T02:50:43+00:00","dateModified":"2023-12-21T17:53:20+00:00","breadcrumb":{"@id":"https:\/\/volcanes.net\/?p=13893#breadcrumb"},"inLanguage":"es","potentialAction":[{"@type":"ReadAction","target":["https:\/\/volcanes.net\/?p=13893"]}]},{"@type":"ImageObject","inLanguage":"es","@id":"https:\/\/volcanes.net\/?p=13893#primaryimage","url":"https:\/\/volcanes.net\/wp-content\/uploads\/2023\/12\/WhatsApp-Image-2023-12-21-at-11.23.28-AM.jpeg","contentUrl":"https:\/\/volcanes.net\/wp-content\/uploads\/2023\/12\/WhatsApp-Image-2023-12-21-at-11.23.28-AM.jpeg","width":640,"height":360,"caption":"Infraestructura educativa Tenango del Aire"},{"@type":"BreadcrumbList","@id":"https:\/\/volcanes.net\/?p=13893#breadcrumb","itemListElement":[{"@type":"ListItem","position":1,"name":"Portada","item":"https:\/\/volcanes.net\/"},{"@type":"ListItem","position":2,"name":"Presidente Municipal de Tenango del Aire, Roberto \u00c1vila, Celebra Transformaciones en Infraestructura Escolar y Anuncia Proyectos de Salud"}]},{"@type":"WebSite","@id":"https:\/\/volcanes.net\/#website","url":"https:\/\/volcanes.net\/","name":"Volcanes.Net","description":"Periodismo Profesional","publisher":{"@id":"https:\/\/volcanes.net\/#organization"},"potentialAction":[{"@type":"SearchAction","target":{"@type":"EntryPoint","urlTemplate":"https:\/\/volcanes.net\/?s={search_term_string}"},"query-input":{"@type":"PropertyValueSpecification","valueRequired":true,"valueName":"search_term_string"}}],"inLanguage":"es"},{"@type":"Organization","@id":"https:\/\/volcanes.net\/#organization","name":"Grupo Volcanes","url":"https:\/\/volcanes.net\/","logo":{"@type":"ImageObject","inLanguage":"es","@id":"https:\/\/volcanes.net\/#\/schema\/logo\/image\/","url":"http:\/\/volcanes.net\/wp-content\/uploads\/2017\/12\/Avatar2.jpg","contentUrl":"http:\/\/volcanes.net\/wp-content\/uploads\/2017\/12\/Avatar2.jpg","width":378,"height":378,"caption":"Grupo Volcanes"},"image":{"@id":"https:\/\/volcanes.net\/#\/schema\/logo\/image\/"},"sameAs":["https:\/\/www.facebook.com\/volcanes.net\/"]},{"@type":"Person","@id":"https:\/\/volcanes.net\/#\/schema\/person\/4bf0f383940966a4abd53f5048c0e6b9","name":"admin","image":{"@type":"ImageObject","inLanguage":"es","@id":"https:\/\/volcanes.net\/#\/schema\/person\/image\/","url":"https:\/\/secure.gravatar.com\/avatar\/ca004e6cba8462b8cb7abc86e382930c?s=96&d=mm&r=g","contentUrl":"https:\/\/secure.gravatar.com\/avatar\/ca004e6cba8462b8cb7abc86e382930c?s=96&d=mm&r=g","caption":"admin"}}]}},"_links":{"self":[{"href":"https:\/\/volcanes.net\/index.php?rest_route=\/wp\/v2\/posts\/13893"}],"collection":[{"href":"https:\/\/volcanes.net\/index.php?rest_route=\/wp\/v2\/posts"}],"about":[{"href":"https:\/\/volcanes.net\/index.php?rest_route=\/wp\/v2\/types\/post"}],"author":[{"embeddable":true,"href":"https:\/\/volcanes.net\/index.php?rest_route=\/wp\/v2\/users\/1"}],"replies":[{"embeddable":true,"href":"https:\/\/volcanes.net\/index.php?rest_route=%2Fwp%2Fv2%2Fcomments&post=13893"}],"version-history":[{"count":1,"href":"https:\/\/volcanes.net\/index.php?rest_route=\/wp\/v2\/posts\/13893\/revisions"}],"predecessor-version":[{"id":13895,"href":"https:\/\/volcanes.net\/index.php?rest_route=\/wp\/v2\/posts\/13893\/revisions\/13895"}],"wp:featuredmedia":[{"embeddable":true,"href":"https:\/\/volcanes.net\/index.php?rest_route=\/wp\/v2\/media\/13894"}],"wp:attachment":[{"href":"https:\/\/volcanes.net\/index.php?rest_route=%2Fwp%2Fv2%2Fmedia&parent=13893"}],"wp:term":[{"taxonomy":"category","embeddable":true,"href":"https:\/\/volcanes.net\/index.php?rest_route=%2Fwp%2Fv2%2Fcategories&post=13893"},{"taxonomy":"post_tag","embeddable":true,"href":"https:\/\/volcanes.net\/index.php?rest_route=%2Fwp%2Fv2%2Ftags&post=13893"}],"curies":[{"name":"wp","href":"https:\/\/api.w.org\/{rel}","templated":true}]}}