{"id":13899,"date":"2023-08-17T20:03:14","date_gmt":"2023-08-18T02:03:14","guid":{"rendered":"https:\/\/volcanes.net\/?p=13899"},"modified":"2023-12-21T12:05:11","modified_gmt":"2023-12-21T18:05:11","slug":"el-presidente-municipal-de-tenango-del-aire-roberto-avila-ventura-destaca-compromiso-con-el-bienestar-y-la-salud-de-las-familias","status":"publish","type":"post","link":"https:\/\/volcanes.net\/?p=13899","title":{"rendered":"El Presidente Municipal de Tenango del Aire, Roberto \u00c1vila Ventura, Destaca Compromiso con el Bienestar y la Salud de las Familias"},"content":{"rendered":"<div style=\"margin-top: 0px; margin-bottom: 0px;\" class=\"sharethis-inline-share-buttons\" ><\/div><p>&#8211; Roberto \u00c1vila Ventura invita a familias de municipios aleda\u00f1os a aprovechar servicios gratuitos y condonaciones en jornada de salud.<\/p>\n<p>En una emotiva declaraci\u00f3n, el presidente municipal de Tenango del Aire, Roberto \u00c1vila Ventura, extendi\u00f3 una c\u00e1lida bienvenida a padres y madres de familia de municipios circunvecinos, inst\u00e1ndolos a aprovechar los servicios gratuitos disponibles en su localidad.<\/p>\n<p>&#8220;Muchos de ellos son totalmente gratuitos, porque tambi\u00e9n nos ponemos en los zapatos de los pap\u00e1s y las mam\u00e1s&#8221;, expres\u00f3 \u00c1vila Ventura, reconociendo las dificultades econ\u00f3micas que enfrentan las familias al inicio del a\u00f1o escolar.<\/p>\n<p>El edil destac\u00f3 las condonaciones en actas de nacimiento y la gratuidad de certificados m\u00e9dicos y consultas. &#8220;Estamos haciendo condonaciones tambi\u00e9n en actas de nacimiento. \u00bfQu\u00e9 estamos haciendo? Totalmente gratuitos los certificados m\u00e9dicos, consultas m\u00e9dicas, algunos otros que tienen un costo muy bajo&#8221;, afirm\u00f3.<\/p>\n<p>\u00c1vila Ventura resalt\u00f3 la importancia de aliviar la carga econ\u00f3mica para las familias numerosas, se\u00f1alando el costo simb\u00f3lico de veinticinco pesos para pruebas sangu\u00edneas. &#8220;Es barato totalmente, porque algunos tenemos tres, cuatro, cinco, seis, ciento ocho hijos&#8221;, expres\u00f3 con humor.<\/p>\n<p>En su mensaje, el presidente municipal reafirm\u00f3 su compromiso con la comunidad y anunci\u00f3 la continuaci\u00f3n de proyectos futuros. &#8220;Sean bienvenidos siempre, vamos a seguir trabajando. Ya nada m\u00e1s nos queda un a\u00f1o, cuatro meses, quince d\u00edas de administraci\u00f3n&#8221;, destac\u00f3.<\/p>\n<p>Haciendo un llamado a la colaboraci\u00f3n y hermandad, \u00c1vila Ventura agradeci\u00f3 la presencia de instituciones de salud y del gobierno estatal en la jornada de salud. &#8220;Solamente en colaboraci\u00f3n y hermandad podemos avanzar en la salud en nuestro estado de M\u00e9xico&#8221;, enfatiz\u00f3.<\/p>\n<p>Finalmente, Johana Fern\u00e1ndez, aliada del presidente municipal, reafirm\u00f3 el compromiso con el bienestar de las familias de Tenango del Aire. &#8220;Seguimos trabajando de todo coraz\u00f3n por el bienestar de las familias de Tenango del Aire&#8221;, concluy\u00f3.<\/p>\n<p>Con un a\u00f1o y algunos meses de administraci\u00f3n por delante, el municipio proyecta un crecimiento continuo bajo el liderazgo comprometido de Roberto \u00c1vila Ventura.<\/p>\n","protected":false},"excerpt":{"rendered":"<p>&#8211; Roberto \u00c1vila Ventura invita a familias de municipios aleda\u00f1os a aprovechar servicios gratuitos y<\/p>\n","protected":false},"author":1,"featured_media":13900,"comment_status":"open","ping_status":"open","sticky":false,"template":"","format":"standard","meta":{"footnotes":""},"categories":[1],"tags":[17],"class_list":["post-13899","post","type-post","status-publish","format-standard","has-post-thumbnail","hentry","category-municipales","tag-tenango-del-aire"],"yoast_head":"<!-- This site is optimized with the Yoast SEO plugin v25.3 - https:\/\/yoast.com\/wordpress\/plugins\/seo\/ -->\n<title>El Presidente Municipal de Tenango del Aire, Roberto \u00c1vila Ventura, Destaca Compromiso con el Bienestar y la Salud de las Familias - Volcanes<\/title>\n<meta name=\"robots\" content=\"index, follow, max-snippet:-1, max-image-preview:large, max-video-preview:-1\" \/>\n<link rel=\"canonical\" href=\"https:\/\/volcanes.net\/?p=13899\" \/>\n<meta property=\"og:locale\" content=\"es_MX\" \/>\n<meta property=\"og:type\" content=\"article\" \/>\n<meta property=\"og:title\" content=\"El Presidente Municipal de Tenango del Aire, Roberto \u00c1vila Ventura, Destaca Compromiso con el Bienestar y la Salud de las Familias - Volcanes\" \/>\n<meta property=\"og:description\" content=\"&#8211; Roberto \u00c1vila Ventura invita a familias de municipios aleda\u00f1os a aprovechar servicios gratuitos y\" \/>\n<meta property=\"og:url\" content=\"https:\/\/volcanes.net\/?p=13899\" \/>\n<meta property=\"og:site_name\" content=\"Volcanes\" \/>\n<meta property=\"article:publisher\" content=\"https:\/\/www.facebook.com\/volcanes.net\/\" \/>\n<meta property=\"article:published_time\" content=\"2023-08-18T02:03:14+00:00\" \/>\n<meta property=\"article:modified_time\" content=\"2023-12-21T18:05:11+00:00\" \/>\n<meta property=\"og:image\" content=\"https:\/\/volcanes.net\/wp-content\/uploads\/2023\/12\/Jornadas-de-salud-Tenango-del-Aire.jpg\" \/>\n\t<meta property=\"og:image:width\" content=\"640\" \/>\n\t<meta property=\"og:image:height\" content=\"360\" \/>\n\t<meta property=\"og:image:type\" content=\"image\/jpeg\" \/>\n<meta name=\"author\" content=\"admin\" \/>\n<meta name=\"twitter:card\" content=\"summary_large_image\" \/>\n<meta name=\"twitter:label1\" content=\"Escrito por\" \/>\n\t<meta name=\"twitter:data1\" content=\"admin\" \/>\n\t<meta name=\"twitter:label2\" content=\"Tiempo de lectura\" \/>\n\t<meta name=\"twitter:data2\" content=\"2 minutos\" \/>\n<script type=\"application\/ld+json\" class=\"yoast-schema-graph\">{\"@context\":\"https:\/\/schema.org\",\"@graph\":[{\"@type\":\"Article\",\"@id\":\"https:\/\/volcanes.net\/?p=13899#article\",\"isPartOf\":{\"@id\":\"https:\/\/volcanes.net\/?p=13899\"},\"author\":{\"name\":\"admin\",\"@id\":\"https:\/\/volcanes.net\/#\/schema\/person\/4bf0f383940966a4abd53f5048c0e6b9\"},\"headline\":\"El Presidente Municipal de Tenango del Aire, Roberto \u00c1vila Ventura, Destaca Compromiso con el Bienestar y la Salud de las Familias\",\"datePublished\":\"2023-08-18T02:03:14+00:00\",\"dateModified\":\"2023-12-21T18:05:11+00:00\",\"mainEntityOfPage\":{\"@id\":\"https:\/\/volcanes.net\/?p=13899\"},\"wordCount\":368,\"commentCount\":0,\"publisher\":{\"@id\":\"https:\/\/volcanes.net\/#organization\"},\"image\":{\"@id\":\"https:\/\/volcanes.net\/?p=13899#primaryimage\"},\"thumbnailUrl\":\"https:\/\/volcanes.net\/wp-content\/uploads\/2023\/12\/Jornadas-de-salud-Tenango-del-Aire.jpg\",\"keywords\":[\"Tenango del Aire\"],\"articleSection\":[\"Municipales\"],\"inLanguage\":\"es\",\"potentialAction\":[{\"@type\":\"CommentAction\",\"name\":\"Comment\",\"target\":[\"https:\/\/volcanes.net\/?p=13899#respond\"]}]},{\"@type\":\"WebPage\",\"@id\":\"https:\/\/volcanes.net\/?p=13899\",\"url\":\"https:\/\/volcanes.net\/?p=13899\",\"name\":\"El Presidente Municipal de Tenango del Aire, Roberto \u00c1vila Ventura, Destaca Compromiso con el Bienestar y la Salud de las Familias - Volcanes\",\"isPartOf\":{\"@id\":\"https:\/\/volcanes.net\/#website\"},\"primaryImageOfPage\":{\"@id\":\"https:\/\/volcanes.net\/?p=13899#primaryimage\"},\"image\":{\"@id\":\"https:\/\/volcanes.net\/?p=13899#primaryimage\"},\"thumbnailUrl\":\"https:\/\/volcanes.net\/wp-content\/uploads\/2023\/12\/Jornadas-de-salud-Tenango-del-Aire.jpg\",\"datePublished\":\"2023-08-18T02:03:14+00:00\",\"dateModified\":\"2023-12-21T18:05:11+00:00\",\"breadcrumb\":{\"@id\":\"https:\/\/volcanes.net\/?p=13899#breadcrumb\"},\"inLanguage\":\"es\",\"potentialAction\":[{\"@type\":\"ReadAction\",\"target\":[\"https:\/\/volcanes.net\/?p=13899\"]}]},{\"@type\":\"ImageObject\",\"inLanguage\":\"es\",\"@id\":\"https:\/\/volcanes.net\/?p=13899#primaryimage\",\"url\":\"https:\/\/volcanes.net\/wp-content\/uploads\/2023\/12\/Jornadas-de-salud-Tenango-del-Aire.jpg\",\"contentUrl\":\"https:\/\/volcanes.net\/wp-content\/uploads\/2023\/12\/Jornadas-de-salud-Tenango-del-Aire.jpg\",\"width\":640,\"height\":360,\"caption\":\"El Presidente Municipal de Tenango del Aire, Roberto \u00c1vila Ventura, Destaca Compromiso con el Bienestar y la Salud de las Familias\"},{\"@type\":\"BreadcrumbList\",\"@id\":\"https:\/\/volcanes.net\/?p=13899#breadcrumb\",\"itemListElement\":[{\"@type\":\"ListItem\",\"position\":1,\"name\":\"Portada\",\"item\":\"https:\/\/volcanes.net\/\"},{\"@type\":\"ListItem\",\"position\":2,\"name\":\"El Presidente Municipal de Tenango del Aire, Roberto \u00c1vila Ventura, Destaca Compromiso con el Bienestar y la Salud de las Familias\"}]},{\"@type\":\"WebSite\",\"@id\":\"https:\/\/volcanes.net\/#website\",\"url\":\"https:\/\/volcanes.net\/\",\"name\":\"Volcanes.Net\",\"description\":\"Periodismo Profesional\",\"publisher\":{\"@id\":\"https:\/\/volcanes.net\/#organization\"},\"potentialAction\":[{\"@type\":\"SearchAction\",\"target\":{\"@type\":\"EntryPoint\",\"urlTemplate\":\"https:\/\/volcanes.net\/?s={search_term_string}\"},\"query-input\":{\"@type\":\"PropertyValueSpecification\",\"valueRequired\":true,\"valueName\":\"search_term_string\"}}],\"inLanguage\":\"es\"},{\"@type\":\"Organization\",\"@id\":\"https:\/\/volcanes.net\/#organization\",\"name\":\"Grupo Volcanes\",\"url\":\"https:\/\/volcanes.net\/\",\"logo\":{\"@type\":\"ImageObject\",\"inLanguage\":\"es\",\"@id\":\"https:\/\/volcanes.net\/#\/schema\/logo\/image\/\",\"url\":\"http:\/\/volcanes.net\/wp-content\/uploads\/2017\/12\/Avatar2.jpg\",\"contentUrl\":\"http:\/\/volcanes.net\/wp-content\/uploads\/2017\/12\/Avatar2.jpg\",\"width\":378,\"height\":378,\"caption\":\"Grupo Volcanes\"},\"image\":{\"@id\":\"https:\/\/volcanes.net\/#\/schema\/logo\/image\/\"},\"sameAs\":[\"https:\/\/www.facebook.com\/volcanes.net\/\"]},{\"@type\":\"Person\",\"@id\":\"https:\/\/volcanes.net\/#\/schema\/person\/4bf0f383940966a4abd53f5048c0e6b9\",\"name\":\"admin\",\"image\":{\"@type\":\"ImageObject\",\"inLanguage\":\"es\",\"@id\":\"https:\/\/volcanes.net\/#\/schema\/person\/image\/\",\"url\":\"https:\/\/secure.gravatar.com\/avatar\/ca004e6cba8462b8cb7abc86e382930c?s=96&d=mm&r=g\",\"contentUrl\":\"https:\/\/secure.gravatar.com\/avatar\/ca004e6cba8462b8cb7abc86e382930c?s=96&d=mm&r=g\",\"caption\":\"admin\"}}]}<\/script>\n<!-- \/ Yoast SEO plugin. -->","yoast_head_json":{"title":"El Presidente Municipal de Tenango del Aire, Roberto \u00c1vila Ventura, Destaca Compromiso con el Bienestar y la Salud de las Familias - Volcanes","robots":{"index":"index","follow":"follow","max-snippet":"max-snippet:-1","max-image-preview":"max-image-preview:large","max-video-preview":"max-video-preview:-1"},"canonical":"https:\/\/volcanes.net\/?p=13899","og_locale":"es_MX","og_type":"article","og_title":"El Presidente Municipal de Tenango del Aire, Roberto \u00c1vila Ventura, Destaca Compromiso con el Bienestar y la Salud de las Familias - Volcanes","og_description":"&#8211; Roberto \u00c1vila Ventura invita a familias de municipios aleda\u00f1os a aprovechar servicios gratuitos y","og_url":"https:\/\/volcanes.net\/?p=13899","og_site_name":"Volcanes","article_publisher":"https:\/\/www.facebook.com\/volcanes.net\/","article_published_time":"2023-08-18T02:03:14+00:00","article_modified_time":"2023-12-21T18:05:11+00:00","og_image":[{"width":640,"height":360,"url":"https:\/\/volcanes.net\/wp-content\/uploads\/2023\/12\/Jornadas-de-salud-Tenango-del-Aire.jpg","type":"image\/jpeg"}],"author":"admin","twitter_card":"summary_large_image","twitter_misc":{"Escrito por":"admin","Tiempo de lectura":"2 minutos"},"schema":{"@context":"https:\/\/schema.org","@graph":[{"@type":"Article","@id":"https:\/\/volcanes.net\/?p=13899#article","isPartOf":{"@id":"https:\/\/volcanes.net\/?p=13899"},"author":{"name":"admin","@id":"https:\/\/volcanes.net\/#\/schema\/person\/4bf0f383940966a4abd53f5048c0e6b9"},"headline":"El Presidente Municipal de Tenango del Aire, Roberto \u00c1vila Ventura, Destaca Compromiso con el Bienestar y la Salud de las Familias","datePublished":"2023-08-18T02:03:14+00:00","dateModified":"2023-12-21T18:05:11+00:00","mainEntityOfPage":{"@id":"https:\/\/volcanes.net\/?p=13899"},"wordCount":368,"commentCount":0,"publisher":{"@id":"https:\/\/volcanes.net\/#organization"},"image":{"@id":"https:\/\/volcanes.net\/?p=13899#primaryimage"},"thumbnailUrl":"https:\/\/volcanes.net\/wp-content\/uploads\/2023\/12\/Jornadas-de-salud-Tenango-del-Aire.jpg","keywords":["Tenango del Aire"],"articleSection":["Municipales"],"inLanguage":"es","potentialAction":[{"@type":"CommentAction","name":"Comment","target":["https:\/\/volcanes.net\/?p=13899#respond"]}]},{"@type":"WebPage","@id":"https:\/\/volcanes.net\/?p=13899","url":"https:\/\/volcanes.net\/?p=13899","name":"El Presidente Municipal de Tenango del Aire, Roberto \u00c1vila Ventura, Destaca Compromiso con el Bienestar y la Salud de las Familias - Volcanes","isPartOf":{"@id":"https:\/\/volcanes.net\/#website"},"primaryImageOfPage":{"@id":"https:\/\/volcanes.net\/?p=13899#primaryimage"},"image":{"@id":"https:\/\/volcanes.net\/?p=13899#primaryimage"},"thumbnailUrl":"https:\/\/volcanes.net\/wp-content\/uploads\/2023\/12\/Jornadas-de-salud-Tenango-del-Aire.jpg","datePublished":"2023-08-18T02:03:14+00:00","dateModified":"2023-12-21T18:05:11+00:00","breadcrumb":{"@id":"https:\/\/volcanes.net\/?p=13899#breadcrumb"},"inLanguage":"es","potentialAction":[{"@type":"ReadAction","target":["https:\/\/volcanes.net\/?p=13899"]}]},{"@type":"ImageObject","inLanguage":"es","@id":"https:\/\/volcanes.net\/?p=13899#primaryimage","url":"https:\/\/volcanes.net\/wp-content\/uploads\/2023\/12\/Jornadas-de-salud-Tenango-del-Aire.jpg","contentUrl":"https:\/\/volcanes.net\/wp-content\/uploads\/2023\/12\/Jornadas-de-salud-Tenango-del-Aire.jpg","width":640,"height":360,"caption":"El Presidente Municipal de Tenango del Aire, Roberto \u00c1vila Ventura, Destaca Compromiso con el Bienestar y la Salud de las Familias"},{"@type":"BreadcrumbList","@id":"https:\/\/volcanes.net\/?p=13899#breadcrumb","itemListElement":[{"@type":"ListItem","position":1,"name":"Portada","item":"https:\/\/volcanes.net\/"},{"@type":"ListItem","position":2,"name":"El Presidente Municipal de Tenango del Aire, Roberto \u00c1vila Ventura, Destaca Compromiso con el Bienestar y la Salud de las Familias"}]},{"@type":"WebSite","@id":"https:\/\/volcanes.net\/#website","url":"https:\/\/volcanes.net\/","name":"Volcanes.Net","description":"Periodismo Profesional","publisher":{"@id":"https:\/\/volcanes.net\/#organization"},"potentialAction":[{"@type":"SearchAction","target":{"@type":"EntryPoint","urlTemplate":"https:\/\/volcanes.net\/?s={search_term_string}"},"query-input":{"@type":"PropertyValueSpecification","valueRequired":true,"valueName":"search_term_string"}}],"inLanguage":"es"},{"@type":"Organization","@id":"https:\/\/volcanes.net\/#organization","name":"Grupo Volcanes","url":"https:\/\/volcanes.net\/","logo":{"@type":"ImageObject","inLanguage":"es","@id":"https:\/\/volcanes.net\/#\/schema\/logo\/image\/","url":"http:\/\/volcanes.net\/wp-content\/uploads\/2017\/12\/Avatar2.jpg","contentUrl":"http:\/\/volcanes.net\/wp-content\/uploads\/2017\/12\/Avatar2.jpg","width":378,"height":378,"caption":"Grupo Volcanes"},"image":{"@id":"https:\/\/volcanes.net\/#\/schema\/logo\/image\/"},"sameAs":["https:\/\/www.facebook.com\/volcanes.net\/"]},{"@type":"Person","@id":"https:\/\/volcanes.net\/#\/schema\/person\/4bf0f383940966a4abd53f5048c0e6b9","name":"admin","image":{"@type":"ImageObject","inLanguage":"es","@id":"https:\/\/volcanes.net\/#\/schema\/person\/image\/","url":"https:\/\/secure.gravatar.com\/avatar\/ca004e6cba8462b8cb7abc86e382930c?s=96&d=mm&r=g","contentUrl":"https:\/\/secure.gravatar.com\/avatar\/ca004e6cba8462b8cb7abc86e382930c?s=96&d=mm&r=g","caption":"admin"}}]}},"_links":{"self":[{"href":"https:\/\/volcanes.net\/index.php?rest_route=\/wp\/v2\/posts\/13899"}],"collection":[{"href":"https:\/\/volcanes.net\/index.php?rest_route=\/wp\/v2\/posts"}],"about":[{"href":"https:\/\/volcanes.net\/index.php?rest_route=\/wp\/v2\/types\/post"}],"author":[{"embeddable":true,"href":"https:\/\/volcanes.net\/index.php?rest_route=\/wp\/v2\/users\/1"}],"replies":[{"embeddable":true,"href":"https:\/\/volcanes.net\/index.php?rest_route=%2Fwp%2Fv2%2Fcomments&post=13899"}],"version-history":[{"count":1,"href":"https:\/\/volcanes.net\/index.php?rest_route=\/wp\/v2\/posts\/13899\/revisions"}],"predecessor-version":[{"id":13901,"href":"https:\/\/volcanes.net\/index.php?rest_route=\/wp\/v2\/posts\/13899\/revisions\/13901"}],"wp:featuredmedia":[{"embeddable":true,"href":"https:\/\/volcanes.net\/index.php?rest_route=\/wp\/v2\/media\/13900"}],"wp:attachment":[{"href":"https:\/\/volcanes.net\/index.php?rest_route=%2Fwp%2Fv2%2Fmedia&parent=13899"}],"wp:term":[{"taxonomy":"category","embeddable":true,"href":"https:\/\/volcanes.net\/index.php?rest_route=%2Fwp%2Fv2%2Fcategories&post=13899"},{"taxonomy":"post_tag","embeddable":true,"href":"https:\/\/volcanes.net\/index.php?rest_route=%2Fwp%2Fv2%2Ftags&post=13899"}],"curies":[{"name":"wp","href":"https:\/\/api.w.org\/{rel}","templated":true}]}}