{"id":139,"date":"2017-08-26T01:01:59","date_gmt":"2017-08-26T01:01:59","guid":{"rendered":"http:\/\/volcanes.net\/?p=139"},"modified":"2017-08-26T01:01:59","modified_gmt":"2017-08-26T01:01:59","slug":"festejan-a-los-abuelitos-en-tepetlixpa","status":"publish","type":"post","link":"https:\/\/volcanes.net\/?p=139","title":{"rendered":"Festejan a los abuelitos en Tepetlixpa"},"content":{"rendered":"<div style=\"margin-top: 0px; margin-bottom: 0px;\" class=\"sharethis-inline-share-buttons\" ><\/div><p><strong>*Con una misa de agradecimiento y un convivio es que festejaron a m\u00e1s de 400 abuelitos<u> tepextlipenses.<\/u> <\/strong><\/p>\n<p><strong>\u00a0<\/strong><\/p>\n<p>Tepetlixpa, M\u00e9x.- Con motivo de la celebraci\u00f3n del d\u00eda del abuelito, el sistema municipal DIF presidido por Gloria Nadshiele \u00c1guila Mart\u00ednez organiz\u00f3 un convivio para las personas de la tercera edad de la cabecera municipal de Tepetlixpa y sus delegaciones donde se dieron cita el presidente municipal Oscar Alejandro Aguilar Franco, los funcionarios de cabildo as\u00ed como los del DIF municipal y el representante del DIFEM.<\/p>\n<p>Los festejos comenzaron con una misa en honor de los abuelitos en la iglesia de San Esteban Protom\u00e1rtir para posteriormente dirigirse a las instalaciones del auditorio municipal donde el edil Aguilar Franco fue el encargado de dar la bienvenida a los m\u00e1s de 400 abuelitos que se dieron cita en el auditorio municipal para ser festejados, \u201cme da gusto saludarlos hoy en su d\u00eda a todos los abuelitos de la delegaciones y cabecera.<\/p>\n<p>Tambi\u00e9n agradeci\u00f3 la presencia del representante del DIFEM quien a nombre de la titular Mar\u00eda Dipp de \u00c1vila asisti\u00f3 a esta celebraci\u00f3n, \u00a0\u201cpor este conducto h\u00e1gale saber al gobernador Eruviel \u00c1vila Villegas y a su esposa que en Tepetlixpa los estimamos y lo queremos mucho y les deseamos mucho \u00e9xito en su trayectoria\u201d enfatiz\u00f3 el alcalde.<\/p>\n<p>A manera de broma dijo el alcalde &#8220;el d\u00eda de hoy mi esposa me amenaz\u00f3 que si no la acompa\u00f1aba, en la noche me iba a ir muy mal, aqu\u00ed estoy con mucho gusto con ustedes, mis amigos, porque siempre he sido agradecido porque como dec\u00eda el papa ustedes siempre fieles, gracias que la pasen muy bien hoy y todos los d\u00edas este d\u00eda que se les festeja el DIF municipal que dios los bendiga a todos ustedes y a toda su familia.<\/p>\n<p>Por su parte la presidenta del DIF Gloria Nadshiele \u00c1guila manifiest.o &#8220;Estamos festejando a los adultos mayores en el municipio de Tepetlixpa ya que como DIF municipal sabemos que son parte importante de nuestra oblaci\u00f3n, les deseo hoy en su d\u00eda mucha salud y que Dios los siga bendiciendo\u201d<\/p>\n<p>Tambi\u00e9n les dese\u00f3 a los festejados una vida todav\u00eda muy larga \u201custedes son la base fundamental de las familias tienen los valores los cuales nos sirven para nuestra ni\u00f1ez mexiquense, as\u00ed como para nuestros j\u00f3venes adolescentes porque son un c\u00famulo de experiencia que muchas ocasiones a los j\u00f3venes les hace falta, por ello les deseamos lo mejor en su d\u00eda en compa\u00f1\u00eda de su familia y sobre todo que no nos olvidemos de ellos\u201d<\/p>\n<p>Despu\u00e9s del discurso de bienvenida les convidaron los alimentos que compartieron con las autoridades municipales, as\u00ed como la partida de pastel en su honor y la entrega de un presente por parte del DIF municipal, para seguir con la celebraci\u00f3n amenizaron el convivio con dos grupos de m\u00fasica en vivo que cantaron canciones de anta\u00f1o al gusto de los abuelitos.<\/p>\n","protected":false},"excerpt":{"rendered":"<p>*Con una misa de agradecimiento y un convivio es que festejaron a m\u00e1s de 400<\/p>\n","protected":false},"author":1,"featured_media":140,"comment_status":"open","ping_status":"open","sticky":false,"template":"","format":"standard","meta":{"footnotes":""},"categories":[1],"tags":[16],"class_list":["post-139","post","type-post","status-publish","format-standard","has-post-thumbnail","hentry","category-municipales","tag-tepetlixpa"],"yoast_head":"<!-- This site is optimized with the Yoast SEO plugin v25.3 - https:\/\/yoast.com\/wordpress\/plugins\/seo\/ -->\n<title>Festejan a los abuelitos en Tepetlixpa - Volcanes<\/title>\n<meta name=\"robots\" content=\"index, follow, max-snippet:-1, max-image-preview:large, max-video-preview:-1\" \/>\n<link rel=\"canonical\" href=\"https:\/\/volcanes.net\/?p=139\" \/>\n<meta property=\"og:locale\" content=\"es_MX\" \/>\n<meta property=\"og:type\" content=\"article\" \/>\n<meta property=\"og:title\" content=\"Festejan a los abuelitos en Tepetlixpa - Volcanes\" \/>\n<meta property=\"og:description\" content=\"*Con una misa de agradecimiento y un convivio es que festejaron a m\u00e1s de 400\" \/>\n<meta property=\"og:url\" content=\"https:\/\/volcanes.net\/?p=139\" \/>\n<meta property=\"og:site_name\" content=\"Volcanes\" \/>\n<meta property=\"article:publisher\" content=\"https:\/\/www.facebook.com\/volcanes.net\/\" \/>\n<meta property=\"article:published_time\" content=\"2017-08-26T01:01:59+00:00\" \/>\n<meta property=\"og:image\" content=\"https:\/\/volcanes.net\/wp-content\/uploads\/2017\/08\/WhatsApp-Image-2017-08-25-at-19.52.36.jpeg\" \/>\n\t<meta property=\"og:image:width\" content=\"421\" \/>\n\t<meta property=\"og:image:height\" content=\"336\" \/>\n\t<meta property=\"og:image:type\" content=\"image\/jpeg\" \/>\n<meta name=\"author\" content=\"admin\" \/>\n<meta name=\"twitter:card\" content=\"summary_large_image\" \/>\n<meta name=\"twitter:label1\" content=\"Escrito por\" \/>\n\t<meta name=\"twitter:data1\" content=\"admin\" \/>\n\t<meta name=\"twitter:label2\" content=\"Tiempo de lectura\" \/>\n\t<meta name=\"twitter:data2\" content=\"3 minutos\" \/>\n<script type=\"application\/ld+json\" class=\"yoast-schema-graph\">{\"@context\":\"https:\/\/schema.org\",\"@graph\":[{\"@type\":\"Article\",\"@id\":\"https:\/\/volcanes.net\/?p=139#article\",\"isPartOf\":{\"@id\":\"https:\/\/volcanes.net\/?p=139\"},\"author\":{\"name\":\"admin\",\"@id\":\"https:\/\/volcanes.net\/#\/schema\/person\/4bf0f383940966a4abd53f5048c0e6b9\"},\"headline\":\"Festejan a los abuelitos en Tepetlixpa\",\"datePublished\":\"2017-08-26T01:01:59+00:00\",\"mainEntityOfPage\":{\"@id\":\"https:\/\/volcanes.net\/?p=139\"},\"wordCount\":515,\"commentCount\":0,\"publisher\":{\"@id\":\"https:\/\/volcanes.net\/#organization\"},\"image\":{\"@id\":\"https:\/\/volcanes.net\/?p=139#primaryimage\"},\"thumbnailUrl\":\"https:\/\/volcanes.net\/wp-content\/uploads\/2017\/08\/WhatsApp-Image-2017-08-25-at-19.52.36.jpeg\",\"keywords\":[\"Tepetlixpa\"],\"articleSection\":[\"Municipales\"],\"inLanguage\":\"es\",\"potentialAction\":[{\"@type\":\"CommentAction\",\"name\":\"Comment\",\"target\":[\"https:\/\/volcanes.net\/?p=139#respond\"]}]},{\"@type\":\"WebPage\",\"@id\":\"https:\/\/volcanes.net\/?p=139\",\"url\":\"https:\/\/volcanes.net\/?p=139\",\"name\":\"Festejan a los abuelitos en Tepetlixpa - Volcanes\",\"isPartOf\":{\"@id\":\"https:\/\/volcanes.net\/#website\"},\"primaryImageOfPage\":{\"@id\":\"https:\/\/volcanes.net\/?p=139#primaryimage\"},\"image\":{\"@id\":\"https:\/\/volcanes.net\/?p=139#primaryimage\"},\"thumbnailUrl\":\"https:\/\/volcanes.net\/wp-content\/uploads\/2017\/08\/WhatsApp-Image-2017-08-25-at-19.52.36.jpeg\",\"datePublished\":\"2017-08-26T01:01:59+00:00\",\"breadcrumb\":{\"@id\":\"https:\/\/volcanes.net\/?p=139#breadcrumb\"},\"inLanguage\":\"es\",\"potentialAction\":[{\"@type\":\"ReadAction\",\"target\":[\"https:\/\/volcanes.net\/?p=139\"]}]},{\"@type\":\"ImageObject\",\"inLanguage\":\"es\",\"@id\":\"https:\/\/volcanes.net\/?p=139#primaryimage\",\"url\":\"https:\/\/volcanes.net\/wp-content\/uploads\/2017\/08\/WhatsApp-Image-2017-08-25-at-19.52.36.jpeg\",\"contentUrl\":\"https:\/\/volcanes.net\/wp-content\/uploads\/2017\/08\/WhatsApp-Image-2017-08-25-at-19.52.36.jpeg\",\"width\":421,\"height\":336},{\"@type\":\"BreadcrumbList\",\"@id\":\"https:\/\/volcanes.net\/?p=139#breadcrumb\",\"itemListElement\":[{\"@type\":\"ListItem\",\"position\":1,\"name\":\"Portada\",\"item\":\"https:\/\/volcanes.net\/\"},{\"@type\":\"ListItem\",\"position\":2,\"name\":\"Festejan a los abuelitos en Tepetlixpa\"}]},{\"@type\":\"WebSite\",\"@id\":\"https:\/\/volcanes.net\/#website\",\"url\":\"https:\/\/volcanes.net\/\",\"name\":\"Volcanes.Net\",\"description\":\"Periodismo Profesional\",\"publisher\":{\"@id\":\"https:\/\/volcanes.net\/#organization\"},\"potentialAction\":[{\"@type\":\"SearchAction\",\"target\":{\"@type\":\"EntryPoint\",\"urlTemplate\":\"https:\/\/volcanes.net\/?s={search_term_string}\"},\"query-input\":{\"@type\":\"PropertyValueSpecification\",\"valueRequired\":true,\"valueName\":\"search_term_string\"}}],\"inLanguage\":\"es\"},{\"@type\":\"Organization\",\"@id\":\"https:\/\/volcanes.net\/#organization\",\"name\":\"Grupo Volcanes\",\"url\":\"https:\/\/volcanes.net\/\",\"logo\":{\"@type\":\"ImageObject\",\"inLanguage\":\"es\",\"@id\":\"https:\/\/volcanes.net\/#\/schema\/logo\/image\/\",\"url\":\"http:\/\/volcanes.net\/wp-content\/uploads\/2017\/12\/Avatar2.jpg\",\"contentUrl\":\"http:\/\/volcanes.net\/wp-content\/uploads\/2017\/12\/Avatar2.jpg\",\"width\":378,\"height\":378,\"caption\":\"Grupo Volcanes\"},\"image\":{\"@id\":\"https:\/\/volcanes.net\/#\/schema\/logo\/image\/\"},\"sameAs\":[\"https:\/\/www.facebook.com\/volcanes.net\/\"]},{\"@type\":\"Person\",\"@id\":\"https:\/\/volcanes.net\/#\/schema\/person\/4bf0f383940966a4abd53f5048c0e6b9\",\"name\":\"admin\",\"image\":{\"@type\":\"ImageObject\",\"inLanguage\":\"es\",\"@id\":\"https:\/\/volcanes.net\/#\/schema\/person\/image\/\",\"url\":\"https:\/\/secure.gravatar.com\/avatar\/ca004e6cba8462b8cb7abc86e382930c?s=96&d=mm&r=g\",\"contentUrl\":\"https:\/\/secure.gravatar.com\/avatar\/ca004e6cba8462b8cb7abc86e382930c?s=96&d=mm&r=g\",\"caption\":\"admin\"}}]}<\/script>\n<!-- \/ Yoast SEO plugin. -->","yoast_head_json":{"title":"Festejan a los abuelitos en Tepetlixpa - Volcanes","robots":{"index":"index","follow":"follow","max-snippet":"max-snippet:-1","max-image-preview":"max-image-preview:large","max-video-preview":"max-video-preview:-1"},"canonical":"https:\/\/volcanes.net\/?p=139","og_locale":"es_MX","og_type":"article","og_title":"Festejan a los abuelitos en Tepetlixpa - Volcanes","og_description":"*Con una misa de agradecimiento y un convivio es que festejaron a m\u00e1s de 400","og_url":"https:\/\/volcanes.net\/?p=139","og_site_name":"Volcanes","article_publisher":"https:\/\/www.facebook.com\/volcanes.net\/","article_published_time":"2017-08-26T01:01:59+00:00","og_image":[{"width":421,"height":336,"url":"https:\/\/volcanes.net\/wp-content\/uploads\/2017\/08\/WhatsApp-Image-2017-08-25-at-19.52.36.jpeg","type":"image\/jpeg"}],"author":"admin","twitter_card":"summary_large_image","twitter_misc":{"Escrito por":"admin","Tiempo de lectura":"3 minutos"},"schema":{"@context":"https:\/\/schema.org","@graph":[{"@type":"Article","@id":"https:\/\/volcanes.net\/?p=139#article","isPartOf":{"@id":"https:\/\/volcanes.net\/?p=139"},"author":{"name":"admin","@id":"https:\/\/volcanes.net\/#\/schema\/person\/4bf0f383940966a4abd53f5048c0e6b9"},"headline":"Festejan a los abuelitos en Tepetlixpa","datePublished":"2017-08-26T01:01:59+00:00","mainEntityOfPage":{"@id":"https:\/\/volcanes.net\/?p=139"},"wordCount":515,"commentCount":0,"publisher":{"@id":"https:\/\/volcanes.net\/#organization"},"image":{"@id":"https:\/\/volcanes.net\/?p=139#primaryimage"},"thumbnailUrl":"https:\/\/volcanes.net\/wp-content\/uploads\/2017\/08\/WhatsApp-Image-2017-08-25-at-19.52.36.jpeg","keywords":["Tepetlixpa"],"articleSection":["Municipales"],"inLanguage":"es","potentialAction":[{"@type":"CommentAction","name":"Comment","target":["https:\/\/volcanes.net\/?p=139#respond"]}]},{"@type":"WebPage","@id":"https:\/\/volcanes.net\/?p=139","url":"https:\/\/volcanes.net\/?p=139","name":"Festejan a los abuelitos en Tepetlixpa - Volcanes","isPartOf":{"@id":"https:\/\/volcanes.net\/#website"},"primaryImageOfPage":{"@id":"https:\/\/volcanes.net\/?p=139#primaryimage"},"image":{"@id":"https:\/\/volcanes.net\/?p=139#primaryimage"},"thumbnailUrl":"https:\/\/volcanes.net\/wp-content\/uploads\/2017\/08\/WhatsApp-Image-2017-08-25-at-19.52.36.jpeg","datePublished":"2017-08-26T01:01:59+00:00","breadcrumb":{"@id":"https:\/\/volcanes.net\/?p=139#breadcrumb"},"inLanguage":"es","potentialAction":[{"@type":"ReadAction","target":["https:\/\/volcanes.net\/?p=139"]}]},{"@type":"ImageObject","inLanguage":"es","@id":"https:\/\/volcanes.net\/?p=139#primaryimage","url":"https:\/\/volcanes.net\/wp-content\/uploads\/2017\/08\/WhatsApp-Image-2017-08-25-at-19.52.36.jpeg","contentUrl":"https:\/\/volcanes.net\/wp-content\/uploads\/2017\/08\/WhatsApp-Image-2017-08-25-at-19.52.36.jpeg","width":421,"height":336},{"@type":"BreadcrumbList","@id":"https:\/\/volcanes.net\/?p=139#breadcrumb","itemListElement":[{"@type":"ListItem","position":1,"name":"Portada","item":"https:\/\/volcanes.net\/"},{"@type":"ListItem","position":2,"name":"Festejan a los abuelitos en Tepetlixpa"}]},{"@type":"WebSite","@id":"https:\/\/volcanes.net\/#website","url":"https:\/\/volcanes.net\/","name":"Volcanes.Net","description":"Periodismo Profesional","publisher":{"@id":"https:\/\/volcanes.net\/#organization"},"potentialAction":[{"@type":"SearchAction","target":{"@type":"EntryPoint","urlTemplate":"https:\/\/volcanes.net\/?s={search_term_string}"},"query-input":{"@type":"PropertyValueSpecification","valueRequired":true,"valueName":"search_term_string"}}],"inLanguage":"es"},{"@type":"Organization","@id":"https:\/\/volcanes.net\/#organization","name":"Grupo Volcanes","url":"https:\/\/volcanes.net\/","logo":{"@type":"ImageObject","inLanguage":"es","@id":"https:\/\/volcanes.net\/#\/schema\/logo\/image\/","url":"http:\/\/volcanes.net\/wp-content\/uploads\/2017\/12\/Avatar2.jpg","contentUrl":"http:\/\/volcanes.net\/wp-content\/uploads\/2017\/12\/Avatar2.jpg","width":378,"height":378,"caption":"Grupo Volcanes"},"image":{"@id":"https:\/\/volcanes.net\/#\/schema\/logo\/image\/"},"sameAs":["https:\/\/www.facebook.com\/volcanes.net\/"]},{"@type":"Person","@id":"https:\/\/volcanes.net\/#\/schema\/person\/4bf0f383940966a4abd53f5048c0e6b9","name":"admin","image":{"@type":"ImageObject","inLanguage":"es","@id":"https:\/\/volcanes.net\/#\/schema\/person\/image\/","url":"https:\/\/secure.gravatar.com\/avatar\/ca004e6cba8462b8cb7abc86e382930c?s=96&d=mm&r=g","contentUrl":"https:\/\/secure.gravatar.com\/avatar\/ca004e6cba8462b8cb7abc86e382930c?s=96&d=mm&r=g","caption":"admin"}}]}},"_links":{"self":[{"href":"https:\/\/volcanes.net\/index.php?rest_route=\/wp\/v2\/posts\/139"}],"collection":[{"href":"https:\/\/volcanes.net\/index.php?rest_route=\/wp\/v2\/posts"}],"about":[{"href":"https:\/\/volcanes.net\/index.php?rest_route=\/wp\/v2\/types\/post"}],"author":[{"embeddable":true,"href":"https:\/\/volcanes.net\/index.php?rest_route=\/wp\/v2\/users\/1"}],"replies":[{"embeddable":true,"href":"https:\/\/volcanes.net\/index.php?rest_route=%2Fwp%2Fv2%2Fcomments&post=139"}],"version-history":[{"count":1,"href":"https:\/\/volcanes.net\/index.php?rest_route=\/wp\/v2\/posts\/139\/revisions"}],"predecessor-version":[{"id":141,"href":"https:\/\/volcanes.net\/index.php?rest_route=\/wp\/v2\/posts\/139\/revisions\/141"}],"wp:featuredmedia":[{"embeddable":true,"href":"https:\/\/volcanes.net\/index.php?rest_route=\/wp\/v2\/media\/140"}],"wp:attachment":[{"href":"https:\/\/volcanes.net\/index.php?rest_route=%2Fwp%2Fv2%2Fmedia&parent=139"}],"wp:term":[{"taxonomy":"category","embeddable":true,"href":"https:\/\/volcanes.net\/index.php?rest_route=%2Fwp%2Fv2%2Fcategories&post=139"},{"taxonomy":"post_tag","embeddable":true,"href":"https:\/\/volcanes.net\/index.php?rest_route=%2Fwp%2Fv2%2Ftags&post=139"}],"curies":[{"name":"wp","href":"https:\/\/api.w.org\/{rel}","templated":true}]}}