{"id":13902,"date":"2023-11-24T20:05:56","date_gmt":"2023-11-25T02:05:56","guid":{"rendered":"https:\/\/volcanes.net\/?p=13902"},"modified":"2023-12-21T12:07:34","modified_gmt":"2023-12-21T18:07:34","slug":"tenango-del-aire-se-prepara-para-la-segunda-carrera-rompiendo-barreras-corriendo-por-el-corazon-a-favor-de-la-discapacidad","status":"publish","type":"post","link":"https:\/\/volcanes.net\/?p=13902","title":{"rendered":"Tenango del Aire se prepara para la Segunda Carrera &#8220;Rompiendo Barreras, Corriendo por el Coraz\u00f3n&#8221; a favor de la discapacidad"},"content":{"rendered":"<div style=\"margin-top: 0px; margin-bottom: 0px;\" class=\"sharethis-inline-share-buttons\" ><\/div><div class=\"xdj266r x11i5rnm xat24cr x1mh8g0r x1vvkbs x126k92a\">\n<div dir=\"auto\"><\/div>\n<\/div>\n<div class=\"x11i5rnm xat24cr x1mh8g0r x1vvkbs xtlvy1s x126k92a\">\n<div dir=\"auto\">&#8211; La carrera se llevar\u00e1 a cabo el tres de diciembre en Tenango del Aire.<\/div>\n<\/div>\n<div class=\"x11i5rnm xat24cr x1mh8g0r x1vvkbs xtlvy1s x126k92a\">\n<div dir=\"auto\">En una entrevista exclusiva con el presidente municipal de Tenango del Aire, <a class=\"x1i10hfl xjbqb8w x6umtig x1b1mbwd xaqea5y xav7gou x9f619 x1ypdohk xt0psk2 xe8uvvx xdj266r x11i5rnm xat24cr x1mh8g0r xexx8yu x4uap5 x18d9i69 xkhd6sd x16tdsg8 x1hl2dhg xggy1nq x1a2a7pz xt0b8zv x1qq9wsj xo1l8bm\" tabindex=\"0\" role=\"link\" href=\"https:\/\/www.facebook.com\/profile.php?id=100025735700381&amp;__cft__[0]=AZWrj7kEwJeYDrNSGn1TaFTBfp5j0I9UxxdbOiJUV1AmlVN__KG6vJGRHZz6L-AuLmi1tGjtdXoWjJSyHn4ogljJt0dFUeKsszATO3npo9GWzcbBFB1QcA_hi5GxmVzw_lLvKeBVN0Tm88N00HRMbt18&amp;__tn__=-]K-R\"><span class=\"xt0psk2\">Roberto Avila<\/span><\/a>, se destac\u00f3 la importancia de la Segunda Carrera &#8220;Rompiendo Barreras, Corriendo por el Coraz\u00f3n&#8221;. La iniciativa, que busca beneficiar a personas con discapacidad, ha cobrado relevancia en la regi\u00f3n.<\/div>\n<\/div>\n<div class=\"x11i5rnm xat24cr x1mh8g0r x1vvkbs xtlvy1s x126k92a\">\n<div dir=\"auto\">\u00c1vila, quien ya particip\u00f3 en la carrera el a\u00f1o anterior, expres\u00f3 su compromiso con la causa, recordando un accidente personal que le hizo comprender la necesidad de apoyar a quienes enfrentan situaciones similares. Destac\u00f3 la importancia de la solidaridad, ya que las enfermedades y discapacidades pueden generar gastos significativos, afectando la capacidad de obtener ingresos y acceder a rehabilitaci\u00f3n.<\/div>\n<\/div>\n<div class=\"x11i5rnm xat24cr x1mh8g0r x1vvkbs xtlvy1s x126k92a\">\n<div dir=\"auto\">El llamado del presidente se extendi\u00f3 a toda la comunidad de la regi\u00f3n de los Volcanes, invit\u00e1ndolos a unirse al evento que se llevar\u00e1 a cabo el tres de diciembre. \u00c1vila enfatiz\u00f3 que la participaci\u00f3n no se limita al municipio, sino que las puertas est\u00e1n abiertas para todos, provenientes de diferentes estados.<\/div>\n<\/div>\n<div class=\"x11i5rnm xat24cr x1mh8g0r x1vvkbs xtlvy1s x126k92a\">\n<div dir=\"auto\">Por su parte la presidenta del sistema municipal DIF. Johanna Fern\u00e1ndez se\u00f1al\u00f3 la importancia de los talleres que se est\u00e1n llevando a cabo en la localidad, aprovechando todas las oportunidades para fortalecer la inclusi\u00f3n social.<\/div>\n<div dir=\"auto\">Resalt\u00f3 que la discapacidad no solo implica rehabilitaci\u00f3n, sino tambi\u00e9n un trabajo constante para fortalecer la inclusi\u00f3n en la vida diaria.<\/div>\n<\/div>\n<div class=\"x11i5rnm xat24cr x1mh8g0r x1vvkbs xtlvy1s x126k92a\">\n<div dir=\"auto\">En cuanto a la carrera, <a class=\"x1i10hfl xjbqb8w x6umtig x1b1mbwd xaqea5y xav7gou x9f619 x1ypdohk xt0psk2 xe8uvvx xdj266r x11i5rnm xat24cr x1mh8g0r xexx8yu x4uap5 x18d9i69 xkhd6sd x16tdsg8 x1hl2dhg xggy1nq x1a2a7pz xt0b8zv x1qq9wsj xo1l8bm\" tabindex=\"0\" role=\"link\" href=\"https:\/\/www.facebook.com\/profile.php?id=100069347433803&amp;__cft__[0]=AZWrj7kEwJeYDrNSGn1TaFTBfp5j0I9UxxdbOiJUV1AmlVN__KG6vJGRHZz6L-AuLmi1tGjtdXoWjJSyHn4ogljJt0dFUeKsszATO3npo9GWzcbBFB1QcA_hi5GxmVzw_lLvKeBVN0Tm88N00HRMbt18&amp;__tn__=-]K-R\"><span class=\"xt0psk2\">Roberto Avila Ventura<\/span><\/a> comparti\u00f3 su entusiasmo y llam\u00f3 a la comunidad a sumarse, destacando que este evento ya tiene un impacto a nivel estatal. La presidenta, visiblemente emocionada, inst\u00f3 a todas las personas, sin importar la edad, a participar y contribuir al tema de la discapacidad.<\/div>\n<\/div>\n<div class=\"x11i5rnm xat24cr x1mh8g0r x1vvkbs xtlvy1s x126k92a\">\n<div dir=\"auto\">La invitaci\u00f3n final del presidente municipal fue clara: &#8220;Corre con el coraz\u00f3n y apoya a la discapacidad&#8221;. La carrera se llevar\u00e1 a cabo el tres de diciembre en Tenango del Aire, y \u00c1vila subray\u00f3 que incluso aquellos que no corran pueden aportar a esta noble causa. La comunidad espera con entusiasmo la participaci\u00f3n masiva en este evento solidario.<\/div>\n<\/div>\n","protected":false},"excerpt":{"rendered":"<p>&#8211; La carrera se llevar\u00e1 a cabo el tres de diciembre en Tenango del Aire.<\/p>\n","protected":false},"author":1,"featured_media":13903,"comment_status":"open","ping_status":"open","sticky":false,"template":"","format":"standard","meta":{"footnotes":""},"categories":[1],"tags":[17],"class_list":["post-13902","post","type-post","status-publish","format-standard","has-post-thumbnail","hentry","category-municipales","tag-tenango-del-aire"],"yoast_head":"<!-- This site is optimized with the Yoast SEO plugin v25.3 - https:\/\/yoast.com\/wordpress\/plugins\/seo\/ -->\n<title>Tenango del Aire se prepara para la Segunda Carrera &quot;Rompiendo Barreras, Corriendo por el Coraz\u00f3n&quot; a favor de la discapacidad - Volcanes<\/title>\n<meta name=\"robots\" content=\"index, follow, max-snippet:-1, max-image-preview:large, max-video-preview:-1\" \/>\n<link rel=\"canonical\" href=\"https:\/\/volcanes.net\/?p=13902\" \/>\n<meta property=\"og:locale\" content=\"es_MX\" \/>\n<meta property=\"og:type\" content=\"article\" \/>\n<meta property=\"og:title\" content=\"Tenango del Aire se prepara para la Segunda Carrera &quot;Rompiendo Barreras, Corriendo por el Coraz\u00f3n&quot; a favor de la discapacidad - Volcanes\" \/>\n<meta property=\"og:description\" content=\"&#8211; La carrera se llevar\u00e1 a cabo el tres de diciembre en Tenango del Aire.\" \/>\n<meta property=\"og:url\" content=\"https:\/\/volcanes.net\/?p=13902\" \/>\n<meta property=\"og:site_name\" content=\"Volcanes\" \/>\n<meta property=\"article:publisher\" content=\"https:\/\/www.facebook.com\/volcanes.net\/\" \/>\n<meta property=\"article:published_time\" content=\"2023-11-25T02:05:56+00:00\" \/>\n<meta property=\"article:modified_time\" content=\"2023-12-21T18:07:34+00:00\" \/>\n<meta property=\"og:image\" content=\"https:\/\/volcanes.net\/wp-content\/uploads\/2023\/12\/Carrera-Atletlica-Tenango-del-Aire.jpg\" \/>\n\t<meta property=\"og:image:width\" content=\"720\" \/>\n\t<meta property=\"og:image:height\" content=\"540\" \/>\n\t<meta property=\"og:image:type\" content=\"image\/jpeg\" \/>\n<meta name=\"author\" content=\"admin\" \/>\n<meta name=\"twitter:card\" content=\"summary_large_image\" \/>\n<meta name=\"twitter:label1\" content=\"Escrito por\" \/>\n\t<meta name=\"twitter:data1\" content=\"admin\" \/>\n\t<meta name=\"twitter:label2\" content=\"Tiempo de lectura\" \/>\n\t<meta name=\"twitter:data2\" content=\"2 minutos\" \/>\n<script type=\"application\/ld+json\" class=\"yoast-schema-graph\">{\"@context\":\"https:\/\/schema.org\",\"@graph\":[{\"@type\":\"Article\",\"@id\":\"https:\/\/volcanes.net\/?p=13902#article\",\"isPartOf\":{\"@id\":\"https:\/\/volcanes.net\/?p=13902\"},\"author\":{\"name\":\"admin\",\"@id\":\"https:\/\/volcanes.net\/#\/schema\/person\/4bf0f383940966a4abd53f5048c0e6b9\"},\"headline\":\"Tenango del Aire se prepara para la Segunda Carrera &#8220;Rompiendo Barreras, Corriendo por el Coraz\u00f3n&#8221; a favor de la discapacidad\",\"datePublished\":\"2023-11-25T02:05:56+00:00\",\"dateModified\":\"2023-12-21T18:07:34+00:00\",\"mainEntityOfPage\":{\"@id\":\"https:\/\/volcanes.net\/?p=13902\"},\"wordCount\":373,\"commentCount\":0,\"publisher\":{\"@id\":\"https:\/\/volcanes.net\/#organization\"},\"image\":{\"@id\":\"https:\/\/volcanes.net\/?p=13902#primaryimage\"},\"thumbnailUrl\":\"https:\/\/volcanes.net\/wp-content\/uploads\/2023\/12\/Carrera-Atletlica-Tenango-del-Aire.jpg\",\"keywords\":[\"Tenango del Aire\"],\"articleSection\":[\"Municipales\"],\"inLanguage\":\"es\",\"potentialAction\":[{\"@type\":\"CommentAction\",\"name\":\"Comment\",\"target\":[\"https:\/\/volcanes.net\/?p=13902#respond\"]}]},{\"@type\":\"WebPage\",\"@id\":\"https:\/\/volcanes.net\/?p=13902\",\"url\":\"https:\/\/volcanes.net\/?p=13902\",\"name\":\"Tenango del Aire se prepara para la Segunda Carrera \\\"Rompiendo Barreras, Corriendo por el Coraz\u00f3n\\\" a favor de la discapacidad - Volcanes\",\"isPartOf\":{\"@id\":\"https:\/\/volcanes.net\/#website\"},\"primaryImageOfPage\":{\"@id\":\"https:\/\/volcanes.net\/?p=13902#primaryimage\"},\"image\":{\"@id\":\"https:\/\/volcanes.net\/?p=13902#primaryimage\"},\"thumbnailUrl\":\"https:\/\/volcanes.net\/wp-content\/uploads\/2023\/12\/Carrera-Atletlica-Tenango-del-Aire.jpg\",\"datePublished\":\"2023-11-25T02:05:56+00:00\",\"dateModified\":\"2023-12-21T18:07:34+00:00\",\"breadcrumb\":{\"@id\":\"https:\/\/volcanes.net\/?p=13902#breadcrumb\"},\"inLanguage\":\"es\",\"potentialAction\":[{\"@type\":\"ReadAction\",\"target\":[\"https:\/\/volcanes.net\/?p=13902\"]}]},{\"@type\":\"ImageObject\",\"inLanguage\":\"es\",\"@id\":\"https:\/\/volcanes.net\/?p=13902#primaryimage\",\"url\":\"https:\/\/volcanes.net\/wp-content\/uploads\/2023\/12\/Carrera-Atletlica-Tenango-del-Aire.jpg\",\"contentUrl\":\"https:\/\/volcanes.net\/wp-content\/uploads\/2023\/12\/Carrera-Atletlica-Tenango-del-Aire.jpg\",\"width\":720,\"height\":540},{\"@type\":\"BreadcrumbList\",\"@id\":\"https:\/\/volcanes.net\/?p=13902#breadcrumb\",\"itemListElement\":[{\"@type\":\"ListItem\",\"position\":1,\"name\":\"Portada\",\"item\":\"https:\/\/volcanes.net\/\"},{\"@type\":\"ListItem\",\"position\":2,\"name\":\"Tenango del Aire se prepara para la Segunda Carrera &#8220;Rompiendo Barreras, Corriendo por el Coraz\u00f3n&#8221; a favor de la discapacidad\"}]},{\"@type\":\"WebSite\",\"@id\":\"https:\/\/volcanes.net\/#website\",\"url\":\"https:\/\/volcanes.net\/\",\"name\":\"Volcanes.Net\",\"description\":\"Periodismo Profesional\",\"publisher\":{\"@id\":\"https:\/\/volcanes.net\/#organization\"},\"potentialAction\":[{\"@type\":\"SearchAction\",\"target\":{\"@type\":\"EntryPoint\",\"urlTemplate\":\"https:\/\/volcanes.net\/?s={search_term_string}\"},\"query-input\":{\"@type\":\"PropertyValueSpecification\",\"valueRequired\":true,\"valueName\":\"search_term_string\"}}],\"inLanguage\":\"es\"},{\"@type\":\"Organization\",\"@id\":\"https:\/\/volcanes.net\/#organization\",\"name\":\"Grupo Volcanes\",\"url\":\"https:\/\/volcanes.net\/\",\"logo\":{\"@type\":\"ImageObject\",\"inLanguage\":\"es\",\"@id\":\"https:\/\/volcanes.net\/#\/schema\/logo\/image\/\",\"url\":\"http:\/\/volcanes.net\/wp-content\/uploads\/2017\/12\/Avatar2.jpg\",\"contentUrl\":\"http:\/\/volcanes.net\/wp-content\/uploads\/2017\/12\/Avatar2.jpg\",\"width\":378,\"height\":378,\"caption\":\"Grupo Volcanes\"},\"image\":{\"@id\":\"https:\/\/volcanes.net\/#\/schema\/logo\/image\/\"},\"sameAs\":[\"https:\/\/www.facebook.com\/volcanes.net\/\"]},{\"@type\":\"Person\",\"@id\":\"https:\/\/volcanes.net\/#\/schema\/person\/4bf0f383940966a4abd53f5048c0e6b9\",\"name\":\"admin\",\"image\":{\"@type\":\"ImageObject\",\"inLanguage\":\"es\",\"@id\":\"https:\/\/volcanes.net\/#\/schema\/person\/image\/\",\"url\":\"https:\/\/secure.gravatar.com\/avatar\/ca004e6cba8462b8cb7abc86e382930c?s=96&d=mm&r=g\",\"contentUrl\":\"https:\/\/secure.gravatar.com\/avatar\/ca004e6cba8462b8cb7abc86e382930c?s=96&d=mm&r=g\",\"caption\":\"admin\"}}]}<\/script>\n<!-- \/ Yoast SEO plugin. -->","yoast_head_json":{"title":"Tenango del Aire se prepara para la Segunda Carrera \"Rompiendo Barreras, Corriendo por el Coraz\u00f3n\" a favor de la discapacidad - Volcanes","robots":{"index":"index","follow":"follow","max-snippet":"max-snippet:-1","max-image-preview":"max-image-preview:large","max-video-preview":"max-video-preview:-1"},"canonical":"https:\/\/volcanes.net\/?p=13902","og_locale":"es_MX","og_type":"article","og_title":"Tenango del Aire se prepara para la Segunda Carrera \"Rompiendo Barreras, Corriendo por el Coraz\u00f3n\" a favor de la discapacidad - Volcanes","og_description":"&#8211; La carrera se llevar\u00e1 a cabo el tres de diciembre en Tenango del Aire.","og_url":"https:\/\/volcanes.net\/?p=13902","og_site_name":"Volcanes","article_publisher":"https:\/\/www.facebook.com\/volcanes.net\/","article_published_time":"2023-11-25T02:05:56+00:00","article_modified_time":"2023-12-21T18:07:34+00:00","og_image":[{"width":720,"height":540,"url":"https:\/\/volcanes.net\/wp-content\/uploads\/2023\/12\/Carrera-Atletlica-Tenango-del-Aire.jpg","type":"image\/jpeg"}],"author":"admin","twitter_card":"summary_large_image","twitter_misc":{"Escrito por":"admin","Tiempo de lectura":"2 minutos"},"schema":{"@context":"https:\/\/schema.org","@graph":[{"@type":"Article","@id":"https:\/\/volcanes.net\/?p=13902#article","isPartOf":{"@id":"https:\/\/volcanes.net\/?p=13902"},"author":{"name":"admin","@id":"https:\/\/volcanes.net\/#\/schema\/person\/4bf0f383940966a4abd53f5048c0e6b9"},"headline":"Tenango del Aire se prepara para la Segunda Carrera &#8220;Rompiendo Barreras, Corriendo por el Coraz\u00f3n&#8221; a favor de la discapacidad","datePublished":"2023-11-25T02:05:56+00:00","dateModified":"2023-12-21T18:07:34+00:00","mainEntityOfPage":{"@id":"https:\/\/volcanes.net\/?p=13902"},"wordCount":373,"commentCount":0,"publisher":{"@id":"https:\/\/volcanes.net\/#organization"},"image":{"@id":"https:\/\/volcanes.net\/?p=13902#primaryimage"},"thumbnailUrl":"https:\/\/volcanes.net\/wp-content\/uploads\/2023\/12\/Carrera-Atletlica-Tenango-del-Aire.jpg","keywords":["Tenango del Aire"],"articleSection":["Municipales"],"inLanguage":"es","potentialAction":[{"@type":"CommentAction","name":"Comment","target":["https:\/\/volcanes.net\/?p=13902#respond"]}]},{"@type":"WebPage","@id":"https:\/\/volcanes.net\/?p=13902","url":"https:\/\/volcanes.net\/?p=13902","name":"Tenango del Aire se prepara para la Segunda Carrera \"Rompiendo Barreras, Corriendo por el Coraz\u00f3n\" a favor de la discapacidad - Volcanes","isPartOf":{"@id":"https:\/\/volcanes.net\/#website"},"primaryImageOfPage":{"@id":"https:\/\/volcanes.net\/?p=13902#primaryimage"},"image":{"@id":"https:\/\/volcanes.net\/?p=13902#primaryimage"},"thumbnailUrl":"https:\/\/volcanes.net\/wp-content\/uploads\/2023\/12\/Carrera-Atletlica-Tenango-del-Aire.jpg","datePublished":"2023-11-25T02:05:56+00:00","dateModified":"2023-12-21T18:07:34+00:00","breadcrumb":{"@id":"https:\/\/volcanes.net\/?p=13902#breadcrumb"},"inLanguage":"es","potentialAction":[{"@type":"ReadAction","target":["https:\/\/volcanes.net\/?p=13902"]}]},{"@type":"ImageObject","inLanguage":"es","@id":"https:\/\/volcanes.net\/?p=13902#primaryimage","url":"https:\/\/volcanes.net\/wp-content\/uploads\/2023\/12\/Carrera-Atletlica-Tenango-del-Aire.jpg","contentUrl":"https:\/\/volcanes.net\/wp-content\/uploads\/2023\/12\/Carrera-Atletlica-Tenango-del-Aire.jpg","width":720,"height":540},{"@type":"BreadcrumbList","@id":"https:\/\/volcanes.net\/?p=13902#breadcrumb","itemListElement":[{"@type":"ListItem","position":1,"name":"Portada","item":"https:\/\/volcanes.net\/"},{"@type":"ListItem","position":2,"name":"Tenango del Aire se prepara para la Segunda Carrera &#8220;Rompiendo Barreras, Corriendo por el Coraz\u00f3n&#8221; a favor de la discapacidad"}]},{"@type":"WebSite","@id":"https:\/\/volcanes.net\/#website","url":"https:\/\/volcanes.net\/","name":"Volcanes.Net","description":"Periodismo Profesional","publisher":{"@id":"https:\/\/volcanes.net\/#organization"},"potentialAction":[{"@type":"SearchAction","target":{"@type":"EntryPoint","urlTemplate":"https:\/\/volcanes.net\/?s={search_term_string}"},"query-input":{"@type":"PropertyValueSpecification","valueRequired":true,"valueName":"search_term_string"}}],"inLanguage":"es"},{"@type":"Organization","@id":"https:\/\/volcanes.net\/#organization","name":"Grupo Volcanes","url":"https:\/\/volcanes.net\/","logo":{"@type":"ImageObject","inLanguage":"es","@id":"https:\/\/volcanes.net\/#\/schema\/logo\/image\/","url":"http:\/\/volcanes.net\/wp-content\/uploads\/2017\/12\/Avatar2.jpg","contentUrl":"http:\/\/volcanes.net\/wp-content\/uploads\/2017\/12\/Avatar2.jpg","width":378,"height":378,"caption":"Grupo Volcanes"},"image":{"@id":"https:\/\/volcanes.net\/#\/schema\/logo\/image\/"},"sameAs":["https:\/\/www.facebook.com\/volcanes.net\/"]},{"@type":"Person","@id":"https:\/\/volcanes.net\/#\/schema\/person\/4bf0f383940966a4abd53f5048c0e6b9","name":"admin","image":{"@type":"ImageObject","inLanguage":"es","@id":"https:\/\/volcanes.net\/#\/schema\/person\/image\/","url":"https:\/\/secure.gravatar.com\/avatar\/ca004e6cba8462b8cb7abc86e382930c?s=96&d=mm&r=g","contentUrl":"https:\/\/secure.gravatar.com\/avatar\/ca004e6cba8462b8cb7abc86e382930c?s=96&d=mm&r=g","caption":"admin"}}]}},"_links":{"self":[{"href":"https:\/\/volcanes.net\/index.php?rest_route=\/wp\/v2\/posts\/13902"}],"collection":[{"href":"https:\/\/volcanes.net\/index.php?rest_route=\/wp\/v2\/posts"}],"about":[{"href":"https:\/\/volcanes.net\/index.php?rest_route=\/wp\/v2\/types\/post"}],"author":[{"embeddable":true,"href":"https:\/\/volcanes.net\/index.php?rest_route=\/wp\/v2\/users\/1"}],"replies":[{"embeddable":true,"href":"https:\/\/volcanes.net\/index.php?rest_route=%2Fwp%2Fv2%2Fcomments&post=13902"}],"version-history":[{"count":1,"href":"https:\/\/volcanes.net\/index.php?rest_route=\/wp\/v2\/posts\/13902\/revisions"}],"predecessor-version":[{"id":13904,"href":"https:\/\/volcanes.net\/index.php?rest_route=\/wp\/v2\/posts\/13902\/revisions\/13904"}],"wp:featuredmedia":[{"embeddable":true,"href":"https:\/\/volcanes.net\/index.php?rest_route=\/wp\/v2\/media\/13903"}],"wp:attachment":[{"href":"https:\/\/volcanes.net\/index.php?rest_route=%2Fwp%2Fv2%2Fmedia&parent=13902"}],"wp:term":[{"taxonomy":"category","embeddable":true,"href":"https:\/\/volcanes.net\/index.php?rest_route=%2Fwp%2Fv2%2Fcategories&post=13902"},{"taxonomy":"post_tag","embeddable":true,"href":"https:\/\/volcanes.net\/index.php?rest_route=%2Fwp%2Fv2%2Ftags&post=13902"}],"curies":[{"name":"wp","href":"https:\/\/api.w.org\/{rel}","templated":true}]}}