{"id":13913,"date":"2024-02-14T18:00:11","date_gmt":"2024-02-15T00:00:11","guid":{"rendered":"https:\/\/volcanes.net\/?p=13913"},"modified":"2024-03-09T10:21:59","modified_gmt":"2024-03-09T16:21:59","slug":"el-gobierno-municipal-de-ecatzingo-inicia-obras-para-mejorar-la-callejon-de-las-flores-y-calle-santa-cecilia","status":"publish","type":"post","link":"https:\/\/volcanes.net\/?p=13913","title":{"rendered":"El Gobierno Municipal de Ecatzingo Inicia Obras para Mejorar Callej\u00f3n de las Flores y Calle Santa Cecilia"},"content":{"rendered":"<div style=\"margin-top: 0px; margin-bottom: 0px;\" class=\"sharethis-inline-share-buttons\" ><\/div><p>La presidente municipal de Ecatzingo, Rebeca P\u00e9rez Mart\u00ednez, anunci\u00f3 el inicio de obras en el Callej\u00f3n de las Flores y la calle Santa Cecilia, con el objetivo de mejorar la infraestructura urbana y la calidad de vida de los habitantes.<\/p>\n<p>En un comunicado oficial, la presidente municipal expres\u00f3 su satisfacci\u00f3n por poder comenzar con estas obras que no solo cambiar\u00e1n la imagen urbana, sino que tambi\u00e9n tendr\u00e1n un impacto positivo en la vida cotidiana de los ciudadanos. P\u00e9rez Mart\u00ednez destac\u00f3 la importancia de escuchar las necesidades de la comunidad y actuar en consecuencia.<\/p>\n<p>El proyecto incluye la instalaci\u00f3n de drenaje en el Callej\u00f3n de las Flores, as\u00ed como la pavimentaci\u00f3n con piedra laminada en ambas calles. La presidente municipal subray\u00f3 la importancia de la participaci\u00f3n ciudadana en la conformaci\u00f3n de comit\u00e9s para supervisar las obras y garantizar su correcta ejecuci\u00f3n.<\/p>\n<p>Adem\u00e1s, P\u00e9rez Mart\u00ednez enfatiz\u00f3 la importancia de destinar recursos para mejorar las \u00e1reas perif\u00e9ricas del municipio, asegurando que todos los habitantes tengan acceso a una mejor calidad de vida. Asimismo, reiter\u00f3 el compromiso del gobierno municipal para atender las necesidades de la comunidad y llevar a cabo obras que beneficien a todos los sectores de la poblaci\u00f3n.<\/p>\n<p>La presidente municipal concluy\u00f3 destacando el valor de las obras p\u00fablicas como herramienta para mejorar la calidad de vida de los habitantes y reafirm\u00f3 el compromiso del gobierno municipal y el cabildo para continuar trabajando en beneficio de la comunidad.<\/p>\n","protected":false},"excerpt":{"rendered":"<p>La presidente municipal de Ecatzingo, Rebeca P\u00e9rez Mart\u00ednez, anunci\u00f3 el inicio de obras en el<\/p>\n","protected":false},"author":1,"featured_media":13915,"comment_status":"open","ping_status":"open","sticky":false,"template":"","format":"standard","meta":{"footnotes":""},"categories":[1],"tags":[15],"class_list":["post-13913","post","type-post","status-publish","format-standard","has-post-thumbnail","hentry","category-municipales","tag-ecatzingo"],"yoast_head":"<!-- This site is optimized with the Yoast SEO plugin v25.3 - https:\/\/yoast.com\/wordpress\/plugins\/seo\/ -->\n<title>El Gobierno Municipal de Ecatzingo Inicia Obras para Mejorar Callej\u00f3n de las Flores y Calle Santa Cecilia - Volcanes<\/title>\n<meta name=\"robots\" content=\"index, follow, max-snippet:-1, max-image-preview:large, max-video-preview:-1\" \/>\n<link rel=\"canonical\" href=\"https:\/\/volcanes.net\/?p=13913\" \/>\n<meta property=\"og:locale\" content=\"es_MX\" \/>\n<meta property=\"og:type\" content=\"article\" \/>\n<meta property=\"og:title\" content=\"El Gobierno Municipal de Ecatzingo Inicia Obras para Mejorar Callej\u00f3n de las Flores y Calle Santa Cecilia - Volcanes\" \/>\n<meta property=\"og:description\" content=\"La presidente municipal de Ecatzingo, Rebeca P\u00e9rez Mart\u00ednez, anunci\u00f3 el inicio de obras en el\" \/>\n<meta property=\"og:url\" content=\"https:\/\/volcanes.net\/?p=13913\" \/>\n<meta property=\"og:site_name\" content=\"Volcanes\" \/>\n<meta property=\"article:publisher\" content=\"https:\/\/www.facebook.com\/volcanes.net\/\" \/>\n<meta property=\"article:published_time\" content=\"2024-02-15T00:00:11+00:00\" \/>\n<meta property=\"article:modified_time\" content=\"2024-03-09T16:21:59+00:00\" \/>\n<meta property=\"og:image\" content=\"https:\/\/volcanes.net\/wp-content\/uploads\/2024\/03\/Screenshot_2024-03-09-10-20-12-841_com.facebook.katana-edit.jpg\" \/>\n\t<meta property=\"og:image:width\" content=\"1080\" \/>\n\t<meta property=\"og:image:height\" content=\"614\" \/>\n\t<meta property=\"og:image:type\" content=\"image\/jpeg\" \/>\n<meta name=\"author\" content=\"admin\" \/>\n<meta name=\"twitter:card\" content=\"summary_large_image\" \/>\n<meta name=\"twitter:label1\" content=\"Escrito por\" \/>\n\t<meta name=\"twitter:data1\" content=\"admin\" \/>\n\t<meta name=\"twitter:label2\" content=\"Tiempo de lectura\" \/>\n\t<meta name=\"twitter:data2\" content=\"1 minuto\" \/>\n<script type=\"application\/ld+json\" class=\"yoast-schema-graph\">{\"@context\":\"https:\/\/schema.org\",\"@graph\":[{\"@type\":\"Article\",\"@id\":\"https:\/\/volcanes.net\/?p=13913#article\",\"isPartOf\":{\"@id\":\"https:\/\/volcanes.net\/?p=13913\"},\"author\":{\"name\":\"admin\",\"@id\":\"https:\/\/volcanes.net\/#\/schema\/person\/4bf0f383940966a4abd53f5048c0e6b9\"},\"headline\":\"El Gobierno Municipal de Ecatzingo Inicia Obras para Mejorar Callej\u00f3n de las Flores y Calle Santa Cecilia\",\"datePublished\":\"2024-02-15T00:00:11+00:00\",\"dateModified\":\"2024-03-09T16:21:59+00:00\",\"mainEntityOfPage\":{\"@id\":\"https:\/\/volcanes.net\/?p=13913\"},\"wordCount\":277,\"commentCount\":0,\"publisher\":{\"@id\":\"https:\/\/volcanes.net\/#organization\"},\"image\":{\"@id\":\"https:\/\/volcanes.net\/?p=13913#primaryimage\"},\"thumbnailUrl\":\"https:\/\/volcanes.net\/wp-content\/uploads\/2024\/03\/Screenshot_2024-03-09-10-20-12-841_com.facebook.katana-edit.jpg\",\"keywords\":[\"Ecatzingo\"],\"articleSection\":[\"Municipales\"],\"inLanguage\":\"es\",\"potentialAction\":[{\"@type\":\"CommentAction\",\"name\":\"Comment\",\"target\":[\"https:\/\/volcanes.net\/?p=13913#respond\"]}]},{\"@type\":\"WebPage\",\"@id\":\"https:\/\/volcanes.net\/?p=13913\",\"url\":\"https:\/\/volcanes.net\/?p=13913\",\"name\":\"El Gobierno Municipal de Ecatzingo Inicia Obras para Mejorar Callej\u00f3n de las Flores y Calle Santa Cecilia - Volcanes\",\"isPartOf\":{\"@id\":\"https:\/\/volcanes.net\/#website\"},\"primaryImageOfPage\":{\"@id\":\"https:\/\/volcanes.net\/?p=13913#primaryimage\"},\"image\":{\"@id\":\"https:\/\/volcanes.net\/?p=13913#primaryimage\"},\"thumbnailUrl\":\"https:\/\/volcanes.net\/wp-content\/uploads\/2024\/03\/Screenshot_2024-03-09-10-20-12-841_com.facebook.katana-edit.jpg\",\"datePublished\":\"2024-02-15T00:00:11+00:00\",\"dateModified\":\"2024-03-09T16:21:59+00:00\",\"breadcrumb\":{\"@id\":\"https:\/\/volcanes.net\/?p=13913#breadcrumb\"},\"inLanguage\":\"es\",\"potentialAction\":[{\"@type\":\"ReadAction\",\"target\":[\"https:\/\/volcanes.net\/?p=13913\"]}]},{\"@type\":\"ImageObject\",\"inLanguage\":\"es\",\"@id\":\"https:\/\/volcanes.net\/?p=13913#primaryimage\",\"url\":\"https:\/\/volcanes.net\/wp-content\/uploads\/2024\/03\/Screenshot_2024-03-09-10-20-12-841_com.facebook.katana-edit.jpg\",\"contentUrl\":\"https:\/\/volcanes.net\/wp-content\/uploads\/2024\/03\/Screenshot_2024-03-09-10-20-12-841_com.facebook.katana-edit.jpg\",\"width\":1080,\"height\":614},{\"@type\":\"BreadcrumbList\",\"@id\":\"https:\/\/volcanes.net\/?p=13913#breadcrumb\",\"itemListElement\":[{\"@type\":\"ListItem\",\"position\":1,\"name\":\"Portada\",\"item\":\"https:\/\/volcanes.net\/\"},{\"@type\":\"ListItem\",\"position\":2,\"name\":\"El Gobierno Municipal de Ecatzingo Inicia Obras para Mejorar Callej\u00f3n de las Flores y Calle Santa Cecilia\"}]},{\"@type\":\"WebSite\",\"@id\":\"https:\/\/volcanes.net\/#website\",\"url\":\"https:\/\/volcanes.net\/\",\"name\":\"Volcanes.Net\",\"description\":\"Periodismo Profesional\",\"publisher\":{\"@id\":\"https:\/\/volcanes.net\/#organization\"},\"potentialAction\":[{\"@type\":\"SearchAction\",\"target\":{\"@type\":\"EntryPoint\",\"urlTemplate\":\"https:\/\/volcanes.net\/?s={search_term_string}\"},\"query-input\":{\"@type\":\"PropertyValueSpecification\",\"valueRequired\":true,\"valueName\":\"search_term_string\"}}],\"inLanguage\":\"es\"},{\"@type\":\"Organization\",\"@id\":\"https:\/\/volcanes.net\/#organization\",\"name\":\"Grupo Volcanes\",\"url\":\"https:\/\/volcanes.net\/\",\"logo\":{\"@type\":\"ImageObject\",\"inLanguage\":\"es\",\"@id\":\"https:\/\/volcanes.net\/#\/schema\/logo\/image\/\",\"url\":\"http:\/\/volcanes.net\/wp-content\/uploads\/2017\/12\/Avatar2.jpg\",\"contentUrl\":\"http:\/\/volcanes.net\/wp-content\/uploads\/2017\/12\/Avatar2.jpg\",\"width\":378,\"height\":378,\"caption\":\"Grupo Volcanes\"},\"image\":{\"@id\":\"https:\/\/volcanes.net\/#\/schema\/logo\/image\/\"},\"sameAs\":[\"https:\/\/www.facebook.com\/volcanes.net\/\"]},{\"@type\":\"Person\",\"@id\":\"https:\/\/volcanes.net\/#\/schema\/person\/4bf0f383940966a4abd53f5048c0e6b9\",\"name\":\"admin\",\"image\":{\"@type\":\"ImageObject\",\"inLanguage\":\"es\",\"@id\":\"https:\/\/volcanes.net\/#\/schema\/person\/image\/\",\"url\":\"https:\/\/secure.gravatar.com\/avatar\/ca004e6cba8462b8cb7abc86e382930c?s=96&d=mm&r=g\",\"contentUrl\":\"https:\/\/secure.gravatar.com\/avatar\/ca004e6cba8462b8cb7abc86e382930c?s=96&d=mm&r=g\",\"caption\":\"admin\"}}]}<\/script>\n<!-- \/ Yoast SEO plugin. -->","yoast_head_json":{"title":"El Gobierno Municipal de Ecatzingo Inicia Obras para Mejorar Callej\u00f3n de las Flores y Calle Santa Cecilia - Volcanes","robots":{"index":"index","follow":"follow","max-snippet":"max-snippet:-1","max-image-preview":"max-image-preview:large","max-video-preview":"max-video-preview:-1"},"canonical":"https:\/\/volcanes.net\/?p=13913","og_locale":"es_MX","og_type":"article","og_title":"El Gobierno Municipal de Ecatzingo Inicia Obras para Mejorar Callej\u00f3n de las Flores y Calle Santa Cecilia - Volcanes","og_description":"La presidente municipal de Ecatzingo, Rebeca P\u00e9rez Mart\u00ednez, anunci\u00f3 el inicio de obras en el","og_url":"https:\/\/volcanes.net\/?p=13913","og_site_name":"Volcanes","article_publisher":"https:\/\/www.facebook.com\/volcanes.net\/","article_published_time":"2024-02-15T00:00:11+00:00","article_modified_time":"2024-03-09T16:21:59+00:00","og_image":[{"width":1080,"height":614,"url":"https:\/\/volcanes.net\/wp-content\/uploads\/2024\/03\/Screenshot_2024-03-09-10-20-12-841_com.facebook.katana-edit.jpg","type":"image\/jpeg"}],"author":"admin","twitter_card":"summary_large_image","twitter_misc":{"Escrito por":"admin","Tiempo de lectura":"1 minuto"},"schema":{"@context":"https:\/\/schema.org","@graph":[{"@type":"Article","@id":"https:\/\/volcanes.net\/?p=13913#article","isPartOf":{"@id":"https:\/\/volcanes.net\/?p=13913"},"author":{"name":"admin","@id":"https:\/\/volcanes.net\/#\/schema\/person\/4bf0f383940966a4abd53f5048c0e6b9"},"headline":"El Gobierno Municipal de Ecatzingo Inicia Obras para Mejorar Callej\u00f3n de las Flores y Calle Santa Cecilia","datePublished":"2024-02-15T00:00:11+00:00","dateModified":"2024-03-09T16:21:59+00:00","mainEntityOfPage":{"@id":"https:\/\/volcanes.net\/?p=13913"},"wordCount":277,"commentCount":0,"publisher":{"@id":"https:\/\/volcanes.net\/#organization"},"image":{"@id":"https:\/\/volcanes.net\/?p=13913#primaryimage"},"thumbnailUrl":"https:\/\/volcanes.net\/wp-content\/uploads\/2024\/03\/Screenshot_2024-03-09-10-20-12-841_com.facebook.katana-edit.jpg","keywords":["Ecatzingo"],"articleSection":["Municipales"],"inLanguage":"es","potentialAction":[{"@type":"CommentAction","name":"Comment","target":["https:\/\/volcanes.net\/?p=13913#respond"]}]},{"@type":"WebPage","@id":"https:\/\/volcanes.net\/?p=13913","url":"https:\/\/volcanes.net\/?p=13913","name":"El Gobierno Municipal de Ecatzingo Inicia Obras para Mejorar Callej\u00f3n de las Flores y Calle Santa Cecilia - Volcanes","isPartOf":{"@id":"https:\/\/volcanes.net\/#website"},"primaryImageOfPage":{"@id":"https:\/\/volcanes.net\/?p=13913#primaryimage"},"image":{"@id":"https:\/\/volcanes.net\/?p=13913#primaryimage"},"thumbnailUrl":"https:\/\/volcanes.net\/wp-content\/uploads\/2024\/03\/Screenshot_2024-03-09-10-20-12-841_com.facebook.katana-edit.jpg","datePublished":"2024-02-15T00:00:11+00:00","dateModified":"2024-03-09T16:21:59+00:00","breadcrumb":{"@id":"https:\/\/volcanes.net\/?p=13913#breadcrumb"},"inLanguage":"es","potentialAction":[{"@type":"ReadAction","target":["https:\/\/volcanes.net\/?p=13913"]}]},{"@type":"ImageObject","inLanguage":"es","@id":"https:\/\/volcanes.net\/?p=13913#primaryimage","url":"https:\/\/volcanes.net\/wp-content\/uploads\/2024\/03\/Screenshot_2024-03-09-10-20-12-841_com.facebook.katana-edit.jpg","contentUrl":"https:\/\/volcanes.net\/wp-content\/uploads\/2024\/03\/Screenshot_2024-03-09-10-20-12-841_com.facebook.katana-edit.jpg","width":1080,"height":614},{"@type":"BreadcrumbList","@id":"https:\/\/volcanes.net\/?p=13913#breadcrumb","itemListElement":[{"@type":"ListItem","position":1,"name":"Portada","item":"https:\/\/volcanes.net\/"},{"@type":"ListItem","position":2,"name":"El Gobierno Municipal de Ecatzingo Inicia Obras para Mejorar Callej\u00f3n de las Flores y Calle Santa Cecilia"}]},{"@type":"WebSite","@id":"https:\/\/volcanes.net\/#website","url":"https:\/\/volcanes.net\/","name":"Volcanes.Net","description":"Periodismo Profesional","publisher":{"@id":"https:\/\/volcanes.net\/#organization"},"potentialAction":[{"@type":"SearchAction","target":{"@type":"EntryPoint","urlTemplate":"https:\/\/volcanes.net\/?s={search_term_string}"},"query-input":{"@type":"PropertyValueSpecification","valueRequired":true,"valueName":"search_term_string"}}],"inLanguage":"es"},{"@type":"Organization","@id":"https:\/\/volcanes.net\/#organization","name":"Grupo Volcanes","url":"https:\/\/volcanes.net\/","logo":{"@type":"ImageObject","inLanguage":"es","@id":"https:\/\/volcanes.net\/#\/schema\/logo\/image\/","url":"http:\/\/volcanes.net\/wp-content\/uploads\/2017\/12\/Avatar2.jpg","contentUrl":"http:\/\/volcanes.net\/wp-content\/uploads\/2017\/12\/Avatar2.jpg","width":378,"height":378,"caption":"Grupo Volcanes"},"image":{"@id":"https:\/\/volcanes.net\/#\/schema\/logo\/image\/"},"sameAs":["https:\/\/www.facebook.com\/volcanes.net\/"]},{"@type":"Person","@id":"https:\/\/volcanes.net\/#\/schema\/person\/4bf0f383940966a4abd53f5048c0e6b9","name":"admin","image":{"@type":"ImageObject","inLanguage":"es","@id":"https:\/\/volcanes.net\/#\/schema\/person\/image\/","url":"https:\/\/secure.gravatar.com\/avatar\/ca004e6cba8462b8cb7abc86e382930c?s=96&d=mm&r=g","contentUrl":"https:\/\/secure.gravatar.com\/avatar\/ca004e6cba8462b8cb7abc86e382930c?s=96&d=mm&r=g","caption":"admin"}}]}},"_links":{"self":[{"href":"https:\/\/volcanes.net\/index.php?rest_route=\/wp\/v2\/posts\/13913"}],"collection":[{"href":"https:\/\/volcanes.net\/index.php?rest_route=\/wp\/v2\/posts"}],"about":[{"href":"https:\/\/volcanes.net\/index.php?rest_route=\/wp\/v2\/types\/post"}],"author":[{"embeddable":true,"href":"https:\/\/volcanes.net\/index.php?rest_route=\/wp\/v2\/users\/1"}],"replies":[{"embeddable":true,"href":"https:\/\/volcanes.net\/index.php?rest_route=%2Fwp%2Fv2%2Fcomments&post=13913"}],"version-history":[{"count":2,"href":"https:\/\/volcanes.net\/index.php?rest_route=\/wp\/v2\/posts\/13913\/revisions"}],"predecessor-version":[{"id":13916,"href":"https:\/\/volcanes.net\/index.php?rest_route=\/wp\/v2\/posts\/13913\/revisions\/13916"}],"wp:featuredmedia":[{"embeddable":true,"href":"https:\/\/volcanes.net\/index.php?rest_route=\/wp\/v2\/media\/13915"}],"wp:attachment":[{"href":"https:\/\/volcanes.net\/index.php?rest_route=%2Fwp%2Fv2%2Fmedia&parent=13913"}],"wp:term":[{"taxonomy":"category","embeddable":true,"href":"https:\/\/volcanes.net\/index.php?rest_route=%2Fwp%2Fv2%2Fcategories&post=13913"},{"taxonomy":"post_tag","embeddable":true,"href":"https:\/\/volcanes.net\/index.php?rest_route=%2Fwp%2Fv2%2Ftags&post=13913"}],"curies":[{"name":"wp","href":"https:\/\/api.w.org\/{rel}","templated":true}]}}