{"id":13925,"date":"2024-05-12T12:50:03","date_gmt":"2024-05-12T18:50:03","guid":{"rendered":"https:\/\/volcanes.net\/?p=13925"},"modified":"2024-06-05T12:52:15","modified_gmt":"2024-06-05T18:52:15","slug":"fuerte-incendio-forestal-en-ecatzingo-autoridades-hacen-un-llamado-a-la-prevencion","status":"publish","type":"post","link":"https:\/\/volcanes.net\/?p=13925","title":{"rendered":"Fuerte incendio forestal en Ecatzingo: Autoridades hacen un llamado a la prevenci\u00f3n"},"content":{"rendered":"<div style=\"margin-top: 0px; margin-bottom: 0px;\" class=\"sharethis-inline-share-buttons\" ><\/div><div class=\"flex-shrink-0 flex flex-col relative items-end\">\n<div>\n<div class=\"pt-0.5 juice:pt-0\">\n<div class=\"gizmo-bot-avatar flex h-6 w-6 items-center justify-center overflow-hidden rounded-full juice:h-8 juice:w-8\">\n<div class=\"relative p-1 rounded-sm flex items-center justify-center bg-token-main-surface-primary text-token-text-primary h-6 w-6\">El H. Ayuntamiento de Ecatzingo emiti\u00f3 un comunicado informando sobre un preocupante incidente ocurrido el d\u00eda de ayer en la regi\u00f3n: un incendio forestal arras\u00f3 el monte de Ecatzingo, generando una urgente respuesta por parte de los elementos de Protecci\u00f3n Civil.<\/div>\n<\/div>\n<\/div>\n<\/div>\n<\/div>\n<div class=\"group\/conversation-turn relative flex w-full min-w-0 flex-col agent-turn\">\n<div class=\"flex-col gap-1 md:gap-3\">\n<div class=\"flex flex-grow flex-col max-w-full\">\n<div class=\"min-h-[20px] text-message flex flex-col items-start whitespace-pre-wrap break-words [.text-message+&amp;]:mt-5 juice:w-full juice:items-end overflow-x-auto gap-3\" dir=\"auto\" data-message-author-role=\"assistant\" data-message-id=\"e6f4c416-144c-47b9-9820-f08537c649aa\">\n<div class=\"markdown prose w-full break-words dark:prose-invert dark\">\n<p>El fuego, cuya magnitud a\u00fan se est\u00e1 evaluando, moviliz\u00f3 a los equipos de emergencia hacia la zona afectada, donde trabajaron arduamente para contener y extinguir las llamas, enfrentando condiciones adversas y peligrosas.<\/p>\n<p>Este lamentable suceso sirve como recordatorio contundente de la importancia de la prevenci\u00f3n y la responsabilidad ambiental. &#8220;Al provocar incendios, le hacemos un gran da\u00f1o a nuestros bosques&#8221;, destac\u00f3 el comunicado oficial, enfatizando la necesidad urgente de tomar medidas proactivas para evitar futuros desastres.<\/p>\n<p>En este sentido, se insta a la comunidad a seguir las siguientes recomendaciones:<\/p>\n<ul>\n<li><strong>Evitar incendios forestales:<\/strong> Todos somos responsables de proteger nuestro entorno natural. Evitemos acciones que puedan desencadenar incendios, como fogatas no supervisadas y el descuido con cigarrillos.<\/li>\n<li><strong>Mantener limpios nuestros espacios:<\/strong> La basura, especialmente en \u00e1reas boscosas y verdes, puede convertirse en combustible para los incendios. Por ello, es esencial no arrojar desperdicios y mantener la limpieza de nuestros entornos naturales.<\/li>\n<li><strong>No quemar basura:<\/strong> La quema de desechos es una pr\u00e1ctica peligrosa y contaminante. Optemos por m\u00e9todos seguros y responsables de eliminaci\u00f3n de residuos.<\/li>\n<li><strong>Reportar incendios:<\/strong> La r\u00e1pida detecci\u00f3n y respuesta son cruciales para minimizar los da\u00f1os. Si observas un incendio, no dudes en comunicarte de inmediato con Protecci\u00f3n Civil y proporcionar la informaci\u00f3n necesaria para una acci\u00f3n r\u00e1pida y efectiva.<\/li>\n<\/ul>\n<p>&#8220;Prevenir es m\u00e1s f\u00e1cil que combatir&#8221;, concluy\u00f3 el comunicado, subrayando la importancia de la conciencia colectiva y la acci\u00f3n responsable en la protecci\u00f3n de nuestros recursos naturales. En un momento en el que los efectos del cambio clim\u00e1tico se hacen sentir con mayor intensidad, la preservaci\u00f3n de nuestros bosques y entornos naturales se convierte en una tarea prioritaria y compartida por toda la comunidad.<\/p>\n<\/div>\n<\/div>\n<\/div>\n<\/div>\n<\/div>\n","protected":false},"excerpt":{"rendered":"<p>El H. Ayuntamiento de Ecatzingo emiti\u00f3 un comunicado informando sobre un preocupante incidente ocurrido el<\/p>\n","protected":false},"author":1,"featured_media":13926,"comment_status":"open","ping_status":"open","sticky":false,"template":"","format":"standard","meta":{"footnotes":""},"categories":[1],"tags":[15],"class_list":["post-13925","post","type-post","status-publish","format-standard","has-post-thumbnail","hentry","category-municipales","tag-ecatzingo"],"yoast_head":"<!-- This site is optimized with the Yoast SEO plugin v25.3 - https:\/\/yoast.com\/wordpress\/plugins\/seo\/ -->\n<title>Fuerte incendio forestal en Ecatzingo: Autoridades hacen un llamado a la prevenci\u00f3n - Volcanes<\/title>\n<meta name=\"robots\" content=\"index, follow, max-snippet:-1, max-image-preview:large, max-video-preview:-1\" \/>\n<link rel=\"canonical\" href=\"https:\/\/volcanes.net\/?p=13925\" \/>\n<meta property=\"og:locale\" content=\"es_MX\" \/>\n<meta property=\"og:type\" content=\"article\" \/>\n<meta property=\"og:title\" content=\"Fuerte incendio forestal en Ecatzingo: Autoridades hacen un llamado a la prevenci\u00f3n - Volcanes\" \/>\n<meta property=\"og:description\" content=\"El H. Ayuntamiento de Ecatzingo emiti\u00f3 un comunicado informando sobre un preocupante incidente ocurrido el\" \/>\n<meta property=\"og:url\" content=\"https:\/\/volcanes.net\/?p=13925\" \/>\n<meta property=\"og:site_name\" content=\"Volcanes\" \/>\n<meta property=\"article:publisher\" content=\"https:\/\/www.facebook.com\/volcanes.net\/\" \/>\n<meta property=\"article:published_time\" content=\"2024-05-12T18:50:03+00:00\" \/>\n<meta property=\"article:modified_time\" content=\"2024-06-05T18:52:15+00:00\" \/>\n<meta property=\"og:image\" content=\"https:\/\/volcanes.net\/wp-content\/uploads\/2024\/06\/incendio-ecat.jpg\" \/>\n\t<meta property=\"og:image:width\" content=\"1280\" \/>\n\t<meta property=\"og:image:height\" content=\"720\" \/>\n\t<meta property=\"og:image:type\" content=\"image\/jpeg\" \/>\n<meta name=\"author\" content=\"admin\" \/>\n<meta name=\"twitter:card\" content=\"summary_large_image\" \/>\n<meta name=\"twitter:label1\" content=\"Escrito por\" \/>\n\t<meta name=\"twitter:data1\" content=\"admin\" \/>\n\t<meta name=\"twitter:label2\" content=\"Tiempo de lectura\" \/>\n\t<meta name=\"twitter:data2\" content=\"2 minutos\" \/>\n<script type=\"application\/ld+json\" class=\"yoast-schema-graph\">{\"@context\":\"https:\/\/schema.org\",\"@graph\":[{\"@type\":\"Article\",\"@id\":\"https:\/\/volcanes.net\/?p=13925#article\",\"isPartOf\":{\"@id\":\"https:\/\/volcanes.net\/?p=13925\"},\"author\":{\"name\":\"admin\",\"@id\":\"https:\/\/volcanes.net\/#\/schema\/person\/4bf0f383940966a4abd53f5048c0e6b9\"},\"headline\":\"Fuerte incendio forestal en Ecatzingo: Autoridades hacen un llamado a la prevenci\u00f3n\",\"datePublished\":\"2024-05-12T18:50:03+00:00\",\"dateModified\":\"2024-06-05T18:52:15+00:00\",\"mainEntityOfPage\":{\"@id\":\"https:\/\/volcanes.net\/?p=13925\"},\"wordCount\":349,\"commentCount\":0,\"publisher\":{\"@id\":\"https:\/\/volcanes.net\/#organization\"},\"image\":{\"@id\":\"https:\/\/volcanes.net\/?p=13925#primaryimage\"},\"thumbnailUrl\":\"https:\/\/volcanes.net\/wp-content\/uploads\/2024\/06\/incendio-ecat.jpg\",\"keywords\":[\"Ecatzingo\"],\"articleSection\":[\"Municipales\"],\"inLanguage\":\"es\",\"potentialAction\":[{\"@type\":\"CommentAction\",\"name\":\"Comment\",\"target\":[\"https:\/\/volcanes.net\/?p=13925#respond\"]}]},{\"@type\":\"WebPage\",\"@id\":\"https:\/\/volcanes.net\/?p=13925\",\"url\":\"https:\/\/volcanes.net\/?p=13925\",\"name\":\"Fuerte incendio forestal en Ecatzingo: Autoridades hacen un llamado a la prevenci\u00f3n - Volcanes\",\"isPartOf\":{\"@id\":\"https:\/\/volcanes.net\/#website\"},\"primaryImageOfPage\":{\"@id\":\"https:\/\/volcanes.net\/?p=13925#primaryimage\"},\"image\":{\"@id\":\"https:\/\/volcanes.net\/?p=13925#primaryimage\"},\"thumbnailUrl\":\"https:\/\/volcanes.net\/wp-content\/uploads\/2024\/06\/incendio-ecat.jpg\",\"datePublished\":\"2024-05-12T18:50:03+00:00\",\"dateModified\":\"2024-06-05T18:52:15+00:00\",\"breadcrumb\":{\"@id\":\"https:\/\/volcanes.net\/?p=13925#breadcrumb\"},\"inLanguage\":\"es\",\"potentialAction\":[{\"@type\":\"ReadAction\",\"target\":[\"https:\/\/volcanes.net\/?p=13925\"]}]},{\"@type\":\"ImageObject\",\"inLanguage\":\"es\",\"@id\":\"https:\/\/volcanes.net\/?p=13925#primaryimage\",\"url\":\"https:\/\/volcanes.net\/wp-content\/uploads\/2024\/06\/incendio-ecat.jpg\",\"contentUrl\":\"https:\/\/volcanes.net\/wp-content\/uploads\/2024\/06\/incendio-ecat.jpg\",\"width\":1280,\"height\":720},{\"@type\":\"BreadcrumbList\",\"@id\":\"https:\/\/volcanes.net\/?p=13925#breadcrumb\",\"itemListElement\":[{\"@type\":\"ListItem\",\"position\":1,\"name\":\"Portada\",\"item\":\"https:\/\/volcanes.net\/\"},{\"@type\":\"ListItem\",\"position\":2,\"name\":\"Fuerte incendio forestal en Ecatzingo: Autoridades hacen un llamado a la prevenci\u00f3n\"}]},{\"@type\":\"WebSite\",\"@id\":\"https:\/\/volcanes.net\/#website\",\"url\":\"https:\/\/volcanes.net\/\",\"name\":\"Volcanes.Net\",\"description\":\"Periodismo Profesional\",\"publisher\":{\"@id\":\"https:\/\/volcanes.net\/#organization\"},\"potentialAction\":[{\"@type\":\"SearchAction\",\"target\":{\"@type\":\"EntryPoint\",\"urlTemplate\":\"https:\/\/volcanes.net\/?s={search_term_string}\"},\"query-input\":{\"@type\":\"PropertyValueSpecification\",\"valueRequired\":true,\"valueName\":\"search_term_string\"}}],\"inLanguage\":\"es\"},{\"@type\":\"Organization\",\"@id\":\"https:\/\/volcanes.net\/#organization\",\"name\":\"Grupo Volcanes\",\"url\":\"https:\/\/volcanes.net\/\",\"logo\":{\"@type\":\"ImageObject\",\"inLanguage\":\"es\",\"@id\":\"https:\/\/volcanes.net\/#\/schema\/logo\/image\/\",\"url\":\"http:\/\/volcanes.net\/wp-content\/uploads\/2017\/12\/Avatar2.jpg\",\"contentUrl\":\"http:\/\/volcanes.net\/wp-content\/uploads\/2017\/12\/Avatar2.jpg\",\"width\":378,\"height\":378,\"caption\":\"Grupo Volcanes\"},\"image\":{\"@id\":\"https:\/\/volcanes.net\/#\/schema\/logo\/image\/\"},\"sameAs\":[\"https:\/\/www.facebook.com\/volcanes.net\/\"]},{\"@type\":\"Person\",\"@id\":\"https:\/\/volcanes.net\/#\/schema\/person\/4bf0f383940966a4abd53f5048c0e6b9\",\"name\":\"admin\",\"image\":{\"@type\":\"ImageObject\",\"inLanguage\":\"es\",\"@id\":\"https:\/\/volcanes.net\/#\/schema\/person\/image\/\",\"url\":\"https:\/\/secure.gravatar.com\/avatar\/ca004e6cba8462b8cb7abc86e382930c?s=96&d=mm&r=g\",\"contentUrl\":\"https:\/\/secure.gravatar.com\/avatar\/ca004e6cba8462b8cb7abc86e382930c?s=96&d=mm&r=g\",\"caption\":\"admin\"}}]}<\/script>\n<!-- \/ Yoast SEO plugin. -->","yoast_head_json":{"title":"Fuerte incendio forestal en Ecatzingo: Autoridades hacen un llamado a la prevenci\u00f3n - Volcanes","robots":{"index":"index","follow":"follow","max-snippet":"max-snippet:-1","max-image-preview":"max-image-preview:large","max-video-preview":"max-video-preview:-1"},"canonical":"https:\/\/volcanes.net\/?p=13925","og_locale":"es_MX","og_type":"article","og_title":"Fuerte incendio forestal en Ecatzingo: Autoridades hacen un llamado a la prevenci\u00f3n - Volcanes","og_description":"El H. Ayuntamiento de Ecatzingo emiti\u00f3 un comunicado informando sobre un preocupante incidente ocurrido el","og_url":"https:\/\/volcanes.net\/?p=13925","og_site_name":"Volcanes","article_publisher":"https:\/\/www.facebook.com\/volcanes.net\/","article_published_time":"2024-05-12T18:50:03+00:00","article_modified_time":"2024-06-05T18:52:15+00:00","og_image":[{"width":1280,"height":720,"url":"https:\/\/volcanes.net\/wp-content\/uploads\/2024\/06\/incendio-ecat.jpg","type":"image\/jpeg"}],"author":"admin","twitter_card":"summary_large_image","twitter_misc":{"Escrito por":"admin","Tiempo de lectura":"2 minutos"},"schema":{"@context":"https:\/\/schema.org","@graph":[{"@type":"Article","@id":"https:\/\/volcanes.net\/?p=13925#article","isPartOf":{"@id":"https:\/\/volcanes.net\/?p=13925"},"author":{"name":"admin","@id":"https:\/\/volcanes.net\/#\/schema\/person\/4bf0f383940966a4abd53f5048c0e6b9"},"headline":"Fuerte incendio forestal en Ecatzingo: Autoridades hacen un llamado a la prevenci\u00f3n","datePublished":"2024-05-12T18:50:03+00:00","dateModified":"2024-06-05T18:52:15+00:00","mainEntityOfPage":{"@id":"https:\/\/volcanes.net\/?p=13925"},"wordCount":349,"commentCount":0,"publisher":{"@id":"https:\/\/volcanes.net\/#organization"},"image":{"@id":"https:\/\/volcanes.net\/?p=13925#primaryimage"},"thumbnailUrl":"https:\/\/volcanes.net\/wp-content\/uploads\/2024\/06\/incendio-ecat.jpg","keywords":["Ecatzingo"],"articleSection":["Municipales"],"inLanguage":"es","potentialAction":[{"@type":"CommentAction","name":"Comment","target":["https:\/\/volcanes.net\/?p=13925#respond"]}]},{"@type":"WebPage","@id":"https:\/\/volcanes.net\/?p=13925","url":"https:\/\/volcanes.net\/?p=13925","name":"Fuerte incendio forestal en Ecatzingo: Autoridades hacen un llamado a la prevenci\u00f3n - Volcanes","isPartOf":{"@id":"https:\/\/volcanes.net\/#website"},"primaryImageOfPage":{"@id":"https:\/\/volcanes.net\/?p=13925#primaryimage"},"image":{"@id":"https:\/\/volcanes.net\/?p=13925#primaryimage"},"thumbnailUrl":"https:\/\/volcanes.net\/wp-content\/uploads\/2024\/06\/incendio-ecat.jpg","datePublished":"2024-05-12T18:50:03+00:00","dateModified":"2024-06-05T18:52:15+00:00","breadcrumb":{"@id":"https:\/\/volcanes.net\/?p=13925#breadcrumb"},"inLanguage":"es","potentialAction":[{"@type":"ReadAction","target":["https:\/\/volcanes.net\/?p=13925"]}]},{"@type":"ImageObject","inLanguage":"es","@id":"https:\/\/volcanes.net\/?p=13925#primaryimage","url":"https:\/\/volcanes.net\/wp-content\/uploads\/2024\/06\/incendio-ecat.jpg","contentUrl":"https:\/\/volcanes.net\/wp-content\/uploads\/2024\/06\/incendio-ecat.jpg","width":1280,"height":720},{"@type":"BreadcrumbList","@id":"https:\/\/volcanes.net\/?p=13925#breadcrumb","itemListElement":[{"@type":"ListItem","position":1,"name":"Portada","item":"https:\/\/volcanes.net\/"},{"@type":"ListItem","position":2,"name":"Fuerte incendio forestal en Ecatzingo: Autoridades hacen un llamado a la prevenci\u00f3n"}]},{"@type":"WebSite","@id":"https:\/\/volcanes.net\/#website","url":"https:\/\/volcanes.net\/","name":"Volcanes.Net","description":"Periodismo Profesional","publisher":{"@id":"https:\/\/volcanes.net\/#organization"},"potentialAction":[{"@type":"SearchAction","target":{"@type":"EntryPoint","urlTemplate":"https:\/\/volcanes.net\/?s={search_term_string}"},"query-input":{"@type":"PropertyValueSpecification","valueRequired":true,"valueName":"search_term_string"}}],"inLanguage":"es"},{"@type":"Organization","@id":"https:\/\/volcanes.net\/#organization","name":"Grupo Volcanes","url":"https:\/\/volcanes.net\/","logo":{"@type":"ImageObject","inLanguage":"es","@id":"https:\/\/volcanes.net\/#\/schema\/logo\/image\/","url":"http:\/\/volcanes.net\/wp-content\/uploads\/2017\/12\/Avatar2.jpg","contentUrl":"http:\/\/volcanes.net\/wp-content\/uploads\/2017\/12\/Avatar2.jpg","width":378,"height":378,"caption":"Grupo Volcanes"},"image":{"@id":"https:\/\/volcanes.net\/#\/schema\/logo\/image\/"},"sameAs":["https:\/\/www.facebook.com\/volcanes.net\/"]},{"@type":"Person","@id":"https:\/\/volcanes.net\/#\/schema\/person\/4bf0f383940966a4abd53f5048c0e6b9","name":"admin","image":{"@type":"ImageObject","inLanguage":"es","@id":"https:\/\/volcanes.net\/#\/schema\/person\/image\/","url":"https:\/\/secure.gravatar.com\/avatar\/ca004e6cba8462b8cb7abc86e382930c?s=96&d=mm&r=g","contentUrl":"https:\/\/secure.gravatar.com\/avatar\/ca004e6cba8462b8cb7abc86e382930c?s=96&d=mm&r=g","caption":"admin"}}]}},"_links":{"self":[{"href":"https:\/\/volcanes.net\/index.php?rest_route=\/wp\/v2\/posts\/13925"}],"collection":[{"href":"https:\/\/volcanes.net\/index.php?rest_route=\/wp\/v2\/posts"}],"about":[{"href":"https:\/\/volcanes.net\/index.php?rest_route=\/wp\/v2\/types\/post"}],"author":[{"embeddable":true,"href":"https:\/\/volcanes.net\/index.php?rest_route=\/wp\/v2\/users\/1"}],"replies":[{"embeddable":true,"href":"https:\/\/volcanes.net\/index.php?rest_route=%2Fwp%2Fv2%2Fcomments&post=13925"}],"version-history":[{"count":1,"href":"https:\/\/volcanes.net\/index.php?rest_route=\/wp\/v2\/posts\/13925\/revisions"}],"predecessor-version":[{"id":13927,"href":"https:\/\/volcanes.net\/index.php?rest_route=\/wp\/v2\/posts\/13925\/revisions\/13927"}],"wp:featuredmedia":[{"embeddable":true,"href":"https:\/\/volcanes.net\/index.php?rest_route=\/wp\/v2\/media\/13926"}],"wp:attachment":[{"href":"https:\/\/volcanes.net\/index.php?rest_route=%2Fwp%2Fv2%2Fmedia&parent=13925"}],"wp:term":[{"taxonomy":"category","embeddable":true,"href":"https:\/\/volcanes.net\/index.php?rest_route=%2Fwp%2Fv2%2Fcategories&post=13925"},{"taxonomy":"post_tag","embeddable":true,"href":"https:\/\/volcanes.net\/index.php?rest_route=%2Fwp%2Fv2%2Ftags&post=13925"}],"curies":[{"name":"wp","href":"https:\/\/api.w.org\/{rel}","templated":true}]}}