{"id":13929,"date":"2024-06-06T20:19:12","date_gmt":"2024-06-07T02:19:12","guid":{"rendered":"https:\/\/volcanes.net\/?p=13929"},"modified":"2024-07-04T20:21:04","modified_gmt":"2024-07-05T02:21:04","slug":"incendios-forestales-en-ecatzingo-gobierno-municipal-actua-rapidamente-para-contener-las-llamas","status":"publish","type":"post","link":"https:\/\/volcanes.net\/?p=13929","title":{"rendered":"Incendios Forestales en Ecatzingo: Gobierno Municipal Act\u00faa R\u00e1pidamente para Contener las Llamas"},"content":{"rendered":"<div style=\"margin-top: 0px; margin-bottom: 0px;\" class=\"sharethis-inline-share-buttons\" ><\/div><p><em>Ecatzingo, Estado de M\u00e9xico, 6 de junio de 2024<\/em> &#8211; El gobierno municipal de Ecatzingo, bajo la liderazgo de la presidenta municipal Rebeca P\u00e9rez Mart\u00ednez, enfrent\u00f3 hoy un desaf\u00edo importante con la aparici\u00f3n de dos incendios forestales en puntos estrat\u00e9gicos del municipio.<\/p>\n<p>Los focos de fuego se detectaron tanto en la cabecera municipal, en el \u00e1rea conocida como &#8220;El Castillo&#8221;, como en la delegaci\u00f3n de San Marcos Tecomaxusco. Ante esta situaci\u00f3n de emergencia, unidades de Protecci\u00f3n Civil y elementos de Seguridad P\u00fablica fueron movilizados de inmediato para combatir las llamas y proteger las \u00e1reas afectadas.<\/p>\n<p>La presidenta municipal, Rebeca P\u00e9rez Mart\u00ednez, hizo un llamado urgente a la comunidad sobre los peligros asociados con la generaci\u00f3n de incendios forestales, destacando el grave da\u00f1o que estos provocan a los bosques y la biodiversidad local.<\/p>\n<p>Como medida preventiva y en aras de evitar futuros incidentes, se reiteran las siguientes recomendaciones a la ciudadan\u00eda:<\/p>\n<ul>\n<li>Evitar encender fuego en \u00e1reas forestales.<\/li>\n<li>Abstenerse de realizar fogatas y asegurarse de apagar completamente los cigarrillos.<\/li>\n<li>No arrojar basura en bosques ni \u00e1reas verdes.<\/li>\n<li>No quemar basura bajo ninguna circunstancia.<\/li>\n<\/ul>\n<p>En caso de observar un incendio, se insta a los ciudadanos a reportarlo de inmediato a Protecci\u00f3n Civil para una respuesta r\u00e1pida y efectiva.<\/p>\n<p>&#8220;Es fundamental la prevenci\u00f3n para proteger nuestro entorno natural. Prevenir es m\u00e1s f\u00e1cil que combatir&#8221;, enfatiz\u00f3 la presidenta municipal.<\/p>\n<p>Para m\u00e1s informaci\u00f3n y reportes, se encuentra disponible la Direcci\u00f3n de Protecci\u00f3n Civil del municipio.<\/p>\n","protected":false},"excerpt":{"rendered":"<p>Ecatzingo, Estado de M\u00e9xico, 6 de junio de 2024 &#8211; El gobierno municipal de Ecatzingo,<\/p>\n","protected":false},"author":1,"featured_media":13930,"comment_status":"open","ping_status":"open","sticky":false,"template":"","format":"standard","meta":{"footnotes":""},"categories":[1],"tags":[15],"class_list":["post-13929","post","type-post","status-publish","format-standard","has-post-thumbnail","hentry","category-municipales","tag-ecatzingo"],"yoast_head":"<!-- This site is optimized with the Yoast SEO plugin v25.3 - https:\/\/yoast.com\/wordpress\/plugins\/seo\/ -->\n<title>Incendios Forestales en Ecatzingo: Gobierno Municipal Act\u00faa R\u00e1pidamente para Contener las Llamas - Volcanes<\/title>\n<meta name=\"robots\" content=\"index, follow, max-snippet:-1, max-image-preview:large, max-video-preview:-1\" \/>\n<link rel=\"canonical\" href=\"https:\/\/volcanes.net\/?p=13929\" \/>\n<meta property=\"og:locale\" content=\"es_MX\" \/>\n<meta property=\"og:type\" content=\"article\" \/>\n<meta property=\"og:title\" content=\"Incendios Forestales en Ecatzingo: Gobierno Municipal Act\u00faa R\u00e1pidamente para Contener las Llamas - Volcanes\" \/>\n<meta property=\"og:description\" content=\"Ecatzingo, Estado de M\u00e9xico, 6 de junio de 2024 &#8211; El gobierno municipal de Ecatzingo,\" \/>\n<meta property=\"og:url\" content=\"https:\/\/volcanes.net\/?p=13929\" \/>\n<meta property=\"og:site_name\" content=\"Volcanes\" \/>\n<meta property=\"article:publisher\" content=\"https:\/\/www.facebook.com\/volcanes.net\/\" \/>\n<meta property=\"article:published_time\" content=\"2024-06-07T02:19:12+00:00\" \/>\n<meta property=\"article:modified_time\" content=\"2024-07-05T02:21:04+00:00\" \/>\n<meta property=\"og:image\" content=\"https:\/\/volcanes.net\/wp-content\/uploads\/2024\/07\/Ecatzingo-Incendio.jpg\" \/>\n\t<meta property=\"og:image:width\" content=\"1280\" \/>\n\t<meta property=\"og:image:height\" content=\"720\" \/>\n\t<meta property=\"og:image:type\" content=\"image\/jpeg\" \/>\n<meta name=\"author\" content=\"admin\" \/>\n<meta name=\"twitter:card\" content=\"summary_large_image\" \/>\n<meta name=\"twitter:label1\" content=\"Escrito por\" \/>\n\t<meta name=\"twitter:data1\" content=\"admin\" \/>\n\t<meta name=\"twitter:label2\" content=\"Tiempo de lectura\" \/>\n\t<meta name=\"twitter:data2\" content=\"2 minutos\" \/>\n<script type=\"application\/ld+json\" class=\"yoast-schema-graph\">{\"@context\":\"https:\/\/schema.org\",\"@graph\":[{\"@type\":\"Article\",\"@id\":\"https:\/\/volcanes.net\/?p=13929#article\",\"isPartOf\":{\"@id\":\"https:\/\/volcanes.net\/?p=13929\"},\"author\":{\"name\":\"admin\",\"@id\":\"https:\/\/volcanes.net\/#\/schema\/person\/4bf0f383940966a4abd53f5048c0e6b9\"},\"headline\":\"Incendios Forestales en Ecatzingo: Gobierno Municipal Act\u00faa R\u00e1pidamente para Contener las Llamas\",\"datePublished\":\"2024-06-07T02:19:12+00:00\",\"dateModified\":\"2024-07-05T02:21:04+00:00\",\"mainEntityOfPage\":{\"@id\":\"https:\/\/volcanes.net\/?p=13929\"},\"wordCount\":275,\"commentCount\":0,\"publisher\":{\"@id\":\"https:\/\/volcanes.net\/#organization\"},\"image\":{\"@id\":\"https:\/\/volcanes.net\/?p=13929#primaryimage\"},\"thumbnailUrl\":\"https:\/\/volcanes.net\/wp-content\/uploads\/2024\/07\/Ecatzingo-Incendio.jpg\",\"keywords\":[\"Ecatzingo\"],\"articleSection\":[\"Municipales\"],\"inLanguage\":\"es\",\"potentialAction\":[{\"@type\":\"CommentAction\",\"name\":\"Comment\",\"target\":[\"https:\/\/volcanes.net\/?p=13929#respond\"]}]},{\"@type\":\"WebPage\",\"@id\":\"https:\/\/volcanes.net\/?p=13929\",\"url\":\"https:\/\/volcanes.net\/?p=13929\",\"name\":\"Incendios Forestales en Ecatzingo: Gobierno Municipal Act\u00faa R\u00e1pidamente para Contener las Llamas - Volcanes\",\"isPartOf\":{\"@id\":\"https:\/\/volcanes.net\/#website\"},\"primaryImageOfPage\":{\"@id\":\"https:\/\/volcanes.net\/?p=13929#primaryimage\"},\"image\":{\"@id\":\"https:\/\/volcanes.net\/?p=13929#primaryimage\"},\"thumbnailUrl\":\"https:\/\/volcanes.net\/wp-content\/uploads\/2024\/07\/Ecatzingo-Incendio.jpg\",\"datePublished\":\"2024-06-07T02:19:12+00:00\",\"dateModified\":\"2024-07-05T02:21:04+00:00\",\"breadcrumb\":{\"@id\":\"https:\/\/volcanes.net\/?p=13929#breadcrumb\"},\"inLanguage\":\"es\",\"potentialAction\":[{\"@type\":\"ReadAction\",\"target\":[\"https:\/\/volcanes.net\/?p=13929\"]}]},{\"@type\":\"ImageObject\",\"inLanguage\":\"es\",\"@id\":\"https:\/\/volcanes.net\/?p=13929#primaryimage\",\"url\":\"https:\/\/volcanes.net\/wp-content\/uploads\/2024\/07\/Ecatzingo-Incendio.jpg\",\"contentUrl\":\"https:\/\/volcanes.net\/wp-content\/uploads\/2024\/07\/Ecatzingo-Incendio.jpg\",\"width\":1280,\"height\":720,\"caption\":\"Incendio en Ecatzingo\"},{\"@type\":\"BreadcrumbList\",\"@id\":\"https:\/\/volcanes.net\/?p=13929#breadcrumb\",\"itemListElement\":[{\"@type\":\"ListItem\",\"position\":1,\"name\":\"Portada\",\"item\":\"https:\/\/volcanes.net\/\"},{\"@type\":\"ListItem\",\"position\":2,\"name\":\"Incendios Forestales en Ecatzingo: Gobierno Municipal Act\u00faa R\u00e1pidamente para Contener las Llamas\"}]},{\"@type\":\"WebSite\",\"@id\":\"https:\/\/volcanes.net\/#website\",\"url\":\"https:\/\/volcanes.net\/\",\"name\":\"Volcanes.Net\",\"description\":\"Periodismo Profesional\",\"publisher\":{\"@id\":\"https:\/\/volcanes.net\/#organization\"},\"potentialAction\":[{\"@type\":\"SearchAction\",\"target\":{\"@type\":\"EntryPoint\",\"urlTemplate\":\"https:\/\/volcanes.net\/?s={search_term_string}\"},\"query-input\":{\"@type\":\"PropertyValueSpecification\",\"valueRequired\":true,\"valueName\":\"search_term_string\"}}],\"inLanguage\":\"es\"},{\"@type\":\"Organization\",\"@id\":\"https:\/\/volcanes.net\/#organization\",\"name\":\"Grupo Volcanes\",\"url\":\"https:\/\/volcanes.net\/\",\"logo\":{\"@type\":\"ImageObject\",\"inLanguage\":\"es\",\"@id\":\"https:\/\/volcanes.net\/#\/schema\/logo\/image\/\",\"url\":\"http:\/\/volcanes.net\/wp-content\/uploads\/2017\/12\/Avatar2.jpg\",\"contentUrl\":\"http:\/\/volcanes.net\/wp-content\/uploads\/2017\/12\/Avatar2.jpg\",\"width\":378,\"height\":378,\"caption\":\"Grupo Volcanes\"},\"image\":{\"@id\":\"https:\/\/volcanes.net\/#\/schema\/logo\/image\/\"},\"sameAs\":[\"https:\/\/www.facebook.com\/volcanes.net\/\"]},{\"@type\":\"Person\",\"@id\":\"https:\/\/volcanes.net\/#\/schema\/person\/4bf0f383940966a4abd53f5048c0e6b9\",\"name\":\"admin\",\"image\":{\"@type\":\"ImageObject\",\"inLanguage\":\"es\",\"@id\":\"https:\/\/volcanes.net\/#\/schema\/person\/image\/\",\"url\":\"https:\/\/secure.gravatar.com\/avatar\/ca004e6cba8462b8cb7abc86e382930c?s=96&d=mm&r=g\",\"contentUrl\":\"https:\/\/secure.gravatar.com\/avatar\/ca004e6cba8462b8cb7abc86e382930c?s=96&d=mm&r=g\",\"caption\":\"admin\"}}]}<\/script>\n<!-- \/ Yoast SEO plugin. -->","yoast_head_json":{"title":"Incendios Forestales en Ecatzingo: Gobierno Municipal Act\u00faa R\u00e1pidamente para Contener las Llamas - Volcanes","robots":{"index":"index","follow":"follow","max-snippet":"max-snippet:-1","max-image-preview":"max-image-preview:large","max-video-preview":"max-video-preview:-1"},"canonical":"https:\/\/volcanes.net\/?p=13929","og_locale":"es_MX","og_type":"article","og_title":"Incendios Forestales en Ecatzingo: Gobierno Municipal Act\u00faa R\u00e1pidamente para Contener las Llamas - Volcanes","og_description":"Ecatzingo, Estado de M\u00e9xico, 6 de junio de 2024 &#8211; El gobierno municipal de Ecatzingo,","og_url":"https:\/\/volcanes.net\/?p=13929","og_site_name":"Volcanes","article_publisher":"https:\/\/www.facebook.com\/volcanes.net\/","article_published_time":"2024-06-07T02:19:12+00:00","article_modified_time":"2024-07-05T02:21:04+00:00","og_image":[{"width":1280,"height":720,"url":"https:\/\/volcanes.net\/wp-content\/uploads\/2024\/07\/Ecatzingo-Incendio.jpg","type":"image\/jpeg"}],"author":"admin","twitter_card":"summary_large_image","twitter_misc":{"Escrito por":"admin","Tiempo de lectura":"2 minutos"},"schema":{"@context":"https:\/\/schema.org","@graph":[{"@type":"Article","@id":"https:\/\/volcanes.net\/?p=13929#article","isPartOf":{"@id":"https:\/\/volcanes.net\/?p=13929"},"author":{"name":"admin","@id":"https:\/\/volcanes.net\/#\/schema\/person\/4bf0f383940966a4abd53f5048c0e6b9"},"headline":"Incendios Forestales en Ecatzingo: Gobierno Municipal Act\u00faa R\u00e1pidamente para Contener las Llamas","datePublished":"2024-06-07T02:19:12+00:00","dateModified":"2024-07-05T02:21:04+00:00","mainEntityOfPage":{"@id":"https:\/\/volcanes.net\/?p=13929"},"wordCount":275,"commentCount":0,"publisher":{"@id":"https:\/\/volcanes.net\/#organization"},"image":{"@id":"https:\/\/volcanes.net\/?p=13929#primaryimage"},"thumbnailUrl":"https:\/\/volcanes.net\/wp-content\/uploads\/2024\/07\/Ecatzingo-Incendio.jpg","keywords":["Ecatzingo"],"articleSection":["Municipales"],"inLanguage":"es","potentialAction":[{"@type":"CommentAction","name":"Comment","target":["https:\/\/volcanes.net\/?p=13929#respond"]}]},{"@type":"WebPage","@id":"https:\/\/volcanes.net\/?p=13929","url":"https:\/\/volcanes.net\/?p=13929","name":"Incendios Forestales en Ecatzingo: Gobierno Municipal Act\u00faa R\u00e1pidamente para Contener las Llamas - Volcanes","isPartOf":{"@id":"https:\/\/volcanes.net\/#website"},"primaryImageOfPage":{"@id":"https:\/\/volcanes.net\/?p=13929#primaryimage"},"image":{"@id":"https:\/\/volcanes.net\/?p=13929#primaryimage"},"thumbnailUrl":"https:\/\/volcanes.net\/wp-content\/uploads\/2024\/07\/Ecatzingo-Incendio.jpg","datePublished":"2024-06-07T02:19:12+00:00","dateModified":"2024-07-05T02:21:04+00:00","breadcrumb":{"@id":"https:\/\/volcanes.net\/?p=13929#breadcrumb"},"inLanguage":"es","potentialAction":[{"@type":"ReadAction","target":["https:\/\/volcanes.net\/?p=13929"]}]},{"@type":"ImageObject","inLanguage":"es","@id":"https:\/\/volcanes.net\/?p=13929#primaryimage","url":"https:\/\/volcanes.net\/wp-content\/uploads\/2024\/07\/Ecatzingo-Incendio.jpg","contentUrl":"https:\/\/volcanes.net\/wp-content\/uploads\/2024\/07\/Ecatzingo-Incendio.jpg","width":1280,"height":720,"caption":"Incendio en Ecatzingo"},{"@type":"BreadcrumbList","@id":"https:\/\/volcanes.net\/?p=13929#breadcrumb","itemListElement":[{"@type":"ListItem","position":1,"name":"Portada","item":"https:\/\/volcanes.net\/"},{"@type":"ListItem","position":2,"name":"Incendios Forestales en Ecatzingo: Gobierno Municipal Act\u00faa R\u00e1pidamente para Contener las Llamas"}]},{"@type":"WebSite","@id":"https:\/\/volcanes.net\/#website","url":"https:\/\/volcanes.net\/","name":"Volcanes.Net","description":"Periodismo Profesional","publisher":{"@id":"https:\/\/volcanes.net\/#organization"},"potentialAction":[{"@type":"SearchAction","target":{"@type":"EntryPoint","urlTemplate":"https:\/\/volcanes.net\/?s={search_term_string}"},"query-input":{"@type":"PropertyValueSpecification","valueRequired":true,"valueName":"search_term_string"}}],"inLanguage":"es"},{"@type":"Organization","@id":"https:\/\/volcanes.net\/#organization","name":"Grupo Volcanes","url":"https:\/\/volcanes.net\/","logo":{"@type":"ImageObject","inLanguage":"es","@id":"https:\/\/volcanes.net\/#\/schema\/logo\/image\/","url":"http:\/\/volcanes.net\/wp-content\/uploads\/2017\/12\/Avatar2.jpg","contentUrl":"http:\/\/volcanes.net\/wp-content\/uploads\/2017\/12\/Avatar2.jpg","width":378,"height":378,"caption":"Grupo Volcanes"},"image":{"@id":"https:\/\/volcanes.net\/#\/schema\/logo\/image\/"},"sameAs":["https:\/\/www.facebook.com\/volcanes.net\/"]},{"@type":"Person","@id":"https:\/\/volcanes.net\/#\/schema\/person\/4bf0f383940966a4abd53f5048c0e6b9","name":"admin","image":{"@type":"ImageObject","inLanguage":"es","@id":"https:\/\/volcanes.net\/#\/schema\/person\/image\/","url":"https:\/\/secure.gravatar.com\/avatar\/ca004e6cba8462b8cb7abc86e382930c?s=96&d=mm&r=g","contentUrl":"https:\/\/secure.gravatar.com\/avatar\/ca004e6cba8462b8cb7abc86e382930c?s=96&d=mm&r=g","caption":"admin"}}]}},"_links":{"self":[{"href":"https:\/\/volcanes.net\/index.php?rest_route=\/wp\/v2\/posts\/13929"}],"collection":[{"href":"https:\/\/volcanes.net\/index.php?rest_route=\/wp\/v2\/posts"}],"about":[{"href":"https:\/\/volcanes.net\/index.php?rest_route=\/wp\/v2\/types\/post"}],"author":[{"embeddable":true,"href":"https:\/\/volcanes.net\/index.php?rest_route=\/wp\/v2\/users\/1"}],"replies":[{"embeddable":true,"href":"https:\/\/volcanes.net\/index.php?rest_route=%2Fwp%2Fv2%2Fcomments&post=13929"}],"version-history":[{"count":1,"href":"https:\/\/volcanes.net\/index.php?rest_route=\/wp\/v2\/posts\/13929\/revisions"}],"predecessor-version":[{"id":13931,"href":"https:\/\/volcanes.net\/index.php?rest_route=\/wp\/v2\/posts\/13929\/revisions\/13931"}],"wp:featuredmedia":[{"embeddable":true,"href":"https:\/\/volcanes.net\/index.php?rest_route=\/wp\/v2\/media\/13930"}],"wp:attachment":[{"href":"https:\/\/volcanes.net\/index.php?rest_route=%2Fwp%2Fv2%2Fmedia&parent=13929"}],"wp:term":[{"taxonomy":"category","embeddable":true,"href":"https:\/\/volcanes.net\/index.php?rest_route=%2Fwp%2Fv2%2Fcategories&post=13929"},{"taxonomy":"post_tag","embeddable":true,"href":"https:\/\/volcanes.net\/index.php?rest_route=%2Fwp%2Fv2%2Ftags&post=13929"}],"curies":[{"name":"wp","href":"https:\/\/api.w.org\/{rel}","templated":true}]}}