{"id":13949,"date":"2024-08-22T17:00:41","date_gmt":"2024-08-22T23:00:41","guid":{"rendered":"https:\/\/volcanes.net\/?p=13949"},"modified":"2024-08-23T10:53:19","modified_gmt":"2024-08-23T16:53:19","slug":"entrega-de-rehabilitacion-del-centro-de-especialidades-en-atencion-primaria-a-la-salud-francisco-javier-mina-en-ozumba","status":"publish","type":"post","link":"https:\/\/volcanes.net\/?p=13949","title":{"rendered":"Entrega de Rehabilitaci\u00f3n del Centro de Especialidades en Atenci\u00f3n Primaria a la Salud &#8220;Francisco Javier Mina&#8221; en Ozumba"},"content":{"rendered":"<div style=\"margin-top: 0px; margin-bottom: 0px;\" class=\"sharethis-inline-share-buttons\" ><\/div><p><span class=\"x193iq5w xeuugli x13faqbe x1vvkbs x1xmvt09 x1lliihq x1s928wv xhkezso x1gmr53x x1cpjm7i x1fgarty x1943h6x xudqn12 x3x7a5m x6prxxf xvq8zen xo1l8bm xzsf02u\" dir=\"auto\">Ozumba, Estado de M\u00e9xico, 22 de agosto de 2024.- En un acto que representa un paso significativo para el fortalecimiento de los servicios de salud en la regi\u00f3n, el presidente municipal de Ozumba, Valent\u00edn Mart\u00ednez Castillo, entreg\u00f3 oficialmente la obra de rehabilitaci\u00f3n del Centro de Especialidades en Atenci\u00f3n Primaria a la Salud &#8220;Francisco Javier Mina&#8221;.<br class=\"html-br\" \/><br class=\"html-br\" \/>Durante la ceremonia de inauguraci\u00f3n, Mart\u00ednez Castillo destac\u00f3 la importancia de esta obra para la comunidad y expres\u00f3 su agradecimiento por el apoyo recibido por parte de la nueva gobernadora del Estado de M\u00e9xico. \u201cS\u00e9 que en este momento tambi\u00e9n ya cuentan con un apoyo importante, que es el apoyo de la nueva gobernadora del Estado de M\u00e9xico. Personalmente, siento gratitud con ella. Estamos complacidos con la manera en que estamos trabajando de manera coordinada y relacionada. Al final, estaremos atentos de que se d\u00e9 cumplimiento y se siga avanzando en la enorme tarea de mantener la salud de toda nuestra poblaci\u00f3n\u201d, subray\u00f3 el edil.<br class=\"html-br\" \/><br class=\"html-br\" \/>La rehabilitaci\u00f3n del Centro de Especialidades en Atenci\u00f3n Primaria a la Salud &#8220;Francisco Javier Mina&#8221; es parte de un conjunto de esfuerzos municipales para mejorar la infraestructura de salud en Ozumba, garantizando que los habitantes cuenten con instalaciones adecuadas y personal capacitado para atender sus necesidades m\u00e9dicas. <br class=\"html-br\" \/><br class=\"html-br\" \/>El evento cont\u00f3 con la asistencia de autoridades municipales, personal m\u00e9dico y miembros de la comunidad, quienes manifestaron su entusiasmo y apoyo a esta iniciativa que promete elevar la calidad de los servicios de salud en la regi\u00f3n. <\/span><\/p>\n","protected":false},"excerpt":{"rendered":"<p>Ozumba, Estado de M\u00e9xico, 22 de agosto de 2024.- En un acto que representa un<\/p>\n","protected":false},"author":1,"featured_media":13950,"comment_status":"open","ping_status":"open","sticky":false,"template":"","format":"standard","meta":{"footnotes":""},"categories":[1],"tags":[],"class_list":["post-13949","post","type-post","status-publish","format-standard","has-post-thumbnail","hentry","category-municipales"],"yoast_head":"<!-- This site is optimized with the Yoast SEO plugin v25.3 - https:\/\/yoast.com\/wordpress\/plugins\/seo\/ -->\n<title>Entrega de Rehabilitaci\u00f3n del Centro de Especialidades en Atenci\u00f3n Primaria a la Salud &quot;Francisco Javier Mina&quot; en Ozumba - Volcanes<\/title>\n<meta name=\"robots\" content=\"index, follow, max-snippet:-1, max-image-preview:large, max-video-preview:-1\" \/>\n<link rel=\"canonical\" href=\"https:\/\/volcanes.net\/?p=13949\" \/>\n<meta property=\"og:locale\" content=\"es_MX\" \/>\n<meta property=\"og:type\" content=\"article\" \/>\n<meta property=\"og:title\" content=\"Entrega de Rehabilitaci\u00f3n del Centro de Especialidades en Atenci\u00f3n Primaria a la Salud &quot;Francisco Javier Mina&quot; en Ozumba - Volcanes\" \/>\n<meta property=\"og:description\" content=\"Ozumba, Estado de M\u00e9xico, 22 de agosto de 2024.- En un acto que representa un\" \/>\n<meta property=\"og:url\" content=\"https:\/\/volcanes.net\/?p=13949\" \/>\n<meta property=\"og:site_name\" content=\"Volcanes\" \/>\n<meta property=\"article:publisher\" content=\"https:\/\/www.facebook.com\/volcanes.net\/\" \/>\n<meta property=\"article:published_time\" content=\"2024-08-22T23:00:41+00:00\" \/>\n<meta property=\"article:modified_time\" content=\"2024-08-23T16:53:19+00:00\" \/>\n<meta property=\"og:image\" content=\"https:\/\/volcanes.net\/wp-content\/uploads\/2024\/08\/Salud-Ozumba.jpg\" \/>\n\t<meta property=\"og:image:width\" content=\"2048\" \/>\n\t<meta property=\"og:image:height\" content=\"1536\" \/>\n\t<meta property=\"og:image:type\" content=\"image\/jpeg\" \/>\n<meta name=\"author\" content=\"admin\" \/>\n<meta name=\"twitter:card\" content=\"summary_large_image\" \/>\n<meta name=\"twitter:label1\" content=\"Escrito por\" \/>\n\t<meta name=\"twitter:data1\" content=\"admin\" \/>\n\t<meta name=\"twitter:label2\" content=\"Tiempo de lectura\" \/>\n\t<meta name=\"twitter:data2\" content=\"2 minutos\" \/>\n<script type=\"application\/ld+json\" class=\"yoast-schema-graph\">{\"@context\":\"https:\/\/schema.org\",\"@graph\":[{\"@type\":\"Article\",\"@id\":\"https:\/\/volcanes.net\/?p=13949#article\",\"isPartOf\":{\"@id\":\"https:\/\/volcanes.net\/?p=13949\"},\"author\":{\"name\":\"admin\",\"@id\":\"https:\/\/volcanes.net\/#\/schema\/person\/4bf0f383940966a4abd53f5048c0e6b9\"},\"headline\":\"Entrega de Rehabilitaci\u00f3n del Centro de Especialidades en Atenci\u00f3n Primaria a la Salud &#8220;Francisco Javier Mina&#8221; en Ozumba\",\"datePublished\":\"2024-08-22T23:00:41+00:00\",\"dateModified\":\"2024-08-23T16:53:19+00:00\",\"mainEntityOfPage\":{\"@id\":\"https:\/\/volcanes.net\/?p=13949\"},\"wordCount\":281,\"commentCount\":0,\"publisher\":{\"@id\":\"https:\/\/volcanes.net\/#organization\"},\"image\":{\"@id\":\"https:\/\/volcanes.net\/?p=13949#primaryimage\"},\"thumbnailUrl\":\"https:\/\/volcanes.net\/wp-content\/uploads\/2024\/08\/Salud-Ozumba.jpg\",\"articleSection\":[\"Municipales\"],\"inLanguage\":\"es\",\"potentialAction\":[{\"@type\":\"CommentAction\",\"name\":\"Comment\",\"target\":[\"https:\/\/volcanes.net\/?p=13949#respond\"]}]},{\"@type\":\"WebPage\",\"@id\":\"https:\/\/volcanes.net\/?p=13949\",\"url\":\"https:\/\/volcanes.net\/?p=13949\",\"name\":\"Entrega de Rehabilitaci\u00f3n del Centro de Especialidades en Atenci\u00f3n Primaria a la Salud \\\"Francisco Javier Mina\\\" en Ozumba - Volcanes\",\"isPartOf\":{\"@id\":\"https:\/\/volcanes.net\/#website\"},\"primaryImageOfPage\":{\"@id\":\"https:\/\/volcanes.net\/?p=13949#primaryimage\"},\"image\":{\"@id\":\"https:\/\/volcanes.net\/?p=13949#primaryimage\"},\"thumbnailUrl\":\"https:\/\/volcanes.net\/wp-content\/uploads\/2024\/08\/Salud-Ozumba.jpg\",\"datePublished\":\"2024-08-22T23:00:41+00:00\",\"dateModified\":\"2024-08-23T16:53:19+00:00\",\"breadcrumb\":{\"@id\":\"https:\/\/volcanes.net\/?p=13949#breadcrumb\"},\"inLanguage\":\"es\",\"potentialAction\":[{\"@type\":\"ReadAction\",\"target\":[\"https:\/\/volcanes.net\/?p=13949\"]}]},{\"@type\":\"ImageObject\",\"inLanguage\":\"es\",\"@id\":\"https:\/\/volcanes.net\/?p=13949#primaryimage\",\"url\":\"https:\/\/volcanes.net\/wp-content\/uploads\/2024\/08\/Salud-Ozumba.jpg\",\"contentUrl\":\"https:\/\/volcanes.net\/wp-content\/uploads\/2024\/08\/Salud-Ozumba.jpg\",\"width\":2048,\"height\":1536},{\"@type\":\"BreadcrumbList\",\"@id\":\"https:\/\/volcanes.net\/?p=13949#breadcrumb\",\"itemListElement\":[{\"@type\":\"ListItem\",\"position\":1,\"name\":\"Portada\",\"item\":\"https:\/\/volcanes.net\/\"},{\"@type\":\"ListItem\",\"position\":2,\"name\":\"Entrega de Rehabilitaci\u00f3n del Centro de Especialidades en Atenci\u00f3n Primaria a la Salud &#8220;Francisco Javier Mina&#8221; en Ozumba\"}]},{\"@type\":\"WebSite\",\"@id\":\"https:\/\/volcanes.net\/#website\",\"url\":\"https:\/\/volcanes.net\/\",\"name\":\"Volcanes.Net\",\"description\":\"Periodismo Profesional\",\"publisher\":{\"@id\":\"https:\/\/volcanes.net\/#organization\"},\"potentialAction\":[{\"@type\":\"SearchAction\",\"target\":{\"@type\":\"EntryPoint\",\"urlTemplate\":\"https:\/\/volcanes.net\/?s={search_term_string}\"},\"query-input\":{\"@type\":\"PropertyValueSpecification\",\"valueRequired\":true,\"valueName\":\"search_term_string\"}}],\"inLanguage\":\"es\"},{\"@type\":\"Organization\",\"@id\":\"https:\/\/volcanes.net\/#organization\",\"name\":\"Grupo Volcanes\",\"url\":\"https:\/\/volcanes.net\/\",\"logo\":{\"@type\":\"ImageObject\",\"inLanguage\":\"es\",\"@id\":\"https:\/\/volcanes.net\/#\/schema\/logo\/image\/\",\"url\":\"http:\/\/volcanes.net\/wp-content\/uploads\/2017\/12\/Avatar2.jpg\",\"contentUrl\":\"http:\/\/volcanes.net\/wp-content\/uploads\/2017\/12\/Avatar2.jpg\",\"width\":378,\"height\":378,\"caption\":\"Grupo Volcanes\"},\"image\":{\"@id\":\"https:\/\/volcanes.net\/#\/schema\/logo\/image\/\"},\"sameAs\":[\"https:\/\/www.facebook.com\/volcanes.net\/\"]},{\"@type\":\"Person\",\"@id\":\"https:\/\/volcanes.net\/#\/schema\/person\/4bf0f383940966a4abd53f5048c0e6b9\",\"name\":\"admin\",\"image\":{\"@type\":\"ImageObject\",\"inLanguage\":\"es\",\"@id\":\"https:\/\/volcanes.net\/#\/schema\/person\/image\/\",\"url\":\"https:\/\/secure.gravatar.com\/avatar\/ca004e6cba8462b8cb7abc86e382930c?s=96&d=mm&r=g\",\"contentUrl\":\"https:\/\/secure.gravatar.com\/avatar\/ca004e6cba8462b8cb7abc86e382930c?s=96&d=mm&r=g\",\"caption\":\"admin\"}}]}<\/script>\n<!-- \/ Yoast SEO plugin. -->","yoast_head_json":{"title":"Entrega de Rehabilitaci\u00f3n del Centro de Especialidades en Atenci\u00f3n Primaria a la Salud \"Francisco Javier Mina\" en Ozumba - Volcanes","robots":{"index":"index","follow":"follow","max-snippet":"max-snippet:-1","max-image-preview":"max-image-preview:large","max-video-preview":"max-video-preview:-1"},"canonical":"https:\/\/volcanes.net\/?p=13949","og_locale":"es_MX","og_type":"article","og_title":"Entrega de Rehabilitaci\u00f3n del Centro de Especialidades en Atenci\u00f3n Primaria a la Salud \"Francisco Javier Mina\" en Ozumba - Volcanes","og_description":"Ozumba, Estado de M\u00e9xico, 22 de agosto de 2024.- En un acto que representa un","og_url":"https:\/\/volcanes.net\/?p=13949","og_site_name":"Volcanes","article_publisher":"https:\/\/www.facebook.com\/volcanes.net\/","article_published_time":"2024-08-22T23:00:41+00:00","article_modified_time":"2024-08-23T16:53:19+00:00","og_image":[{"width":2048,"height":1536,"url":"https:\/\/volcanes.net\/wp-content\/uploads\/2024\/08\/Salud-Ozumba.jpg","type":"image\/jpeg"}],"author":"admin","twitter_card":"summary_large_image","twitter_misc":{"Escrito por":"admin","Tiempo de lectura":"2 minutos"},"schema":{"@context":"https:\/\/schema.org","@graph":[{"@type":"Article","@id":"https:\/\/volcanes.net\/?p=13949#article","isPartOf":{"@id":"https:\/\/volcanes.net\/?p=13949"},"author":{"name":"admin","@id":"https:\/\/volcanes.net\/#\/schema\/person\/4bf0f383940966a4abd53f5048c0e6b9"},"headline":"Entrega de Rehabilitaci\u00f3n del Centro de Especialidades en Atenci\u00f3n Primaria a la Salud &#8220;Francisco Javier Mina&#8221; en Ozumba","datePublished":"2024-08-22T23:00:41+00:00","dateModified":"2024-08-23T16:53:19+00:00","mainEntityOfPage":{"@id":"https:\/\/volcanes.net\/?p=13949"},"wordCount":281,"commentCount":0,"publisher":{"@id":"https:\/\/volcanes.net\/#organization"},"image":{"@id":"https:\/\/volcanes.net\/?p=13949#primaryimage"},"thumbnailUrl":"https:\/\/volcanes.net\/wp-content\/uploads\/2024\/08\/Salud-Ozumba.jpg","articleSection":["Municipales"],"inLanguage":"es","potentialAction":[{"@type":"CommentAction","name":"Comment","target":["https:\/\/volcanes.net\/?p=13949#respond"]}]},{"@type":"WebPage","@id":"https:\/\/volcanes.net\/?p=13949","url":"https:\/\/volcanes.net\/?p=13949","name":"Entrega de Rehabilitaci\u00f3n del Centro de Especialidades en Atenci\u00f3n Primaria a la Salud \"Francisco Javier Mina\" en Ozumba - Volcanes","isPartOf":{"@id":"https:\/\/volcanes.net\/#website"},"primaryImageOfPage":{"@id":"https:\/\/volcanes.net\/?p=13949#primaryimage"},"image":{"@id":"https:\/\/volcanes.net\/?p=13949#primaryimage"},"thumbnailUrl":"https:\/\/volcanes.net\/wp-content\/uploads\/2024\/08\/Salud-Ozumba.jpg","datePublished":"2024-08-22T23:00:41+00:00","dateModified":"2024-08-23T16:53:19+00:00","breadcrumb":{"@id":"https:\/\/volcanes.net\/?p=13949#breadcrumb"},"inLanguage":"es","potentialAction":[{"@type":"ReadAction","target":["https:\/\/volcanes.net\/?p=13949"]}]},{"@type":"ImageObject","inLanguage":"es","@id":"https:\/\/volcanes.net\/?p=13949#primaryimage","url":"https:\/\/volcanes.net\/wp-content\/uploads\/2024\/08\/Salud-Ozumba.jpg","contentUrl":"https:\/\/volcanes.net\/wp-content\/uploads\/2024\/08\/Salud-Ozumba.jpg","width":2048,"height":1536},{"@type":"BreadcrumbList","@id":"https:\/\/volcanes.net\/?p=13949#breadcrumb","itemListElement":[{"@type":"ListItem","position":1,"name":"Portada","item":"https:\/\/volcanes.net\/"},{"@type":"ListItem","position":2,"name":"Entrega de Rehabilitaci\u00f3n del Centro de Especialidades en Atenci\u00f3n Primaria a la Salud &#8220;Francisco Javier Mina&#8221; en Ozumba"}]},{"@type":"WebSite","@id":"https:\/\/volcanes.net\/#website","url":"https:\/\/volcanes.net\/","name":"Volcanes.Net","description":"Periodismo Profesional","publisher":{"@id":"https:\/\/volcanes.net\/#organization"},"potentialAction":[{"@type":"SearchAction","target":{"@type":"EntryPoint","urlTemplate":"https:\/\/volcanes.net\/?s={search_term_string}"},"query-input":{"@type":"PropertyValueSpecification","valueRequired":true,"valueName":"search_term_string"}}],"inLanguage":"es"},{"@type":"Organization","@id":"https:\/\/volcanes.net\/#organization","name":"Grupo Volcanes","url":"https:\/\/volcanes.net\/","logo":{"@type":"ImageObject","inLanguage":"es","@id":"https:\/\/volcanes.net\/#\/schema\/logo\/image\/","url":"http:\/\/volcanes.net\/wp-content\/uploads\/2017\/12\/Avatar2.jpg","contentUrl":"http:\/\/volcanes.net\/wp-content\/uploads\/2017\/12\/Avatar2.jpg","width":378,"height":378,"caption":"Grupo Volcanes"},"image":{"@id":"https:\/\/volcanes.net\/#\/schema\/logo\/image\/"},"sameAs":["https:\/\/www.facebook.com\/volcanes.net\/"]},{"@type":"Person","@id":"https:\/\/volcanes.net\/#\/schema\/person\/4bf0f383940966a4abd53f5048c0e6b9","name":"admin","image":{"@type":"ImageObject","inLanguage":"es","@id":"https:\/\/volcanes.net\/#\/schema\/person\/image\/","url":"https:\/\/secure.gravatar.com\/avatar\/ca004e6cba8462b8cb7abc86e382930c?s=96&d=mm&r=g","contentUrl":"https:\/\/secure.gravatar.com\/avatar\/ca004e6cba8462b8cb7abc86e382930c?s=96&d=mm&r=g","caption":"admin"}}]}},"_links":{"self":[{"href":"https:\/\/volcanes.net\/index.php?rest_route=\/wp\/v2\/posts\/13949"}],"collection":[{"href":"https:\/\/volcanes.net\/index.php?rest_route=\/wp\/v2\/posts"}],"about":[{"href":"https:\/\/volcanes.net\/index.php?rest_route=\/wp\/v2\/types\/post"}],"author":[{"embeddable":true,"href":"https:\/\/volcanes.net\/index.php?rest_route=\/wp\/v2\/users\/1"}],"replies":[{"embeddable":true,"href":"https:\/\/volcanes.net\/index.php?rest_route=%2Fwp%2Fv2%2Fcomments&post=13949"}],"version-history":[{"count":1,"href":"https:\/\/volcanes.net\/index.php?rest_route=\/wp\/v2\/posts\/13949\/revisions"}],"predecessor-version":[{"id":13951,"href":"https:\/\/volcanes.net\/index.php?rest_route=\/wp\/v2\/posts\/13949\/revisions\/13951"}],"wp:featuredmedia":[{"embeddable":true,"href":"https:\/\/volcanes.net\/index.php?rest_route=\/wp\/v2\/media\/13950"}],"wp:attachment":[{"href":"https:\/\/volcanes.net\/index.php?rest_route=%2Fwp%2Fv2%2Fmedia&parent=13949"}],"wp:term":[{"taxonomy":"category","embeddable":true,"href":"https:\/\/volcanes.net\/index.php?rest_route=%2Fwp%2Fv2%2Fcategories&post=13949"},{"taxonomy":"post_tag","embeddable":true,"href":"https:\/\/volcanes.net\/index.php?rest_route=%2Fwp%2Fv2%2Ftags&post=13949"}],"curies":[{"name":"wp","href":"https:\/\/api.w.org\/{rel}","templated":true}]}}