{"id":13952,"date":"2024-07-28T20:55:12","date_gmt":"2024-07-29T02:55:12","guid":{"rendered":"https:\/\/volcanes.net\/?p=13952"},"modified":"2024-08-23T10:56:35","modified_gmt":"2024-08-23T16:56:35","slug":"detencion-de-presunto-feminicida-en-ozumba","status":"publish","type":"post","link":"https:\/\/volcanes.net\/?p=13952","title":{"rendered":"Detenci\u00f3n de Presunto Feminicida en Ozumba"},"content":{"rendered":"<div style=\"margin-top: 0px; margin-bottom: 0px;\" class=\"sharethis-inline-share-buttons\" ><\/div><p><span class=\"x193iq5w xeuugli x13faqbe x1vvkbs x1xmvt09 x1lliihq x1s928wv xhkezso x1gmr53x x1cpjm7i x1fgarty x1943h6x xudqn12 x3x7a5m x6prxxf xvq8zen xo1l8bm xzsf02u\" dir=\"auto\">Ozumba, M\u00e9x., 28 de julio de 2024.- El presidente municipal de Ozumba, <span class=\"html-span xdj266r x11i5rnm xat24cr x1mh8g0r xexx8yu x4uap5 x18d9i69 xkhd6sd x1hl2dhg x16tdsg8 x1vvkbs\"><a class=\"x1i10hfl xjbqb8w x1ejq31n xd10rxx x1sy0etr x17r0tee x972fbf xcfux6l x1qhh985 xm0m39n x9f619 x1ypdohk xt0psk2 xe8uvvx xdj266r x11i5rnm xat24cr x1mh8g0r xexx8yu x4uap5 x18d9i69 xkhd6sd x16tdsg8 x1hl2dhg xggy1nq x1a2a7pz x1sur9pj xkrqix3 xzsf02u x1s688f\" tabindex=\"0\" role=\"link\" href=\"https:\/\/www.facebook.com\/valentinmtzcas?__cft__[0]=AZW-gPYY0wyVbvrq8_ulWIEZqtc61-3KmKF7mn5dH_qGwcb6jhN2UNiguIa5XvoYewv0uWpSAWa9pdYqchhSJTAHjO0tLo7oxG8BTJz12Bd_td-XpKi9UKF6_Stj7eRtA9MuveopotyByzBSyPk2TFcRTNDXkkSxtLhfwR06tP9A0w&amp;__tn__=-]K*F\"><span class=\"xt0psk2\">Valent\u00edn Mart\u00ednez Castillo<\/span><\/a><\/span>, inform\u00f3 sobre la detenci\u00f3n de un presunto feminicida. La tarde de este domingo, Marcelino \u201cN\u201d, de 70 a\u00f1os, fue arrestado tras agredir con un desarmador a Velia Oliva \u201cN\u201d, su suegra, quien lamentablemente falleci\u00f3 a causa de las heridas.<br class=\"html-br\" \/><br class=\"html-br\" \/>El tr\u00e1gico incidente ocurri\u00f3 en la calle Independencia, en la comunidad de San Jos\u00e9 Tlacotitl\u00e1n. Al lugar arribaron elementos de Protecci\u00f3n Civil, quienes confirmaron que Velia Oliva \u201cN\u201d ya no presentaba signos vitales.<br class=\"html-br\" \/><br class=\"html-br\" \/>Mart\u00ednez Castillo destac\u00f3 que Marcelino \u201cN\u201d fue trasladado y puesto a disposici\u00f3n de la Fiscal\u00eda General del Estado de M\u00e9xico, con sede en Tlalnepantla, para iniciar el proceso penal correspondiente y asegurar que se haga justicia conforme a la ley.<br class=\"html-br\" \/><br class=\"html-br\" \/>La familia de la v\u00edctima, originaria de Chimalhuac\u00e1n, se encontraba en Ozumba por motivos laborales. El presidente municipal expres\u00f3 su agradecimiento a los elementos de seguridad por su pronta respuesta, logrando la detenci\u00f3n del presunto responsable del crimen.<br class=\"html-br\" \/><br class=\"html-br\" \/>Las autoridades locales han asegurado que dar\u00e1n un seguimiento puntual al proceso judicial para garantizar que se castigue al culpable.<\/span><\/p>\n","protected":false},"excerpt":{"rendered":"<p>Ozumba, M\u00e9x., 28 de julio de 2024.- El presidente municipal de Ozumba, Valent\u00edn Mart\u00ednez Castillo,<\/p>\n","protected":false},"author":1,"featured_media":13953,"comment_status":"open","ping_status":"open","sticky":false,"template":"","format":"standard","meta":{"footnotes":""},"categories":[1],"tags":[14],"class_list":["post-13952","post","type-post","status-publish","format-standard","has-post-thumbnail","hentry","category-municipales","tag-ozumba"],"yoast_head":"<!-- This site is optimized with the Yoast SEO plugin v25.3 - https:\/\/yoast.com\/wordpress\/plugins\/seo\/ -->\n<title>Detenci\u00f3n de Presunto Feminicida en Ozumba - Volcanes<\/title>\n<meta name=\"robots\" content=\"index, follow, max-snippet:-1, max-image-preview:large, max-video-preview:-1\" \/>\n<link rel=\"canonical\" href=\"https:\/\/volcanes.net\/?p=13952\" \/>\n<meta property=\"og:locale\" content=\"es_MX\" \/>\n<meta property=\"og:type\" content=\"article\" \/>\n<meta property=\"og:title\" content=\"Detenci\u00f3n de Presunto Feminicida en Ozumba - Volcanes\" \/>\n<meta property=\"og:description\" content=\"Ozumba, M\u00e9x., 28 de julio de 2024.- El presidente municipal de Ozumba, Valent\u00edn Mart\u00ednez Castillo,\" \/>\n<meta property=\"og:url\" content=\"https:\/\/volcanes.net\/?p=13952\" \/>\n<meta property=\"og:site_name\" content=\"Volcanes\" \/>\n<meta property=\"article:publisher\" content=\"https:\/\/www.facebook.com\/volcanes.net\/\" \/>\n<meta property=\"article:published_time\" content=\"2024-07-29T02:55:12+00:00\" \/>\n<meta property=\"article:modified_time\" content=\"2024-08-23T16:56:35+00:00\" \/>\n<meta property=\"og:image\" content=\"https:\/\/volcanes.net\/wp-content\/uploads\/2024\/08\/seguridad-Ozumba.jpg\" \/>\n\t<meta property=\"og:image:width\" content=\"2048\" \/>\n\t<meta property=\"og:image:height\" content=\"2048\" \/>\n\t<meta property=\"og:image:type\" content=\"image\/jpeg\" \/>\n<meta name=\"author\" content=\"admin\" \/>\n<meta name=\"twitter:card\" content=\"summary_large_image\" \/>\n<meta name=\"twitter:label1\" content=\"Escrito por\" \/>\n\t<meta name=\"twitter:data1\" content=\"admin\" \/>\n\t<meta name=\"twitter:label2\" content=\"Tiempo de lectura\" \/>\n\t<meta name=\"twitter:data2\" content=\"2 minutos\" \/>\n<script type=\"application\/ld+json\" class=\"yoast-schema-graph\">{\"@context\":\"https:\/\/schema.org\",\"@graph\":[{\"@type\":\"Article\",\"@id\":\"https:\/\/volcanes.net\/?p=13952#article\",\"isPartOf\":{\"@id\":\"https:\/\/volcanes.net\/?p=13952\"},\"author\":{\"name\":\"admin\",\"@id\":\"https:\/\/volcanes.net\/#\/schema\/person\/4bf0f383940966a4abd53f5048c0e6b9\"},\"headline\":\"Detenci\u00f3n de Presunto Feminicida en Ozumba\",\"datePublished\":\"2024-07-29T02:55:12+00:00\",\"dateModified\":\"2024-08-23T16:56:35+00:00\",\"mainEntityOfPage\":{\"@id\":\"https:\/\/volcanes.net\/?p=13952\"},\"wordCount\":206,\"commentCount\":0,\"publisher\":{\"@id\":\"https:\/\/volcanes.net\/#organization\"},\"image\":{\"@id\":\"https:\/\/volcanes.net\/?p=13952#primaryimage\"},\"thumbnailUrl\":\"https:\/\/volcanes.net\/wp-content\/uploads\/2024\/08\/seguridad-Ozumba.jpg\",\"keywords\":[\"Ozumba\"],\"articleSection\":[\"Municipales\"],\"inLanguage\":\"es\",\"potentialAction\":[{\"@type\":\"CommentAction\",\"name\":\"Comment\",\"target\":[\"https:\/\/volcanes.net\/?p=13952#respond\"]}]},{\"@type\":\"WebPage\",\"@id\":\"https:\/\/volcanes.net\/?p=13952\",\"url\":\"https:\/\/volcanes.net\/?p=13952\",\"name\":\"Detenci\u00f3n de Presunto Feminicida en Ozumba - Volcanes\",\"isPartOf\":{\"@id\":\"https:\/\/volcanes.net\/#website\"},\"primaryImageOfPage\":{\"@id\":\"https:\/\/volcanes.net\/?p=13952#primaryimage\"},\"image\":{\"@id\":\"https:\/\/volcanes.net\/?p=13952#primaryimage\"},\"thumbnailUrl\":\"https:\/\/volcanes.net\/wp-content\/uploads\/2024\/08\/seguridad-Ozumba.jpg\",\"datePublished\":\"2024-07-29T02:55:12+00:00\",\"dateModified\":\"2024-08-23T16:56:35+00:00\",\"breadcrumb\":{\"@id\":\"https:\/\/volcanes.net\/?p=13952#breadcrumb\"},\"inLanguage\":\"es\",\"potentialAction\":[{\"@type\":\"ReadAction\",\"target\":[\"https:\/\/volcanes.net\/?p=13952\"]}]},{\"@type\":\"ImageObject\",\"inLanguage\":\"es\",\"@id\":\"https:\/\/volcanes.net\/?p=13952#primaryimage\",\"url\":\"https:\/\/volcanes.net\/wp-content\/uploads\/2024\/08\/seguridad-Ozumba.jpg\",\"contentUrl\":\"https:\/\/volcanes.net\/wp-content\/uploads\/2024\/08\/seguridad-Ozumba.jpg\",\"width\":2048,\"height\":2048},{\"@type\":\"BreadcrumbList\",\"@id\":\"https:\/\/volcanes.net\/?p=13952#breadcrumb\",\"itemListElement\":[{\"@type\":\"ListItem\",\"position\":1,\"name\":\"Portada\",\"item\":\"https:\/\/volcanes.net\/\"},{\"@type\":\"ListItem\",\"position\":2,\"name\":\"Detenci\u00f3n de Presunto Feminicida en Ozumba\"}]},{\"@type\":\"WebSite\",\"@id\":\"https:\/\/volcanes.net\/#website\",\"url\":\"https:\/\/volcanes.net\/\",\"name\":\"Volcanes.Net\",\"description\":\"Periodismo Profesional\",\"publisher\":{\"@id\":\"https:\/\/volcanes.net\/#organization\"},\"potentialAction\":[{\"@type\":\"SearchAction\",\"target\":{\"@type\":\"EntryPoint\",\"urlTemplate\":\"https:\/\/volcanes.net\/?s={search_term_string}\"},\"query-input\":{\"@type\":\"PropertyValueSpecification\",\"valueRequired\":true,\"valueName\":\"search_term_string\"}}],\"inLanguage\":\"es\"},{\"@type\":\"Organization\",\"@id\":\"https:\/\/volcanes.net\/#organization\",\"name\":\"Grupo Volcanes\",\"url\":\"https:\/\/volcanes.net\/\",\"logo\":{\"@type\":\"ImageObject\",\"inLanguage\":\"es\",\"@id\":\"https:\/\/volcanes.net\/#\/schema\/logo\/image\/\",\"url\":\"http:\/\/volcanes.net\/wp-content\/uploads\/2017\/12\/Avatar2.jpg\",\"contentUrl\":\"http:\/\/volcanes.net\/wp-content\/uploads\/2017\/12\/Avatar2.jpg\",\"width\":378,\"height\":378,\"caption\":\"Grupo Volcanes\"},\"image\":{\"@id\":\"https:\/\/volcanes.net\/#\/schema\/logo\/image\/\"},\"sameAs\":[\"https:\/\/www.facebook.com\/volcanes.net\/\"]},{\"@type\":\"Person\",\"@id\":\"https:\/\/volcanes.net\/#\/schema\/person\/4bf0f383940966a4abd53f5048c0e6b9\",\"name\":\"admin\",\"image\":{\"@type\":\"ImageObject\",\"inLanguage\":\"es\",\"@id\":\"https:\/\/volcanes.net\/#\/schema\/person\/image\/\",\"url\":\"https:\/\/secure.gravatar.com\/avatar\/ca004e6cba8462b8cb7abc86e382930c?s=96&d=mm&r=g\",\"contentUrl\":\"https:\/\/secure.gravatar.com\/avatar\/ca004e6cba8462b8cb7abc86e382930c?s=96&d=mm&r=g\",\"caption\":\"admin\"}}]}<\/script>\n<!-- \/ Yoast SEO plugin. -->","yoast_head_json":{"title":"Detenci\u00f3n de Presunto Feminicida en Ozumba - Volcanes","robots":{"index":"index","follow":"follow","max-snippet":"max-snippet:-1","max-image-preview":"max-image-preview:large","max-video-preview":"max-video-preview:-1"},"canonical":"https:\/\/volcanes.net\/?p=13952","og_locale":"es_MX","og_type":"article","og_title":"Detenci\u00f3n de Presunto Feminicida en Ozumba - Volcanes","og_description":"Ozumba, M\u00e9x., 28 de julio de 2024.- El presidente municipal de Ozumba, Valent\u00edn Mart\u00ednez Castillo,","og_url":"https:\/\/volcanes.net\/?p=13952","og_site_name":"Volcanes","article_publisher":"https:\/\/www.facebook.com\/volcanes.net\/","article_published_time":"2024-07-29T02:55:12+00:00","article_modified_time":"2024-08-23T16:56:35+00:00","og_image":[{"width":2048,"height":2048,"url":"https:\/\/volcanes.net\/wp-content\/uploads\/2024\/08\/seguridad-Ozumba.jpg","type":"image\/jpeg"}],"author":"admin","twitter_card":"summary_large_image","twitter_misc":{"Escrito por":"admin","Tiempo de lectura":"2 minutos"},"schema":{"@context":"https:\/\/schema.org","@graph":[{"@type":"Article","@id":"https:\/\/volcanes.net\/?p=13952#article","isPartOf":{"@id":"https:\/\/volcanes.net\/?p=13952"},"author":{"name":"admin","@id":"https:\/\/volcanes.net\/#\/schema\/person\/4bf0f383940966a4abd53f5048c0e6b9"},"headline":"Detenci\u00f3n de Presunto Feminicida en Ozumba","datePublished":"2024-07-29T02:55:12+00:00","dateModified":"2024-08-23T16:56:35+00:00","mainEntityOfPage":{"@id":"https:\/\/volcanes.net\/?p=13952"},"wordCount":206,"commentCount":0,"publisher":{"@id":"https:\/\/volcanes.net\/#organization"},"image":{"@id":"https:\/\/volcanes.net\/?p=13952#primaryimage"},"thumbnailUrl":"https:\/\/volcanes.net\/wp-content\/uploads\/2024\/08\/seguridad-Ozumba.jpg","keywords":["Ozumba"],"articleSection":["Municipales"],"inLanguage":"es","potentialAction":[{"@type":"CommentAction","name":"Comment","target":["https:\/\/volcanes.net\/?p=13952#respond"]}]},{"@type":"WebPage","@id":"https:\/\/volcanes.net\/?p=13952","url":"https:\/\/volcanes.net\/?p=13952","name":"Detenci\u00f3n de Presunto Feminicida en Ozumba - Volcanes","isPartOf":{"@id":"https:\/\/volcanes.net\/#website"},"primaryImageOfPage":{"@id":"https:\/\/volcanes.net\/?p=13952#primaryimage"},"image":{"@id":"https:\/\/volcanes.net\/?p=13952#primaryimage"},"thumbnailUrl":"https:\/\/volcanes.net\/wp-content\/uploads\/2024\/08\/seguridad-Ozumba.jpg","datePublished":"2024-07-29T02:55:12+00:00","dateModified":"2024-08-23T16:56:35+00:00","breadcrumb":{"@id":"https:\/\/volcanes.net\/?p=13952#breadcrumb"},"inLanguage":"es","potentialAction":[{"@type":"ReadAction","target":["https:\/\/volcanes.net\/?p=13952"]}]},{"@type":"ImageObject","inLanguage":"es","@id":"https:\/\/volcanes.net\/?p=13952#primaryimage","url":"https:\/\/volcanes.net\/wp-content\/uploads\/2024\/08\/seguridad-Ozumba.jpg","contentUrl":"https:\/\/volcanes.net\/wp-content\/uploads\/2024\/08\/seguridad-Ozumba.jpg","width":2048,"height":2048},{"@type":"BreadcrumbList","@id":"https:\/\/volcanes.net\/?p=13952#breadcrumb","itemListElement":[{"@type":"ListItem","position":1,"name":"Portada","item":"https:\/\/volcanes.net\/"},{"@type":"ListItem","position":2,"name":"Detenci\u00f3n de Presunto Feminicida en Ozumba"}]},{"@type":"WebSite","@id":"https:\/\/volcanes.net\/#website","url":"https:\/\/volcanes.net\/","name":"Volcanes.Net","description":"Periodismo Profesional","publisher":{"@id":"https:\/\/volcanes.net\/#organization"},"potentialAction":[{"@type":"SearchAction","target":{"@type":"EntryPoint","urlTemplate":"https:\/\/volcanes.net\/?s={search_term_string}"},"query-input":{"@type":"PropertyValueSpecification","valueRequired":true,"valueName":"search_term_string"}}],"inLanguage":"es"},{"@type":"Organization","@id":"https:\/\/volcanes.net\/#organization","name":"Grupo Volcanes","url":"https:\/\/volcanes.net\/","logo":{"@type":"ImageObject","inLanguage":"es","@id":"https:\/\/volcanes.net\/#\/schema\/logo\/image\/","url":"http:\/\/volcanes.net\/wp-content\/uploads\/2017\/12\/Avatar2.jpg","contentUrl":"http:\/\/volcanes.net\/wp-content\/uploads\/2017\/12\/Avatar2.jpg","width":378,"height":378,"caption":"Grupo Volcanes"},"image":{"@id":"https:\/\/volcanes.net\/#\/schema\/logo\/image\/"},"sameAs":["https:\/\/www.facebook.com\/volcanes.net\/"]},{"@type":"Person","@id":"https:\/\/volcanes.net\/#\/schema\/person\/4bf0f383940966a4abd53f5048c0e6b9","name":"admin","image":{"@type":"ImageObject","inLanguage":"es","@id":"https:\/\/volcanes.net\/#\/schema\/person\/image\/","url":"https:\/\/secure.gravatar.com\/avatar\/ca004e6cba8462b8cb7abc86e382930c?s=96&d=mm&r=g","contentUrl":"https:\/\/secure.gravatar.com\/avatar\/ca004e6cba8462b8cb7abc86e382930c?s=96&d=mm&r=g","caption":"admin"}}]}},"_links":{"self":[{"href":"https:\/\/volcanes.net\/index.php?rest_route=\/wp\/v2\/posts\/13952"}],"collection":[{"href":"https:\/\/volcanes.net\/index.php?rest_route=\/wp\/v2\/posts"}],"about":[{"href":"https:\/\/volcanes.net\/index.php?rest_route=\/wp\/v2\/types\/post"}],"author":[{"embeddable":true,"href":"https:\/\/volcanes.net\/index.php?rest_route=\/wp\/v2\/users\/1"}],"replies":[{"embeddable":true,"href":"https:\/\/volcanes.net\/index.php?rest_route=%2Fwp%2Fv2%2Fcomments&post=13952"}],"version-history":[{"count":1,"href":"https:\/\/volcanes.net\/index.php?rest_route=\/wp\/v2\/posts\/13952\/revisions"}],"predecessor-version":[{"id":13954,"href":"https:\/\/volcanes.net\/index.php?rest_route=\/wp\/v2\/posts\/13952\/revisions\/13954"}],"wp:featuredmedia":[{"embeddable":true,"href":"https:\/\/volcanes.net\/index.php?rest_route=\/wp\/v2\/media\/13953"}],"wp:attachment":[{"href":"https:\/\/volcanes.net\/index.php?rest_route=%2Fwp%2Fv2%2Fmedia&parent=13952"}],"wp:term":[{"taxonomy":"category","embeddable":true,"href":"https:\/\/volcanes.net\/index.php?rest_route=%2Fwp%2Fv2%2Fcategories&post=13952"},{"taxonomy":"post_tag","embeddable":true,"href":"https:\/\/volcanes.net\/index.php?rest_route=%2Fwp%2Fv2%2Ftags&post=13952"}],"curies":[{"name":"wp","href":"https:\/\/api.w.org\/{rel}","templated":true}]}}