{"id":13955,"date":"2024-08-03T22:57:15","date_gmt":"2024-08-04T04:57:15","guid":{"rendered":"https:\/\/volcanes.net\/?p=13955"},"modified":"2024-08-23T10:58:58","modified_gmt":"2024-08-23T16:58:58","slug":"fuerte-lluvia-en-ozumba-no-deja-incidentes-de-emergencia-informa-el-presidente-municipal","status":"publish","type":"post","link":"https:\/\/volcanes.net\/?p=13955","title":{"rendered":"Fuerte lluvia en Ozumba no deja incidentes de emergencia, informa el presidente municipal"},"content":{"rendered":"<div style=\"margin-top: 0px; margin-bottom: 0px;\" class=\"sharethis-inline-share-buttons\" ><\/div><div class=\"html-div xdj266r x11i5rnm xat24cr x1mh8g0r xexx8yu x4uap5 x18d9i69 xkhd6sd\" dir=\"auto\">\n<div id=\":Rlal5bb9l5qq9papd5aqH2:\" class=\"x1iorvi4 x1pi30zi x1l90r2v x1swvt13\" data-ad-comet-preview=\"message\" data-ad-preview=\"message\">\n<div class=\"x78zum5 xdt5ytf xz62fqu x16ldp7u\">\n<div class=\"xu06os2 x1ok221b\">\n<div class=\"x11i5rnm xat24cr x1mh8g0r x1vvkbs xtlvy1s x126k92a\">\n<div dir=\"auto\">Ozumba, 4 de agosto de 2024.- Tras la fuerte lluvia que azot\u00f3 el municipio de Ozumba esta tarde, el presidente municipal, <span class=\"html-span xdj266r x11i5rnm xat24cr x1mh8g0r xexx8yu x4uap5 x18d9i69 xkhd6sd x1hl2dhg x16tdsg8 x1vvkbs\"><a class=\"x1i10hfl xjbqb8w x1ejq31n xd10rxx x1sy0etr x17r0tee x972fbf xcfux6l x1qhh985 xm0m39n x9f619 x1ypdohk xt0psk2 xe8uvvx xdj266r x11i5rnm xat24cr x1mh8g0r xexx8yu x4uap5 x18d9i69 xkhd6sd x16tdsg8 x1hl2dhg xggy1nq x1a2a7pz x1sur9pj xkrqix3 x1fey0fg xo1l8bm\" tabindex=\"0\" role=\"link\" href=\"https:\/\/www.facebook.com\/valentinmtzcas?__cft__[0]=AZWJRqOPBWI4YorRFURoHhOCqIrbw72pd0doRCWUcLqq1mb0C8WEluB9cHF9iL3X9hq81eHxJpbQIrddX-4U0kMnu0Q56nM_co3pJz4DNZRQzEzivZMeptNBVCRn7qUso23QKyMX0HAM3lDVf8APp4HFE7kSUHBBvkwx_3myTQFLmw&amp;__tn__=-]K-R\"><span class=\"xt0psk2\">Valent\u00edn Mart\u00ednez Castillo<\/span><\/a><\/span>, inform\u00f3 que no se han registrado incidentes de emergencia. A trav\u00e9s de un mensaje difundido en redes sociales, el mandatario asegur\u00f3 que, gracias a la intervenci\u00f3n oportuna de Protecci\u00f3n Civil, se realizaron recorridos pertinentes por los puntos rojos de la regi\u00f3n, logrando mitigar el impacto de las lluvias.<\/div>\n<\/div>\n<div class=\"x11i5rnm xat24cr x1mh8g0r x1vvkbs xtlvy1s x126k92a\">\n<div dir=\"auto\">&#8220;Afortunadamente, tras la lluvia que presentamos esta tarde, no tenemos alg\u00fan incidente de emergencia&#8221;, afirm\u00f3 Mart\u00ednez Castillo, agradeciendo la r\u00e1pida respuesta de las autoridades y la colaboraci\u00f3n de la ciudadan\u00eda.<\/div>\n<\/div>\n<div class=\"x11i5rnm xat24cr x1mh8g0r x1vvkbs xtlvy1s x126k92a\">\n<div dir=\"auto\">Para reforzar la seguridad de los habitantes, el presidente municipal record\u00f3 la importancia de tener a la mano los n\u00fameros de emergencia ante cualquier eventualidad:<\/div>\n<\/div>\n<div class=\"x11i5rnm xat24cr x1mh8g0r x1vvkbs xtlvy1s x126k92a\">\n<div dir=\"auto\">&#8211; **Seguridad P\u00fablica**: 59797 62809<\/div>\n<div dir=\"auto\">&#8211; **Centro de Mando Ozumba C2** (v\u00eda WhatsApp y llamadas): 5610204799<\/div>\n<div dir=\"auto\">&#8211; **Coordinaci\u00f3n de Protecci\u00f3n Civil Ozumba**: 59797 61834<\/div>\n<\/div>\n<div class=\"x11i5rnm xat24cr x1mh8g0r x1vvkbs xtlvy1s x126k92a\">\n<div dir=\"auto\">Mart\u00ednez Castillo finaliz\u00f3 su mensaje deseando un excelente fin de semana a todos los habitantes del municipio y reiterando el compromiso de las autoridades para garantizar la seguridad y bienestar de la poblaci\u00f3n.<\/div>\n<\/div>\n<\/div>\n<\/div>\n<\/div>\n<\/div>\n","protected":false},"excerpt":{"rendered":"<p>Ozumba, 4 de agosto de 2024.- Tras la fuerte lluvia que azot\u00f3 el municipio de<\/p>\n","protected":false},"author":1,"featured_media":13956,"comment_status":"open","ping_status":"open","sticky":false,"template":"","format":"standard","meta":{"footnotes":""},"categories":[1],"tags":[14],"class_list":["post-13955","post","type-post","status-publish","format-standard","has-post-thumbnail","hentry","category-municipales","tag-ozumba"],"yoast_head":"<!-- This site is optimized with the Yoast SEO plugin v25.3 - https:\/\/yoast.com\/wordpress\/plugins\/seo\/ -->\n<title>Fuerte lluvia en Ozumba no deja incidentes de emergencia, informa el presidente municipal - Volcanes<\/title>\n<meta name=\"robots\" content=\"index, follow, max-snippet:-1, max-image-preview:large, max-video-preview:-1\" \/>\n<link rel=\"canonical\" href=\"https:\/\/volcanes.net\/?p=13955\" \/>\n<meta property=\"og:locale\" content=\"es_MX\" \/>\n<meta property=\"og:type\" content=\"article\" \/>\n<meta property=\"og:title\" content=\"Fuerte lluvia en Ozumba no deja incidentes de emergencia, informa el presidente municipal - Volcanes\" \/>\n<meta property=\"og:description\" content=\"Ozumba, 4 de agosto de 2024.- Tras la fuerte lluvia que azot\u00f3 el municipio de\" \/>\n<meta property=\"og:url\" content=\"https:\/\/volcanes.net\/?p=13955\" \/>\n<meta property=\"og:site_name\" content=\"Volcanes\" \/>\n<meta property=\"article:publisher\" content=\"https:\/\/www.facebook.com\/volcanes.net\/\" \/>\n<meta property=\"article:published_time\" content=\"2024-08-04T04:57:15+00:00\" \/>\n<meta property=\"article:modified_time\" content=\"2024-08-23T16:58:58+00:00\" \/>\n<meta property=\"og:image\" content=\"https:\/\/volcanes.net\/wp-content\/uploads\/2024\/08\/PC-Ozumba.jpg\" \/>\n\t<meta property=\"og:image:width\" content=\"526\" \/>\n\t<meta property=\"og:image:height\" content=\"701\" \/>\n\t<meta property=\"og:image:type\" content=\"image\/jpeg\" \/>\n<meta name=\"author\" content=\"admin\" \/>\n<meta name=\"twitter:card\" content=\"summary_large_image\" \/>\n<meta name=\"twitter:label1\" content=\"Escrito por\" \/>\n\t<meta name=\"twitter:data1\" content=\"admin\" \/>\n\t<meta name=\"twitter:label2\" content=\"Tiempo de lectura\" \/>\n\t<meta name=\"twitter:data2\" content=\"2 minutos\" \/>\n<script type=\"application\/ld+json\" class=\"yoast-schema-graph\">{\"@context\":\"https:\/\/schema.org\",\"@graph\":[{\"@type\":\"Article\",\"@id\":\"https:\/\/volcanes.net\/?p=13955#article\",\"isPartOf\":{\"@id\":\"https:\/\/volcanes.net\/?p=13955\"},\"author\":{\"name\":\"admin\",\"@id\":\"https:\/\/volcanes.net\/#\/schema\/person\/4bf0f383940966a4abd53f5048c0e6b9\"},\"headline\":\"Fuerte lluvia en Ozumba no deja incidentes de emergencia, informa el presidente municipal\",\"datePublished\":\"2024-08-04T04:57:15+00:00\",\"dateModified\":\"2024-08-23T16:58:58+00:00\",\"mainEntityOfPage\":{\"@id\":\"https:\/\/volcanes.net\/?p=13955\"},\"wordCount\":209,\"commentCount\":0,\"publisher\":{\"@id\":\"https:\/\/volcanes.net\/#organization\"},\"image\":{\"@id\":\"https:\/\/volcanes.net\/?p=13955#primaryimage\"},\"thumbnailUrl\":\"https:\/\/volcanes.net\/wp-content\/uploads\/2024\/08\/PC-Ozumba.jpg\",\"keywords\":[\"Ozumba\"],\"articleSection\":[\"Municipales\"],\"inLanguage\":\"es\",\"potentialAction\":[{\"@type\":\"CommentAction\",\"name\":\"Comment\",\"target\":[\"https:\/\/volcanes.net\/?p=13955#respond\"]}]},{\"@type\":\"WebPage\",\"@id\":\"https:\/\/volcanes.net\/?p=13955\",\"url\":\"https:\/\/volcanes.net\/?p=13955\",\"name\":\"Fuerte lluvia en Ozumba no deja incidentes de emergencia, informa el presidente municipal - Volcanes\",\"isPartOf\":{\"@id\":\"https:\/\/volcanes.net\/#website\"},\"primaryImageOfPage\":{\"@id\":\"https:\/\/volcanes.net\/?p=13955#primaryimage\"},\"image\":{\"@id\":\"https:\/\/volcanes.net\/?p=13955#primaryimage\"},\"thumbnailUrl\":\"https:\/\/volcanes.net\/wp-content\/uploads\/2024\/08\/PC-Ozumba.jpg\",\"datePublished\":\"2024-08-04T04:57:15+00:00\",\"dateModified\":\"2024-08-23T16:58:58+00:00\",\"breadcrumb\":{\"@id\":\"https:\/\/volcanes.net\/?p=13955#breadcrumb\"},\"inLanguage\":\"es\",\"potentialAction\":[{\"@type\":\"ReadAction\",\"target\":[\"https:\/\/volcanes.net\/?p=13955\"]}]},{\"@type\":\"ImageObject\",\"inLanguage\":\"es\",\"@id\":\"https:\/\/volcanes.net\/?p=13955#primaryimage\",\"url\":\"https:\/\/volcanes.net\/wp-content\/uploads\/2024\/08\/PC-Ozumba.jpg\",\"contentUrl\":\"https:\/\/volcanes.net\/wp-content\/uploads\/2024\/08\/PC-Ozumba.jpg\",\"width\":526,\"height\":701},{\"@type\":\"BreadcrumbList\",\"@id\":\"https:\/\/volcanes.net\/?p=13955#breadcrumb\",\"itemListElement\":[{\"@type\":\"ListItem\",\"position\":1,\"name\":\"Portada\",\"item\":\"https:\/\/volcanes.net\/\"},{\"@type\":\"ListItem\",\"position\":2,\"name\":\"Fuerte lluvia en Ozumba no deja incidentes de emergencia, informa el presidente municipal\"}]},{\"@type\":\"WebSite\",\"@id\":\"https:\/\/volcanes.net\/#website\",\"url\":\"https:\/\/volcanes.net\/\",\"name\":\"Volcanes.Net\",\"description\":\"Periodismo Profesional\",\"publisher\":{\"@id\":\"https:\/\/volcanes.net\/#organization\"},\"potentialAction\":[{\"@type\":\"SearchAction\",\"target\":{\"@type\":\"EntryPoint\",\"urlTemplate\":\"https:\/\/volcanes.net\/?s={search_term_string}\"},\"query-input\":{\"@type\":\"PropertyValueSpecification\",\"valueRequired\":true,\"valueName\":\"search_term_string\"}}],\"inLanguage\":\"es\"},{\"@type\":\"Organization\",\"@id\":\"https:\/\/volcanes.net\/#organization\",\"name\":\"Grupo Volcanes\",\"url\":\"https:\/\/volcanes.net\/\",\"logo\":{\"@type\":\"ImageObject\",\"inLanguage\":\"es\",\"@id\":\"https:\/\/volcanes.net\/#\/schema\/logo\/image\/\",\"url\":\"http:\/\/volcanes.net\/wp-content\/uploads\/2017\/12\/Avatar2.jpg\",\"contentUrl\":\"http:\/\/volcanes.net\/wp-content\/uploads\/2017\/12\/Avatar2.jpg\",\"width\":378,\"height\":378,\"caption\":\"Grupo Volcanes\"},\"image\":{\"@id\":\"https:\/\/volcanes.net\/#\/schema\/logo\/image\/\"},\"sameAs\":[\"https:\/\/www.facebook.com\/volcanes.net\/\"]},{\"@type\":\"Person\",\"@id\":\"https:\/\/volcanes.net\/#\/schema\/person\/4bf0f383940966a4abd53f5048c0e6b9\",\"name\":\"admin\",\"image\":{\"@type\":\"ImageObject\",\"inLanguage\":\"es\",\"@id\":\"https:\/\/volcanes.net\/#\/schema\/person\/image\/\",\"url\":\"https:\/\/secure.gravatar.com\/avatar\/ca004e6cba8462b8cb7abc86e382930c?s=96&d=mm&r=g\",\"contentUrl\":\"https:\/\/secure.gravatar.com\/avatar\/ca004e6cba8462b8cb7abc86e382930c?s=96&d=mm&r=g\",\"caption\":\"admin\"}}]}<\/script>\n<!-- \/ Yoast SEO plugin. -->","yoast_head_json":{"title":"Fuerte lluvia en Ozumba no deja incidentes de emergencia, informa el presidente municipal - Volcanes","robots":{"index":"index","follow":"follow","max-snippet":"max-snippet:-1","max-image-preview":"max-image-preview:large","max-video-preview":"max-video-preview:-1"},"canonical":"https:\/\/volcanes.net\/?p=13955","og_locale":"es_MX","og_type":"article","og_title":"Fuerte lluvia en Ozumba no deja incidentes de emergencia, informa el presidente municipal - Volcanes","og_description":"Ozumba, 4 de agosto de 2024.- Tras la fuerte lluvia que azot\u00f3 el municipio de","og_url":"https:\/\/volcanes.net\/?p=13955","og_site_name":"Volcanes","article_publisher":"https:\/\/www.facebook.com\/volcanes.net\/","article_published_time":"2024-08-04T04:57:15+00:00","article_modified_time":"2024-08-23T16:58:58+00:00","og_image":[{"width":526,"height":701,"url":"https:\/\/volcanes.net\/wp-content\/uploads\/2024\/08\/PC-Ozumba.jpg","type":"image\/jpeg"}],"author":"admin","twitter_card":"summary_large_image","twitter_misc":{"Escrito por":"admin","Tiempo de lectura":"2 minutos"},"schema":{"@context":"https:\/\/schema.org","@graph":[{"@type":"Article","@id":"https:\/\/volcanes.net\/?p=13955#article","isPartOf":{"@id":"https:\/\/volcanes.net\/?p=13955"},"author":{"name":"admin","@id":"https:\/\/volcanes.net\/#\/schema\/person\/4bf0f383940966a4abd53f5048c0e6b9"},"headline":"Fuerte lluvia en Ozumba no deja incidentes de emergencia, informa el presidente municipal","datePublished":"2024-08-04T04:57:15+00:00","dateModified":"2024-08-23T16:58:58+00:00","mainEntityOfPage":{"@id":"https:\/\/volcanes.net\/?p=13955"},"wordCount":209,"commentCount":0,"publisher":{"@id":"https:\/\/volcanes.net\/#organization"},"image":{"@id":"https:\/\/volcanes.net\/?p=13955#primaryimage"},"thumbnailUrl":"https:\/\/volcanes.net\/wp-content\/uploads\/2024\/08\/PC-Ozumba.jpg","keywords":["Ozumba"],"articleSection":["Municipales"],"inLanguage":"es","potentialAction":[{"@type":"CommentAction","name":"Comment","target":["https:\/\/volcanes.net\/?p=13955#respond"]}]},{"@type":"WebPage","@id":"https:\/\/volcanes.net\/?p=13955","url":"https:\/\/volcanes.net\/?p=13955","name":"Fuerte lluvia en Ozumba no deja incidentes de emergencia, informa el presidente municipal - Volcanes","isPartOf":{"@id":"https:\/\/volcanes.net\/#website"},"primaryImageOfPage":{"@id":"https:\/\/volcanes.net\/?p=13955#primaryimage"},"image":{"@id":"https:\/\/volcanes.net\/?p=13955#primaryimage"},"thumbnailUrl":"https:\/\/volcanes.net\/wp-content\/uploads\/2024\/08\/PC-Ozumba.jpg","datePublished":"2024-08-04T04:57:15+00:00","dateModified":"2024-08-23T16:58:58+00:00","breadcrumb":{"@id":"https:\/\/volcanes.net\/?p=13955#breadcrumb"},"inLanguage":"es","potentialAction":[{"@type":"ReadAction","target":["https:\/\/volcanes.net\/?p=13955"]}]},{"@type":"ImageObject","inLanguage":"es","@id":"https:\/\/volcanes.net\/?p=13955#primaryimage","url":"https:\/\/volcanes.net\/wp-content\/uploads\/2024\/08\/PC-Ozumba.jpg","contentUrl":"https:\/\/volcanes.net\/wp-content\/uploads\/2024\/08\/PC-Ozumba.jpg","width":526,"height":701},{"@type":"BreadcrumbList","@id":"https:\/\/volcanes.net\/?p=13955#breadcrumb","itemListElement":[{"@type":"ListItem","position":1,"name":"Portada","item":"https:\/\/volcanes.net\/"},{"@type":"ListItem","position":2,"name":"Fuerte lluvia en Ozumba no deja incidentes de emergencia, informa el presidente municipal"}]},{"@type":"WebSite","@id":"https:\/\/volcanes.net\/#website","url":"https:\/\/volcanes.net\/","name":"Volcanes.Net","description":"Periodismo Profesional","publisher":{"@id":"https:\/\/volcanes.net\/#organization"},"potentialAction":[{"@type":"SearchAction","target":{"@type":"EntryPoint","urlTemplate":"https:\/\/volcanes.net\/?s={search_term_string}"},"query-input":{"@type":"PropertyValueSpecification","valueRequired":true,"valueName":"search_term_string"}}],"inLanguage":"es"},{"@type":"Organization","@id":"https:\/\/volcanes.net\/#organization","name":"Grupo Volcanes","url":"https:\/\/volcanes.net\/","logo":{"@type":"ImageObject","inLanguage":"es","@id":"https:\/\/volcanes.net\/#\/schema\/logo\/image\/","url":"http:\/\/volcanes.net\/wp-content\/uploads\/2017\/12\/Avatar2.jpg","contentUrl":"http:\/\/volcanes.net\/wp-content\/uploads\/2017\/12\/Avatar2.jpg","width":378,"height":378,"caption":"Grupo Volcanes"},"image":{"@id":"https:\/\/volcanes.net\/#\/schema\/logo\/image\/"},"sameAs":["https:\/\/www.facebook.com\/volcanes.net\/"]},{"@type":"Person","@id":"https:\/\/volcanes.net\/#\/schema\/person\/4bf0f383940966a4abd53f5048c0e6b9","name":"admin","image":{"@type":"ImageObject","inLanguage":"es","@id":"https:\/\/volcanes.net\/#\/schema\/person\/image\/","url":"https:\/\/secure.gravatar.com\/avatar\/ca004e6cba8462b8cb7abc86e382930c?s=96&d=mm&r=g","contentUrl":"https:\/\/secure.gravatar.com\/avatar\/ca004e6cba8462b8cb7abc86e382930c?s=96&d=mm&r=g","caption":"admin"}}]}},"_links":{"self":[{"href":"https:\/\/volcanes.net\/index.php?rest_route=\/wp\/v2\/posts\/13955"}],"collection":[{"href":"https:\/\/volcanes.net\/index.php?rest_route=\/wp\/v2\/posts"}],"about":[{"href":"https:\/\/volcanes.net\/index.php?rest_route=\/wp\/v2\/types\/post"}],"author":[{"embeddable":true,"href":"https:\/\/volcanes.net\/index.php?rest_route=\/wp\/v2\/users\/1"}],"replies":[{"embeddable":true,"href":"https:\/\/volcanes.net\/index.php?rest_route=%2Fwp%2Fv2%2Fcomments&post=13955"}],"version-history":[{"count":1,"href":"https:\/\/volcanes.net\/index.php?rest_route=\/wp\/v2\/posts\/13955\/revisions"}],"predecessor-version":[{"id":13957,"href":"https:\/\/volcanes.net\/index.php?rest_route=\/wp\/v2\/posts\/13955\/revisions\/13957"}],"wp:featuredmedia":[{"embeddable":true,"href":"https:\/\/volcanes.net\/index.php?rest_route=\/wp\/v2\/media\/13956"}],"wp:attachment":[{"href":"https:\/\/volcanes.net\/index.php?rest_route=%2Fwp%2Fv2%2Fmedia&parent=13955"}],"wp:term":[{"taxonomy":"category","embeddable":true,"href":"https:\/\/volcanes.net\/index.php?rest_route=%2Fwp%2Fv2%2Fcategories&post=13955"},{"taxonomy":"post_tag","embeddable":true,"href":"https:\/\/volcanes.net\/index.php?rest_route=%2Fwp%2Fv2%2Ftags&post=13955"}],"curies":[{"name":"wp","href":"https:\/\/api.w.org\/{rel}","templated":true}]}}