{"id":13961,"date":"2024-08-14T22:01:46","date_gmt":"2024-08-15T04:01:46","guid":{"rendered":"https:\/\/volcanes.net\/?p=13961"},"modified":"2024-08-23T11:03:08","modified_gmt":"2024-08-23T17:03:08","slug":"panteon-rococo-encabezara-la-xvi-edicion-del-festival-de-las-animas-2024-en-ozumba","status":"publish","type":"post","link":"https:\/\/volcanes.net\/?p=13961","title":{"rendered":"Pante\u00f3n Rococ\u00f3 Encabezar\u00e1 la XVI Edici\u00f3n del Festival de las \u00c1nimas 2024 en Ozumba"},"content":{"rendered":"<div style=\"margin-top: 0px; margin-bottom: 0px;\" class=\"sharethis-inline-share-buttons\" ><\/div><div class=\"html-div xdj266r x11i5rnm xat24cr x1mh8g0r xexx8yu x4uap5 x18d9i69 xkhd6sd\" dir=\"auto\">\n<div id=\":Rlal5bb9l5qq9papd5aqH2:\" class=\"x1iorvi4 x1pi30zi x1l90r2v x1swvt13\" data-ad-comet-preview=\"message\" data-ad-preview=\"message\">\n<div class=\"x78zum5 xdt5ytf xz62fqu x16ldp7u\">\n<div class=\"xu06os2 x1ok221b\">\n<div class=\"x11i5rnm xat24cr x1mh8g0r x1vvkbs xtlvy1s x126k92a\">\n<div dir=\"auto\">Ozumba, Estado de M\u00e9xico &#8211; La XVI edici\u00f3n del Festival de las \u00c1nimas, uno de los eventos culturales m\u00e1s esperados en la regi\u00f3n, contar\u00e1 con la participaci\u00f3n estelar de Pante\u00f3n Rococ\u00f3, seg\u00fan fue revelado en un emotivo evento donde un globo de cantoya gigante surc\u00f3 los cielos del municipio para anunciar la noticia.<\/div>\n<\/div>\n<div class=\"x11i5rnm xat24cr x1mh8g0r x1vvkbs xtlvy1s x126k92a\">\n<div dir=\"auto\">El presidente municipal de Ozumba, Valent\u00edn Mart\u00ednez Castillo, se mostr\u00f3 entusiasmado con la confirmaci\u00f3n del grupo, se\u00f1alando que este festival ha ganado renombre y se ha consolidado como uno de los m\u00e1s importantes en la regi\u00f3n. &#8220;La presencia de Pante\u00f3n Rococ\u00f3 es un gran logro y un aliciente para seguir impulsando nuestras tradiciones y la cultura local&#8221;, coment\u00f3 el edil.<\/div>\n<\/div>\n<div class=\"x11i5rnm xat24cr x1mh8g0r x1vvkbs xtlvy1s x126k92a\">\n<div dir=\"auto\">Mart\u00ednez Castillo tambi\u00e9n adelant\u00f3 que ya se han realizado las primeras reuniones para revisar los temas de log\u00edstica, con el fin de garantizar que el evento se desarrolle de manera segura y exitosa, esperando una gran afluencia de visitantes tanto locales como de otras partes del pa\u00eds.<\/div>\n<\/div>\n<div class=\"x11i5rnm xat24cr x1mh8g0r x1vvkbs xtlvy1s x126k92a\">\n<div dir=\"auto\">El Festival de las \u00c1nimas, conocido por su rica oferta cultural y art\u00edstica, se llevar\u00e1 a cabo a finales de octubre y promete ser un evento inolvidable, destacando la conexi\u00f3n con las tradiciones ancestrales y el folclore mexicano.<\/div>\n<\/div>\n<\/div>\n<\/div>\n<\/div>\n<\/div>\n","protected":false},"excerpt":{"rendered":"<p>Ozumba, Estado de M\u00e9xico &#8211; La XVI edici\u00f3n del Festival de las \u00c1nimas, uno de<\/p>\n","protected":false},"author":1,"featured_media":13962,"comment_status":"open","ping_status":"open","sticky":false,"template":"","format":"standard","meta":{"footnotes":""},"categories":[3],"tags":[14],"class_list":["post-13961","post","type-post","status-publish","format-standard","has-post-thumbnail","hentry","category-estatales","tag-ozumba"],"yoast_head":"<!-- This site is optimized with the Yoast SEO plugin v25.3 - https:\/\/yoast.com\/wordpress\/plugins\/seo\/ -->\n<title>Pante\u00f3n Rococ\u00f3 Encabezar\u00e1 la XVI Edici\u00f3n del Festival de las \u00c1nimas 2024 en Ozumba - Volcanes<\/title>\n<meta name=\"robots\" content=\"index, follow, max-snippet:-1, max-image-preview:large, max-video-preview:-1\" \/>\n<link rel=\"canonical\" href=\"https:\/\/volcanes.net\/?p=13961\" \/>\n<meta property=\"og:locale\" content=\"es_MX\" \/>\n<meta property=\"og:type\" content=\"article\" \/>\n<meta property=\"og:title\" content=\"Pante\u00f3n Rococ\u00f3 Encabezar\u00e1 la XVI Edici\u00f3n del Festival de las \u00c1nimas 2024 en Ozumba - Volcanes\" \/>\n<meta property=\"og:description\" content=\"Ozumba, Estado de M\u00e9xico &#8211; La XVI edici\u00f3n del Festival de las \u00c1nimas, uno de\" \/>\n<meta property=\"og:url\" content=\"https:\/\/volcanes.net\/?p=13961\" \/>\n<meta property=\"og:site_name\" content=\"Volcanes\" \/>\n<meta property=\"article:publisher\" content=\"https:\/\/www.facebook.com\/volcanes.net\/\" \/>\n<meta property=\"article:published_time\" content=\"2024-08-15T04:01:46+00:00\" \/>\n<meta property=\"article:modified_time\" content=\"2024-08-23T17:03:08+00:00\" \/>\n<meta property=\"og:image\" content=\"https:\/\/volcanes.net\/wp-content\/uploads\/2024\/08\/Cultura-Ozumba.jpg\" \/>\n\t<meta property=\"og:image:width\" content=\"526\" \/>\n\t<meta property=\"og:image:height\" content=\"935\" \/>\n\t<meta property=\"og:image:type\" content=\"image\/jpeg\" \/>\n<meta name=\"author\" content=\"admin\" \/>\n<meta name=\"twitter:card\" content=\"summary_large_image\" \/>\n<meta name=\"twitter:label1\" content=\"Escrito por\" \/>\n\t<meta name=\"twitter:data1\" content=\"admin\" \/>\n\t<meta name=\"twitter:label2\" content=\"Tiempo de lectura\" \/>\n\t<meta name=\"twitter:data2\" content=\"2 minutos\" \/>\n<script type=\"application\/ld+json\" class=\"yoast-schema-graph\">{\"@context\":\"https:\/\/schema.org\",\"@graph\":[{\"@type\":\"Article\",\"@id\":\"https:\/\/volcanes.net\/?p=13961#article\",\"isPartOf\":{\"@id\":\"https:\/\/volcanes.net\/?p=13961\"},\"author\":{\"name\":\"admin\",\"@id\":\"https:\/\/volcanes.net\/#\/schema\/person\/4bf0f383940966a4abd53f5048c0e6b9\"},\"headline\":\"Pante\u00f3n Rococ\u00f3 Encabezar\u00e1 la XVI Edici\u00f3n del Festival de las \u00c1nimas 2024 en Ozumba\",\"datePublished\":\"2024-08-15T04:01:46+00:00\",\"dateModified\":\"2024-08-23T17:03:08+00:00\",\"mainEntityOfPage\":{\"@id\":\"https:\/\/volcanes.net\/?p=13961\"},\"wordCount\":233,\"commentCount\":0,\"publisher\":{\"@id\":\"https:\/\/volcanes.net\/#organization\"},\"image\":{\"@id\":\"https:\/\/volcanes.net\/?p=13961#primaryimage\"},\"thumbnailUrl\":\"https:\/\/volcanes.net\/wp-content\/uploads\/2024\/08\/Cultura-Ozumba.jpg\",\"keywords\":[\"Ozumba\"],\"articleSection\":[\"Estatales\"],\"inLanguage\":\"es\",\"potentialAction\":[{\"@type\":\"CommentAction\",\"name\":\"Comment\",\"target\":[\"https:\/\/volcanes.net\/?p=13961#respond\"]}]},{\"@type\":\"WebPage\",\"@id\":\"https:\/\/volcanes.net\/?p=13961\",\"url\":\"https:\/\/volcanes.net\/?p=13961\",\"name\":\"Pante\u00f3n Rococ\u00f3 Encabezar\u00e1 la XVI Edici\u00f3n del Festival de las \u00c1nimas 2024 en Ozumba - Volcanes\",\"isPartOf\":{\"@id\":\"https:\/\/volcanes.net\/#website\"},\"primaryImageOfPage\":{\"@id\":\"https:\/\/volcanes.net\/?p=13961#primaryimage\"},\"image\":{\"@id\":\"https:\/\/volcanes.net\/?p=13961#primaryimage\"},\"thumbnailUrl\":\"https:\/\/volcanes.net\/wp-content\/uploads\/2024\/08\/Cultura-Ozumba.jpg\",\"datePublished\":\"2024-08-15T04:01:46+00:00\",\"dateModified\":\"2024-08-23T17:03:08+00:00\",\"breadcrumb\":{\"@id\":\"https:\/\/volcanes.net\/?p=13961#breadcrumb\"},\"inLanguage\":\"es\",\"potentialAction\":[{\"@type\":\"ReadAction\",\"target\":[\"https:\/\/volcanes.net\/?p=13961\"]}]},{\"@type\":\"ImageObject\",\"inLanguage\":\"es\",\"@id\":\"https:\/\/volcanes.net\/?p=13961#primaryimage\",\"url\":\"https:\/\/volcanes.net\/wp-content\/uploads\/2024\/08\/Cultura-Ozumba.jpg\",\"contentUrl\":\"https:\/\/volcanes.net\/wp-content\/uploads\/2024\/08\/Cultura-Ozumba.jpg\",\"width\":526,\"height\":935},{\"@type\":\"BreadcrumbList\",\"@id\":\"https:\/\/volcanes.net\/?p=13961#breadcrumb\",\"itemListElement\":[{\"@type\":\"ListItem\",\"position\":1,\"name\":\"Portada\",\"item\":\"https:\/\/volcanes.net\/\"},{\"@type\":\"ListItem\",\"position\":2,\"name\":\"Pante\u00f3n Rococ\u00f3 Encabezar\u00e1 la XVI Edici\u00f3n del Festival de las \u00c1nimas 2024 en Ozumba\"}]},{\"@type\":\"WebSite\",\"@id\":\"https:\/\/volcanes.net\/#website\",\"url\":\"https:\/\/volcanes.net\/\",\"name\":\"Volcanes.Net\",\"description\":\"Periodismo Profesional\",\"publisher\":{\"@id\":\"https:\/\/volcanes.net\/#organization\"},\"potentialAction\":[{\"@type\":\"SearchAction\",\"target\":{\"@type\":\"EntryPoint\",\"urlTemplate\":\"https:\/\/volcanes.net\/?s={search_term_string}\"},\"query-input\":{\"@type\":\"PropertyValueSpecification\",\"valueRequired\":true,\"valueName\":\"search_term_string\"}}],\"inLanguage\":\"es\"},{\"@type\":\"Organization\",\"@id\":\"https:\/\/volcanes.net\/#organization\",\"name\":\"Grupo Volcanes\",\"url\":\"https:\/\/volcanes.net\/\",\"logo\":{\"@type\":\"ImageObject\",\"inLanguage\":\"es\",\"@id\":\"https:\/\/volcanes.net\/#\/schema\/logo\/image\/\",\"url\":\"http:\/\/volcanes.net\/wp-content\/uploads\/2017\/12\/Avatar2.jpg\",\"contentUrl\":\"http:\/\/volcanes.net\/wp-content\/uploads\/2017\/12\/Avatar2.jpg\",\"width\":378,\"height\":378,\"caption\":\"Grupo Volcanes\"},\"image\":{\"@id\":\"https:\/\/volcanes.net\/#\/schema\/logo\/image\/\"},\"sameAs\":[\"https:\/\/www.facebook.com\/volcanes.net\/\"]},{\"@type\":\"Person\",\"@id\":\"https:\/\/volcanes.net\/#\/schema\/person\/4bf0f383940966a4abd53f5048c0e6b9\",\"name\":\"admin\",\"image\":{\"@type\":\"ImageObject\",\"inLanguage\":\"es\",\"@id\":\"https:\/\/volcanes.net\/#\/schema\/person\/image\/\",\"url\":\"https:\/\/secure.gravatar.com\/avatar\/ca004e6cba8462b8cb7abc86e382930c?s=96&d=mm&r=g\",\"contentUrl\":\"https:\/\/secure.gravatar.com\/avatar\/ca004e6cba8462b8cb7abc86e382930c?s=96&d=mm&r=g\",\"caption\":\"admin\"}}]}<\/script>\n<!-- \/ Yoast SEO plugin. -->","yoast_head_json":{"title":"Pante\u00f3n Rococ\u00f3 Encabezar\u00e1 la XVI Edici\u00f3n del Festival de las \u00c1nimas 2024 en Ozumba - Volcanes","robots":{"index":"index","follow":"follow","max-snippet":"max-snippet:-1","max-image-preview":"max-image-preview:large","max-video-preview":"max-video-preview:-1"},"canonical":"https:\/\/volcanes.net\/?p=13961","og_locale":"es_MX","og_type":"article","og_title":"Pante\u00f3n Rococ\u00f3 Encabezar\u00e1 la XVI Edici\u00f3n del Festival de las \u00c1nimas 2024 en Ozumba - Volcanes","og_description":"Ozumba, Estado de M\u00e9xico &#8211; La XVI edici\u00f3n del Festival de las \u00c1nimas, uno de","og_url":"https:\/\/volcanes.net\/?p=13961","og_site_name":"Volcanes","article_publisher":"https:\/\/www.facebook.com\/volcanes.net\/","article_published_time":"2024-08-15T04:01:46+00:00","article_modified_time":"2024-08-23T17:03:08+00:00","og_image":[{"width":526,"height":935,"url":"https:\/\/volcanes.net\/wp-content\/uploads\/2024\/08\/Cultura-Ozumba.jpg","type":"image\/jpeg"}],"author":"admin","twitter_card":"summary_large_image","twitter_misc":{"Escrito por":"admin","Tiempo de lectura":"2 minutos"},"schema":{"@context":"https:\/\/schema.org","@graph":[{"@type":"Article","@id":"https:\/\/volcanes.net\/?p=13961#article","isPartOf":{"@id":"https:\/\/volcanes.net\/?p=13961"},"author":{"name":"admin","@id":"https:\/\/volcanes.net\/#\/schema\/person\/4bf0f383940966a4abd53f5048c0e6b9"},"headline":"Pante\u00f3n Rococ\u00f3 Encabezar\u00e1 la XVI Edici\u00f3n del Festival de las \u00c1nimas 2024 en Ozumba","datePublished":"2024-08-15T04:01:46+00:00","dateModified":"2024-08-23T17:03:08+00:00","mainEntityOfPage":{"@id":"https:\/\/volcanes.net\/?p=13961"},"wordCount":233,"commentCount":0,"publisher":{"@id":"https:\/\/volcanes.net\/#organization"},"image":{"@id":"https:\/\/volcanes.net\/?p=13961#primaryimage"},"thumbnailUrl":"https:\/\/volcanes.net\/wp-content\/uploads\/2024\/08\/Cultura-Ozumba.jpg","keywords":["Ozumba"],"articleSection":["Estatales"],"inLanguage":"es","potentialAction":[{"@type":"CommentAction","name":"Comment","target":["https:\/\/volcanes.net\/?p=13961#respond"]}]},{"@type":"WebPage","@id":"https:\/\/volcanes.net\/?p=13961","url":"https:\/\/volcanes.net\/?p=13961","name":"Pante\u00f3n Rococ\u00f3 Encabezar\u00e1 la XVI Edici\u00f3n del Festival de las \u00c1nimas 2024 en Ozumba - Volcanes","isPartOf":{"@id":"https:\/\/volcanes.net\/#website"},"primaryImageOfPage":{"@id":"https:\/\/volcanes.net\/?p=13961#primaryimage"},"image":{"@id":"https:\/\/volcanes.net\/?p=13961#primaryimage"},"thumbnailUrl":"https:\/\/volcanes.net\/wp-content\/uploads\/2024\/08\/Cultura-Ozumba.jpg","datePublished":"2024-08-15T04:01:46+00:00","dateModified":"2024-08-23T17:03:08+00:00","breadcrumb":{"@id":"https:\/\/volcanes.net\/?p=13961#breadcrumb"},"inLanguage":"es","potentialAction":[{"@type":"ReadAction","target":["https:\/\/volcanes.net\/?p=13961"]}]},{"@type":"ImageObject","inLanguage":"es","@id":"https:\/\/volcanes.net\/?p=13961#primaryimage","url":"https:\/\/volcanes.net\/wp-content\/uploads\/2024\/08\/Cultura-Ozumba.jpg","contentUrl":"https:\/\/volcanes.net\/wp-content\/uploads\/2024\/08\/Cultura-Ozumba.jpg","width":526,"height":935},{"@type":"BreadcrumbList","@id":"https:\/\/volcanes.net\/?p=13961#breadcrumb","itemListElement":[{"@type":"ListItem","position":1,"name":"Portada","item":"https:\/\/volcanes.net\/"},{"@type":"ListItem","position":2,"name":"Pante\u00f3n Rococ\u00f3 Encabezar\u00e1 la XVI Edici\u00f3n del Festival de las \u00c1nimas 2024 en Ozumba"}]},{"@type":"WebSite","@id":"https:\/\/volcanes.net\/#website","url":"https:\/\/volcanes.net\/","name":"Volcanes.Net","description":"Periodismo Profesional","publisher":{"@id":"https:\/\/volcanes.net\/#organization"},"potentialAction":[{"@type":"SearchAction","target":{"@type":"EntryPoint","urlTemplate":"https:\/\/volcanes.net\/?s={search_term_string}"},"query-input":{"@type":"PropertyValueSpecification","valueRequired":true,"valueName":"search_term_string"}}],"inLanguage":"es"},{"@type":"Organization","@id":"https:\/\/volcanes.net\/#organization","name":"Grupo Volcanes","url":"https:\/\/volcanes.net\/","logo":{"@type":"ImageObject","inLanguage":"es","@id":"https:\/\/volcanes.net\/#\/schema\/logo\/image\/","url":"http:\/\/volcanes.net\/wp-content\/uploads\/2017\/12\/Avatar2.jpg","contentUrl":"http:\/\/volcanes.net\/wp-content\/uploads\/2017\/12\/Avatar2.jpg","width":378,"height":378,"caption":"Grupo Volcanes"},"image":{"@id":"https:\/\/volcanes.net\/#\/schema\/logo\/image\/"},"sameAs":["https:\/\/www.facebook.com\/volcanes.net\/"]},{"@type":"Person","@id":"https:\/\/volcanes.net\/#\/schema\/person\/4bf0f383940966a4abd53f5048c0e6b9","name":"admin","image":{"@type":"ImageObject","inLanguage":"es","@id":"https:\/\/volcanes.net\/#\/schema\/person\/image\/","url":"https:\/\/secure.gravatar.com\/avatar\/ca004e6cba8462b8cb7abc86e382930c?s=96&d=mm&r=g","contentUrl":"https:\/\/secure.gravatar.com\/avatar\/ca004e6cba8462b8cb7abc86e382930c?s=96&d=mm&r=g","caption":"admin"}}]}},"_links":{"self":[{"href":"https:\/\/volcanes.net\/index.php?rest_route=\/wp\/v2\/posts\/13961"}],"collection":[{"href":"https:\/\/volcanes.net\/index.php?rest_route=\/wp\/v2\/posts"}],"about":[{"href":"https:\/\/volcanes.net\/index.php?rest_route=\/wp\/v2\/types\/post"}],"author":[{"embeddable":true,"href":"https:\/\/volcanes.net\/index.php?rest_route=\/wp\/v2\/users\/1"}],"replies":[{"embeddable":true,"href":"https:\/\/volcanes.net\/index.php?rest_route=%2Fwp%2Fv2%2Fcomments&post=13961"}],"version-history":[{"count":1,"href":"https:\/\/volcanes.net\/index.php?rest_route=\/wp\/v2\/posts\/13961\/revisions"}],"predecessor-version":[{"id":13963,"href":"https:\/\/volcanes.net\/index.php?rest_route=\/wp\/v2\/posts\/13961\/revisions\/13963"}],"wp:featuredmedia":[{"embeddable":true,"href":"https:\/\/volcanes.net\/index.php?rest_route=\/wp\/v2\/media\/13962"}],"wp:attachment":[{"href":"https:\/\/volcanes.net\/index.php?rest_route=%2Fwp%2Fv2%2Fmedia&parent=13961"}],"wp:term":[{"taxonomy":"category","embeddable":true,"href":"https:\/\/volcanes.net\/index.php?rest_route=%2Fwp%2Fv2%2Fcategories&post=13961"},{"taxonomy":"post_tag","embeddable":true,"href":"https:\/\/volcanes.net\/index.php?rest_route=%2Fwp%2Fv2%2Ftags&post=13961"}],"curies":[{"name":"wp","href":"https:\/\/api.w.org\/{rel}","templated":true}]}}