{"id":1397,"date":"2018-02-22T21:53:07","date_gmt":"2018-02-22T21:53:07","guid":{"rendered":"http:\/\/volcanes.net\/?p=1397"},"modified":"2018-02-22T21:53:07","modified_gmt":"2018-02-22T21:53:07","slug":"asegura-la-fiscalia-estatal-a-siete-sujetos-investigados-por-un-robo-a-una-tienda-departamental-en-ecatepec","status":"publish","type":"post","link":"https:\/\/volcanes.net\/?p=1397","title":{"rendered":"Asegura la fiscal\u00eda estatal a siete sujetos investigados por un robo a una tienda departamental en Ecatepec"},"content":{"rendered":"<div style=\"margin-top: 0px; margin-bottom: 0px;\" class=\"sharethis-inline-share-buttons\" ><\/div><ul>\n<li style=\"font-weight: 400\"><em>Los detenidos fueron ingresados al Centro Penitenciario y de Reinserci\u00f3n Social de Ecatepec, en donde un Juez decret\u00f3 la legalidad de su detenci\u00f3n.<\/em><\/li>\n<li style=\"font-weight: 400\"><em>Se investiga si uno de los asegurados es integrante de una banda delictiva relacionada con el homicidio de una mujer elemento de la Polic\u00eda Municipal de Ecatepec, quien falleci\u00f3 tras frustrar un robo a un cajero autom\u00e1tico, en diciembre del a\u00f1o pasado<\/em><\/li>\n<\/ul>\n<p style=\"font-weight: 400\"><strong>Toluca, M\u00e9xico, 22 de febrero de 2018.-<\/strong>\u00a0Mediante un operativo realizado en el municipio de Ecatepec, Agentes de Investigaci\u00f3n de la Fiscal\u00eda General de Justicia del Estado de M\u00e9xico (FGJEM), llevaron a cabo la detenci\u00f3n de siete personas, una de ellas mujer, quienes est\u00e1n se\u00f1aladas por su probable participaci\u00f3n en el delito de robo a una tienda departamental en el municipio de Ecatepec.<\/p>\n<p style=\"font-weight: 400\">\u00a0\u00a0\u00a0\u00a0\u00a0\u00a0\u00a0\u00a0\u00a0\u00a0\u00a0\u00a0Los probables asaltantes fueron identificados como Javier \u201cN\u201d, de 25 a\u00f1os de edad; Mario \u201cN\u201d, de 31 a\u00f1os; Gerardo \u201cN\u201d, de 37 a\u00f1os; Rub\u00e9n \u201cN\u201d de 38 a\u00f1os; V\u00edctor Manuel \u201cN\u201d, de 31 a\u00f1os; Ricardo \u201cN\u201d, de 46 a\u00f1os, y Jessica \u201cN\u201d, de 19 a\u00f1os.<\/p>\n<p style=\"font-weight: 400\">\u00a0\u00a0\u00a0\u00a0\u00a0\u00a0\u00a0\u00a0\u00a0\u00a0\u00a0\u00a0Estas personas fueron aseguradas en la colonia Nuevo Paseo de San Agust\u00edn, en el municipio de Ecatepec, luego de que habr\u00eda ingresado a una tienda departamental ubicada en la zona, de donde sustrajeron equipos de telefon\u00eda celular y de igual forma intentaron robar un cajero autom\u00e1tico, al sujetarlo con cables y cadenas las cuales ataron a una camioneta, sin embargo, al percatarse de la presencia policiaca intentaron huir a bordo de un veh\u00edculo compacto.<\/p>\n<p style=\"font-weight: 400\">\u00a0\u00a0\u00a0\u00a0\u00a0\u00a0\u00a0\u00a0\u00a0\u00a0\u00a0\u00a0Tras ser asegurados, a estos individuos les fue asegurada una pistola calibre .380 mm, con cargador y cartuchos \u00fatiles, un rifle calibre .20 mm, as\u00ed como diversa herramienta utilizada para robar el cajero autom\u00e1tico.<\/p>\n<p style=\"font-weight: 400\">\u00a0\u00a0\u00a0\u00a0\u00a0\u00a0\u00a0\u00a0\u00a0\u00a0\u00a0\u00a0Los detenidos fueron presentados ante el Agente del Ministerio P\u00fablico, quien inici\u00f3 una carpeta de investigaci\u00f3n por robo a lugar cerrado, y luego remiti\u00f3 a estas personas ante un Juez, en el Centro Penitenciario y de Reinserci\u00f3n Social de Ecatepec, autoridad que decret\u00f3 la legalidad de su detenci\u00f3n y habr\u00e1 de determinar su situaci\u00f3n legal, sin embargo se les presume inocentes hasta que sea dictada una sentencia condenatoria en su contra.<\/p>\n<p style=\"font-weight: 400\">\u00a0\u00a0\u00a0\u00a0\u00a0\u00a0\u00a0\u00a0\u00a0\u00a0\u00a0\u00a0Uno de los detenidos adem\u00e1s es investigado por otros il\u00edcitos ya que al parecer es integrante de una banda delictiva relacionada con varios asaltos ocurridos en la regi\u00f3n oriente de la entidad mexiquense, as\u00ed como el homicidio de una mujer elemento de la Polic\u00eda Municipal de Ecatepec, quien falleci\u00f3 tras frustrar un robo a un cajero autom\u00e1tico, en diciembre del a\u00f1o pasado.<\/p>\n<p style=\"font-weight: 400\">\u00a0\u00a0\u00a0\u00a0\u00a0\u00a0\u00a0\u00a0\u00a0\u00a0\u00a0\u00a0Esta Instituci\u00f3n continua con las investigaciones a fin poder establecer la participaci\u00f3n de estos individuos en otros hechos delictivos ocurridos en la zona.<\/p>\n<p style=\"font-weight: 400\">\u00a0\u00a0\u00a0\u00a0\u00a0\u00a0\u00a0\u00a0\u00a0\u00a0\u00a0\u00a0La Fiscal\u00eda General de Justicia estatal hace un llamado a la ciudadan\u00eda para que en caso de que reconozca a estos individuos como probables part\u00edcipes de alg\u00fan otro il\u00edcito, sean denunciados a trav\u00e9s del correo electr\u00f3nico\u00a0<a href=\"mailto:cerotolerancia@edomex.gob.mx\">cerotolerancia@edomex.gob.mx<\/a>, al n\u00famero telef\u00f3nico 01 800 7028770, o bien, por medio de la aplicaci\u00f3n FGJEdomex, la cual est\u00e1 disponible de manera gratuita para todos los tel\u00e9fonos inteligentes de los sistemas iOS y Android.<\/p>\n","protected":false},"excerpt":{"rendered":"<p>Los detenidos fueron ingresados al Centro Penitenciario y de Reinserci\u00f3n Social de Ecatepec, en donde<\/p>\n","protected":false},"author":1,"featured_media":1398,"comment_status":"open","ping_status":"open","sticky":false,"template":"","format":"standard","meta":{"footnotes":""},"categories":[1],"tags":[63],"class_list":["post-1397","post","type-post","status-publish","format-standard","has-post-thumbnail","hentry","category-municipales","tag-ecatepec"],"yoast_head":"<!-- This site is optimized with the Yoast SEO plugin v25.3 - https:\/\/yoast.com\/wordpress\/plugins\/seo\/ -->\n<title>Asegura la fiscal\u00eda estatal a siete sujetos investigados por un robo a una tienda departamental en Ecatepec - Volcanes<\/title>\n<meta name=\"robots\" content=\"index, follow, max-snippet:-1, max-image-preview:large, max-video-preview:-1\" \/>\n<link rel=\"canonical\" href=\"https:\/\/volcanes.net\/?p=1397\" \/>\n<meta property=\"og:locale\" content=\"es_MX\" \/>\n<meta property=\"og:type\" content=\"article\" \/>\n<meta property=\"og:title\" content=\"Asegura la fiscal\u00eda estatal a siete sujetos investigados por un robo a una tienda departamental en Ecatepec - Volcanes\" \/>\n<meta property=\"og:description\" content=\"Los detenidos fueron ingresados al Centro Penitenciario y de Reinserci\u00f3n Social de Ecatepec, en donde\" \/>\n<meta property=\"og:url\" content=\"https:\/\/volcanes.net\/?p=1397\" \/>\n<meta property=\"og:site_name\" content=\"Volcanes\" \/>\n<meta property=\"article:publisher\" content=\"https:\/\/www.facebook.com\/volcanes.net\/\" \/>\n<meta property=\"article:published_time\" content=\"2018-02-22T21:53:07+00:00\" \/>\n<meta property=\"og:image\" content=\"https:\/\/volcanes.net\/wp-content\/uploads\/2018\/02\/FOTO-C167.jpg\" \/>\n\t<meta property=\"og:image:width\" content=\"448\" \/>\n\t<meta property=\"og:image:height\" content=\"299\" \/>\n\t<meta property=\"og:image:type\" content=\"image\/jpeg\" \/>\n<meta name=\"author\" content=\"admin\" \/>\n<meta name=\"twitter:card\" content=\"summary_large_image\" \/>\n<meta name=\"twitter:label1\" content=\"Escrito por\" \/>\n\t<meta name=\"twitter:data1\" content=\"admin\" \/>\n\t<meta name=\"twitter:label2\" content=\"Tiempo de lectura\" \/>\n\t<meta name=\"twitter:data2\" content=\"3 minutos\" \/>\n<script type=\"application\/ld+json\" class=\"yoast-schema-graph\">{\"@context\":\"https:\/\/schema.org\",\"@graph\":[{\"@type\":\"Article\",\"@id\":\"https:\/\/volcanes.net\/?p=1397#article\",\"isPartOf\":{\"@id\":\"https:\/\/volcanes.net\/?p=1397\"},\"author\":{\"name\":\"admin\",\"@id\":\"https:\/\/volcanes.net\/#\/schema\/person\/4bf0f383940966a4abd53f5048c0e6b9\"},\"headline\":\"Asegura la fiscal\u00eda estatal a siete sujetos investigados por un robo a una tienda departamental en Ecatepec\",\"datePublished\":\"2018-02-22T21:53:07+00:00\",\"mainEntityOfPage\":{\"@id\":\"https:\/\/volcanes.net\/?p=1397\"},\"wordCount\":566,\"commentCount\":0,\"publisher\":{\"@id\":\"https:\/\/volcanes.net\/#organization\"},\"image\":{\"@id\":\"https:\/\/volcanes.net\/?p=1397#primaryimage\"},\"thumbnailUrl\":\"https:\/\/volcanes.net\/wp-content\/uploads\/2018\/02\/FOTO-C167.jpg\",\"keywords\":[\"Ecatepec\"],\"articleSection\":[\"Municipales\"],\"inLanguage\":\"es\",\"potentialAction\":[{\"@type\":\"CommentAction\",\"name\":\"Comment\",\"target\":[\"https:\/\/volcanes.net\/?p=1397#respond\"]}]},{\"@type\":\"WebPage\",\"@id\":\"https:\/\/volcanes.net\/?p=1397\",\"url\":\"https:\/\/volcanes.net\/?p=1397\",\"name\":\"Asegura la fiscal\u00eda estatal a siete sujetos investigados por un robo a una tienda departamental en Ecatepec - Volcanes\",\"isPartOf\":{\"@id\":\"https:\/\/volcanes.net\/#website\"},\"primaryImageOfPage\":{\"@id\":\"https:\/\/volcanes.net\/?p=1397#primaryimage\"},\"image\":{\"@id\":\"https:\/\/volcanes.net\/?p=1397#primaryimage\"},\"thumbnailUrl\":\"https:\/\/volcanes.net\/wp-content\/uploads\/2018\/02\/FOTO-C167.jpg\",\"datePublished\":\"2018-02-22T21:53:07+00:00\",\"breadcrumb\":{\"@id\":\"https:\/\/volcanes.net\/?p=1397#breadcrumb\"},\"inLanguage\":\"es\",\"potentialAction\":[{\"@type\":\"ReadAction\",\"target\":[\"https:\/\/volcanes.net\/?p=1397\"]}]},{\"@type\":\"ImageObject\",\"inLanguage\":\"es\",\"@id\":\"https:\/\/volcanes.net\/?p=1397#primaryimage\",\"url\":\"https:\/\/volcanes.net\/wp-content\/uploads\/2018\/02\/FOTO-C167.jpg\",\"contentUrl\":\"https:\/\/volcanes.net\/wp-content\/uploads\/2018\/02\/FOTO-C167.jpg\",\"width\":448,\"height\":299},{\"@type\":\"BreadcrumbList\",\"@id\":\"https:\/\/volcanes.net\/?p=1397#breadcrumb\",\"itemListElement\":[{\"@type\":\"ListItem\",\"position\":1,\"name\":\"Portada\",\"item\":\"https:\/\/volcanes.net\/\"},{\"@type\":\"ListItem\",\"position\":2,\"name\":\"Asegura la fiscal\u00eda estatal a siete sujetos investigados por un robo a una tienda departamental en Ecatepec\"}]},{\"@type\":\"WebSite\",\"@id\":\"https:\/\/volcanes.net\/#website\",\"url\":\"https:\/\/volcanes.net\/\",\"name\":\"Volcanes.Net\",\"description\":\"Periodismo Profesional\",\"publisher\":{\"@id\":\"https:\/\/volcanes.net\/#organization\"},\"potentialAction\":[{\"@type\":\"SearchAction\",\"target\":{\"@type\":\"EntryPoint\",\"urlTemplate\":\"https:\/\/volcanes.net\/?s={search_term_string}\"},\"query-input\":{\"@type\":\"PropertyValueSpecification\",\"valueRequired\":true,\"valueName\":\"search_term_string\"}}],\"inLanguage\":\"es\"},{\"@type\":\"Organization\",\"@id\":\"https:\/\/volcanes.net\/#organization\",\"name\":\"Grupo Volcanes\",\"url\":\"https:\/\/volcanes.net\/\",\"logo\":{\"@type\":\"ImageObject\",\"inLanguage\":\"es\",\"@id\":\"https:\/\/volcanes.net\/#\/schema\/logo\/image\/\",\"url\":\"http:\/\/volcanes.net\/wp-content\/uploads\/2017\/12\/Avatar2.jpg\",\"contentUrl\":\"http:\/\/volcanes.net\/wp-content\/uploads\/2017\/12\/Avatar2.jpg\",\"width\":378,\"height\":378,\"caption\":\"Grupo Volcanes\"},\"image\":{\"@id\":\"https:\/\/volcanes.net\/#\/schema\/logo\/image\/\"},\"sameAs\":[\"https:\/\/www.facebook.com\/volcanes.net\/\"]},{\"@type\":\"Person\",\"@id\":\"https:\/\/volcanes.net\/#\/schema\/person\/4bf0f383940966a4abd53f5048c0e6b9\",\"name\":\"admin\",\"image\":{\"@type\":\"ImageObject\",\"inLanguage\":\"es\",\"@id\":\"https:\/\/volcanes.net\/#\/schema\/person\/image\/\",\"url\":\"https:\/\/secure.gravatar.com\/avatar\/ca004e6cba8462b8cb7abc86e382930c?s=96&d=mm&r=g\",\"contentUrl\":\"https:\/\/secure.gravatar.com\/avatar\/ca004e6cba8462b8cb7abc86e382930c?s=96&d=mm&r=g\",\"caption\":\"admin\"}}]}<\/script>\n<!-- \/ Yoast SEO plugin. -->","yoast_head_json":{"title":"Asegura la fiscal\u00eda estatal a siete sujetos investigados por un robo a una tienda departamental en Ecatepec - Volcanes","robots":{"index":"index","follow":"follow","max-snippet":"max-snippet:-1","max-image-preview":"max-image-preview:large","max-video-preview":"max-video-preview:-1"},"canonical":"https:\/\/volcanes.net\/?p=1397","og_locale":"es_MX","og_type":"article","og_title":"Asegura la fiscal\u00eda estatal a siete sujetos investigados por un robo a una tienda departamental en Ecatepec - Volcanes","og_description":"Los detenidos fueron ingresados al Centro Penitenciario y de Reinserci\u00f3n Social de Ecatepec, en donde","og_url":"https:\/\/volcanes.net\/?p=1397","og_site_name":"Volcanes","article_publisher":"https:\/\/www.facebook.com\/volcanes.net\/","article_published_time":"2018-02-22T21:53:07+00:00","og_image":[{"width":448,"height":299,"url":"https:\/\/volcanes.net\/wp-content\/uploads\/2018\/02\/FOTO-C167.jpg","type":"image\/jpeg"}],"author":"admin","twitter_card":"summary_large_image","twitter_misc":{"Escrito por":"admin","Tiempo de lectura":"3 minutos"},"schema":{"@context":"https:\/\/schema.org","@graph":[{"@type":"Article","@id":"https:\/\/volcanes.net\/?p=1397#article","isPartOf":{"@id":"https:\/\/volcanes.net\/?p=1397"},"author":{"name":"admin","@id":"https:\/\/volcanes.net\/#\/schema\/person\/4bf0f383940966a4abd53f5048c0e6b9"},"headline":"Asegura la fiscal\u00eda estatal a siete sujetos investigados por un robo a una tienda departamental en Ecatepec","datePublished":"2018-02-22T21:53:07+00:00","mainEntityOfPage":{"@id":"https:\/\/volcanes.net\/?p=1397"},"wordCount":566,"commentCount":0,"publisher":{"@id":"https:\/\/volcanes.net\/#organization"},"image":{"@id":"https:\/\/volcanes.net\/?p=1397#primaryimage"},"thumbnailUrl":"https:\/\/volcanes.net\/wp-content\/uploads\/2018\/02\/FOTO-C167.jpg","keywords":["Ecatepec"],"articleSection":["Municipales"],"inLanguage":"es","potentialAction":[{"@type":"CommentAction","name":"Comment","target":["https:\/\/volcanes.net\/?p=1397#respond"]}]},{"@type":"WebPage","@id":"https:\/\/volcanes.net\/?p=1397","url":"https:\/\/volcanes.net\/?p=1397","name":"Asegura la fiscal\u00eda estatal a siete sujetos investigados por un robo a una tienda departamental en Ecatepec - Volcanes","isPartOf":{"@id":"https:\/\/volcanes.net\/#website"},"primaryImageOfPage":{"@id":"https:\/\/volcanes.net\/?p=1397#primaryimage"},"image":{"@id":"https:\/\/volcanes.net\/?p=1397#primaryimage"},"thumbnailUrl":"https:\/\/volcanes.net\/wp-content\/uploads\/2018\/02\/FOTO-C167.jpg","datePublished":"2018-02-22T21:53:07+00:00","breadcrumb":{"@id":"https:\/\/volcanes.net\/?p=1397#breadcrumb"},"inLanguage":"es","potentialAction":[{"@type":"ReadAction","target":["https:\/\/volcanes.net\/?p=1397"]}]},{"@type":"ImageObject","inLanguage":"es","@id":"https:\/\/volcanes.net\/?p=1397#primaryimage","url":"https:\/\/volcanes.net\/wp-content\/uploads\/2018\/02\/FOTO-C167.jpg","contentUrl":"https:\/\/volcanes.net\/wp-content\/uploads\/2018\/02\/FOTO-C167.jpg","width":448,"height":299},{"@type":"BreadcrumbList","@id":"https:\/\/volcanes.net\/?p=1397#breadcrumb","itemListElement":[{"@type":"ListItem","position":1,"name":"Portada","item":"https:\/\/volcanes.net\/"},{"@type":"ListItem","position":2,"name":"Asegura la fiscal\u00eda estatal a siete sujetos investigados por un robo a una tienda departamental en Ecatepec"}]},{"@type":"WebSite","@id":"https:\/\/volcanes.net\/#website","url":"https:\/\/volcanes.net\/","name":"Volcanes.Net","description":"Periodismo Profesional","publisher":{"@id":"https:\/\/volcanes.net\/#organization"},"potentialAction":[{"@type":"SearchAction","target":{"@type":"EntryPoint","urlTemplate":"https:\/\/volcanes.net\/?s={search_term_string}"},"query-input":{"@type":"PropertyValueSpecification","valueRequired":true,"valueName":"search_term_string"}}],"inLanguage":"es"},{"@type":"Organization","@id":"https:\/\/volcanes.net\/#organization","name":"Grupo Volcanes","url":"https:\/\/volcanes.net\/","logo":{"@type":"ImageObject","inLanguage":"es","@id":"https:\/\/volcanes.net\/#\/schema\/logo\/image\/","url":"http:\/\/volcanes.net\/wp-content\/uploads\/2017\/12\/Avatar2.jpg","contentUrl":"http:\/\/volcanes.net\/wp-content\/uploads\/2017\/12\/Avatar2.jpg","width":378,"height":378,"caption":"Grupo Volcanes"},"image":{"@id":"https:\/\/volcanes.net\/#\/schema\/logo\/image\/"},"sameAs":["https:\/\/www.facebook.com\/volcanes.net\/"]},{"@type":"Person","@id":"https:\/\/volcanes.net\/#\/schema\/person\/4bf0f383940966a4abd53f5048c0e6b9","name":"admin","image":{"@type":"ImageObject","inLanguage":"es","@id":"https:\/\/volcanes.net\/#\/schema\/person\/image\/","url":"https:\/\/secure.gravatar.com\/avatar\/ca004e6cba8462b8cb7abc86e382930c?s=96&d=mm&r=g","contentUrl":"https:\/\/secure.gravatar.com\/avatar\/ca004e6cba8462b8cb7abc86e382930c?s=96&d=mm&r=g","caption":"admin"}}]}},"_links":{"self":[{"href":"https:\/\/volcanes.net\/index.php?rest_route=\/wp\/v2\/posts\/1397"}],"collection":[{"href":"https:\/\/volcanes.net\/index.php?rest_route=\/wp\/v2\/posts"}],"about":[{"href":"https:\/\/volcanes.net\/index.php?rest_route=\/wp\/v2\/types\/post"}],"author":[{"embeddable":true,"href":"https:\/\/volcanes.net\/index.php?rest_route=\/wp\/v2\/users\/1"}],"replies":[{"embeddable":true,"href":"https:\/\/volcanes.net\/index.php?rest_route=%2Fwp%2Fv2%2Fcomments&post=1397"}],"version-history":[{"count":1,"href":"https:\/\/volcanes.net\/index.php?rest_route=\/wp\/v2\/posts\/1397\/revisions"}],"predecessor-version":[{"id":1399,"href":"https:\/\/volcanes.net\/index.php?rest_route=\/wp\/v2\/posts\/1397\/revisions\/1399"}],"wp:featuredmedia":[{"embeddable":true,"href":"https:\/\/volcanes.net\/index.php?rest_route=\/wp\/v2\/media\/1398"}],"wp:attachment":[{"href":"https:\/\/volcanes.net\/index.php?rest_route=%2Fwp%2Fv2%2Fmedia&parent=1397"}],"wp:term":[{"taxonomy":"category","embeddable":true,"href":"https:\/\/volcanes.net\/index.php?rest_route=%2Fwp%2Fv2%2Fcategories&post=1397"},{"taxonomy":"post_tag","embeddable":true,"href":"https:\/\/volcanes.net\/index.php?rest_route=%2Fwp%2Fv2%2Ftags&post=1397"}],"curies":[{"name":"wp","href":"https:\/\/api.w.org\/{rel}","templated":true}]}}