{"id":13991,"date":"2024-10-03T19:35:29","date_gmt":"2024-10-04T01:35:29","guid":{"rendered":"https:\/\/volcanes.net\/?p=13991"},"modified":"2024-10-03T19:35:55","modified_gmt":"2024-10-04T01:35:55","slug":"alcaldesa-ivette-topete-coordina-brigadas-de-limpieza-por-un-amecameca-mas-limpio","status":"publish","type":"post","link":"https:\/\/volcanes.net\/?p=13991","title":{"rendered":"Alcaldesa Ivette Topete coordina brigadas de limpieza por un Amecameca m\u00e1s limpio"},"content":{"rendered":"<div style=\"margin-top: 0px; margin-bottom: 0px;\" class=\"sharethis-inline-share-buttons\" ><\/div>\n<p><\/p>\n\n\n\n<p>\u201cMi compromiso es con el bienestar de todos los habitantes\u201d, se\u00f1al\u00f3.<\/p>\n\n\n\n<p>Amecameca, M\u00e9x. \u2014 En respuesta a las recientes lluvias que han afectado diversas zonas del municipio, la alcaldesa, Dra. Ivette Topete Garc\u00eda, ha puesto en marcha una serie de acciones para mitigar los estragos causados por las corrientes de agua y lodo. Bajo su liderazgo, el personal del Organismo P\u00fablico Descentralizado de Agua y Saneamiento (OPDAAS), junto con Protecci\u00f3n Civil y Bomberos, iniciaron trabajos de limpieza en el \u00e1rea del Paseo del Saber, una zona clave para la comunidad educativa.<\/p>\n\n\n\n<p>La limpieza de esta \u00e1rea tiene como objetivo principal garantizar la seguridad de los estudiantes que a diario transitan por esta v\u00eda para asistir a sus escuelas, cuyo acceso se hab\u00eda visto comprometido debido a la acumulaci\u00f3n de agua pluvial y lodo tras las lluvias.<\/p>\n\n\n\n<p>La alcaldesa Topete Garc\u00eda agradeci\u00f3 el esfuerzo y participaci\u00f3n de la comunidad, destacando la ayuda de padres de familia, maestros, integrantes del bazar Rosa, as\u00ed como de voluntarios que, junto al personal del Ayuntamiento, contribuyeron en las labores de limpieza.<\/p>\n\n\n\n<p>\u201cGracias a todos por su apoyo y compromiso con nuestra comunidad. Juntos, estamos trabajando para que nuestros ni\u00f1os puedan asistir a la escuela sin riesgos para su salud ni obst\u00e1culos en el camino\u201d, expres\u00f3 la funcionaria.<\/p>\n\n\n\n<p>Ivette Topete reafirm\u00f3 su compromiso con el bienestar de los ciudadanos de Amecameca, asegurando que su administraci\u00f3n trabaja incansablemente para ofrecer soluciones r\u00e1pidas y efectivas frente a cualquier adversidad que afecte a la poblaci\u00f3n.<\/p>\n\n\n\n<p>La intervenci\u00f3n en el Paseo del Saber no solo busca restablecer el acceso escolar, sino tambi\u00e9n garantizar un entorno seguro y saludable para las familias. La alcaldesa destac\u00f3 la importancia de la colaboraci\u00f3n ciudadana y se\u00f1al\u00f3 que su gobierno continuar\u00e1 promoviendo acciones conjuntas para enfrentar los desaf\u00edos del municipio.<\/p>\n","protected":false},"excerpt":{"rendered":"<p>\u201cMi compromiso es con el bienestar de todos los habitantes\u201d, se\u00f1al\u00f3. Amecameca, M\u00e9x. \u2014 En<\/p>\n","protected":false},"author":1,"featured_media":13990,"comment_status":"open","ping_status":"open","sticky":false,"template":"","format":"standard","meta":{"footnotes":""},"categories":[1],"tags":[7],"class_list":["post-13991","post","type-post","status-publish","format-standard","has-post-thumbnail","hentry","category-municipales","tag-amecameca"],"yoast_head":"<!-- This site is optimized with the Yoast SEO plugin v25.3 - https:\/\/yoast.com\/wordpress\/plugins\/seo\/ -->\n<title>Alcaldesa Ivette Topete coordina brigadas de limpieza por un Amecameca m\u00e1s limpio - Volcanes<\/title>\n<meta name=\"robots\" content=\"index, follow, max-snippet:-1, max-image-preview:large, max-video-preview:-1\" \/>\n<link rel=\"canonical\" href=\"https:\/\/volcanes.net\/?p=13991\" \/>\n<meta property=\"og:locale\" content=\"es_MX\" \/>\n<meta property=\"og:type\" content=\"article\" \/>\n<meta property=\"og:title\" content=\"Alcaldesa Ivette Topete coordina brigadas de limpieza por un Amecameca m\u00e1s limpio - Volcanes\" \/>\n<meta property=\"og:description\" content=\"\u201cMi compromiso es con el bienestar de todos los habitantes\u201d, se\u00f1al\u00f3. Amecameca, M\u00e9x. \u2014 En\" \/>\n<meta property=\"og:url\" content=\"https:\/\/volcanes.net\/?p=13991\" \/>\n<meta property=\"og:site_name\" content=\"Volcanes\" \/>\n<meta property=\"article:publisher\" content=\"https:\/\/www.facebook.com\/volcanes.net\/\" \/>\n<meta property=\"article:published_time\" content=\"2024-10-04T01:35:29+00:00\" \/>\n<meta property=\"article:modified_time\" content=\"2024-10-04T01:35:55+00:00\" \/>\n<meta property=\"og:image\" content=\"https:\/\/volcanes.net\/wp-content\/uploads\/2024\/10\/IMG-20241003-WA0010.jpg\" \/>\n\t<meta property=\"og:image:width\" content=\"1440\" \/>\n\t<meta property=\"og:image:height\" content=\"1080\" \/>\n\t<meta property=\"og:image:type\" content=\"image\/jpeg\" \/>\n<meta name=\"author\" content=\"admin\" \/>\n<meta name=\"twitter:card\" content=\"summary_large_image\" \/>\n<meta name=\"twitter:label1\" content=\"Escrito por\" \/>\n\t<meta name=\"twitter:data1\" content=\"admin\" \/>\n\t<meta name=\"twitter:label2\" content=\"Tiempo de lectura\" \/>\n\t<meta name=\"twitter:data2\" content=\"2 minutos\" \/>\n<script type=\"application\/ld+json\" class=\"yoast-schema-graph\">{\"@context\":\"https:\/\/schema.org\",\"@graph\":[{\"@type\":\"Article\",\"@id\":\"https:\/\/volcanes.net\/?p=13991#article\",\"isPartOf\":{\"@id\":\"https:\/\/volcanes.net\/?p=13991\"},\"author\":{\"name\":\"admin\",\"@id\":\"https:\/\/volcanes.net\/#\/schema\/person\/4bf0f383940966a4abd53f5048c0e6b9\"},\"headline\":\"Alcaldesa Ivette Topete coordina brigadas de limpieza por un Amecameca m\u00e1s limpio\",\"datePublished\":\"2024-10-04T01:35:29+00:00\",\"dateModified\":\"2024-10-04T01:35:55+00:00\",\"mainEntityOfPage\":{\"@id\":\"https:\/\/volcanes.net\/?p=13991\"},\"wordCount\":327,\"commentCount\":0,\"publisher\":{\"@id\":\"https:\/\/volcanes.net\/#organization\"},\"image\":{\"@id\":\"https:\/\/volcanes.net\/?p=13991#primaryimage\"},\"thumbnailUrl\":\"https:\/\/volcanes.net\/wp-content\/uploads\/2024\/10\/IMG-20241003-WA0010.jpg\",\"keywords\":[\"Amecameca\"],\"articleSection\":[\"Municipales\"],\"inLanguage\":\"es\",\"potentialAction\":[{\"@type\":\"CommentAction\",\"name\":\"Comment\",\"target\":[\"https:\/\/volcanes.net\/?p=13991#respond\"]}]},{\"@type\":\"WebPage\",\"@id\":\"https:\/\/volcanes.net\/?p=13991\",\"url\":\"https:\/\/volcanes.net\/?p=13991\",\"name\":\"Alcaldesa Ivette Topete coordina brigadas de limpieza por un Amecameca m\u00e1s limpio - Volcanes\",\"isPartOf\":{\"@id\":\"https:\/\/volcanes.net\/#website\"},\"primaryImageOfPage\":{\"@id\":\"https:\/\/volcanes.net\/?p=13991#primaryimage\"},\"image\":{\"@id\":\"https:\/\/volcanes.net\/?p=13991#primaryimage\"},\"thumbnailUrl\":\"https:\/\/volcanes.net\/wp-content\/uploads\/2024\/10\/IMG-20241003-WA0010.jpg\",\"datePublished\":\"2024-10-04T01:35:29+00:00\",\"dateModified\":\"2024-10-04T01:35:55+00:00\",\"breadcrumb\":{\"@id\":\"https:\/\/volcanes.net\/?p=13991#breadcrumb\"},\"inLanguage\":\"es\",\"potentialAction\":[{\"@type\":\"ReadAction\",\"target\":[\"https:\/\/volcanes.net\/?p=13991\"]}]},{\"@type\":\"ImageObject\",\"inLanguage\":\"es\",\"@id\":\"https:\/\/volcanes.net\/?p=13991#primaryimage\",\"url\":\"https:\/\/volcanes.net\/wp-content\/uploads\/2024\/10\/IMG-20241003-WA0010.jpg\",\"contentUrl\":\"https:\/\/volcanes.net\/wp-content\/uploads\/2024\/10\/IMG-20241003-WA0010.jpg\",\"width\":1440,\"height\":1080},{\"@type\":\"BreadcrumbList\",\"@id\":\"https:\/\/volcanes.net\/?p=13991#breadcrumb\",\"itemListElement\":[{\"@type\":\"ListItem\",\"position\":1,\"name\":\"Portada\",\"item\":\"https:\/\/volcanes.net\/\"},{\"@type\":\"ListItem\",\"position\":2,\"name\":\"Alcaldesa Ivette Topete coordina brigadas de limpieza por un Amecameca m\u00e1s limpio\"}]},{\"@type\":\"WebSite\",\"@id\":\"https:\/\/volcanes.net\/#website\",\"url\":\"https:\/\/volcanes.net\/\",\"name\":\"Volcanes.Net\",\"description\":\"Periodismo Profesional\",\"publisher\":{\"@id\":\"https:\/\/volcanes.net\/#organization\"},\"potentialAction\":[{\"@type\":\"SearchAction\",\"target\":{\"@type\":\"EntryPoint\",\"urlTemplate\":\"https:\/\/volcanes.net\/?s={search_term_string}\"},\"query-input\":{\"@type\":\"PropertyValueSpecification\",\"valueRequired\":true,\"valueName\":\"search_term_string\"}}],\"inLanguage\":\"es\"},{\"@type\":\"Organization\",\"@id\":\"https:\/\/volcanes.net\/#organization\",\"name\":\"Grupo Volcanes\",\"url\":\"https:\/\/volcanes.net\/\",\"logo\":{\"@type\":\"ImageObject\",\"inLanguage\":\"es\",\"@id\":\"https:\/\/volcanes.net\/#\/schema\/logo\/image\/\",\"url\":\"http:\/\/volcanes.net\/wp-content\/uploads\/2017\/12\/Avatar2.jpg\",\"contentUrl\":\"http:\/\/volcanes.net\/wp-content\/uploads\/2017\/12\/Avatar2.jpg\",\"width\":378,\"height\":378,\"caption\":\"Grupo Volcanes\"},\"image\":{\"@id\":\"https:\/\/volcanes.net\/#\/schema\/logo\/image\/\"},\"sameAs\":[\"https:\/\/www.facebook.com\/volcanes.net\/\"]},{\"@type\":\"Person\",\"@id\":\"https:\/\/volcanes.net\/#\/schema\/person\/4bf0f383940966a4abd53f5048c0e6b9\",\"name\":\"admin\",\"image\":{\"@type\":\"ImageObject\",\"inLanguage\":\"es\",\"@id\":\"https:\/\/volcanes.net\/#\/schema\/person\/image\/\",\"url\":\"https:\/\/secure.gravatar.com\/avatar\/ca004e6cba8462b8cb7abc86e382930c?s=96&d=mm&r=g\",\"contentUrl\":\"https:\/\/secure.gravatar.com\/avatar\/ca004e6cba8462b8cb7abc86e382930c?s=96&d=mm&r=g\",\"caption\":\"admin\"}}]}<\/script>\n<!-- \/ Yoast SEO plugin. -->","yoast_head_json":{"title":"Alcaldesa Ivette Topete coordina brigadas de limpieza por un Amecameca m\u00e1s limpio - Volcanes","robots":{"index":"index","follow":"follow","max-snippet":"max-snippet:-1","max-image-preview":"max-image-preview:large","max-video-preview":"max-video-preview:-1"},"canonical":"https:\/\/volcanes.net\/?p=13991","og_locale":"es_MX","og_type":"article","og_title":"Alcaldesa Ivette Topete coordina brigadas de limpieza por un Amecameca m\u00e1s limpio - Volcanes","og_description":"\u201cMi compromiso es con el bienestar de todos los habitantes\u201d, se\u00f1al\u00f3. Amecameca, M\u00e9x. \u2014 En","og_url":"https:\/\/volcanes.net\/?p=13991","og_site_name":"Volcanes","article_publisher":"https:\/\/www.facebook.com\/volcanes.net\/","article_published_time":"2024-10-04T01:35:29+00:00","article_modified_time":"2024-10-04T01:35:55+00:00","og_image":[{"width":1440,"height":1080,"url":"https:\/\/volcanes.net\/wp-content\/uploads\/2024\/10\/IMG-20241003-WA0010.jpg","type":"image\/jpeg"}],"author":"admin","twitter_card":"summary_large_image","twitter_misc":{"Escrito por":"admin","Tiempo de lectura":"2 minutos"},"schema":{"@context":"https:\/\/schema.org","@graph":[{"@type":"Article","@id":"https:\/\/volcanes.net\/?p=13991#article","isPartOf":{"@id":"https:\/\/volcanes.net\/?p=13991"},"author":{"name":"admin","@id":"https:\/\/volcanes.net\/#\/schema\/person\/4bf0f383940966a4abd53f5048c0e6b9"},"headline":"Alcaldesa Ivette Topete coordina brigadas de limpieza por un Amecameca m\u00e1s limpio","datePublished":"2024-10-04T01:35:29+00:00","dateModified":"2024-10-04T01:35:55+00:00","mainEntityOfPage":{"@id":"https:\/\/volcanes.net\/?p=13991"},"wordCount":327,"commentCount":0,"publisher":{"@id":"https:\/\/volcanes.net\/#organization"},"image":{"@id":"https:\/\/volcanes.net\/?p=13991#primaryimage"},"thumbnailUrl":"https:\/\/volcanes.net\/wp-content\/uploads\/2024\/10\/IMG-20241003-WA0010.jpg","keywords":["Amecameca"],"articleSection":["Municipales"],"inLanguage":"es","potentialAction":[{"@type":"CommentAction","name":"Comment","target":["https:\/\/volcanes.net\/?p=13991#respond"]}]},{"@type":"WebPage","@id":"https:\/\/volcanes.net\/?p=13991","url":"https:\/\/volcanes.net\/?p=13991","name":"Alcaldesa Ivette Topete coordina brigadas de limpieza por un Amecameca m\u00e1s limpio - Volcanes","isPartOf":{"@id":"https:\/\/volcanes.net\/#website"},"primaryImageOfPage":{"@id":"https:\/\/volcanes.net\/?p=13991#primaryimage"},"image":{"@id":"https:\/\/volcanes.net\/?p=13991#primaryimage"},"thumbnailUrl":"https:\/\/volcanes.net\/wp-content\/uploads\/2024\/10\/IMG-20241003-WA0010.jpg","datePublished":"2024-10-04T01:35:29+00:00","dateModified":"2024-10-04T01:35:55+00:00","breadcrumb":{"@id":"https:\/\/volcanes.net\/?p=13991#breadcrumb"},"inLanguage":"es","potentialAction":[{"@type":"ReadAction","target":["https:\/\/volcanes.net\/?p=13991"]}]},{"@type":"ImageObject","inLanguage":"es","@id":"https:\/\/volcanes.net\/?p=13991#primaryimage","url":"https:\/\/volcanes.net\/wp-content\/uploads\/2024\/10\/IMG-20241003-WA0010.jpg","contentUrl":"https:\/\/volcanes.net\/wp-content\/uploads\/2024\/10\/IMG-20241003-WA0010.jpg","width":1440,"height":1080},{"@type":"BreadcrumbList","@id":"https:\/\/volcanes.net\/?p=13991#breadcrumb","itemListElement":[{"@type":"ListItem","position":1,"name":"Portada","item":"https:\/\/volcanes.net\/"},{"@type":"ListItem","position":2,"name":"Alcaldesa Ivette Topete coordina brigadas de limpieza por un Amecameca m\u00e1s limpio"}]},{"@type":"WebSite","@id":"https:\/\/volcanes.net\/#website","url":"https:\/\/volcanes.net\/","name":"Volcanes.Net","description":"Periodismo Profesional","publisher":{"@id":"https:\/\/volcanes.net\/#organization"},"potentialAction":[{"@type":"SearchAction","target":{"@type":"EntryPoint","urlTemplate":"https:\/\/volcanes.net\/?s={search_term_string}"},"query-input":{"@type":"PropertyValueSpecification","valueRequired":true,"valueName":"search_term_string"}}],"inLanguage":"es"},{"@type":"Organization","@id":"https:\/\/volcanes.net\/#organization","name":"Grupo Volcanes","url":"https:\/\/volcanes.net\/","logo":{"@type":"ImageObject","inLanguage":"es","@id":"https:\/\/volcanes.net\/#\/schema\/logo\/image\/","url":"http:\/\/volcanes.net\/wp-content\/uploads\/2017\/12\/Avatar2.jpg","contentUrl":"http:\/\/volcanes.net\/wp-content\/uploads\/2017\/12\/Avatar2.jpg","width":378,"height":378,"caption":"Grupo Volcanes"},"image":{"@id":"https:\/\/volcanes.net\/#\/schema\/logo\/image\/"},"sameAs":["https:\/\/www.facebook.com\/volcanes.net\/"]},{"@type":"Person","@id":"https:\/\/volcanes.net\/#\/schema\/person\/4bf0f383940966a4abd53f5048c0e6b9","name":"admin","image":{"@type":"ImageObject","inLanguage":"es","@id":"https:\/\/volcanes.net\/#\/schema\/person\/image\/","url":"https:\/\/secure.gravatar.com\/avatar\/ca004e6cba8462b8cb7abc86e382930c?s=96&d=mm&r=g","contentUrl":"https:\/\/secure.gravatar.com\/avatar\/ca004e6cba8462b8cb7abc86e382930c?s=96&d=mm&r=g","caption":"admin"}}]}},"_links":{"self":[{"href":"https:\/\/volcanes.net\/index.php?rest_route=\/wp\/v2\/posts\/13991"}],"collection":[{"href":"https:\/\/volcanes.net\/index.php?rest_route=\/wp\/v2\/posts"}],"about":[{"href":"https:\/\/volcanes.net\/index.php?rest_route=\/wp\/v2\/types\/post"}],"author":[{"embeddable":true,"href":"https:\/\/volcanes.net\/index.php?rest_route=\/wp\/v2\/users\/1"}],"replies":[{"embeddable":true,"href":"https:\/\/volcanes.net\/index.php?rest_route=%2Fwp%2Fv2%2Fcomments&post=13991"}],"version-history":[{"count":1,"href":"https:\/\/volcanes.net\/index.php?rest_route=\/wp\/v2\/posts\/13991\/revisions"}],"predecessor-version":[{"id":13992,"href":"https:\/\/volcanes.net\/index.php?rest_route=\/wp\/v2\/posts\/13991\/revisions\/13992"}],"wp:featuredmedia":[{"embeddable":true,"href":"https:\/\/volcanes.net\/index.php?rest_route=\/wp\/v2\/media\/13990"}],"wp:attachment":[{"href":"https:\/\/volcanes.net\/index.php?rest_route=%2Fwp%2Fv2%2Fmedia&parent=13991"}],"wp:term":[{"taxonomy":"category","embeddable":true,"href":"https:\/\/volcanes.net\/index.php?rest_route=%2Fwp%2Fv2%2Fcategories&post=13991"},{"taxonomy":"post_tag","embeddable":true,"href":"https:\/\/volcanes.net\/index.php?rest_route=%2Fwp%2Fv2%2Ftags&post=13991"}],"curies":[{"name":"wp","href":"https:\/\/api.w.org\/{rel}","templated":true}]}}