{"id":13994,"date":"2024-10-05T10:04:18","date_gmt":"2024-10-05T16:04:18","guid":{"rendered":"https:\/\/volcanes.net\/?p=13994"},"modified":"2024-11-07T23:55:34","modified_gmt":"2024-11-08T05:55:34","slug":"roberto-avila-gran-impulsor-de-la-historia-en-la-zona-fria-de-los-volcanes","status":"publish","type":"post","link":"https:\/\/volcanes.net\/?p=13994","title":{"rendered":"Roberto Avila gran Impulsor de la Historia en la Zona Fr\u00eda de los Volcanes"},"content":{"rendered":"<div style=\"margin-top: 0px; margin-bottom: 0px;\" class=\"sharethis-inline-share-buttons\" ><\/div>\n<p><\/p>\n\n\n\n<p>Tenango del Aire, Edomex.- El presidente municipal de Tenango del Aire, Roberto \u00c1vila, reafirm\u00f3 su compromiso con la preservaci\u00f3n de la historia y las ra\u00edces de los pueblos de la Zona Fr\u00eda de los Volcanes, durante la presentaci\u00f3n de su m\u00e1s reciente obra en la Universidad Aut\u00f3noma del Estado de M\u00e9xico (UAEM) en Amecameca. El libro, titulado &#8220;El Se\u00f1or de Tepopula: La historia de un pueblo originario&#8221;, busca rescatar la memoria hist\u00f3rica de la regi\u00f3n.<\/p>\n\n\n\n<p>En su intervenci\u00f3n, \u00c1vila expres\u00f3 su agradecimiento a los asistentes, destacando que &#8220;tener inter\u00e9s por la historia es un acto de nobleza en estos tiempos en que muchos temas de inter\u00e9s social se encuentran en el olvido&#8221;. Adem\u00e1s, subray\u00f3 su labor en la creaci\u00f3n de tres libros que exploran las tradiciones y ra\u00edces de los pueblos de la zona.<\/p>\n\n\n\n<p>El presidente municipal comparti\u00f3 con los j\u00f3venes universitarios su experiencia personal, recordando sus a\u00f1os de estudio con el prop\u00f3sito de crecer como persona. &#8220;S\u00e9 que ustedes se encuentran en ese camino y en el futuro sembrar\u00e1n la semilla del cambio para sus comunidades&#8221;, afirm\u00f3.<\/p>\n\n\n\n<p>El evento concluy\u00f3 con un mensaje de esperanza y compromiso, en el que \u00c1vila reiter\u00f3 su amor por los pueblos de la regi\u00f3n y su deseo de seguir colaborando en la difusi\u00f3n de su historia.<\/p>\n\n\n\n<p>&#8220;Amor por nuestros pueblos&#8221; fue el lema que Roberto \u00c1vila dej\u00f3 resonando entre los presentes, en un acto que refuerza el valor de la historia como base para el crecimiento de las comunidades.<\/p>\n","protected":false},"excerpt":{"rendered":"<p>Tenango del Aire, Edomex.- El presidente municipal de Tenango del Aire, Roberto \u00c1vila, reafirm\u00f3 su<\/p>\n","protected":false},"author":1,"featured_media":13993,"comment_status":"open","ping_status":"open","sticky":false,"template":"","format":"standard","meta":{"footnotes":""},"categories":[3],"tags":[17],"class_list":["post-13994","post","type-post","status-publish","format-standard","has-post-thumbnail","hentry","category-estatales","tag-tenango-del-aire"],"yoast_head":"<!-- This site is optimized with the Yoast SEO plugin v25.3 - https:\/\/yoast.com\/wordpress\/plugins\/seo\/ -->\n<title>Roberto Avila gran Impulsor de la Historia en la Zona Fr\u00eda de los Volcanes - Volcanes<\/title>\n<meta name=\"robots\" content=\"index, follow, max-snippet:-1, max-image-preview:large, max-video-preview:-1\" \/>\n<link rel=\"canonical\" href=\"https:\/\/volcanes.net\/?p=13994\" \/>\n<meta property=\"og:locale\" content=\"es_MX\" \/>\n<meta property=\"og:type\" content=\"article\" \/>\n<meta property=\"og:title\" content=\"Roberto Avila gran Impulsor de la Historia en la Zona Fr\u00eda de los Volcanes - Volcanes\" \/>\n<meta property=\"og:description\" content=\"Tenango del Aire, Edomex.- El presidente municipal de Tenango del Aire, Roberto \u00c1vila, reafirm\u00f3 su\" \/>\n<meta property=\"og:url\" content=\"https:\/\/volcanes.net\/?p=13994\" \/>\n<meta property=\"og:site_name\" content=\"Volcanes\" \/>\n<meta property=\"article:publisher\" content=\"https:\/\/www.facebook.com\/volcanes.net\/\" \/>\n<meta property=\"article:published_time\" content=\"2024-10-05T16:04:18+00:00\" \/>\n<meta property=\"article:modified_time\" content=\"2024-11-08T05:55:34+00:00\" \/>\n<meta property=\"og:image\" content=\"https:\/\/volcanes.net\/wp-content\/uploads\/2024\/10\/FB_IMG_1728144078290.jpg\" \/>\n\t<meta property=\"og:image:width\" content=\"1080\" \/>\n\t<meta property=\"og:image:height\" content=\"720\" \/>\n\t<meta property=\"og:image:type\" content=\"image\/jpeg\" \/>\n<meta name=\"author\" content=\"admin\" \/>\n<meta name=\"twitter:card\" content=\"summary_large_image\" \/>\n<meta name=\"twitter:label1\" content=\"Escrito por\" \/>\n\t<meta name=\"twitter:data1\" content=\"admin\" \/>\n\t<meta name=\"twitter:label2\" content=\"Tiempo de lectura\" \/>\n\t<meta name=\"twitter:data2\" content=\"1 minuto\" \/>\n<script type=\"application\/ld+json\" class=\"yoast-schema-graph\">{\"@context\":\"https:\/\/schema.org\",\"@graph\":[{\"@type\":\"Article\",\"@id\":\"https:\/\/volcanes.net\/?p=13994#article\",\"isPartOf\":{\"@id\":\"https:\/\/volcanes.net\/?p=13994\"},\"author\":{\"name\":\"admin\",\"@id\":\"https:\/\/volcanes.net\/#\/schema\/person\/4bf0f383940966a4abd53f5048c0e6b9\"},\"headline\":\"Roberto Avila gran Impulsor de la Historia en la Zona Fr\u00eda de los Volcanes\",\"datePublished\":\"2024-10-05T16:04:18+00:00\",\"dateModified\":\"2024-11-08T05:55:34+00:00\",\"mainEntityOfPage\":{\"@id\":\"https:\/\/volcanes.net\/?p=13994\"},\"wordCount\":284,\"commentCount\":0,\"publisher\":{\"@id\":\"https:\/\/volcanes.net\/#organization\"},\"image\":{\"@id\":\"https:\/\/volcanes.net\/?p=13994#primaryimage\"},\"thumbnailUrl\":\"https:\/\/volcanes.net\/wp-content\/uploads\/2024\/10\/FB_IMG_1728144078290.jpg\",\"keywords\":[\"Tenango del Aire\"],\"articleSection\":[\"Estatales\"],\"inLanguage\":\"es\",\"potentialAction\":[{\"@type\":\"CommentAction\",\"name\":\"Comment\",\"target\":[\"https:\/\/volcanes.net\/?p=13994#respond\"]}]},{\"@type\":\"WebPage\",\"@id\":\"https:\/\/volcanes.net\/?p=13994\",\"url\":\"https:\/\/volcanes.net\/?p=13994\",\"name\":\"Roberto Avila gran Impulsor de la Historia en la Zona Fr\u00eda de los Volcanes - Volcanes\",\"isPartOf\":{\"@id\":\"https:\/\/volcanes.net\/#website\"},\"primaryImageOfPage\":{\"@id\":\"https:\/\/volcanes.net\/?p=13994#primaryimage\"},\"image\":{\"@id\":\"https:\/\/volcanes.net\/?p=13994#primaryimage\"},\"thumbnailUrl\":\"https:\/\/volcanes.net\/wp-content\/uploads\/2024\/10\/FB_IMG_1728144078290.jpg\",\"datePublished\":\"2024-10-05T16:04:18+00:00\",\"dateModified\":\"2024-11-08T05:55:34+00:00\",\"breadcrumb\":{\"@id\":\"https:\/\/volcanes.net\/?p=13994#breadcrumb\"},\"inLanguage\":\"es\",\"potentialAction\":[{\"@type\":\"ReadAction\",\"target\":[\"https:\/\/volcanes.net\/?p=13994\"]}]},{\"@type\":\"ImageObject\",\"inLanguage\":\"es\",\"@id\":\"https:\/\/volcanes.net\/?p=13994#primaryimage\",\"url\":\"https:\/\/volcanes.net\/wp-content\/uploads\/2024\/10\/FB_IMG_1728144078290.jpg\",\"contentUrl\":\"https:\/\/volcanes.net\/wp-content\/uploads\/2024\/10\/FB_IMG_1728144078290.jpg\",\"width\":1080,\"height\":720},{\"@type\":\"BreadcrumbList\",\"@id\":\"https:\/\/volcanes.net\/?p=13994#breadcrumb\",\"itemListElement\":[{\"@type\":\"ListItem\",\"position\":1,\"name\":\"Portada\",\"item\":\"https:\/\/volcanes.net\/\"},{\"@type\":\"ListItem\",\"position\":2,\"name\":\"Roberto Avila gran Impulsor de la Historia en la Zona Fr\u00eda de los Volcanes\"}]},{\"@type\":\"WebSite\",\"@id\":\"https:\/\/volcanes.net\/#website\",\"url\":\"https:\/\/volcanes.net\/\",\"name\":\"Volcanes.Net\",\"description\":\"Periodismo Profesional\",\"publisher\":{\"@id\":\"https:\/\/volcanes.net\/#organization\"},\"potentialAction\":[{\"@type\":\"SearchAction\",\"target\":{\"@type\":\"EntryPoint\",\"urlTemplate\":\"https:\/\/volcanes.net\/?s={search_term_string}\"},\"query-input\":{\"@type\":\"PropertyValueSpecification\",\"valueRequired\":true,\"valueName\":\"search_term_string\"}}],\"inLanguage\":\"es\"},{\"@type\":\"Organization\",\"@id\":\"https:\/\/volcanes.net\/#organization\",\"name\":\"Grupo Volcanes\",\"url\":\"https:\/\/volcanes.net\/\",\"logo\":{\"@type\":\"ImageObject\",\"inLanguage\":\"es\",\"@id\":\"https:\/\/volcanes.net\/#\/schema\/logo\/image\/\",\"url\":\"http:\/\/volcanes.net\/wp-content\/uploads\/2017\/12\/Avatar2.jpg\",\"contentUrl\":\"http:\/\/volcanes.net\/wp-content\/uploads\/2017\/12\/Avatar2.jpg\",\"width\":378,\"height\":378,\"caption\":\"Grupo Volcanes\"},\"image\":{\"@id\":\"https:\/\/volcanes.net\/#\/schema\/logo\/image\/\"},\"sameAs\":[\"https:\/\/www.facebook.com\/volcanes.net\/\"]},{\"@type\":\"Person\",\"@id\":\"https:\/\/volcanes.net\/#\/schema\/person\/4bf0f383940966a4abd53f5048c0e6b9\",\"name\":\"admin\",\"image\":{\"@type\":\"ImageObject\",\"inLanguage\":\"es\",\"@id\":\"https:\/\/volcanes.net\/#\/schema\/person\/image\/\",\"url\":\"https:\/\/secure.gravatar.com\/avatar\/ca004e6cba8462b8cb7abc86e382930c?s=96&d=mm&r=g\",\"contentUrl\":\"https:\/\/secure.gravatar.com\/avatar\/ca004e6cba8462b8cb7abc86e382930c?s=96&d=mm&r=g\",\"caption\":\"admin\"}}]}<\/script>\n<!-- \/ Yoast SEO plugin. -->","yoast_head_json":{"title":"Roberto Avila gran Impulsor de la Historia en la Zona Fr\u00eda de los Volcanes - Volcanes","robots":{"index":"index","follow":"follow","max-snippet":"max-snippet:-1","max-image-preview":"max-image-preview:large","max-video-preview":"max-video-preview:-1"},"canonical":"https:\/\/volcanes.net\/?p=13994","og_locale":"es_MX","og_type":"article","og_title":"Roberto Avila gran Impulsor de la Historia en la Zona Fr\u00eda de los Volcanes - Volcanes","og_description":"Tenango del Aire, Edomex.- El presidente municipal de Tenango del Aire, Roberto \u00c1vila, reafirm\u00f3 su","og_url":"https:\/\/volcanes.net\/?p=13994","og_site_name":"Volcanes","article_publisher":"https:\/\/www.facebook.com\/volcanes.net\/","article_published_time":"2024-10-05T16:04:18+00:00","article_modified_time":"2024-11-08T05:55:34+00:00","og_image":[{"width":1080,"height":720,"url":"https:\/\/volcanes.net\/wp-content\/uploads\/2024\/10\/FB_IMG_1728144078290.jpg","type":"image\/jpeg"}],"author":"admin","twitter_card":"summary_large_image","twitter_misc":{"Escrito por":"admin","Tiempo de lectura":"1 minuto"},"schema":{"@context":"https:\/\/schema.org","@graph":[{"@type":"Article","@id":"https:\/\/volcanes.net\/?p=13994#article","isPartOf":{"@id":"https:\/\/volcanes.net\/?p=13994"},"author":{"name":"admin","@id":"https:\/\/volcanes.net\/#\/schema\/person\/4bf0f383940966a4abd53f5048c0e6b9"},"headline":"Roberto Avila gran Impulsor de la Historia en la Zona Fr\u00eda de los Volcanes","datePublished":"2024-10-05T16:04:18+00:00","dateModified":"2024-11-08T05:55:34+00:00","mainEntityOfPage":{"@id":"https:\/\/volcanes.net\/?p=13994"},"wordCount":284,"commentCount":0,"publisher":{"@id":"https:\/\/volcanes.net\/#organization"},"image":{"@id":"https:\/\/volcanes.net\/?p=13994#primaryimage"},"thumbnailUrl":"https:\/\/volcanes.net\/wp-content\/uploads\/2024\/10\/FB_IMG_1728144078290.jpg","keywords":["Tenango del Aire"],"articleSection":["Estatales"],"inLanguage":"es","potentialAction":[{"@type":"CommentAction","name":"Comment","target":["https:\/\/volcanes.net\/?p=13994#respond"]}]},{"@type":"WebPage","@id":"https:\/\/volcanes.net\/?p=13994","url":"https:\/\/volcanes.net\/?p=13994","name":"Roberto Avila gran Impulsor de la Historia en la Zona Fr\u00eda de los Volcanes - Volcanes","isPartOf":{"@id":"https:\/\/volcanes.net\/#website"},"primaryImageOfPage":{"@id":"https:\/\/volcanes.net\/?p=13994#primaryimage"},"image":{"@id":"https:\/\/volcanes.net\/?p=13994#primaryimage"},"thumbnailUrl":"https:\/\/volcanes.net\/wp-content\/uploads\/2024\/10\/FB_IMG_1728144078290.jpg","datePublished":"2024-10-05T16:04:18+00:00","dateModified":"2024-11-08T05:55:34+00:00","breadcrumb":{"@id":"https:\/\/volcanes.net\/?p=13994#breadcrumb"},"inLanguage":"es","potentialAction":[{"@type":"ReadAction","target":["https:\/\/volcanes.net\/?p=13994"]}]},{"@type":"ImageObject","inLanguage":"es","@id":"https:\/\/volcanes.net\/?p=13994#primaryimage","url":"https:\/\/volcanes.net\/wp-content\/uploads\/2024\/10\/FB_IMG_1728144078290.jpg","contentUrl":"https:\/\/volcanes.net\/wp-content\/uploads\/2024\/10\/FB_IMG_1728144078290.jpg","width":1080,"height":720},{"@type":"BreadcrumbList","@id":"https:\/\/volcanes.net\/?p=13994#breadcrumb","itemListElement":[{"@type":"ListItem","position":1,"name":"Portada","item":"https:\/\/volcanes.net\/"},{"@type":"ListItem","position":2,"name":"Roberto Avila gran Impulsor de la Historia en la Zona Fr\u00eda de los Volcanes"}]},{"@type":"WebSite","@id":"https:\/\/volcanes.net\/#website","url":"https:\/\/volcanes.net\/","name":"Volcanes.Net","description":"Periodismo Profesional","publisher":{"@id":"https:\/\/volcanes.net\/#organization"},"potentialAction":[{"@type":"SearchAction","target":{"@type":"EntryPoint","urlTemplate":"https:\/\/volcanes.net\/?s={search_term_string}"},"query-input":{"@type":"PropertyValueSpecification","valueRequired":true,"valueName":"search_term_string"}}],"inLanguage":"es"},{"@type":"Organization","@id":"https:\/\/volcanes.net\/#organization","name":"Grupo Volcanes","url":"https:\/\/volcanes.net\/","logo":{"@type":"ImageObject","inLanguage":"es","@id":"https:\/\/volcanes.net\/#\/schema\/logo\/image\/","url":"http:\/\/volcanes.net\/wp-content\/uploads\/2017\/12\/Avatar2.jpg","contentUrl":"http:\/\/volcanes.net\/wp-content\/uploads\/2017\/12\/Avatar2.jpg","width":378,"height":378,"caption":"Grupo Volcanes"},"image":{"@id":"https:\/\/volcanes.net\/#\/schema\/logo\/image\/"},"sameAs":["https:\/\/www.facebook.com\/volcanes.net\/"]},{"@type":"Person","@id":"https:\/\/volcanes.net\/#\/schema\/person\/4bf0f383940966a4abd53f5048c0e6b9","name":"admin","image":{"@type":"ImageObject","inLanguage":"es","@id":"https:\/\/volcanes.net\/#\/schema\/person\/image\/","url":"https:\/\/secure.gravatar.com\/avatar\/ca004e6cba8462b8cb7abc86e382930c?s=96&d=mm&r=g","contentUrl":"https:\/\/secure.gravatar.com\/avatar\/ca004e6cba8462b8cb7abc86e382930c?s=96&d=mm&r=g","caption":"admin"}}]}},"_links":{"self":[{"href":"https:\/\/volcanes.net\/index.php?rest_route=\/wp\/v2\/posts\/13994"}],"collection":[{"href":"https:\/\/volcanes.net\/index.php?rest_route=\/wp\/v2\/posts"}],"about":[{"href":"https:\/\/volcanes.net\/index.php?rest_route=\/wp\/v2\/types\/post"}],"author":[{"embeddable":true,"href":"https:\/\/volcanes.net\/index.php?rest_route=\/wp\/v2\/users\/1"}],"replies":[{"embeddable":true,"href":"https:\/\/volcanes.net\/index.php?rest_route=%2Fwp%2Fv2%2Fcomments&post=13994"}],"version-history":[{"count":1,"href":"https:\/\/volcanes.net\/index.php?rest_route=\/wp\/v2\/posts\/13994\/revisions"}],"predecessor-version":[{"id":13995,"href":"https:\/\/volcanes.net\/index.php?rest_route=\/wp\/v2\/posts\/13994\/revisions\/13995"}],"wp:featuredmedia":[{"embeddable":true,"href":"https:\/\/volcanes.net\/index.php?rest_route=\/wp\/v2\/media\/13993"}],"wp:attachment":[{"href":"https:\/\/volcanes.net\/index.php?rest_route=%2Fwp%2Fv2%2Fmedia&parent=13994"}],"wp:term":[{"taxonomy":"category","embeddable":true,"href":"https:\/\/volcanes.net\/index.php?rest_route=%2Fwp%2Fv2%2Fcategories&post=13994"},{"taxonomy":"post_tag","embeddable":true,"href":"https:\/\/volcanes.net\/index.php?rest_route=%2Fwp%2Fv2%2Ftags&post=13994"}],"curies":[{"name":"wp","href":"https:\/\/api.w.org\/{rel}","templated":true}]}}