{"id":14041,"date":"2024-11-23T21:11:30","date_gmt":"2024-11-24T03:11:30","guid":{"rendered":"https:\/\/volcanes.net\/?p=14041"},"modified":"2024-11-23T21:12:53","modified_gmt":"2024-11-24T03:12:53","slug":"beatriz-soto-garcia-toma-protesta-como-secretaria-general-de-la-croc-seccion-volcanes","status":"publish","type":"post","link":"https:\/\/volcanes.net\/?p=14041","title":{"rendered":"Beatriz Soto Garc\u00eda toma protesta como secretaria general de la CROC secci\u00f3n Volcanes"},"content":{"rendered":"<div style=\"margin-top: 0px; margin-bottom: 0px;\" class=\"sharethis-inline-share-buttons\" ><\/div>\n<p><\/p>\n\n\n\n<p>Beatriz Soto Garc\u00eda asumi\u00f3 el cargo como secretaria general de la Confederaci\u00f3n Revolucionaria de Obreros y Campesinos (CROC) secci\u00f3n Volcanes, destacando su compromiso de unidad y trabajo conjunto con empleadores y trabajadores.<\/p>\n\n\n\n<p>&#8220;Tenemos que reafirmar el compromiso con nuestra organizaci\u00f3n, pero sobre todo con cada uno de los trabajadores, y decirles a los empleadores de todas las empresas de la Rep\u00fablica Mexicana que nosotros los sindicatos no somos sus enemigos, sino todo lo contrario&#8221;, se\u00f1al\u00f3 Soto Garc\u00eda durante su intervenci\u00f3n en la toma de protesta.<\/p>\n\n\n\n<p>La nueva l\u00edder sindical subray\u00f3 la importancia de fortalecer la colaboraci\u00f3n entre sindicatos y empresarios, destacando que el bienestar de los empleados debe ser el objetivo com\u00fan. Asimismo, llam\u00f3 la atenci\u00f3n sobre la necesidad de un crecimiento industrial en la regi\u00f3n de los volcanes, pues gran parte de la mano de obra local se desplaza a la Ciudad de M\u00e9xico.<\/p>\n\n\n\n<p>&#8220;Est\u00e1 censado que m\u00e1s del 30% de los trabajadores que salen a las empresas de la Ciudad de M\u00e9xico son de esta zona. La regi\u00f3n ya requiere, no es que se quiera, requiere una zona industrial&#8221;, indic\u00f3 Soto Garc\u00eda, a\u00f1adiendo que ya se han dado pasos importantes para promover esta iniciativa en coordinaci\u00f3n con las autoridades y los empleadores.<\/p>\n\n\n\n<p>La secretaria general resalt\u00f3 el fortalecimiento de la organizaci\u00f3n sindical CITESIC, que, seg\u00fan sus palabras, ha trabajado de manera constante para consolidarse y permanecer. Finalmente, expres\u00f3 su convicci\u00f3n en la capacidad de las mujeres para enfrentar los retos del liderazgo: &#8220;No es f\u00e1cil, la tarea no es f\u00e1cil; sin embargo, las mujeres somos bien chingonas y no nos vamos para atr\u00e1s&#8221;.<\/p>\n\n\n\n<p>Con esta nueva etapa, Soto Garc\u00eda busca impulsar un desarrollo laboral y econ\u00f3mico sostenible en la zona volcanes, reafirmando la importancia de la unidad sindical y empresarial.<\/p>\n","protected":false},"excerpt":{"rendered":"<p>Beatriz Soto Garc\u00eda asumi\u00f3 el cargo como secretaria general de la Confederaci\u00f3n Revolucionaria de Obreros<\/p>\n","protected":false},"author":1,"featured_media":14040,"comment_status":"open","ping_status":"open","sticky":false,"template":"","format":"standard","meta":{"footnotes":""},"categories":[1],"tags":[320],"class_list":["post-14041","post","type-post","status-publish","format-standard","has-post-thumbnail","hentry","category-municipales","tag-croc"],"yoast_head":"<!-- This site is optimized with the Yoast SEO plugin v25.3 - https:\/\/yoast.com\/wordpress\/plugins\/seo\/ -->\n<title>Beatriz Soto Garc\u00eda toma protesta como secretaria general de la CROC secci\u00f3n Volcanes - Volcanes<\/title>\n<meta name=\"robots\" content=\"index, follow, max-snippet:-1, max-image-preview:large, max-video-preview:-1\" \/>\n<link rel=\"canonical\" href=\"https:\/\/volcanes.net\/?p=14041\" \/>\n<meta property=\"og:locale\" content=\"es_MX\" \/>\n<meta property=\"og:type\" content=\"article\" \/>\n<meta property=\"og:title\" content=\"Beatriz Soto Garc\u00eda toma protesta como secretaria general de la CROC secci\u00f3n Volcanes - Volcanes\" \/>\n<meta property=\"og:description\" content=\"Beatriz Soto Garc\u00eda asumi\u00f3 el cargo como secretaria general de la Confederaci\u00f3n Revolucionaria de Obreros\" \/>\n<meta property=\"og:url\" content=\"https:\/\/volcanes.net\/?p=14041\" \/>\n<meta property=\"og:site_name\" content=\"Volcanes\" \/>\n<meta property=\"article:publisher\" content=\"https:\/\/www.facebook.com\/volcanes.net\/\" \/>\n<meta property=\"article:published_time\" content=\"2024-11-24T03:11:30+00:00\" \/>\n<meta property=\"article:modified_time\" content=\"2024-11-24T03:12:53+00:00\" \/>\n<meta property=\"og:image\" content=\"https:\/\/volcanes.net\/wp-content\/uploads\/2024\/11\/IMG_20241123_141038-scaled.jpg\" \/>\n\t<meta property=\"og:image:width\" content=\"2560\" \/>\n\t<meta property=\"og:image:height\" content=\"1922\" \/>\n\t<meta property=\"og:image:type\" content=\"image\/jpeg\" \/>\n<meta name=\"author\" content=\"admin\" \/>\n<meta name=\"twitter:card\" content=\"summary_large_image\" \/>\n<meta name=\"twitter:label1\" content=\"Escrito por\" \/>\n\t<meta name=\"twitter:data1\" content=\"admin\" \/>\n\t<meta name=\"twitter:label2\" content=\"Tiempo de lectura\" \/>\n\t<meta name=\"twitter:data2\" content=\"2 minutos\" \/>\n<script type=\"application\/ld+json\" class=\"yoast-schema-graph\">{\"@context\":\"https:\/\/schema.org\",\"@graph\":[{\"@type\":\"Article\",\"@id\":\"https:\/\/volcanes.net\/?p=14041#article\",\"isPartOf\":{\"@id\":\"https:\/\/volcanes.net\/?p=14041\"},\"author\":{\"name\":\"admin\",\"@id\":\"https:\/\/volcanes.net\/#\/schema\/person\/4bf0f383940966a4abd53f5048c0e6b9\"},\"headline\":\"Beatriz Soto Garc\u00eda toma protesta como secretaria general de la CROC secci\u00f3n Volcanes\",\"datePublished\":\"2024-11-24T03:11:30+00:00\",\"dateModified\":\"2024-11-24T03:12:53+00:00\",\"mainEntityOfPage\":{\"@id\":\"https:\/\/volcanes.net\/?p=14041\"},\"wordCount\":334,\"commentCount\":0,\"publisher\":{\"@id\":\"https:\/\/volcanes.net\/#organization\"},\"image\":{\"@id\":\"https:\/\/volcanes.net\/?p=14041#primaryimage\"},\"thumbnailUrl\":\"https:\/\/volcanes.net\/wp-content\/uploads\/2024\/11\/IMG_20241123_141038-scaled.jpg\",\"keywords\":[\"CROC\"],\"articleSection\":[\"Municipales\"],\"inLanguage\":\"es\",\"potentialAction\":[{\"@type\":\"CommentAction\",\"name\":\"Comment\",\"target\":[\"https:\/\/volcanes.net\/?p=14041#respond\"]}]},{\"@type\":\"WebPage\",\"@id\":\"https:\/\/volcanes.net\/?p=14041\",\"url\":\"https:\/\/volcanes.net\/?p=14041\",\"name\":\"Beatriz Soto Garc\u00eda toma protesta como secretaria general de la CROC secci\u00f3n Volcanes - Volcanes\",\"isPartOf\":{\"@id\":\"https:\/\/volcanes.net\/#website\"},\"primaryImageOfPage\":{\"@id\":\"https:\/\/volcanes.net\/?p=14041#primaryimage\"},\"image\":{\"@id\":\"https:\/\/volcanes.net\/?p=14041#primaryimage\"},\"thumbnailUrl\":\"https:\/\/volcanes.net\/wp-content\/uploads\/2024\/11\/IMG_20241123_141038-scaled.jpg\",\"datePublished\":\"2024-11-24T03:11:30+00:00\",\"dateModified\":\"2024-11-24T03:12:53+00:00\",\"breadcrumb\":{\"@id\":\"https:\/\/volcanes.net\/?p=14041#breadcrumb\"},\"inLanguage\":\"es\",\"potentialAction\":[{\"@type\":\"ReadAction\",\"target\":[\"https:\/\/volcanes.net\/?p=14041\"]}]},{\"@type\":\"ImageObject\",\"inLanguage\":\"es\",\"@id\":\"https:\/\/volcanes.net\/?p=14041#primaryimage\",\"url\":\"https:\/\/volcanes.net\/wp-content\/uploads\/2024\/11\/IMG_20241123_141038-scaled.jpg\",\"contentUrl\":\"https:\/\/volcanes.net\/wp-content\/uploads\/2024\/11\/IMG_20241123_141038-scaled.jpg\",\"width\":2560,\"height\":1922},{\"@type\":\"BreadcrumbList\",\"@id\":\"https:\/\/volcanes.net\/?p=14041#breadcrumb\",\"itemListElement\":[{\"@type\":\"ListItem\",\"position\":1,\"name\":\"Portada\",\"item\":\"https:\/\/volcanes.net\/\"},{\"@type\":\"ListItem\",\"position\":2,\"name\":\"Beatriz Soto Garc\u00eda toma protesta como secretaria general de la CROC secci\u00f3n Volcanes\"}]},{\"@type\":\"WebSite\",\"@id\":\"https:\/\/volcanes.net\/#website\",\"url\":\"https:\/\/volcanes.net\/\",\"name\":\"Volcanes.Net\",\"description\":\"Periodismo Profesional\",\"publisher\":{\"@id\":\"https:\/\/volcanes.net\/#organization\"},\"potentialAction\":[{\"@type\":\"SearchAction\",\"target\":{\"@type\":\"EntryPoint\",\"urlTemplate\":\"https:\/\/volcanes.net\/?s={search_term_string}\"},\"query-input\":{\"@type\":\"PropertyValueSpecification\",\"valueRequired\":true,\"valueName\":\"search_term_string\"}}],\"inLanguage\":\"es\"},{\"@type\":\"Organization\",\"@id\":\"https:\/\/volcanes.net\/#organization\",\"name\":\"Grupo Volcanes\",\"url\":\"https:\/\/volcanes.net\/\",\"logo\":{\"@type\":\"ImageObject\",\"inLanguage\":\"es\",\"@id\":\"https:\/\/volcanes.net\/#\/schema\/logo\/image\/\",\"url\":\"http:\/\/volcanes.net\/wp-content\/uploads\/2017\/12\/Avatar2.jpg\",\"contentUrl\":\"http:\/\/volcanes.net\/wp-content\/uploads\/2017\/12\/Avatar2.jpg\",\"width\":378,\"height\":378,\"caption\":\"Grupo Volcanes\"},\"image\":{\"@id\":\"https:\/\/volcanes.net\/#\/schema\/logo\/image\/\"},\"sameAs\":[\"https:\/\/www.facebook.com\/volcanes.net\/\"]},{\"@type\":\"Person\",\"@id\":\"https:\/\/volcanes.net\/#\/schema\/person\/4bf0f383940966a4abd53f5048c0e6b9\",\"name\":\"admin\",\"image\":{\"@type\":\"ImageObject\",\"inLanguage\":\"es\",\"@id\":\"https:\/\/volcanes.net\/#\/schema\/person\/image\/\",\"url\":\"https:\/\/secure.gravatar.com\/avatar\/ca004e6cba8462b8cb7abc86e382930c?s=96&d=mm&r=g\",\"contentUrl\":\"https:\/\/secure.gravatar.com\/avatar\/ca004e6cba8462b8cb7abc86e382930c?s=96&d=mm&r=g\",\"caption\":\"admin\"}}]}<\/script>\n<!-- \/ Yoast SEO plugin. -->","yoast_head_json":{"title":"Beatriz Soto Garc\u00eda toma protesta como secretaria general de la CROC secci\u00f3n Volcanes - Volcanes","robots":{"index":"index","follow":"follow","max-snippet":"max-snippet:-1","max-image-preview":"max-image-preview:large","max-video-preview":"max-video-preview:-1"},"canonical":"https:\/\/volcanes.net\/?p=14041","og_locale":"es_MX","og_type":"article","og_title":"Beatriz Soto Garc\u00eda toma protesta como secretaria general de la CROC secci\u00f3n Volcanes - Volcanes","og_description":"Beatriz Soto Garc\u00eda asumi\u00f3 el cargo como secretaria general de la Confederaci\u00f3n Revolucionaria de Obreros","og_url":"https:\/\/volcanes.net\/?p=14041","og_site_name":"Volcanes","article_publisher":"https:\/\/www.facebook.com\/volcanes.net\/","article_published_time":"2024-11-24T03:11:30+00:00","article_modified_time":"2024-11-24T03:12:53+00:00","og_image":[{"width":2560,"height":1922,"url":"https:\/\/volcanes.net\/wp-content\/uploads\/2024\/11\/IMG_20241123_141038-scaled.jpg","type":"image\/jpeg"}],"author":"admin","twitter_card":"summary_large_image","twitter_misc":{"Escrito por":"admin","Tiempo de lectura":"2 minutos"},"schema":{"@context":"https:\/\/schema.org","@graph":[{"@type":"Article","@id":"https:\/\/volcanes.net\/?p=14041#article","isPartOf":{"@id":"https:\/\/volcanes.net\/?p=14041"},"author":{"name":"admin","@id":"https:\/\/volcanes.net\/#\/schema\/person\/4bf0f383940966a4abd53f5048c0e6b9"},"headline":"Beatriz Soto Garc\u00eda toma protesta como secretaria general de la CROC secci\u00f3n Volcanes","datePublished":"2024-11-24T03:11:30+00:00","dateModified":"2024-11-24T03:12:53+00:00","mainEntityOfPage":{"@id":"https:\/\/volcanes.net\/?p=14041"},"wordCount":334,"commentCount":0,"publisher":{"@id":"https:\/\/volcanes.net\/#organization"},"image":{"@id":"https:\/\/volcanes.net\/?p=14041#primaryimage"},"thumbnailUrl":"https:\/\/volcanes.net\/wp-content\/uploads\/2024\/11\/IMG_20241123_141038-scaled.jpg","keywords":["CROC"],"articleSection":["Municipales"],"inLanguage":"es","potentialAction":[{"@type":"CommentAction","name":"Comment","target":["https:\/\/volcanes.net\/?p=14041#respond"]}]},{"@type":"WebPage","@id":"https:\/\/volcanes.net\/?p=14041","url":"https:\/\/volcanes.net\/?p=14041","name":"Beatriz Soto Garc\u00eda toma protesta como secretaria general de la CROC secci\u00f3n Volcanes - Volcanes","isPartOf":{"@id":"https:\/\/volcanes.net\/#website"},"primaryImageOfPage":{"@id":"https:\/\/volcanes.net\/?p=14041#primaryimage"},"image":{"@id":"https:\/\/volcanes.net\/?p=14041#primaryimage"},"thumbnailUrl":"https:\/\/volcanes.net\/wp-content\/uploads\/2024\/11\/IMG_20241123_141038-scaled.jpg","datePublished":"2024-11-24T03:11:30+00:00","dateModified":"2024-11-24T03:12:53+00:00","breadcrumb":{"@id":"https:\/\/volcanes.net\/?p=14041#breadcrumb"},"inLanguage":"es","potentialAction":[{"@type":"ReadAction","target":["https:\/\/volcanes.net\/?p=14041"]}]},{"@type":"ImageObject","inLanguage":"es","@id":"https:\/\/volcanes.net\/?p=14041#primaryimage","url":"https:\/\/volcanes.net\/wp-content\/uploads\/2024\/11\/IMG_20241123_141038-scaled.jpg","contentUrl":"https:\/\/volcanes.net\/wp-content\/uploads\/2024\/11\/IMG_20241123_141038-scaled.jpg","width":2560,"height":1922},{"@type":"BreadcrumbList","@id":"https:\/\/volcanes.net\/?p=14041#breadcrumb","itemListElement":[{"@type":"ListItem","position":1,"name":"Portada","item":"https:\/\/volcanes.net\/"},{"@type":"ListItem","position":2,"name":"Beatriz Soto Garc\u00eda toma protesta como secretaria general de la CROC secci\u00f3n Volcanes"}]},{"@type":"WebSite","@id":"https:\/\/volcanes.net\/#website","url":"https:\/\/volcanes.net\/","name":"Volcanes.Net","description":"Periodismo Profesional","publisher":{"@id":"https:\/\/volcanes.net\/#organization"},"potentialAction":[{"@type":"SearchAction","target":{"@type":"EntryPoint","urlTemplate":"https:\/\/volcanes.net\/?s={search_term_string}"},"query-input":{"@type":"PropertyValueSpecification","valueRequired":true,"valueName":"search_term_string"}}],"inLanguage":"es"},{"@type":"Organization","@id":"https:\/\/volcanes.net\/#organization","name":"Grupo Volcanes","url":"https:\/\/volcanes.net\/","logo":{"@type":"ImageObject","inLanguage":"es","@id":"https:\/\/volcanes.net\/#\/schema\/logo\/image\/","url":"http:\/\/volcanes.net\/wp-content\/uploads\/2017\/12\/Avatar2.jpg","contentUrl":"http:\/\/volcanes.net\/wp-content\/uploads\/2017\/12\/Avatar2.jpg","width":378,"height":378,"caption":"Grupo Volcanes"},"image":{"@id":"https:\/\/volcanes.net\/#\/schema\/logo\/image\/"},"sameAs":["https:\/\/www.facebook.com\/volcanes.net\/"]},{"@type":"Person","@id":"https:\/\/volcanes.net\/#\/schema\/person\/4bf0f383940966a4abd53f5048c0e6b9","name":"admin","image":{"@type":"ImageObject","inLanguage":"es","@id":"https:\/\/volcanes.net\/#\/schema\/person\/image\/","url":"https:\/\/secure.gravatar.com\/avatar\/ca004e6cba8462b8cb7abc86e382930c?s=96&d=mm&r=g","contentUrl":"https:\/\/secure.gravatar.com\/avatar\/ca004e6cba8462b8cb7abc86e382930c?s=96&d=mm&r=g","caption":"admin"}}]}},"_links":{"self":[{"href":"https:\/\/volcanes.net\/index.php?rest_route=\/wp\/v2\/posts\/14041"}],"collection":[{"href":"https:\/\/volcanes.net\/index.php?rest_route=\/wp\/v2\/posts"}],"about":[{"href":"https:\/\/volcanes.net\/index.php?rest_route=\/wp\/v2\/types\/post"}],"author":[{"embeddable":true,"href":"https:\/\/volcanes.net\/index.php?rest_route=\/wp\/v2\/users\/1"}],"replies":[{"embeddable":true,"href":"https:\/\/volcanes.net\/index.php?rest_route=%2Fwp%2Fv2%2Fcomments&post=14041"}],"version-history":[{"count":1,"href":"https:\/\/volcanes.net\/index.php?rest_route=\/wp\/v2\/posts\/14041\/revisions"}],"predecessor-version":[{"id":14042,"href":"https:\/\/volcanes.net\/index.php?rest_route=\/wp\/v2\/posts\/14041\/revisions\/14042"}],"wp:featuredmedia":[{"embeddable":true,"href":"https:\/\/volcanes.net\/index.php?rest_route=\/wp\/v2\/media\/14040"}],"wp:attachment":[{"href":"https:\/\/volcanes.net\/index.php?rest_route=%2Fwp%2Fv2%2Fmedia&parent=14041"}],"wp:term":[{"taxonomy":"category","embeddable":true,"href":"https:\/\/volcanes.net\/index.php?rest_route=%2Fwp%2Fv2%2Fcategories&post=14041"},{"taxonomy":"post_tag","embeddable":true,"href":"https:\/\/volcanes.net\/index.php?rest_route=%2Fwp%2Fv2%2Ftags&post=14041"}],"curies":[{"name":"wp","href":"https:\/\/api.w.org\/{rel}","templated":true}]}}