{"id":14050,"date":"2024-11-25T20:27:07","date_gmt":"2024-11-26T02:27:07","guid":{"rendered":"https:\/\/volcanes.net\/?p=14050"},"modified":"2024-11-25T20:27:25","modified_gmt":"2024-11-26T02:27:25","slug":"director-de-primaria-vicente-guerrero-agradece-apoyo-del-gobierno-municipal","status":"publish","type":"post","link":"https:\/\/volcanes.net\/?p=14050","title":{"rendered":"Director de primaria Vicente Guerrero agradece apoyo del gobierno municipal"},"content":{"rendered":"<div style=\"margin-top: 0px; margin-bottom: 0px;\" class=\"sharethis-inline-share-buttons\" ><\/div>\n<p><\/p>\n\n\n\n<p>San Jos\u00e9 Tlacotitl\u00e1n.- Aaron Francisco Gonz\u00e1lez D\u00edaz, director de la escuela primaria Vicente Guerrero, expres\u00f3 su agradecimiento al gobierno municipal por las obras realizadas en beneficio de la instituci\u00f3n, como la construcci\u00f3n de la barda perimetral y la rehabilitaci\u00f3n de calles aleda\u00f1as.<\/p>\n\n\n\n<p>En su mensaje, destac\u00f3 la colaboraci\u00f3n que ha existido entre la comunidad educativa y las autoridades locales: \u201cNos congratulamos de haber contado con el apoyo de quienes han estado al frente del municipio. En su momento, agradecemos al presidente municipal Valent\u00edn Mart\u00ednez Castillo y, actualmente, a Miguel \u00c1ngel Graciano. Muchas gracias por el respaldo que siempre nos han brindado, licenciado Miguel \u00c1ngel\u201d, se\u00f1al\u00f3.<\/p>\n\n\n\n<p>El director tambi\u00e9n reconoci\u00f3 el trabajo conjunto del cabildo, el secretario municipal y los diversos directores que han respaldado los proyectos propuestos. Subray\u00f3 que los esfuerzos han permitido etiquetar recursos en favor de la escuela.<\/p>\n\n\n\n<p>Como ejemplo, mencion\u00f3 la reciente construcci\u00f3n de una barda perimetral de casi medio kil\u00f3metro, que represent\u00f3 una inversi\u00f3n aproximada de 2 millones de pesos: \u201cEsta obra es una muestra visible del compromiso de nuestras autoridades. Agradezco tambi\u00e9n al diputado Valent\u00edn Mart\u00ednez, quien en su momento respald\u00f3 este proyecto\u201d, concluy\u00f3.<\/p>\n\n\n\n<p>La comunidad escolar espera seguir recibiendo el apoyo de las autoridades para continuar mejorando las condiciones de la instituci\u00f3n.<\/p>\n","protected":false},"excerpt":{"rendered":"<p>San Jos\u00e9 Tlacotitl\u00e1n.- Aaron Francisco Gonz\u00e1lez D\u00edaz, director de la escuela primaria Vicente Guerrero, expres\u00f3<\/p>\n","protected":false},"author":1,"featured_media":14049,"comment_status":"open","ping_status":"open","sticky":false,"template":"","format":"standard","meta":{"footnotes":""},"categories":[1],"tags":[14],"class_list":["post-14050","post","type-post","status-publish","format-standard","has-post-thumbnail","hentry","category-municipales","tag-ozumba"],"yoast_head":"<!-- This site is optimized with the Yoast SEO plugin v25.3 - https:\/\/yoast.com\/wordpress\/plugins\/seo\/ -->\n<title>Director de primaria Vicente Guerrero agradece apoyo del gobierno municipal - Volcanes<\/title>\n<meta name=\"robots\" content=\"index, follow, max-snippet:-1, max-image-preview:large, max-video-preview:-1\" \/>\n<link rel=\"canonical\" href=\"https:\/\/volcanes.net\/?p=14050\" \/>\n<meta property=\"og:locale\" content=\"es_MX\" \/>\n<meta property=\"og:type\" content=\"article\" \/>\n<meta property=\"og:title\" content=\"Director de primaria Vicente Guerrero agradece apoyo del gobierno municipal - Volcanes\" \/>\n<meta property=\"og:description\" content=\"San Jos\u00e9 Tlacotitl\u00e1n.- Aaron Francisco Gonz\u00e1lez D\u00edaz, director de la escuela primaria Vicente Guerrero, expres\u00f3\" \/>\n<meta property=\"og:url\" content=\"https:\/\/volcanes.net\/?p=14050\" \/>\n<meta property=\"og:site_name\" content=\"Volcanes\" \/>\n<meta property=\"article:publisher\" content=\"https:\/\/www.facebook.com\/volcanes.net\/\" \/>\n<meta property=\"article:published_time\" content=\"2024-11-26T02:27:07+00:00\" \/>\n<meta property=\"article:modified_time\" content=\"2024-11-26T02:27:25+00:00\" \/>\n<meta property=\"og:image\" content=\"https:\/\/volcanes.net\/wp-content\/uploads\/2024\/11\/FB_IMG_1732587999331.jpg\" \/>\n\t<meta property=\"og:image:width\" content=\"960\" \/>\n\t<meta property=\"og:image:height\" content=\"721\" \/>\n\t<meta property=\"og:image:type\" content=\"image\/jpeg\" \/>\n<meta name=\"author\" content=\"admin\" \/>\n<meta name=\"twitter:card\" content=\"summary_large_image\" \/>\n<meta name=\"twitter:label1\" content=\"Escrito por\" \/>\n\t<meta name=\"twitter:data1\" content=\"admin\" \/>\n\t<meta name=\"twitter:label2\" content=\"Tiempo de lectura\" \/>\n\t<meta name=\"twitter:data2\" content=\"1 minuto\" \/>\n<script type=\"application\/ld+json\" class=\"yoast-schema-graph\">{\"@context\":\"https:\/\/schema.org\",\"@graph\":[{\"@type\":\"Article\",\"@id\":\"https:\/\/volcanes.net\/?p=14050#article\",\"isPartOf\":{\"@id\":\"https:\/\/volcanes.net\/?p=14050\"},\"author\":{\"name\":\"admin\",\"@id\":\"https:\/\/volcanes.net\/#\/schema\/person\/4bf0f383940966a4abd53f5048c0e6b9\"},\"headline\":\"Director de primaria Vicente Guerrero agradece apoyo del gobierno municipal\",\"datePublished\":\"2024-11-26T02:27:07+00:00\",\"dateModified\":\"2024-11-26T02:27:25+00:00\",\"mainEntityOfPage\":{\"@id\":\"https:\/\/volcanes.net\/?p=14050\"},\"wordCount\":237,\"commentCount\":0,\"publisher\":{\"@id\":\"https:\/\/volcanes.net\/#organization\"},\"image\":{\"@id\":\"https:\/\/volcanes.net\/?p=14050#primaryimage\"},\"thumbnailUrl\":\"https:\/\/volcanes.net\/wp-content\/uploads\/2024\/11\/FB_IMG_1732587999331.jpg\",\"keywords\":[\"Ozumba\"],\"articleSection\":[\"Municipales\"],\"inLanguage\":\"es\",\"potentialAction\":[{\"@type\":\"CommentAction\",\"name\":\"Comment\",\"target\":[\"https:\/\/volcanes.net\/?p=14050#respond\"]}]},{\"@type\":\"WebPage\",\"@id\":\"https:\/\/volcanes.net\/?p=14050\",\"url\":\"https:\/\/volcanes.net\/?p=14050\",\"name\":\"Director de primaria Vicente Guerrero agradece apoyo del gobierno municipal - Volcanes\",\"isPartOf\":{\"@id\":\"https:\/\/volcanes.net\/#website\"},\"primaryImageOfPage\":{\"@id\":\"https:\/\/volcanes.net\/?p=14050#primaryimage\"},\"image\":{\"@id\":\"https:\/\/volcanes.net\/?p=14050#primaryimage\"},\"thumbnailUrl\":\"https:\/\/volcanes.net\/wp-content\/uploads\/2024\/11\/FB_IMG_1732587999331.jpg\",\"datePublished\":\"2024-11-26T02:27:07+00:00\",\"dateModified\":\"2024-11-26T02:27:25+00:00\",\"breadcrumb\":{\"@id\":\"https:\/\/volcanes.net\/?p=14050#breadcrumb\"},\"inLanguage\":\"es\",\"potentialAction\":[{\"@type\":\"ReadAction\",\"target\":[\"https:\/\/volcanes.net\/?p=14050\"]}]},{\"@type\":\"ImageObject\",\"inLanguage\":\"es\",\"@id\":\"https:\/\/volcanes.net\/?p=14050#primaryimage\",\"url\":\"https:\/\/volcanes.net\/wp-content\/uploads\/2024\/11\/FB_IMG_1732587999331.jpg\",\"contentUrl\":\"https:\/\/volcanes.net\/wp-content\/uploads\/2024\/11\/FB_IMG_1732587999331.jpg\",\"width\":960,\"height\":721},{\"@type\":\"BreadcrumbList\",\"@id\":\"https:\/\/volcanes.net\/?p=14050#breadcrumb\",\"itemListElement\":[{\"@type\":\"ListItem\",\"position\":1,\"name\":\"Portada\",\"item\":\"https:\/\/volcanes.net\/\"},{\"@type\":\"ListItem\",\"position\":2,\"name\":\"Director de primaria Vicente Guerrero agradece apoyo del gobierno municipal\"}]},{\"@type\":\"WebSite\",\"@id\":\"https:\/\/volcanes.net\/#website\",\"url\":\"https:\/\/volcanes.net\/\",\"name\":\"Volcanes.Net\",\"description\":\"Periodismo Profesional\",\"publisher\":{\"@id\":\"https:\/\/volcanes.net\/#organization\"},\"potentialAction\":[{\"@type\":\"SearchAction\",\"target\":{\"@type\":\"EntryPoint\",\"urlTemplate\":\"https:\/\/volcanes.net\/?s={search_term_string}\"},\"query-input\":{\"@type\":\"PropertyValueSpecification\",\"valueRequired\":true,\"valueName\":\"search_term_string\"}}],\"inLanguage\":\"es\"},{\"@type\":\"Organization\",\"@id\":\"https:\/\/volcanes.net\/#organization\",\"name\":\"Grupo Volcanes\",\"url\":\"https:\/\/volcanes.net\/\",\"logo\":{\"@type\":\"ImageObject\",\"inLanguage\":\"es\",\"@id\":\"https:\/\/volcanes.net\/#\/schema\/logo\/image\/\",\"url\":\"http:\/\/volcanes.net\/wp-content\/uploads\/2017\/12\/Avatar2.jpg\",\"contentUrl\":\"http:\/\/volcanes.net\/wp-content\/uploads\/2017\/12\/Avatar2.jpg\",\"width\":378,\"height\":378,\"caption\":\"Grupo Volcanes\"},\"image\":{\"@id\":\"https:\/\/volcanes.net\/#\/schema\/logo\/image\/\"},\"sameAs\":[\"https:\/\/www.facebook.com\/volcanes.net\/\"]},{\"@type\":\"Person\",\"@id\":\"https:\/\/volcanes.net\/#\/schema\/person\/4bf0f383940966a4abd53f5048c0e6b9\",\"name\":\"admin\",\"image\":{\"@type\":\"ImageObject\",\"inLanguage\":\"es\",\"@id\":\"https:\/\/volcanes.net\/#\/schema\/person\/image\/\",\"url\":\"https:\/\/secure.gravatar.com\/avatar\/ca004e6cba8462b8cb7abc86e382930c?s=96&d=mm&r=g\",\"contentUrl\":\"https:\/\/secure.gravatar.com\/avatar\/ca004e6cba8462b8cb7abc86e382930c?s=96&d=mm&r=g\",\"caption\":\"admin\"}}]}<\/script>\n<!-- \/ Yoast SEO plugin. -->","yoast_head_json":{"title":"Director de primaria Vicente Guerrero agradece apoyo del gobierno municipal - Volcanes","robots":{"index":"index","follow":"follow","max-snippet":"max-snippet:-1","max-image-preview":"max-image-preview:large","max-video-preview":"max-video-preview:-1"},"canonical":"https:\/\/volcanes.net\/?p=14050","og_locale":"es_MX","og_type":"article","og_title":"Director de primaria Vicente Guerrero agradece apoyo del gobierno municipal - Volcanes","og_description":"San Jos\u00e9 Tlacotitl\u00e1n.- Aaron Francisco Gonz\u00e1lez D\u00edaz, director de la escuela primaria Vicente Guerrero, expres\u00f3","og_url":"https:\/\/volcanes.net\/?p=14050","og_site_name":"Volcanes","article_publisher":"https:\/\/www.facebook.com\/volcanes.net\/","article_published_time":"2024-11-26T02:27:07+00:00","article_modified_time":"2024-11-26T02:27:25+00:00","og_image":[{"width":960,"height":721,"url":"https:\/\/volcanes.net\/wp-content\/uploads\/2024\/11\/FB_IMG_1732587999331.jpg","type":"image\/jpeg"}],"author":"admin","twitter_card":"summary_large_image","twitter_misc":{"Escrito por":"admin","Tiempo de lectura":"1 minuto"},"schema":{"@context":"https:\/\/schema.org","@graph":[{"@type":"Article","@id":"https:\/\/volcanes.net\/?p=14050#article","isPartOf":{"@id":"https:\/\/volcanes.net\/?p=14050"},"author":{"name":"admin","@id":"https:\/\/volcanes.net\/#\/schema\/person\/4bf0f383940966a4abd53f5048c0e6b9"},"headline":"Director de primaria Vicente Guerrero agradece apoyo del gobierno municipal","datePublished":"2024-11-26T02:27:07+00:00","dateModified":"2024-11-26T02:27:25+00:00","mainEntityOfPage":{"@id":"https:\/\/volcanes.net\/?p=14050"},"wordCount":237,"commentCount":0,"publisher":{"@id":"https:\/\/volcanes.net\/#organization"},"image":{"@id":"https:\/\/volcanes.net\/?p=14050#primaryimage"},"thumbnailUrl":"https:\/\/volcanes.net\/wp-content\/uploads\/2024\/11\/FB_IMG_1732587999331.jpg","keywords":["Ozumba"],"articleSection":["Municipales"],"inLanguage":"es","potentialAction":[{"@type":"CommentAction","name":"Comment","target":["https:\/\/volcanes.net\/?p=14050#respond"]}]},{"@type":"WebPage","@id":"https:\/\/volcanes.net\/?p=14050","url":"https:\/\/volcanes.net\/?p=14050","name":"Director de primaria Vicente Guerrero agradece apoyo del gobierno municipal - Volcanes","isPartOf":{"@id":"https:\/\/volcanes.net\/#website"},"primaryImageOfPage":{"@id":"https:\/\/volcanes.net\/?p=14050#primaryimage"},"image":{"@id":"https:\/\/volcanes.net\/?p=14050#primaryimage"},"thumbnailUrl":"https:\/\/volcanes.net\/wp-content\/uploads\/2024\/11\/FB_IMG_1732587999331.jpg","datePublished":"2024-11-26T02:27:07+00:00","dateModified":"2024-11-26T02:27:25+00:00","breadcrumb":{"@id":"https:\/\/volcanes.net\/?p=14050#breadcrumb"},"inLanguage":"es","potentialAction":[{"@type":"ReadAction","target":["https:\/\/volcanes.net\/?p=14050"]}]},{"@type":"ImageObject","inLanguage":"es","@id":"https:\/\/volcanes.net\/?p=14050#primaryimage","url":"https:\/\/volcanes.net\/wp-content\/uploads\/2024\/11\/FB_IMG_1732587999331.jpg","contentUrl":"https:\/\/volcanes.net\/wp-content\/uploads\/2024\/11\/FB_IMG_1732587999331.jpg","width":960,"height":721},{"@type":"BreadcrumbList","@id":"https:\/\/volcanes.net\/?p=14050#breadcrumb","itemListElement":[{"@type":"ListItem","position":1,"name":"Portada","item":"https:\/\/volcanes.net\/"},{"@type":"ListItem","position":2,"name":"Director de primaria Vicente Guerrero agradece apoyo del gobierno municipal"}]},{"@type":"WebSite","@id":"https:\/\/volcanes.net\/#website","url":"https:\/\/volcanes.net\/","name":"Volcanes.Net","description":"Periodismo Profesional","publisher":{"@id":"https:\/\/volcanes.net\/#organization"},"potentialAction":[{"@type":"SearchAction","target":{"@type":"EntryPoint","urlTemplate":"https:\/\/volcanes.net\/?s={search_term_string}"},"query-input":{"@type":"PropertyValueSpecification","valueRequired":true,"valueName":"search_term_string"}}],"inLanguage":"es"},{"@type":"Organization","@id":"https:\/\/volcanes.net\/#organization","name":"Grupo Volcanes","url":"https:\/\/volcanes.net\/","logo":{"@type":"ImageObject","inLanguage":"es","@id":"https:\/\/volcanes.net\/#\/schema\/logo\/image\/","url":"http:\/\/volcanes.net\/wp-content\/uploads\/2017\/12\/Avatar2.jpg","contentUrl":"http:\/\/volcanes.net\/wp-content\/uploads\/2017\/12\/Avatar2.jpg","width":378,"height":378,"caption":"Grupo Volcanes"},"image":{"@id":"https:\/\/volcanes.net\/#\/schema\/logo\/image\/"},"sameAs":["https:\/\/www.facebook.com\/volcanes.net\/"]},{"@type":"Person","@id":"https:\/\/volcanes.net\/#\/schema\/person\/4bf0f383940966a4abd53f5048c0e6b9","name":"admin","image":{"@type":"ImageObject","inLanguage":"es","@id":"https:\/\/volcanes.net\/#\/schema\/person\/image\/","url":"https:\/\/secure.gravatar.com\/avatar\/ca004e6cba8462b8cb7abc86e382930c?s=96&d=mm&r=g","contentUrl":"https:\/\/secure.gravatar.com\/avatar\/ca004e6cba8462b8cb7abc86e382930c?s=96&d=mm&r=g","caption":"admin"}}]}},"_links":{"self":[{"href":"https:\/\/volcanes.net\/index.php?rest_route=\/wp\/v2\/posts\/14050"}],"collection":[{"href":"https:\/\/volcanes.net\/index.php?rest_route=\/wp\/v2\/posts"}],"about":[{"href":"https:\/\/volcanes.net\/index.php?rest_route=\/wp\/v2\/types\/post"}],"author":[{"embeddable":true,"href":"https:\/\/volcanes.net\/index.php?rest_route=\/wp\/v2\/users\/1"}],"replies":[{"embeddable":true,"href":"https:\/\/volcanes.net\/index.php?rest_route=%2Fwp%2Fv2%2Fcomments&post=14050"}],"version-history":[{"count":1,"href":"https:\/\/volcanes.net\/index.php?rest_route=\/wp\/v2\/posts\/14050\/revisions"}],"predecessor-version":[{"id":14051,"href":"https:\/\/volcanes.net\/index.php?rest_route=\/wp\/v2\/posts\/14050\/revisions\/14051"}],"wp:featuredmedia":[{"embeddable":true,"href":"https:\/\/volcanes.net\/index.php?rest_route=\/wp\/v2\/media\/14049"}],"wp:attachment":[{"href":"https:\/\/volcanes.net\/index.php?rest_route=%2Fwp%2Fv2%2Fmedia&parent=14050"}],"wp:term":[{"taxonomy":"category","embeddable":true,"href":"https:\/\/volcanes.net\/index.php?rest_route=%2Fwp%2Fv2%2Fcategories&post=14050"},{"taxonomy":"post_tag","embeddable":true,"href":"https:\/\/volcanes.net\/index.php?rest_route=%2Fwp%2Fv2%2Ftags&post=14050"}],"curies":[{"name":"wp","href":"https:\/\/api.w.org\/{rel}","templated":true}]}}