{"id":14064,"date":"2025-03-07T07:36:05","date_gmt":"2025-03-07T13:36:05","guid":{"rendered":"https:\/\/volcanes.net\/?p=14064"},"modified":"2025-03-07T07:36:38","modified_gmt":"2025-03-07T13:36:38","slug":"obras-emblematicas-en-tepetlixpa-mercado-auditorio-y-universidad-intercultural","status":"publish","type":"post","link":"https:\/\/volcanes.net\/?p=14064","title":{"rendered":"Obras emblem\u00e1ticas en Tepetlixpa: Mercado, auditorio y universidad intercultural"},"content":{"rendered":"<div style=\"margin-top: 0px; margin-bottom: 0px;\" class=\"sharethis-inline-share-buttons\" ><\/div>\n<p>El presidente municipal de Tepetlixpa, Abelardo Rodr\u00edguez Garc\u00eda, inform\u00f3 sobre diversas obras que est\u00e1n en proceso de entrega en el municipio. Entre ellas, destac\u00f3 la pr\u00f3xima inauguraci\u00f3n del mercado municipal, una obra emblem\u00e1tica que ha sido bien recibida por la ciudadan\u00eda. &#8220;Los comentarios son halagadores. Ahora s\u00ed se ve que tenemos un mercado en Tepetlixpa y un corredor gastron\u00f3mico que fortalecer\u00e1 el turismo y la econom\u00eda local&#8221;, expres\u00f3 el edil.<\/p>\n\n\n\n<p>Asimismo, se entregar\u00e1 la primera etapa del auditorio municipal, un espacio esperado por la comunidad. Tambi\u00e9n se rehabilit\u00f3 un puente en la calle Mina de Nepantla, que presentaba da\u00f1os significativos y era una necesidad prioritaria para la poblaci\u00f3n.<\/p>\n\n\n\n<p>En el \u00e1mbito educativo, Rodr\u00edguez Garc\u00eda resalt\u00f3 la consolidaci\u00f3n de la Universidad Intercultural en el municipio, donde ya se imparten clases y se trabaja en la tercera etapa del proyecto. Este complejo multidisciplinario tambi\u00e9n alberga el CBT, el Instituto de la Cultura F\u00edsica y el Deporte, as\u00ed como un parque ecotur\u00edstico y espacios recreativos.<\/p>\n\n\n\n<p>El presidente municipal agradeci\u00f3 a la gobernadora del Estado de M\u00e9xico por su apoyo en la construcci\u00f3n de canchas deportivas y reafirm\u00f3 su compromiso de seguir trabajando para superar los logros de la administraci\u00f3n anterior.<\/p>\n","protected":false},"excerpt":{"rendered":"<p>El presidente municipal de Tepetlixpa, Abelardo Rodr\u00edguez Garc\u00eda, inform\u00f3 sobre diversas obras que est\u00e1n en<\/p>\n","protected":false},"author":1,"featured_media":14063,"comment_status":"open","ping_status":"open","sticky":false,"template":"","format":"standard","meta":{"footnotes":""},"categories":[1],"tags":[321],"class_list":["post-14064","post","type-post","status-publish","format-standard","has-post-thumbnail","hentry","category-municipales","tag-tepettixpa"],"yoast_head":"<!-- This site is optimized with the Yoast SEO plugin v25.3 - https:\/\/yoast.com\/wordpress\/plugins\/seo\/ -->\n<title>Obras emblem\u00e1ticas en Tepetlixpa: Mercado, auditorio y universidad intercultural - Volcanes<\/title>\n<meta name=\"robots\" content=\"index, follow, max-snippet:-1, max-image-preview:large, max-video-preview:-1\" \/>\n<link rel=\"canonical\" href=\"https:\/\/volcanes.net\/?p=14064\" \/>\n<meta property=\"og:locale\" content=\"es_MX\" \/>\n<meta property=\"og:type\" content=\"article\" \/>\n<meta property=\"og:title\" content=\"Obras emblem\u00e1ticas en Tepetlixpa: Mercado, auditorio y universidad intercultural - Volcanes\" \/>\n<meta property=\"og:description\" content=\"El presidente municipal de Tepetlixpa, Abelardo Rodr\u00edguez Garc\u00eda, inform\u00f3 sobre diversas obras que est\u00e1n en\" \/>\n<meta property=\"og:url\" content=\"https:\/\/volcanes.net\/?p=14064\" \/>\n<meta property=\"og:site_name\" content=\"Volcanes\" \/>\n<meta property=\"article:publisher\" content=\"https:\/\/www.facebook.com\/volcanes.net\/\" \/>\n<meta property=\"article:published_time\" content=\"2025-03-07T13:36:05+00:00\" \/>\n<meta property=\"article:modified_time\" content=\"2025-03-07T13:36:38+00:00\" \/>\n<meta property=\"og:image\" content=\"https:\/\/volcanes.net\/wp-content\/uploads\/2025\/03\/IMG-20250307-WA0001.jpg\" \/>\n\t<meta property=\"og:image:width\" content=\"1600\" \/>\n\t<meta property=\"og:image:height\" content=\"1201\" \/>\n\t<meta property=\"og:image:type\" content=\"image\/jpeg\" \/>\n<meta name=\"author\" content=\"admin\" \/>\n<meta name=\"twitter:card\" content=\"summary_large_image\" \/>\n<meta name=\"twitter:label1\" content=\"Escrito por\" \/>\n\t<meta name=\"twitter:data1\" content=\"admin\" \/>\n\t<meta name=\"twitter:label2\" content=\"Tiempo de lectura\" \/>\n\t<meta name=\"twitter:data2\" content=\"1 minuto\" \/>\n<script type=\"application\/ld+json\" class=\"yoast-schema-graph\">{\"@context\":\"https:\/\/schema.org\",\"@graph\":[{\"@type\":\"Article\",\"@id\":\"https:\/\/volcanes.net\/?p=14064#article\",\"isPartOf\":{\"@id\":\"https:\/\/volcanes.net\/?p=14064\"},\"author\":{\"name\":\"admin\",\"@id\":\"https:\/\/volcanes.net\/#\/schema\/person\/4bf0f383940966a4abd53f5048c0e6b9\"},\"headline\":\"Obras emblem\u00e1ticas en Tepetlixpa: Mercado, auditorio y universidad intercultural\",\"datePublished\":\"2025-03-07T13:36:05+00:00\",\"dateModified\":\"2025-03-07T13:36:38+00:00\",\"mainEntityOfPage\":{\"@id\":\"https:\/\/volcanes.net\/?p=14064\"},\"wordCount\":228,\"commentCount\":0,\"publisher\":{\"@id\":\"https:\/\/volcanes.net\/#organization\"},\"image\":{\"@id\":\"https:\/\/volcanes.net\/?p=14064#primaryimage\"},\"thumbnailUrl\":\"https:\/\/volcanes.net\/wp-content\/uploads\/2025\/03\/IMG-20250307-WA0001.jpg\",\"keywords\":[\"Tepettixpa\"],\"articleSection\":[\"Municipales\"],\"inLanguage\":\"es\",\"potentialAction\":[{\"@type\":\"CommentAction\",\"name\":\"Comment\",\"target\":[\"https:\/\/volcanes.net\/?p=14064#respond\"]}]},{\"@type\":\"WebPage\",\"@id\":\"https:\/\/volcanes.net\/?p=14064\",\"url\":\"https:\/\/volcanes.net\/?p=14064\",\"name\":\"Obras emblem\u00e1ticas en Tepetlixpa: Mercado, auditorio y universidad intercultural - Volcanes\",\"isPartOf\":{\"@id\":\"https:\/\/volcanes.net\/#website\"},\"primaryImageOfPage\":{\"@id\":\"https:\/\/volcanes.net\/?p=14064#primaryimage\"},\"image\":{\"@id\":\"https:\/\/volcanes.net\/?p=14064#primaryimage\"},\"thumbnailUrl\":\"https:\/\/volcanes.net\/wp-content\/uploads\/2025\/03\/IMG-20250307-WA0001.jpg\",\"datePublished\":\"2025-03-07T13:36:05+00:00\",\"dateModified\":\"2025-03-07T13:36:38+00:00\",\"breadcrumb\":{\"@id\":\"https:\/\/volcanes.net\/?p=14064#breadcrumb\"},\"inLanguage\":\"es\",\"potentialAction\":[{\"@type\":\"ReadAction\",\"target\":[\"https:\/\/volcanes.net\/?p=14064\"]}]},{\"@type\":\"ImageObject\",\"inLanguage\":\"es\",\"@id\":\"https:\/\/volcanes.net\/?p=14064#primaryimage\",\"url\":\"https:\/\/volcanes.net\/wp-content\/uploads\/2025\/03\/IMG-20250307-WA0001.jpg\",\"contentUrl\":\"https:\/\/volcanes.net\/wp-content\/uploads\/2025\/03\/IMG-20250307-WA0001.jpg\",\"width\":1600,\"height\":1201},{\"@type\":\"BreadcrumbList\",\"@id\":\"https:\/\/volcanes.net\/?p=14064#breadcrumb\",\"itemListElement\":[{\"@type\":\"ListItem\",\"position\":1,\"name\":\"Portada\",\"item\":\"https:\/\/volcanes.net\/\"},{\"@type\":\"ListItem\",\"position\":2,\"name\":\"Obras emblem\u00e1ticas en Tepetlixpa: Mercado, auditorio y universidad intercultural\"}]},{\"@type\":\"WebSite\",\"@id\":\"https:\/\/volcanes.net\/#website\",\"url\":\"https:\/\/volcanes.net\/\",\"name\":\"Volcanes.Net\",\"description\":\"Periodismo Profesional\",\"publisher\":{\"@id\":\"https:\/\/volcanes.net\/#organization\"},\"potentialAction\":[{\"@type\":\"SearchAction\",\"target\":{\"@type\":\"EntryPoint\",\"urlTemplate\":\"https:\/\/volcanes.net\/?s={search_term_string}\"},\"query-input\":{\"@type\":\"PropertyValueSpecification\",\"valueRequired\":true,\"valueName\":\"search_term_string\"}}],\"inLanguage\":\"es\"},{\"@type\":\"Organization\",\"@id\":\"https:\/\/volcanes.net\/#organization\",\"name\":\"Grupo Volcanes\",\"url\":\"https:\/\/volcanes.net\/\",\"logo\":{\"@type\":\"ImageObject\",\"inLanguage\":\"es\",\"@id\":\"https:\/\/volcanes.net\/#\/schema\/logo\/image\/\",\"url\":\"http:\/\/volcanes.net\/wp-content\/uploads\/2017\/12\/Avatar2.jpg\",\"contentUrl\":\"http:\/\/volcanes.net\/wp-content\/uploads\/2017\/12\/Avatar2.jpg\",\"width\":378,\"height\":378,\"caption\":\"Grupo Volcanes\"},\"image\":{\"@id\":\"https:\/\/volcanes.net\/#\/schema\/logo\/image\/\"},\"sameAs\":[\"https:\/\/www.facebook.com\/volcanes.net\/\"]},{\"@type\":\"Person\",\"@id\":\"https:\/\/volcanes.net\/#\/schema\/person\/4bf0f383940966a4abd53f5048c0e6b9\",\"name\":\"admin\",\"image\":{\"@type\":\"ImageObject\",\"inLanguage\":\"es\",\"@id\":\"https:\/\/volcanes.net\/#\/schema\/person\/image\/\",\"url\":\"https:\/\/secure.gravatar.com\/avatar\/ca004e6cba8462b8cb7abc86e382930c?s=96&d=mm&r=g\",\"contentUrl\":\"https:\/\/secure.gravatar.com\/avatar\/ca004e6cba8462b8cb7abc86e382930c?s=96&d=mm&r=g\",\"caption\":\"admin\"}}]}<\/script>\n<!-- \/ Yoast SEO plugin. -->","yoast_head_json":{"title":"Obras emblem\u00e1ticas en Tepetlixpa: Mercado, auditorio y universidad intercultural - Volcanes","robots":{"index":"index","follow":"follow","max-snippet":"max-snippet:-1","max-image-preview":"max-image-preview:large","max-video-preview":"max-video-preview:-1"},"canonical":"https:\/\/volcanes.net\/?p=14064","og_locale":"es_MX","og_type":"article","og_title":"Obras emblem\u00e1ticas en Tepetlixpa: Mercado, auditorio y universidad intercultural - Volcanes","og_description":"El presidente municipal de Tepetlixpa, Abelardo Rodr\u00edguez Garc\u00eda, inform\u00f3 sobre diversas obras que est\u00e1n en","og_url":"https:\/\/volcanes.net\/?p=14064","og_site_name":"Volcanes","article_publisher":"https:\/\/www.facebook.com\/volcanes.net\/","article_published_time":"2025-03-07T13:36:05+00:00","article_modified_time":"2025-03-07T13:36:38+00:00","og_image":[{"width":1600,"height":1201,"url":"https:\/\/volcanes.net\/wp-content\/uploads\/2025\/03\/IMG-20250307-WA0001.jpg","type":"image\/jpeg"}],"author":"admin","twitter_card":"summary_large_image","twitter_misc":{"Escrito por":"admin","Tiempo de lectura":"1 minuto"},"schema":{"@context":"https:\/\/schema.org","@graph":[{"@type":"Article","@id":"https:\/\/volcanes.net\/?p=14064#article","isPartOf":{"@id":"https:\/\/volcanes.net\/?p=14064"},"author":{"name":"admin","@id":"https:\/\/volcanes.net\/#\/schema\/person\/4bf0f383940966a4abd53f5048c0e6b9"},"headline":"Obras emblem\u00e1ticas en Tepetlixpa: Mercado, auditorio y universidad intercultural","datePublished":"2025-03-07T13:36:05+00:00","dateModified":"2025-03-07T13:36:38+00:00","mainEntityOfPage":{"@id":"https:\/\/volcanes.net\/?p=14064"},"wordCount":228,"commentCount":0,"publisher":{"@id":"https:\/\/volcanes.net\/#organization"},"image":{"@id":"https:\/\/volcanes.net\/?p=14064#primaryimage"},"thumbnailUrl":"https:\/\/volcanes.net\/wp-content\/uploads\/2025\/03\/IMG-20250307-WA0001.jpg","keywords":["Tepettixpa"],"articleSection":["Municipales"],"inLanguage":"es","potentialAction":[{"@type":"CommentAction","name":"Comment","target":["https:\/\/volcanes.net\/?p=14064#respond"]}]},{"@type":"WebPage","@id":"https:\/\/volcanes.net\/?p=14064","url":"https:\/\/volcanes.net\/?p=14064","name":"Obras emblem\u00e1ticas en Tepetlixpa: Mercado, auditorio y universidad intercultural - Volcanes","isPartOf":{"@id":"https:\/\/volcanes.net\/#website"},"primaryImageOfPage":{"@id":"https:\/\/volcanes.net\/?p=14064#primaryimage"},"image":{"@id":"https:\/\/volcanes.net\/?p=14064#primaryimage"},"thumbnailUrl":"https:\/\/volcanes.net\/wp-content\/uploads\/2025\/03\/IMG-20250307-WA0001.jpg","datePublished":"2025-03-07T13:36:05+00:00","dateModified":"2025-03-07T13:36:38+00:00","breadcrumb":{"@id":"https:\/\/volcanes.net\/?p=14064#breadcrumb"},"inLanguage":"es","potentialAction":[{"@type":"ReadAction","target":["https:\/\/volcanes.net\/?p=14064"]}]},{"@type":"ImageObject","inLanguage":"es","@id":"https:\/\/volcanes.net\/?p=14064#primaryimage","url":"https:\/\/volcanes.net\/wp-content\/uploads\/2025\/03\/IMG-20250307-WA0001.jpg","contentUrl":"https:\/\/volcanes.net\/wp-content\/uploads\/2025\/03\/IMG-20250307-WA0001.jpg","width":1600,"height":1201},{"@type":"BreadcrumbList","@id":"https:\/\/volcanes.net\/?p=14064#breadcrumb","itemListElement":[{"@type":"ListItem","position":1,"name":"Portada","item":"https:\/\/volcanes.net\/"},{"@type":"ListItem","position":2,"name":"Obras emblem\u00e1ticas en Tepetlixpa: Mercado, auditorio y universidad intercultural"}]},{"@type":"WebSite","@id":"https:\/\/volcanes.net\/#website","url":"https:\/\/volcanes.net\/","name":"Volcanes.Net","description":"Periodismo Profesional","publisher":{"@id":"https:\/\/volcanes.net\/#organization"},"potentialAction":[{"@type":"SearchAction","target":{"@type":"EntryPoint","urlTemplate":"https:\/\/volcanes.net\/?s={search_term_string}"},"query-input":{"@type":"PropertyValueSpecification","valueRequired":true,"valueName":"search_term_string"}}],"inLanguage":"es"},{"@type":"Organization","@id":"https:\/\/volcanes.net\/#organization","name":"Grupo Volcanes","url":"https:\/\/volcanes.net\/","logo":{"@type":"ImageObject","inLanguage":"es","@id":"https:\/\/volcanes.net\/#\/schema\/logo\/image\/","url":"http:\/\/volcanes.net\/wp-content\/uploads\/2017\/12\/Avatar2.jpg","contentUrl":"http:\/\/volcanes.net\/wp-content\/uploads\/2017\/12\/Avatar2.jpg","width":378,"height":378,"caption":"Grupo Volcanes"},"image":{"@id":"https:\/\/volcanes.net\/#\/schema\/logo\/image\/"},"sameAs":["https:\/\/www.facebook.com\/volcanes.net\/"]},{"@type":"Person","@id":"https:\/\/volcanes.net\/#\/schema\/person\/4bf0f383940966a4abd53f5048c0e6b9","name":"admin","image":{"@type":"ImageObject","inLanguage":"es","@id":"https:\/\/volcanes.net\/#\/schema\/person\/image\/","url":"https:\/\/secure.gravatar.com\/avatar\/ca004e6cba8462b8cb7abc86e382930c?s=96&d=mm&r=g","contentUrl":"https:\/\/secure.gravatar.com\/avatar\/ca004e6cba8462b8cb7abc86e382930c?s=96&d=mm&r=g","caption":"admin"}}]}},"_links":{"self":[{"href":"https:\/\/volcanes.net\/index.php?rest_route=\/wp\/v2\/posts\/14064"}],"collection":[{"href":"https:\/\/volcanes.net\/index.php?rest_route=\/wp\/v2\/posts"}],"about":[{"href":"https:\/\/volcanes.net\/index.php?rest_route=\/wp\/v2\/types\/post"}],"author":[{"embeddable":true,"href":"https:\/\/volcanes.net\/index.php?rest_route=\/wp\/v2\/users\/1"}],"replies":[{"embeddable":true,"href":"https:\/\/volcanes.net\/index.php?rest_route=%2Fwp%2Fv2%2Fcomments&post=14064"}],"version-history":[{"count":1,"href":"https:\/\/volcanes.net\/index.php?rest_route=\/wp\/v2\/posts\/14064\/revisions"}],"predecessor-version":[{"id":14065,"href":"https:\/\/volcanes.net\/index.php?rest_route=\/wp\/v2\/posts\/14064\/revisions\/14065"}],"wp:featuredmedia":[{"embeddable":true,"href":"https:\/\/volcanes.net\/index.php?rest_route=\/wp\/v2\/media\/14063"}],"wp:attachment":[{"href":"https:\/\/volcanes.net\/index.php?rest_route=%2Fwp%2Fv2%2Fmedia&parent=14064"}],"wp:term":[{"taxonomy":"category","embeddable":true,"href":"https:\/\/volcanes.net\/index.php?rest_route=%2Fwp%2Fv2%2Fcategories&post=14064"},{"taxonomy":"post_tag","embeddable":true,"href":"https:\/\/volcanes.net\/index.php?rest_route=%2Fwp%2Fv2%2Ftags&post=14064"}],"curies":[{"name":"wp","href":"https:\/\/api.w.org\/{rel}","templated":true}]}}